{"id":6939,"date":"2021-07-03T19:58:32","date_gmt":"2021-07-03T17:58:32","guid":{"rendered":"http:\/\/blog.inmontanis.info\/?p=6939"},"modified":"2021-07-08T15:11:11","modified_gmt":"2021-07-08T13:11:11","slug":"kullaberg-3-7-2021","status":"publish","type":"post","link":"http:\/\/blog.inmontanis.info\/?p=6939","title":{"rendered":"Kullaberg, 3.7.2021"},"content":{"rendered":"<p><strong>3.7.2021<\/strong> Teil 1: Kullaberg<\/p>\n<p>Heut fr\u00fch stand eine ausnahmsweise mal sch\u00f6ne, weil Steilk\u00fcste in Schweden auf dem Plan. Selten, selten. Danach Einkaufen, Covid-Test und falls negativ, Rest Einkaufen + nach D\u00e4nemark und Deutschland.<\/p>\n<p><a href='http:\/\/extra.inmontanis.info\/d\/65227-2\/DSC03342.jpg'><img src=http:\/\/extra.inmontanis.info\/d\/65225-3\/DSC03342.jpg \/><\/a><br \/>\n^ M\u00f6lle statt Malle ;-)<\/p>\n<p><a href='http:\/\/extra.inmontanis.info\/d\/65231-2\/DSC03343.jpg'><img src=http:\/\/extra.inmontanis.info\/d\/65230-3\/DSC03343.jpg \/><\/a><br \/>\n^ In M\u00f6lle beginnt auch der Anstieg zum Kullaberg. Wirkt teilweise etwas wie Gro\u00dfbritannien<\/p>\n<p><a href='http:\/\/extra.inmontanis.info\/d\/65235-2\/DSC03345.jpg'><img src=http:\/\/extra.inmontanis.info\/d\/65234-3\/DSC03345.jpg \/><\/a><br \/>\n^ Auffahrt mit Meerblick, aber auf langer Strecke nur 30 km\/h erlaubt<\/p>\n<p><a href='http:\/\/extra.inmontanis.info\/d\/65239-2\/DSC03349.jpg'><img src=http:\/\/extra.inmontanis.info\/d\/65238-3\/DSC03349.jpg \/><\/a><br \/>\n^ Zweigeteilte Stra\u00dfe<\/p>\n<p><a href='http:\/\/extra.inmontanis.info\/d\/65243-2\/DSC03353.jpg'><img src=http:\/\/extra.inmontanis.info\/d\/65242-3\/DSC03353.jpg \/><\/a><br \/>\n^ Gro\u00dfer Parkplatz am Ende der Stra\u00dfe<\/p>\n<p><a href='http:\/\/extra.inmontanis.info\/d\/65247-2\/DSC03352.jpg'><img src=http:\/\/extra.inmontanis.info\/d\/65246-3\/DSC03352.jpg \/><\/a><br \/>\n^ Infotafel, entdeckte eine Rundwegm\u00f6glichkeit, die ich so dann in Angriff nahm und ging erst mal nach S\u00fcden (den gelben Weg), anstatt direkt zur Spitze<\/p>\n<p><a href='http:\/\/extra.inmontanis.info\/d\/65251-2\/DSC03355.jpg'><img src=http:\/\/extra.inmontanis.info\/d\/65250-3\/DSC03355.jpg \/><\/a><br \/>\n^ Meerblick. Na sowas, es gibt in Schweden ja doch noch eine sch\u00f6ne, steilere, steinigere Meeresk\u00fcste<\/p>\n<p><a href='http:\/\/extra.inmontanis.info\/d\/65255-2\/DSC03358.jpg'><img src=http:\/\/extra.inmontanis.info\/d\/65254-3\/DSC03358.jpg \/><\/a><br \/>\n^ Seltene Steilk\u00fcste in Schweden<\/p>\n<p><a href='http:\/\/extra.inmontanis.info\/d\/65259-2\/DSC03372.jpg'><img src=http:\/\/extra.inmontanis.info\/d\/65258-3\/DSC03372.jpg \/><\/a><br \/>\n^ Lahibiagrottan<\/p>\n<p><a href='http:\/\/extra.inmontanis.info\/d\/65263-2\/DSC03360.jpg'><img src=http:\/\/extra.inmontanis.info\/d\/65262-3\/DSC03360.jpg \/><\/a><br \/>\n^ Abstieg zur Lahibiagrottan<\/p>\n<p><a href='http:\/\/extra.inmontanis.info\/d\/65267-2\/DSC03364.jpg'><img src=http:\/\/extra.inmontanis.info\/d\/65266-3\/DSC03364.jpg \/><\/a><br \/>\n^ Lahibiagrottan<\/p>\n<p><a href='http:\/\/extra.inmontanis.info\/d\/65271-2\/DSC03365.jpg'><img src=http:\/\/extra.inmontanis.info\/d\/65270-3\/DSC03365.jpg \/><\/a><br \/>\n^ Lahibiagrottan<\/p>\n<p><a href='http:\/\/extra.inmontanis.info\/d\/65275-2\/DSC03367.jpg'><img src=http:\/\/extra.inmontanis.info\/d\/65274-3\/DSC03367.jpg \/><\/a><br \/>\n^ Lahibiagrottan<\/p>\n<p><a href='http:\/\/extra.inmontanis.info\/d\/65279-2\/DSC03368.jpg'><img src=http:\/\/extra.inmontanis.info\/d\/65278-3\/DSC03368.jpg \/><\/a><br \/>\n^ Felsige Steilk\u00fcsten sind mir ja lieber als flache Sandstr\u00e4nde<\/p>\n<p><a href='http:\/\/extra.inmontanis.info\/d\/65283-2\/DSC03369.jpg'><img src=http:\/\/extra.inmontanis.info\/d\/65282-3\/DSC03369.jpg \/><\/a><br \/>\n^ Alpin ;)<\/p>\n<p><a href='http:\/\/extra.inmontanis.info\/d\/65287-2\/DSC03370.jpg'><img src=http:\/\/extra.inmontanis.info\/d\/65286-3\/DSC03370.jpg \/><\/a><br \/>\n^ <\/p>\n<p><a href='http:\/\/extra.inmontanis.info\/d\/65291-2\/DSC03371.jpg'><img src=http:\/\/extra.inmontanis.info\/d\/65290-3\/DSC03371.jpg \/><\/a><br \/>\n^ Aufstieg<\/p>\n<p><a href='http:\/\/extra.inmontanis.info\/d\/65295-2\/DSC03374.jpg'><img src=http:\/\/extra.inmontanis.info\/d\/65294-3\/DSC03374.jpg \/><\/a><br \/>\n^ Infotafel oben zum Leuchtturm<\/p>\n<p><a href='http:\/\/extra.inmontanis.info\/d\/65299-2\/DSC03376.jpg'><img src=http:\/\/extra.inmontanis.info\/d\/65298-3\/DSC03376.jpg \/><\/a><br \/>\n^ So schaut die Halbinsel von oben aus<\/p>\n<p><a href='http:\/\/extra.inmontanis.info\/d\/65303-2\/DSC03377.jpg'><img src=http:\/\/extra.inmontanis.info\/d\/65302-3\/DSC03377.jpg \/><\/a><br \/>\n^ Pano vom Leuchtturmbereich<\/p>\n<p><a href='http:\/\/extra.inmontanis.info\/d\/65307-2\/DSC03378.jpg'><img src=http:\/\/extra.inmontanis.info\/d\/65306-3\/DSC03378.jpg \/><\/a><br \/>\n^ Leuchtturm<\/p>\n<p><a href='http:\/\/extra.inmontanis.info\/d\/65311-2\/DSC03379.jpg'><img src=http:\/\/extra.inmontanis.info\/d\/65310-3\/DSC03379.jpg \/><\/a><br \/>\n^ Tafel zum Leuchtturm<\/p>\n<p><a href='http:\/\/extra.inmontanis.info\/d\/65315-2\/DSC03381.jpg'><img src=http:\/\/extra.inmontanis.info\/d\/65314-3\/DSC03381.jpg \/><\/a><br \/>\n^ Pano vom Leuchtturmbereich<\/p>\n<p><a href='http:\/\/extra.inmontanis.info\/d\/65319-2\/DSC03383.jpg'><img src=http:\/\/extra.inmontanis.info\/d\/65318-3\/DSC03383.jpg \/><\/a><br \/>\n^ Pano vom Leuchtturmbereich mit seinem Schatten<\/p>\n<p><a href='http:\/\/extra.inmontanis.info\/d\/65323-3\/DSC03384.jpg'><img src=http:\/\/extra.inmontanis.info\/d\/65322-4\/DSC03384.jpg \/><\/a><br \/>\n^ Pano vom Leuchtturmbereich<\/p>\n<p><a href='http:\/\/extra.inmontanis.info\/d\/65327-3\/DSC03385.jpg'><img src=http:\/\/extra.inmontanis.info\/d\/65326-4\/DSC03385.jpg \/><\/a><br \/>\n^ S\u00fcdpano, am Horizont ist D\u00e4nemark<\/p>\n<p><a href='http:\/\/extra.inmontanis.info\/d\/65331-3\/DSC03387.jpg'><img src=http:\/\/extra.inmontanis.info\/d\/65330-4\/DSC03387.jpg \/><\/a><br \/>\n^ <\/p>\n<p><a href='http:\/\/extra.inmontanis.info\/d\/65335-3\/DSC03388.jpg'><img src=http:\/\/extra.inmontanis.info\/d\/65334-4\/DSC03388.jpg \/><\/a><br \/>\n^ In dem Graben links bin ich vorhin raufgegangen<\/p>\n<p><a href='http:\/\/extra.inmontanis.info\/d\/65339-3\/DSC03392.jpg'><img src=http:\/\/extra.inmontanis.info\/d\/65338-4\/DSC03392.jpg \/><\/a><br \/>\n^ Modell des Leuchtturm-Vorg\u00e4nger-Feuers<\/p>\n<p><a href='http:\/\/extra.inmontanis.info\/d\/65343-3\/DSC03390.jpg'><img src=http:\/\/extra.inmontanis.info\/d\/65342-4\/DSC03390.jpg \/><\/a><br \/>\n^ Infotafel dazu<\/p>\n<p><a href='http:\/\/extra.inmontanis.info\/d\/65347-3\/DSC03393.jpg'><img src=http:\/\/extra.inmontanis.info\/d\/65346-4\/DSC03393.jpg \/><\/a><br \/>\n^ Nordpano<\/p>\n<p><a href='http:\/\/extra.inmontanis.info\/d\/65351-3\/DSC03394.jpg'><img src=http:\/\/extra.inmontanis.info\/d\/65350-4\/DSC03394.jpg \/><\/a><br \/>\n^ Auch hier eine Steilk\u00fcste, sch\u00f6n. Leider nicht mehr Zeit gehabt.<\/p>\n<p>&#8212;<\/p>\n<p><a href='http:\/\/extra.inmontanis.info\/d\/65355-3\/ge202106-07e.jpg'><img src=http:\/\/extra.inmontanis.info\/d\/65354-4\/ge202106-07e.jpg \/><\/a><br \/>\n^ Strecke und Poi im Juni 2021 (Gr\u00fcn)<\/p>\n<p>Blau C: Kvikkjokk<br \/>\nMagenta G: K\u00e5bdalis<br \/>\nMagenta H: Galtis \/ Arjeplog<br \/>\nGr\u00fcn A: J\u00e4ckvik (und weiter westlich war die letzte Restschneeskitour)<br \/>\nT\u00fcrkis D: Arvidsjaur<br \/>\nGr\u00fcn B: Storklinta<br \/>\nGr\u00fcn C: Tjamstan<br \/>\nGr\u00fcn D: Linbana<br \/>\nGr\u00fcn E: Viterliden<br \/>\nGr\u00fcn F: Umanbacken\/Storuman<br \/>\nOrange A: Klimpfj\u00e4ll<br \/>\n(Vildmarksv\u00e4gen)<br \/>\nOrange B: Bl\u00e5sj\u00f6n \/ Brakk\u00e5fallet<br \/>\nGr\u00fcn G: T\u00e5sj\u00f6berget \/ Fj\u00e4llsikten<br \/>\nGr\u00fcn H: \u00c5kersj\u00f6n (dar\u00fcber Ans\u00e4tten)<br \/>\nGr\u00fcn I: 2x F\u00e4hre Storsj\u00f6n<br \/>\nGr\u00fcn J: Hoverbergt \/ H\u00f6hle<br \/>\nGr\u00fcn K: Mickelbacken G\u00e4llo \/ darunter F\u00e4hre Ammer<br \/>\nGr\u00fcn L: Ljungdalen \/ darunter Flatruet<br \/>\nOrange T: Fun\u00e4sdalen<br \/>\nOrange S: T\u00e4nndalen \/ Anderssj\u00f6\u00e5fallet<br \/>\nOrange Q: T\u00e4nn\u00e4skr\u00f6ket<br \/>\nGr\u00fcn M: Gr\u00f6velfj\u00e4ll \/ darunter L\u00f6v\u00e5sliften<\/p>\n<p><a href='http:\/\/extra.inmontanis.info\/d\/65359-3\/ge202106-07d.jpg'><img src=http:\/\/extra.inmontanis.info\/d\/65358-4\/ge202106-07d.jpg \/><\/a><br \/>\n^ Strecke und Poi im Juni \/ Anfang Juli 2021 (Gr\u00fcn)<\/p>\n<p>Rot B versteckt hinter C: Idre Fj\u00e4ll \/ dar\u00fcber Nipfj\u00e4llet (Wanderung, h\u00f6chste Stra\u00dfe Schwedens)<br \/>\nGr\u00fcn N: W\u00e4sabergen \/ darunter Gopshusbacken<br \/>\nOrange I: Gesundaberget<br \/>\nGr\u00fcn O: Granberget<br \/>\nGr\u00fcn P: \u00c4ppelbo Hunflen<br \/>\nGr\u00fcn Q: Hovfj\u00e4llet<br \/>\nGr\u00fcn R: Ekesberget<br \/>\nGr\u00fcn S: V\u00e4rmulls\u00e5sen<br \/>\nGr\u00fcn T: Lesjof\u00f6rs<br \/>\nGr\u00fcn U: Sunne<br \/>\nGr\u00fcn V: Valfj\u00e4llet<br \/>\nGr\u00fcn W: Dalslands Kanal<br \/>\nGr\u00fcn X: Bollekollen<br \/>\nJuli:<br \/>\nGr\u00fcn Y: V\u00e4sterlidsbacken<br \/>\nGr\u00fcn Z: F\u00e4hre Bolms\u00f6leden<br \/>\nGr\u00fcn 1: Vall\u00e5sen<br \/>\nGr\u00fcn 2: Kullaberg<\/p>\n<p>Strecke im Juni ca. 3.550 km lt. Trackaufzeichnung<br \/>\nStrecke im Juli ca. 2.000 km inkl. Heimfahrt<\/p>\n<p>Ja, war etwas viel Autofahren im Juni, aber ich musste ja auch mal an die R\u00fcckfahrt denken.<\/p>\n<p>Kreditkartenabrechnung f\u00fcr Juni: 1.326,29 \u20ac &#8211; dabei inkludiert der zweite Service-Teil (223,65) und die Klimanachf\u00fcllung (250,66) und alle anderen Eink\u00e4ufe und Tankungen im Juni &#8211; noch nicht inkludiert die Br\u00fcckenmauten, weil ja auf der R\u00fcckfahrt erst im Juli.<\/p>\n<p>Teil 2 des Tages mit Heimfahrt folgt in K\u00fcrze.<\/p>\n","protected":false},"excerpt":{"rendered":"<p>3.7.2021 Teil 1: Kullaberg<\/p>\n<p>Heut fr\u00fch stand eine ausnahmsweise mal sch\u00f6ne, weil Steilk\u00fcste in Schweden auf dem Plan. Selten, selten. Danach Einkaufen, Covid-Test und falls negativ, Rest Einkaufen + nach D\u00e4nemark und Deutschland.<\/p>\n<p> ^ M\u00f6lle statt Malle ;-)<\/p>\n<p> ^ In M\u00f6lle beginnt auch der Anstieg zum Kullaberg. Wirkt teilweise etwas wie Gro\u00dfbritannien<\/p>\n<p> <a href=\"http:\/\/blog.inmontanis.info\/?p=6939\">[&#8230;]<\/a><\/p>\n","protected":false},"author":1,"featured_media":0,"comment_status":"closed","ping_status":"closed","sticky":false,"template":"","format":"standard","meta":{"footnotes":""},"categories":[184,19,30],"tags":[134,37],"class_list":["post-6939","post","type-post","status-publish","format-standard","hentry","category-2021-01-skandinavien","category-schwedensweden","category-wandern","tag-hohlecave","tag-meer","odd"],"_links":{"self":[{"href":"http:\/\/blog.inmontanis.info\/index.php?rest_route=\/wp\/v2\/posts\/6939","targetHints":{"allow":["GET"]}}],"collection":[{"href":"http:\/\/blog.inmontanis.info\/index.php?rest_route=\/wp\/v2\/posts"}],"about":[{"href":"http:\/\/blog.inmontanis.info\/index.php?rest_route=\/wp\/v2\/types\/post"}],"author":[{"embeddable":true,"href":"http:\/\/blog.inmontanis.info\/index.php?rest_route=\/wp\/v2\/users\/1"}],"replies":[{"embeddable":true,"href":"http:\/\/blog.inmontanis.info\/index.php?rest_route=%2Fwp%2Fv2%2Fcomments&post=6939"}],"version-history":[{"count":3,"href":"http:\/\/blog.inmontanis.info\/index.php?rest_route=\/wp\/v2\/posts\/6939\/revisions"}],"predecessor-version":[{"id":6942,"href":"http:\/\/blog.inmontanis.info\/index.php?rest_route=\/wp\/v2\/posts\/6939\/revisions\/6942"}],"wp:attachment":[{"href":"http:\/\/blog.inmontanis.info\/index.php?rest_route=%2Fwp%2Fv2%2Fmedia&parent=6939"}],"wp:term":[{"taxonomy":"category","embeddable":true,"href":"http:\/\/blog.inmontanis.info\/index.php?rest_route=%2Fwp%2Fv2%2Fcategories&post=6939"},{"taxonomy":"post_tag","embeddable":true,"href":"http:\/\/blog.inmontanis.info\/index.php?rest_route=%2Fwp%2Fv2%2Ftags&post=6939"}],"curies":[{"name":"wp","href":"https:\/\/api.w.org\/{rel}","templated":true}]}}