{"id":6934,"date":"2021-07-02T17:25:37","date_gmt":"2021-07-02T15:25:37","guid":{"rendered":"http:\/\/blog.inmontanis.info\/?p=6934"},"modified":"2023-08-05T16:08:18","modified_gmt":"2023-08-05T14:08:18","slug":"vallasen-2-7-2021","status":"publish","type":"post","link":"http:\/\/blog.inmontanis.info\/?p=6934","title":{"rendered":"Vall\u00e5sen, 2.7.2021"},"content":{"rendered":"<p><strong>2.7.2021<\/strong><\/p>\n<p>Heute war es mit 18\u00b0 morgens schon w\u00e4rmer als gestern Nachmittag, zudem mehr Sonne. Zuerst lagen noch zwei Skigebiete auf dem Weg, danach wollte ich am Meer die Routenplanung f\u00fcr die Heimreise machen. Was mir heute zum ersten Mal auffiel: In Deutschland gibt es ja fast kein Google Street View :(<\/p>\n<p><a href='http:\/\/extra.inmontanis.info\/d\/65189-2\/DSC03298.jpg'><img src=http:\/\/extra.inmontanis.info\/d\/65188-3\/DSC03298.jpg \/><\/a><br \/>\n^ Aus dem Skigebiet Sydalpin wurde der Kungsbygget \u00c4ventyrspark. War mir hier etwas zu voll, um auf Liftsuche zu gehen<\/p>\n<p><a href='http:\/\/ski.inmontanis.info\/d\/297384-2\/DSC03302.jpg'><img src=http:\/\/ski.inmontanis.info\/d\/297382-3\/DSC03302.jpg \/><\/a><br \/>\n^ Unweit gibts noch ein Skigebiet, Vall\u00e5sen<\/p>\n<p><a href='http:\/\/ski.inmontanis.info\/d\/297388-2\/DSC03303.jpg'><img src=http:\/\/ski.inmontanis.info\/d\/297387-3\/DSC03303.jpg \/><\/a><br \/>\n^ Pistenplan, der rechte Lift (3KSB) samt Abfahrt fehlt.<\/p>\n<p><a href='http:\/\/ski.inmontanis.info\/d\/297392-2\/DSC03304.jpg'><img src=http:\/\/ski.inmontanis.info\/d\/297391-3\/DSC03304.jpg \/><\/a><br \/>\n^ 4SB und SL auf der linken Seite, sind vmtl. am WE auch f\u00fcr Biker offen<\/p>\n<p><a href='http:\/\/ski.inmontanis.info\/d\/297396-2\/DSC03306.jpg'><img src=http:\/\/ski.inmontanis.info\/d\/297395-3\/DSC03306.jpg \/><\/a><br \/>\n^ 4SB und SL auf der linken Seite<\/p>\n<p><a href='http:\/\/ski.inmontanis.info\/d\/297400-2\/DSC03307.jpg'><img src=http:\/\/ski.inmontanis.info\/d\/297399-3\/DSC03307.jpg \/><\/a><br \/>\n^ Daneben gibts ein paar \u00dcbungslifte<\/p>\n<p><a href='http:\/\/ski.inmontanis.info\/d\/297404-2\/DSC03308.jpg'><img src=http:\/\/ski.inmontanis.info\/d\/297403-3\/DSC03308.jpg \/><\/a><br \/>\n^ \u00dcbungslifte und Schneedepot (das sich wohl auf der ehemaligen Abfahrt der 3KSB befindet)<\/p>\n<p><a href='http:\/\/ski.inmontanis.info\/d\/297408-2\/DSC03310.jpg'><img src=http:\/\/ski.inmontanis.info\/d\/297407-3\/DSC03310.jpg \/><\/a><br \/>\n^ Talstation 3KSB, fehlt nicht nur im Plan, sondern hat auch keine Zutrittsleser. Also wohl nicht mehr offen.<\/p>\n<p><a href='http:\/\/ski.inmontanis.info\/d\/297412-2\/DSC03311.jpg'><img src=http:\/\/ski.inmontanis.info\/d\/297411-3\/DSC03311.jpg \/><\/a><br \/>\n^ 3KSB Talstation<\/p>\n<p><a href='http:\/\/ski.inmontanis.info\/d\/297416-2\/DSC03312.jpg'><img src=http:\/\/ski.inmontanis.info\/d\/297415-3\/DSC03312.jpg \/><\/a><br \/>\n^ 3KSB und Abfahrt und Schneedepot<\/p>\n<p><a href='http:\/\/ski.inmontanis.info\/d\/297420-2\/DSC03313.jpg'><img src=http:\/\/ski.inmontanis.info\/d\/297419-3\/DSC03313.jpg \/><\/a><br \/>\n^ 3KSB Talstation, die zweigeteilten Poma-Alpha-Stationen (Antrieb extra von Kuppeltechnik) sind doch immer wieder ungew\u00f6hnlich anzusehen.<\/p>\n<p><a href='http:\/\/ski.inmontanis.info\/d\/297424-2\/DSC03314.jpg'><img src=http:\/\/ski.inmontanis.info\/d\/297423-3\/DSC03314.jpg \/><\/a><br \/>\n^ 3KSB Talstation<\/p>\n<p><a href='http:\/\/ski.inmontanis.info\/d\/297428-2\/DSC03315.jpg'><img src=http:\/\/ski.inmontanis.info\/d\/297427-3\/DSC03315.jpg \/><\/a><br \/>\n^ 3KSB Talstation<\/p>\n<p><img src=http:\/\/ski.inmontanis.info\/d\/297431-2\/DSC03316.jpg \/><br \/>\n^ BJ 1983<\/p>\n<p><a href='http:\/\/ski.inmontanis.info\/d\/297435-2\/DSC03317.jpg'><img src=http:\/\/ski.inmontanis.info\/d\/297434-3\/DSC03317.jpg \/><\/a><br \/>\n^ Kommandopult<\/p>\n<p><a href='http:\/\/ski.inmontanis.info\/d\/297439-2\/DSC03319.jpg'><img src=http:\/\/ski.inmontanis.info\/d\/297438-3\/DSC03319.jpg \/><\/a><br \/>\n^ <\/p>\n<p><a href='http:\/\/ski.inmontanis.info\/d\/297443-2\/DSC03320.jpg'><img src=http:\/\/ski.inmontanis.info\/d\/297442-3\/DSC03320.jpg \/><\/a><br \/>\n^ Sommerplan mit 4SB und SL<\/p>\n<p><a href='http:\/\/extra.inmontanis.info\/d\/65193-2\/DSC03322.jpg'><img src=http:\/\/extra.inmontanis.info\/d\/65192-3\/DSC03322.jpg \/><\/a><br \/>\n^ Die Zufahrt zum Skigebiet verl\u00e4uft auf eher schmalen Stra\u00dfen<\/p>\n<p><a href='http:\/\/extra.inmontanis.info\/d\/65197-2\/DSC03324.jpg'><img src=http:\/\/extra.inmontanis.info\/d\/65196-3\/DSC03324.jpg \/><\/a><br \/>\n^ Die einzige Pflasterstra\u00dfe, die ich auf dieser Reise gesehen \/ befahren habe<\/p>\n<p><a href='http:\/\/extra.inmontanis.info\/d\/65201-2\/DSC03326.jpg'><img src=http:\/\/extra.inmontanis.info\/d\/65200-3\/DSC03326.jpg \/><\/a><br \/>\n^ B\u00e5stad-Kattvik, auf einer Halbinsel am Meer<\/p>\n<p><a href='http:\/\/extra.inmontanis.info\/d\/65205-2\/DSC03328.jpg'><img src=http:\/\/extra.inmontanis.info\/d\/65204-3\/DSC03328.jpg \/><\/a><br \/>\n^ B\u00e5stad-Kattvik, Meerblick<\/p>\n<p>Um 14:30 war ich dann am Meer &#8211; warme 25\u00b0, Sonne und windstill. Kurz gesagt, bescheuert. So kann ich keine stundenlangen Planungen machen. Kaum fuhr ich wieder los, war auch die Sonne wieder weg, na von mir aus. Weiter oben am Berg zwischen den beiden Seiten dieser Halbinsel gab es einen Rastplatz, dort war auch Wind zu sp\u00fcren &#8211; aber kein Meerblick und kein Schatten, also bin ich doch zur S\u00fcdk\u00fcste gefahren.<\/p>\n<p><a href='http:\/\/extra.inmontanis.info\/d\/65209-2\/DSC03333.jpg'><img src=http:\/\/extra.inmontanis.info\/d\/65208-3\/DSC03333.jpg \/><\/a><br \/>\n^ Ausblick zur S\u00fcdseite der Halbinsel<\/p>\n<p><a href='http:\/\/extra.inmontanis.info\/d\/65213-2\/DSC03335.jpg'><img src=http:\/\/extra.inmontanis.info\/d\/65212-3\/DSC03335.jpg \/><\/a><br \/>\n^ Meerblick nahe Vejby<\/p>\n<p>Dort wieder kein Wind und schw\u00fcle 23\u00b0 und hin und wieder paar Regentropfen, so dass man die Fenster nicht durchg\u00e4gig \u00f6ffnen konnte. Blieb aber mangels besserer Alternativen.<\/p>\n<p><a href='http:\/\/extra.inmontanis.info\/d\/65217-2\/DSC03336.jpg'><img src=http:\/\/extra.inmontanis.info\/d\/65216-3\/DSC03336.jpg \/><\/a><br \/>\n^ Parkplatz nahe Vejby um 15:45, da war ich der zweite. Am n\u00e4chsten Morgen war er voll mit Campern und einem Wohnwagen.<\/p>\n<p><a href='http:\/\/extra.inmontanis.info\/d\/65221-2\/DSC03338.jpg'><img src=http:\/\/extra.inmontanis.info\/d\/65220-3\/DSC03338.jpg \/><\/a><br \/>\n^ Meer und Kullaberg, dorthin (n\u00e4chste Halbinsel) will ich dann morgen, wenn ich hier \u00fcbernachte. (-> gibt noch ein paar sch\u00f6ne Bilder!)<\/p>\n<p>Tja, da haben die \u00f6sterreichischen Medien seit Tagen geschrieben, dass man ab 1.7. aus den gr\u00fcnen L\u00e4ndern einfach so einreisen kann &#8211; aber stimmt nicht. Man braucht nach wie vor eines der &#8220;3G&#8221;. Oder muss den Test nachholen. Ich w\u00fcrd ja lieber 14 Tage in Quarant\u00e4ne gehen, anstatt sich nochmal um einen Testtermin k\u00fcmmern zu m\u00fcssen, dort hin zu fahren etc. Au\u00dfer ich time mein R\u00fcckkommen so, dass ich auf dem Weg an einem (kostenlosen) Drive-In-Test vorbei komme .. da muss man sich nat\u00fcrlich voranmelden, damit es nicht gar zu einfach wird .. :(<\/p>\n<p>Leider kamen im Laufe des Nachmittags noch ein paar \u00fcbernachtungsg\u00e4ste hier an, inkl. Hunden und Kindern aus Deutschland und 3 Autos und Vorzelt zwischen den 3 Autos und stellten sich auch noch direkt neben mich, 1m entfernt &#8230;<\/p>\n<p>Die von Google Maps errechnete, schnellste Route von Flensburg nach Passau verl\u00e4uft sogar erstaunlicherweise durch relativ wenig gr\u00f6\u00dfere St\u00e4dte (mit Ausnahme Kiel und L\u00fcbeck) und schaut auch relativ kurz=direkt aus. Gr\u00f6\u00dfere St\u00e4dte m\u00f6chte ich dann doch entweder weitr\u00e4umiger oder auf Autobahnen umfahren.<\/p>\n<p>Hatte ich nicht letztens gelesen, dass man in D\u00e4nemark keinen Test mehr ab 26.6. bei der Durchreise braucht?! Anscheinend war auch diese Info nicht richtig, na nerv. Also dann entweder mit Maske und F\u00e4hre oder kostenpflichtiger Test in Schweden (und sich das Testen in AT danach sparen, wenn man z\u00fcgig genug durchf\u00e4hrt) :(<\/p>\n<p>Bzw. genauer gesagt, ist die \u00c4nderung seit 26.6. f\u00fcr DK: man braucht keinen Test mehr NACH dem Eintritt. Aber man braucht einen VOR dem Eintritt. Auch bei Transit. Grrrrr. Langsam wird mir das alles wieder zu bl\u00f6d.<\/p>\n<p>Ach, und gut m\u00f6glich, dass sich das auch NIE wieder \u00e4ndern wird, hei\u00dft es doch &#8220;Fourth and final phase of the gradual reopening of travel activities as of 26 June 2021&#8221;!!! FINAL PHASE!! DAS SOLL SO BLEIBEN!! WACHT ENDLICH AUF UND PROTESTIERT!!<\/p>\n<p>Alternative F\u00e4hre nach DE (Trelleborg-Rostock) ist momentan kurzfristig allerdings auch sauteuer. Ab-Preise von 110,- bis 264,- \u20ac f\u00fcr die n\u00e4chsten Tage, nein, sogar quasi f\u00fcr den ganzen Juli! Anscheinend ist das das Monat, wo die Reedereien Geld verdienen, um abseits der Hochsaison, wenn ich sonst fahre, Preise um die 50-80,- \u20ac anbieten zu k\u00f6nnen ;)<\/p>\n<p>Da sind die beiden Br\u00fccken per se mal g\u00fcnstiger mit ca. 75,- \u20ac zusammen. Klar, mehr Fahrstrecke. Aber bei der F\u00e4hre k\u00e4me ja noch die Kabine dazu, wenn man nicht laufend Maske tragen will.<\/p>\n<p>Tja, dann werd ich halt mal schaun, ob ich einen Test in Schweden bekomme. Wird zwar auch ca. 65,- \u20ac kosten, aber ich brauch mich dann in AT nicht nochmals drum k\u00fcmmern.. Wobei ich momentan noch nicht mal wei\u00df, ob man einen Test bekommt ohne schwedischer Sozial\/Personennummer\/BankID o.\u00e4. ..<\/p>\n<p>Nach stundenlanger Suche hab ich doch noch einen Antigentester im Bereich Malm\u00f6 gefunden, der netterweise auch nur einen 2cm-Nasal-Test (keinen komplett-durch-Test) macht, keine schwedischen IDs braucht und sogar Drive-Through ohne Voranmeldung bietet. Und mit 40,- \u20ac noch dazu der g\u00fcnstigste Anbieter ist. Und einen ausgedruckten Zettel bekommt man auch mit. <\/p>\n<p>Letztes Jahr im Mai hab ich ja nichts von all dem gebraucht. Weder irgendwelche Tests, noch medizinische oder FFP2 &#8211; Masken.<\/p>\n<p>Nachmittags\/Abends meist leichter Nieselregen bei 23\u00b0, der Regen sorgte nicht f\u00fcr Abk\u00fchlung. Somit immer mal wieder Motor und Klimaanlage laufen lassen.. da h\u00f6r ich dann wenigstens auch den L\u00e4rm meiner Nachbarn nicht.<\/p>\n<p>20:00 &#8211; immer noch 23\u00b0 drau\u00dfen :(<\/p>\n<p>Google-Maps-Suchergebnisse sind manchmal so ein Bullshit und zu 80% nicht das, was man gesucht hat &#8230; <\/p>\n<p>Gesucht hab ich Automatentankstellen. Oder alternativ bin ich auch mit Tankstellen zufrieden, wo man beim Rausfahren aus dem Auto raus zahlen kann. Hauptsache kein Shop, wo man rein und Maske aufsetzen muss. Leider sind Tankstellen mit Automaten in Deutschland eher selten (oder manchmal nur nachts offen, tags\u00fcber Shop), so dass man da zeitig suchen muss. (Spoiler: au\u00dfer man braucht gerade keine, dann f\u00e4hrt man immer mal wieder an einer vorbei.) <\/p>\n<p>In AT findet man Jet-Tankstellen und Hofer-Tankstellen leichter .. und im Gegensatz zu DE hat so gut wie jede Jet-Tankstelle in AT auch und sowieso jede Avanti-Tankstelle nur eine Kartenzahlung direkt an der Zapfstelle. Ach was, es gibt Avanti-Tankstellen(automaten) auch in Deutschland? Cool. Wenn auch nur im S\u00fcden und nicht unbedingt viel brauchbar auf meiner Route.)<\/p>\n<p>Damit dieser bl\u00f6de Covid-Test aus Schweden auch noch f\u00fcr die Einreise in AT gilt, muss ich ja innerhalb 48h in AT einreisen. Dann problematisch, wenn ich am Montag vom KFC in Hof Essen (zum tiefk\u00fchlen daheim) mitnehmen m\u00f6chte (quasi letzte M\u00f6glichkeit, sofern ich nicht via Regensburg fahren m\u00f6chte, sondern die Bundesstra\u00dfe via Cham.) &#8211; hat aber erst ab 11 Uhr offen, dann komm ich mit etwas Pufferzeit eher erst so gegen 16 Uhr \u00fcber die Grenze und d\u00fcrfte morgen Samstag den Test also erst gegen 16\/17 Uhr machen. Oder ich qu\u00e4l mich am Sonntag durch und \u00fcbernachte nur 1x auf dem Weg. H\u00e4tte den Vorteil, dass mich die W\u00e4rme und die Gefrierbox weniger nervt und ich in der Nacht von SA auf SO vielleicht einiges auf deutschen Autobahnen abspulen k\u00f6nnte. Nachts fahr ich die ja lieber als tags\u00fcber &#8230;<\/p>\n<p>22.30 Uhr &#8230; immer noch 23\u00b0 :( War wohl doch keine so gute Idee, am Meer zu \u00fcbernachten. H\u00e4tte halt mit mehr Wind hier gerechnet&#8230;<\/p>\n","protected":false},"excerpt":{"rendered":"<p>2.7.2021<\/p>\n<p>Heute war es mit 18\u00b0 morgens schon w\u00e4rmer als gestern Nachmittag, zudem mehr Sonne. Zuerst lagen noch zwei Skigebiete auf dem Weg, danach wollte ich am Meer die Routenplanung f\u00fcr die Heimreise machen. Was mir heute zum ersten Mal auffiel: In Deutschland gibt es ja fast kein Google Street View :(<\/p>\n<p> ^ Aus <a href=\"http:\/\/blog.inmontanis.info\/?p=6934\">[&#8230;]<\/a><\/p>\n","protected":false},"author":1,"featured_media":0,"comment_status":"closed","ping_status":"closed","sticky":false,"template":"","format":"standard","meta":{"footnotes":""},"categories":[184,19,784],"tags":[55,49,37,47],"class_list":["post-6934","post","type-post","status-publish","format-standard","hentry","category-2021-01-skandinavien","category-schwedensweden","category-vallasen","tag-3sb","tag-4sb","tag-meer","tag-sl","odd"],"_links":{"self":[{"href":"http:\/\/blog.inmontanis.info\/index.php?rest_route=\/wp\/v2\/posts\/6934","targetHints":{"allow":["GET"]}}],"collection":[{"href":"http:\/\/blog.inmontanis.info\/index.php?rest_route=\/wp\/v2\/posts"}],"about":[{"href":"http:\/\/blog.inmontanis.info\/index.php?rest_route=\/wp\/v2\/types\/post"}],"author":[{"embeddable":true,"href":"http:\/\/blog.inmontanis.info\/index.php?rest_route=\/wp\/v2\/users\/1"}],"replies":[{"embeddable":true,"href":"http:\/\/blog.inmontanis.info\/index.php?rest_route=%2Fwp%2Fv2%2Fcomments&post=6934"}],"version-history":[{"count":4,"href":"http:\/\/blog.inmontanis.info\/index.php?rest_route=\/wp\/v2\/posts\/6934\/revisions"}],"predecessor-version":[{"id":6938,"href":"http:\/\/blog.inmontanis.info\/index.php?rest_route=\/wp\/v2\/posts\/6934\/revisions\/6938"}],"wp:attachment":[{"href":"http:\/\/blog.inmontanis.info\/index.php?rest_route=%2Fwp%2Fv2%2Fmedia&parent=6934"}],"wp:term":[{"taxonomy":"category","embeddable":true,"href":"http:\/\/blog.inmontanis.info\/index.php?rest_route=%2Fwp%2Fv2%2Fcategories&post=6934"},{"taxonomy":"post_tag","embeddable":true,"href":"http:\/\/blog.inmontanis.info\/index.php?rest_route=%2Fwp%2Fv2%2Ftags&post=6934"}],"curies":[{"name":"wp","href":"https:\/\/api.w.org\/{rel}","templated":true}]}}