{"id":6931,"date":"2021-07-01T17:01:35","date_gmt":"2021-07-01T15:01:35","guid":{"rendered":"http:\/\/blog.inmontanis.info\/?p=6931"},"modified":"2021-07-06T17:05:54","modified_gmt":"2021-07-06T15:05:54","slug":"vasterlidsbacken-bolmsoleden-1-7-2021","status":"publish","type":"post","link":"http:\/\/blog.inmontanis.info\/?p=6931","title":{"rendered":"V\u00e4sterlidsbacken &#038; Bolms\u00f6leden, 1.7.2021"},"content":{"rendered":"<p><strong>1.7.2021<\/strong><\/p>\n<p>Wetter heute eher regnerisch bei meist um die 15\u00b0-17\u00b0.<\/p>\n<p>Da es heute k\u00fcrzer w\u00e4re zu den Skigebieten auf dem Weg in den S\u00fcden, wollte ich noch eine Seilf\u00e4hre mit wenig Umweg mitnehmen. Zog sich dann aber doch, auch weil ich noch einen gr\u00f6\u00dferen Einkauf machen wollte. Und auf dem Weg zuf\u00e4llig ein Schild zu einem Skigebiet sah, das ich noch nicht auf der Karte hatte. Da musste ich nat\u00fcrlich gleich mal vorbei:<\/p>\n<p><a href='http:\/\/extra.inmontanis.info\/d\/65097-2\/DSC03251.jpg'><img src=http:\/\/extra.inmontanis.info\/d\/65096-3\/DSC03251.jpg \/><\/a><br \/>\n^ Weiter s\u00fcdlich sind die schmalen Stra\u00dfen auch mal asphaltiert, nicht immer nur naturbelassen.<\/p>\n<p><a href='http:\/\/extra.inmontanis.info\/d\/65101-2\/DSC03252.jpg'><img src=http:\/\/extra.inmontanis.info\/d\/65100-3\/DSC03252.jpg \/><\/a><br \/>\n^ Skigebiet V\u00e4sterlidsbacken, vmtl. ist der SL nicht mehr in Betrieb<\/p>\n<p><a href='http:\/\/extra.inmontanis.info\/d\/65105-2\/DSC03253.jpg'><img src=http:\/\/extra.inmontanis.info\/d\/65104-3\/DSC03253.jpg \/><\/a><br \/>\n^ SL V\u00e4sterlidsbacken<\/p>\n<p><a href='http:\/\/extra.inmontanis.info\/d\/65109-2\/DSC03254.jpg'><img src=http:\/\/extra.inmontanis.info\/d\/65108-3\/DSC03254.jpg \/><\/a><br \/>\n^ SL V\u00e4sterlidsbacken<\/p>\n<p><a href='http:\/\/extra.inmontanis.info\/d\/65113-2\/DSC03257.jpg'><img src=http:\/\/extra.inmontanis.info\/d\/65112-3\/DSC03257.jpg \/><\/a><\/p>\n<p><a href='http:\/\/extra.inmontanis.info\/d\/65117-2\/DSC03258_001.jpg'><img src=http:\/\/extra.inmontanis.info\/d\/65116-3\/DSC03258_001.jpg \/><\/a><br \/>\n^ Schaut komisch aus, als ob ein Wohnmobil auf einer Pritsche w\u00e4re. Die Lichter sind mal gleichzeitig angeschlossen..<\/p>\n<p><a href='http:\/\/extra.inmontanis.info\/d\/65121-2\/DSC03259.jpg'><img src=http:\/\/extra.inmontanis.info\/d\/65120-3\/DSC03259.jpg \/><\/a><br \/>\n^ F\u00e4hrhafen Sunnaryd<\/p>\n<p><a href='http:\/\/extra.inmontanis.info\/d\/65125-2\/DSC03261.jpg'><img src=http:\/\/extra.inmontanis.info\/d\/65124-3\/DSC03261.jpg \/><\/a><br \/>\n^ Sunnaryd-Bolms\u00f6<\/p>\n<p><a href='http:\/\/extra.inmontanis.info\/d\/65129-2\/DSC03264.jpg'><img src=http:\/\/extra.inmontanis.info\/d\/65128-3\/DSC03264.jpg \/><\/a><br \/>\n^ Sunnaryd-Bolms\u00f6<\/p>\n<p><a href='http:\/\/extra.inmontanis.info\/d\/65133-2\/DSC03267.jpg'><img src=http:\/\/extra.inmontanis.info\/d\/65132-3\/DSC03267.jpg \/><\/a><br \/>\n^ Ist eine Seilf\u00e4hre<\/p>\n<p><a href='http:\/\/extra.inmontanis.info\/d\/65137-2\/DSC03269.jpg'><img src=http:\/\/extra.inmontanis.info\/d\/65136-3\/DSC03269.jpg \/><\/a><br \/>\n^ Schaut diesmal nach Seilwinde aus<\/p>\n<p><a href='http:\/\/extra.inmontanis.info\/d\/65141-2\/DSC03270.jpg'><img src=http:\/\/extra.inmontanis.info\/d\/65140-3\/DSC03270.jpg \/><\/a><br \/>\n^ Sunnaryd<\/p>\n<p><a href='http:\/\/extra.inmontanis.info\/d\/65145-2\/DSC03272.jpg'><img src=http:\/\/extra.inmontanis.info\/d\/65144-3\/DSC03272.jpg \/><\/a><br \/>\n^ Bolmen<\/p>\n<p><a href='http:\/\/extra.inmontanis.info\/d\/65149-2\/DSC03276.jpg'><img src=http:\/\/extra.inmontanis.info\/d\/65148-3\/DSC03276.jpg \/><\/a><br \/>\n^ Die F\u00e4hre liegt nur knapp \u00fcber dem Wasser, so dass es immer mal wieder auf den Boden reinspritzt<\/p>\n<p><a href='http:\/\/extra.inmontanis.info\/d\/65153-2\/DSC03278.jpg'><img src=http:\/\/extra.inmontanis.info\/d\/65152-3\/DSC03278.jpg \/><\/a><br \/>\n^ Bolmen<\/p>\n<p><a href='http:\/\/extra.inmontanis.info\/d\/65157-2\/DSC03280.jpg'><img src=http:\/\/extra.inmontanis.info\/d\/65156-3\/DSC03280.jpg \/><\/a><br \/>\n^ Bolms\u00f6<\/p>\n<p><a href='http:\/\/extra.inmontanis.info\/d\/65161-2\/DSC03281.jpg'><img src=http:\/\/extra.inmontanis.info\/d\/65160-3\/DSC03281.jpg \/><\/a><br \/>\n^ F\u00e4hre Sunnaryd-Bolms\u00f6, relativ klein, passen nicht viel Autos drauf<\/p>\n<p><a href='http:\/\/extra.inmontanis.info\/d\/65165-2\/DSC03282.jpg'><img src=http:\/\/extra.inmontanis.info\/d\/65164-3\/DSC03282.jpg \/><\/a><br \/>\n^ F\u00e4hre Sunnaryd-Bolms\u00f6<\/p>\n<p>Morgen wollte ich dann am Meer sein und auch die Route durch Deutschland planen. So langsam hege ich Zweifel, dass ich Sonntag Abend daheim bin&#8230; Aber warum sollte ich mir auch jetzt so einen Stress machen?! Klar, am WE w\u00e4re es vmtl. ruhiger, durch Deutschland durchzufahren, als unter der Woche &#8230;<\/p>\n<p>Falls die beiden letzten Skigebiete auf der Tour keine brauchbaren \u00dcbernachtungspl\u00e4tze b\u00f6ten (wobei bei einem evtl. eine Stra\u00dfe hinauf f\u00fchren k\u00f6nnte), sollte man vielleicht auf dem Weg nach M\u00f6glichkeiten suchen? Also hab ich mir bereits kurz nach der F\u00e4hre einen Platz gesucht.<\/p>\n<p><a href='http:\/\/extra.inmontanis.info\/d\/65169-2\/DSC03286.jpg'><img src=http:\/\/extra.inmontanis.info\/d\/65168-3\/DSC03286.jpg \/><\/a><br \/>\n^ Nachtplatz<\/p>\n<p><a href='http:\/\/extra.inmontanis.info\/d\/65173-2\/DSC03288.jpg'><img src=http:\/\/extra.inmontanis.info\/d\/65172-3\/DSC03288.jpg \/><\/a><br \/>\n^ .. mit Seeblick<\/p>\n<p><a href='http:\/\/extra.inmontanis.info\/d\/65177-2\/DSC03290.jpg'><img src=http:\/\/extra.inmontanis.info\/d\/65176-3\/DSC03290.jpg \/><\/a><br \/>\n^ <\/p>\n<p><a href='http:\/\/extra.inmontanis.info\/d\/65181-3\/DSC03292.jpg'><img src=http:\/\/extra.inmontanis.info\/d\/65180-4\/DSC03292.jpg \/><\/a><br \/>\n^ Zum nahen Abschied von Schweden nochmals ein Garnelen-Baguette zum Abendessen<\/p>\n<p><a href='http:\/\/extra.inmontanis.info\/d\/65185-3\/DSC03293.jpg'><img src=http:\/\/extra.inmontanis.info\/d\/65184-4\/DSC03293.jpg \/><\/a><br \/>\n^ Die Eink\u00e4ufe sind auch sch\u00f6n unter dem Bett verstaut. Tourenski sollte man jetzt halt nicht mehr rausnehmen wollen.<\/p>\n","protected":false},"excerpt":{"rendered":"<p>1.7.2021<\/p>\n<p>Wetter heute eher regnerisch bei meist um die 15\u00b0-17\u00b0.<\/p>\n<p>Da es heute k\u00fcrzer w\u00e4re zu den Skigebieten auf dem Weg in den S\u00fcden, wollte ich noch eine Seilf\u00e4hre mit wenig Umweg mitnehmen. Zog sich dann aber doch, auch weil ich noch einen gr\u00f6\u00dferen Einkauf machen wollte. Und auf dem Weg zuf\u00e4llig ein Schild zu <a href=\"http:\/\/blog.inmontanis.info\/?p=6931\">[&#8230;]<\/a><\/p>\n","protected":false},"author":1,"featured_media":0,"comment_status":"closed","ping_status":"closed","sticky":false,"template":"","format":"standard","meta":{"footnotes":""},"categories":[184,19],"tags":[45,47],"class_list":["post-6931","post","type-post","status-publish","format-standard","hentry","category-2021-01-skandinavien","category-schwedensweden","tag-see","tag-sl","odd"],"_links":{"self":[{"href":"http:\/\/blog.inmontanis.info\/index.php?rest_route=\/wp\/v2\/posts\/6931","targetHints":{"allow":["GET"]}}],"collection":[{"href":"http:\/\/blog.inmontanis.info\/index.php?rest_route=\/wp\/v2\/posts"}],"about":[{"href":"http:\/\/blog.inmontanis.info\/index.php?rest_route=\/wp\/v2\/types\/post"}],"author":[{"embeddable":true,"href":"http:\/\/blog.inmontanis.info\/index.php?rest_route=\/wp\/v2\/users\/1"}],"replies":[{"embeddable":true,"href":"http:\/\/blog.inmontanis.info\/index.php?rest_route=%2Fwp%2Fv2%2Fcomments&post=6931"}],"version-history":[{"count":2,"href":"http:\/\/blog.inmontanis.info\/index.php?rest_route=\/wp\/v2\/posts\/6931\/revisions"}],"predecessor-version":[{"id":6933,"href":"http:\/\/blog.inmontanis.info\/index.php?rest_route=\/wp\/v2\/posts\/6931\/revisions\/6933"}],"wp:attachment":[{"href":"http:\/\/blog.inmontanis.info\/index.php?rest_route=%2Fwp%2Fv2%2Fmedia&parent=6931"}],"wp:term":[{"taxonomy":"category","embeddable":true,"href":"http:\/\/blog.inmontanis.info\/index.php?rest_route=%2Fwp%2Fv2%2Fcategories&post=6931"},{"taxonomy":"post_tag","embeddable":true,"href":"http:\/\/blog.inmontanis.info\/index.php?rest_route=%2Fwp%2Fv2%2Ftags&post=6931"}],"curies":[{"name":"wp","href":"https:\/\/api.w.org\/{rel}","templated":true}]}}