{"id":6928,"date":"2021-06-30T15:15:45","date_gmt":"2021-06-30T13:15:45","guid":{"rendered":"http:\/\/blog.inmontanis.info\/?p=6928"},"modified":"2023-08-05T15:57:14","modified_gmt":"2023-08-05T13:57:14","slug":"bollekollen-und-zugbrucken-30-6-2021","status":"publish","type":"post","link":"http:\/\/blog.inmontanis.info\/?p=6928","title":{"rendered":"Bollekollen und Zugbr\u00fccken, 30.6.2021"},"content":{"rendered":"<p><strong>30.6.2021<\/strong><\/p>\n<p>Wieder ein sch\u00f6nes St\u00fcck nach S\u00fcden zu einem Skigebiet fahren. Dass der Parkplatz direkt neben\/unter einer Autobahn ist, hab ich erst ca. 80km vorher bemerkt, gab aber keinen vern\u00fcnftigen \u00dcbernachtungsplatz mehr. Hier weiter im S\u00fcden ist es wohl doch etwas schwieriger mit den leeren, einsamen Pl\u00e4tzen. Das Skigebiet scheint nicht unbedingt sonderlich interssant.<\/p>\n<p><a href='http:\/\/extra.inmontanis.info\/d\/65045-2\/DSC03211.jpg'><img src=http:\/\/extra.inmontanis.info\/d\/65044-3\/DSC03211.jpg \/><\/a><br \/>\n^ Teilweise nette H\u00fcgellandschaften hier<\/p>\n<p><a href='http:\/\/extra.inmontanis.info\/d\/65049-2\/DSC03213.jpg'><img src=http:\/\/extra.inmontanis.info\/d\/65048-3\/DSC03213.jpg \/><\/a><br \/>\n^ Pizza mit Garnelen, Zwiebeln (da w\u00e4r mir Paprika immer lieber), Schweinefleisch (h\u00e4tte man drauf verzichten k\u00f6nnen) und: Bacon. Der wurde vorher extra kross angebraten, was auf einer Pizza mit Speck ja eher un\u00fcblich ist, aber geschmacklich wesentlich besser ist.<\/p>\n<p><a href='http:\/\/extra.inmontanis.info\/d\/65053-2\/DSC03215.jpg'><img src=http:\/\/extra.inmontanis.info\/d\/65052-3\/DSC03215.jpg \/><\/a><br \/>\n^ Stillgelegte Eisenbahnstrecke Bengtsfors &#8211; \u00c5rj\u00e4ng<\/p>\n<p><a href='http:\/\/extra.inmontanis.info\/d\/65057-2\/DSC03218.jpg'><img src=http:\/\/extra.inmontanis.info\/d\/65056-3\/DSC03218.jpg \/><\/a><br \/>\n^ Stillgelegte Eisenbahnstrecke<\/p>\n<p><a href='http:\/\/extra.inmontanis.info\/d\/65061-2\/DSC03224.jpg'><img src=http:\/\/extra.inmontanis.info\/d\/65060-3\/DSC03224.jpg \/><\/a><br \/>\n^ Wartezeit: Hochgezogene Zugbr\u00fccke am Dalslands Kanal<\/p>\n<p><a href='http:\/\/extra.inmontanis.info\/d\/65065-2\/DSC03228.jpg'><img src=http:\/\/extra.inmontanis.info\/d\/65064-3\/DSC03228.jpg \/><\/a><br \/>\n^ Hier gibt es sogar eine Eisenbahn-Zugbr\u00fccke<\/p>\n<p><a href='http:\/\/extra.inmontanis.info\/d\/65069-2\/DSC03230.jpg'><img src=http:\/\/extra.inmontanis.info\/d\/65068-3\/DSC03230.jpg \/><\/a><br \/>\n^ Sommerzeit = Stra\u00dfenarbeiten, so auch heute<\/p>\n<p><a href='http:\/\/extra.inmontanis.info\/d\/65073-2\/DSC03231.jpg'><img src=http:\/\/extra.inmontanis.info\/d\/65072-3\/DSC03231.jpg \/><\/a><br \/>\n^ Nochmal weiter s\u00fcdlich am Dalslands Kanal, Zugbr\u00fccke an einer Schleuse.<\/p>\n<p><a href='http:\/\/extra.inmontanis.info\/d\/65077-2\/DSC03232.jpg'><img src=http:\/\/extra.inmontanis.info\/d\/65076-3\/DSC03232.jpg \/><\/a><br \/>\n^ Zugbr\u00fccke und Schleuse<\/p>\n<p><a href='http:\/\/extra.inmontanis.info\/d\/65081-2\/DSC03234.jpg'><img src=http:\/\/extra.inmontanis.info\/d\/65080-3\/DSC03234.jpg \/><\/a><br \/>\n^ Die dann folgende Stra\u00dfe ist schmal und sch\u00f6n<\/p>\n<p><a href='http:\/\/extra.inmontanis.info\/d\/65085-2\/DSC03238.jpg'><img src=http:\/\/extra.inmontanis.info\/d\/65084-3\/DSC03238.jpg \/><\/a><\/p>\n<p><a href='http:\/\/extra.inmontanis.info\/d\/65089-2\/DSC03239.jpg'><img src=http:\/\/extra.inmontanis.info\/d\/65088-3\/DSC03239.jpg \/><\/a><\/p>\n<p><a href='http:\/\/extra.inmontanis.info\/d\/65093-2\/IMG_20210629_111318.jpg'><img src=http:\/\/extra.inmontanis.info\/d\/65092-3\/IMG_20210629_111318.jpg \/><\/a><br \/>\n^ Interessant: Alter Handtrockner, der aber beim Dr\u00fccken der Klappe die Luft nach oben bl\u00e4st, damit &#8220;frau&#8221; sich das Gesicht trocknen kann&#8230;<\/p>\n<p><a href='http:\/\/ski.inmontanis.info\/d\/297358-2\/DSC03240.jpg'><img src=http:\/\/ski.inmontanis.info\/d\/297356-3\/DSC03240.jpg \/><\/a><br \/>\n^ Parkplatz Skigebiet Bollekollen<\/p>\n<p><a href='http:\/\/ski.inmontanis.info\/d\/297362-2\/DSC03242.jpg'><img src=http:\/\/ski.inmontanis.info\/d\/297361-3\/DSC03242.jpg \/><\/a><br \/>\n^ Skigebiet<\/p>\n<p><a href='http:\/\/ski.inmontanis.info\/d\/297366-2\/DSC03243.jpg'><img src=http:\/\/ski.inmontanis.info\/d\/297365-3\/DSC03243.jpg \/><\/a><\/p>\n<p><a href='http:\/\/ski.inmontanis.info\/d\/297370-2\/DSC03244.jpg'><img src=http:\/\/ski.inmontanis.info\/d\/297369-3\/DSC03244.jpg \/><\/a><br \/>\n^ Zwei Lifte<\/p>\n<p><a href='http:\/\/ski.inmontanis.info\/d\/297374-2\/DSC03245.jpg'><img src=http:\/\/ski.inmontanis.info\/d\/297373-3\/DSC03245.jpg \/><\/a><\/p>\n<p><a href='http:\/\/ski.inmontanis.info\/d\/297378-2\/DSC03248.jpg'><img src=http:\/\/ski.inmontanis.info\/d\/297377-3\/DSC03248.jpg \/><\/a><br \/>\n^ Abfahrten<\/p>\n<p>Die Juni-Route und Bilanz kommt dann Anfang Juli, wenn ich Schweden verlassen habe. Sofern ich es mir nicht noch anders \u00fcberlege oder \u00fcberlegen muss&#8230;<\/p>\n","protected":false},"excerpt":{"rendered":"<p>30.6.2021<\/p>\n<p>Wieder ein sch\u00f6nes St\u00fcck nach S\u00fcden zu einem Skigebiet fahren. Dass der Parkplatz direkt neben\/unter einer Autobahn ist, hab ich erst ca. 80km vorher bemerkt, gab aber keinen vern\u00fcnftigen \u00dcbernachtungsplatz mehr. Hier weiter im S\u00fcden ist es wohl doch etwas schwieriger mit den leeren, einsamen Pl\u00e4tzen. Das Skigebiet scheint nicht unbedingt sonderlich interssant.<\/p>\n<p> <a href=\"http:\/\/blog.inmontanis.info\/?p=6928\">[&#8230;]<\/a><\/p>\n","protected":false},"author":1,"featured_media":0,"comment_status":"closed","ping_status":"closed","sticky":false,"template":"","format":"standard","meta":{"footnotes":""},"categories":[184,766,19],"tags":[45,47],"class_list":["post-6928","post","type-post","status-publish","format-standard","hentry","category-2021-01-skandinavien","category-bollekollen","category-schwedensweden","tag-see","tag-sl","odd"],"_links":{"self":[{"href":"http:\/\/blog.inmontanis.info\/index.php?rest_route=\/wp\/v2\/posts\/6928","targetHints":{"allow":["GET"]}}],"collection":[{"href":"http:\/\/blog.inmontanis.info\/index.php?rest_route=\/wp\/v2\/posts"}],"about":[{"href":"http:\/\/blog.inmontanis.info\/index.php?rest_route=\/wp\/v2\/types\/post"}],"author":[{"embeddable":true,"href":"http:\/\/blog.inmontanis.info\/index.php?rest_route=\/wp\/v2\/users\/1"}],"replies":[{"embeddable":true,"href":"http:\/\/blog.inmontanis.info\/index.php?rest_route=%2Fwp%2Fv2%2Fcomments&post=6928"}],"version-history":[{"count":2,"href":"http:\/\/blog.inmontanis.info\/index.php?rest_route=\/wp\/v2\/posts\/6928\/revisions"}],"predecessor-version":[{"id":6930,"href":"http:\/\/blog.inmontanis.info\/index.php?rest_route=\/wp\/v2\/posts\/6928\/revisions\/6930"}],"wp:attachment":[{"href":"http:\/\/blog.inmontanis.info\/index.php?rest_route=%2Fwp%2Fv2%2Fmedia&parent=6928"}],"wp:term":[{"taxonomy":"category","embeddable":true,"href":"http:\/\/blog.inmontanis.info\/index.php?rest_route=%2Fwp%2Fv2%2Fcategories&post=6928"},{"taxonomy":"post_tag","embeddable":true,"href":"http:\/\/blog.inmontanis.info\/index.php?rest_route=%2Fwp%2Fv2%2Ftags&post=6928"}],"curies":[{"name":"wp","href":"https:\/\/api.w.org\/{rel}","templated":true}]}}