{"id":6923,"date":"2021-06-29T19:54:45","date_gmt":"2021-06-29T17:54:45","guid":{"rendered":"http:\/\/blog.inmontanis.info\/?p=6923"},"modified":"2023-08-05T13:00:14","modified_gmt":"2023-08-05T11:00:14","slug":"sunne-valfjallet-29-6-2021","status":"publish","type":"post","link":"http:\/\/blog.inmontanis.info\/?p=6923","title":{"rendered":"Sunne + Valfj\u00e4llet, 29.6.2021"},"content":{"rendered":"<p><strong>29.6.2021<\/strong><\/p>\n<p>Morgens angenehm k\u00fchle 15\u00b0 und vormittags mal (hoch)neblig. Leider war die Stra\u00dfe an meinem Platz morgens befahrener und lauter als erwartet. Ansonsten verlief die Nacht mal wieder angenehmer.<\/p>\n<p>Auch um 11 Uhr gab es noch (Hoch-) Nebel. Also erst mal noch hier am Rastplatz ins Wirtshaus auf ein g\u00fcnstiges Mittagessen gehen? Hatte ich ja eh mal wieder viel, viel, viel zu selten gemacht..<\/p>\n<p>Das Lunch-Buffet kostet ca. 8,50 \u20ac zum Dortessen und 6,- \u20ac als eine Portion zum Mitnehmen, heute gibts Wallenbergare, Raggmunk, Truthahnn mit Currysauce und irgendeinen Fisch, dazu diverse Saucen, Kartoffel und Kartoffelbrei, ein Salatbuffet und auch das Getr\u00e4nk war im Preis inkludiert. Glaub auch Brot und Suppe und Kaffee und Kuchen oder Kekse w\u00e4ren inkludiert gewesen. War aber auch so satt genug.<\/p>\n<p><a href='http:\/\/extra.inmontanis.info\/d\/65025-2\/IMG_20210629_112111.jpg'><img src=http:\/\/extra.inmontanis.info\/d\/65024-3\/IMG_20210629_112111.jpg \/><\/a><br \/>\n^ Lunch Buffet, ich nahm gleich von allem etwas und war dann satt genug, um keinen Nachschlag mehr zu brauchen.<\/p>\n<p>Danach ins nahe Skigebiet Sunne, wo ich im Winter ja leider nur vorbeifahren konnte, weil es Anfang Januar noch nicht offen war. Und jetzt ist es nat\u00fcrlich auch nicht mehr offen ;-)<\/p>\n<p><a href='http:\/\/ski.inmontanis.info\/d\/297190-2\/DSC03112.jpg'><img src=http:\/\/ski.inmontanis.info\/d\/297189-3\/DSC03112.jpg \/><\/a><br \/>\n^ Die beiden linken SL, die h\u00f6henmeterm\u00e4\u00dfig etwas weiter hinauf gehen als die Doppel-3SB<\/p>\n<p><a href='http:\/\/ski.inmontanis.info\/d\/297194-2\/DSC03113.jpg'><img src=http:\/\/ski.inmontanis.info\/d\/297193-3\/DSC03113.jpg \/><\/a><br \/>\n^ Die beiden linken SL. Grundlegend waren die beiden SL vmtl. mal von Alimak, mittlerweile aber wohl ziemlich frankensteinig &#8230;<\/p>\n<p><a href='http:\/\/ski.inmontanis.info\/d\/297198-2\/DSC03114.jpg'><img src=http:\/\/ski.inmontanis.info\/d\/297197-3\/DSC03114.jpg \/><\/a><br \/>\n^ linke SL<\/p>\n<p><a href='http:\/\/ski.inmontanis.info\/d\/297202-2\/DSC03116.jpg'><img src=http:\/\/ski.inmontanis.info\/d\/297201-3\/DSC03116.jpg \/><\/a><br \/>\n^ Danach folgen noch 2 \u00dcbungslifte<\/p>\n<p><a href='http:\/\/ski.inmontanis.info\/d\/297206-2\/DSC03117.jpg'><img src=http:\/\/ski.inmontanis.info\/d\/297205-3\/DSC03117.jpg \/><\/a><br \/>\n^ Dr. Frankenstein hilft ;)<\/p>\n<p><a href='http:\/\/ski.inmontanis.info\/d\/297210-2\/DSC03118.jpg'><img src=http:\/\/ski.inmontanis.info\/d\/297209-3\/DSC03118.jpg \/><\/a><br \/>\n^ Doppel-3SB<\/p>\n<p><a href='http:\/\/ski.inmontanis.info\/d\/297214-2\/DSC03119.jpg'><img src=http:\/\/ski.inmontanis.info\/d\/297213-3\/DSC03119.jpg \/><\/a><br \/>\n^ Doppel-3SB<\/p>\n<p><a href='http:\/\/ski.inmontanis.info\/d\/297218-2\/DSC03122.jpg'><img src=http:\/\/ski.inmontanis.info\/d\/297217-3\/DSC03122.jpg \/><\/a><br \/>\n^ Doppel-3SB<\/p>\n<p><a href='http:\/\/ski.inmontanis.info\/d\/297222-2\/DSC03123.jpg'><img src=http:\/\/ski.inmontanis.info\/d\/297221-3\/DSC03123.jpg \/><\/a><br \/>\n^ Doppel-3SB<\/p>\n<p><a href='http:\/\/ski.inmontanis.info\/d\/297226-2\/DSC03124.jpg'><img src=http:\/\/ski.inmontanis.info\/d\/297225-3\/DSC03124.jpg \/><\/a><br \/>\n^ Doppel-3SB<\/p>\n<p><a href='http:\/\/ski.inmontanis.info\/d\/297230-2\/DSC03125.jpg'><img src=http:\/\/ski.inmontanis.info\/d\/297229-3\/DSC03125.jpg \/><\/a><br \/>\n^ Abfahrten rechts der 3SB<\/p>\n<p><a href='http:\/\/ski.inmontanis.info\/d\/297234-2\/DSC03127.jpg'><img src=http:\/\/ski.inmontanis.info\/d\/297233-3\/DSC03127.jpg \/><\/a><br \/>\n^ Pistenplan, gut m\u00f6glich, dass es einst noch weitere Abfahrten gab. Oberhalb der 3SB soll es also noch einen Lift geben ..<\/p>\n<p><a href='http:\/\/ski.inmontanis.info\/d\/297238-2\/DSC03129.jpg'><img src=http:\/\/ski.inmontanis.info\/d\/297237-3\/DSC03129.jpg \/><\/a><br \/>\n^ Skigebiet<\/p>\n<p><a href='http:\/\/extra.inmontanis.info\/d\/65029-2\/DSC03131.jpg'><img src=http:\/\/extra.inmontanis.info\/d\/65028-3\/DSC03131.jpg \/><\/a><br \/>\n^ Am See entlang<\/p>\n<p><a href='http:\/\/extra.inmontanis.info\/d\/65033-2\/DSC03133.jpg'><img src=http:\/\/extra.inmontanis.info\/d\/65032-3\/DSC03133.jpg \/><\/a><br \/>\n^ Auffahrt zur Bergstation Skigebiet Sunne<\/p>\n<p>An der Bergstation gab es einige \u00dcberraschungen: Die 2. Sektion SL liegt in einer Senke hinter den 3SB-Bergstationen. Cool, eher selten sowas in Schweden. Schade, dass hier Anfang Januar noch zu war, hier muss ich doch mal Ski fahren.<\/p>\n<p>\u00dcberhaupt h\u00e4tte ich ja schon wieder Lust auf Winter und Skifahren in solchen Skigebieten. Der Sommer war jetzt lang genug f\u00fcr meine Verh\u00e4ltnisse, 1 Monat reicht doch wohl und auf den kalten und schneelosen Herbst kann man doch eh verzichten :)<\/p>\n<p><a href='http:\/\/ski.inmontanis.info\/d\/297242-2\/DSC03134.jpg'><img src=http:\/\/ski.inmontanis.info\/d\/297241-3\/DSC03134.jpg \/><\/a><br \/>\n^ Parkplatz an der Bergstation der linken SL<\/p>\n<p><a href='http:\/\/ski.inmontanis.info\/d\/297246-2\/DSC03135.jpg'><img src=http:\/\/ski.inmontanis.info\/d\/297245-3\/DSC03135.jpg \/><\/a><br \/>\n^ Linke SL<\/p>\n<p><a href='http:\/\/ski.inmontanis.info\/d\/297250-2\/DSC03138.jpg'><img src=http:\/\/ski.inmontanis.info\/d\/297249-3\/DSC03138.jpg \/><\/a><br \/>\n^ Linke SL<\/p>\n<p>Ob das bei KSB wohl auch so leicht ginge? Talstation Von Roll, Bergstation Leitner, 4er Sessel DM, .. ;)<\/p>\n<p><a href='http:\/\/ski.inmontanis.info\/d\/297254-2\/DSC03141.jpg'><img src=http:\/\/ski.inmontanis.info\/d\/297253-3\/DSC03141.jpg \/><\/a><br \/>\n^ Verbindung zu den 3SB-Bergstationen; das rechte Betonfundament scheint wohl nichts mit einem Lift zu tun haben<\/p>\n<p><a href='http:\/\/ski.inmontanis.info\/d\/297258-2\/DSC03153.jpg'><img src=http:\/\/ski.inmontanis.info\/d\/297257-3\/DSC03153.jpg \/><\/a><br \/>\n^ Bergstation der Doppel-3SB<\/p>\n<p><a href='http:\/\/ski.inmontanis.info\/d\/297262-2\/DSC03155.jpg'><img src=http:\/\/ski.inmontanis.info\/d\/297261-3\/DSC03155.jpg \/><\/a><br \/>\n^ <\/p>\n<p><a href='http:\/\/ski.inmontanis.info\/d\/297266-2\/DSC03157.jpg'><img src=http:\/\/ski.inmontanis.info\/d\/297265-3\/DSC03157.jpg \/><\/a><br \/>\n^ Doppel-3SB<\/p>\n<p><a href='http:\/\/ski.inmontanis.info\/d\/297270-2\/DSC03158.jpg'><img src=http:\/\/ski.inmontanis.info\/d\/297269-3\/DSC03158.jpg \/><\/a><br \/>\n^ Doppel-3SB. Wo soll hier jetzt noch ein Lift weiter rauf gehen?<\/p>\n<p><a href='http:\/\/ski.inmontanis.info\/d\/297274-2\/DSC03159.jpg'><img src=http:\/\/ski.inmontanis.info\/d\/297273-3\/DSC03159.jpg \/><\/a><br \/>\n^ Ah, wie cool, da hinten versteckt und etwas runter fahren muss man f\u00fcr den oberen SL.<\/p>\n<p><a href='http:\/\/ski.inmontanis.info\/d\/297278-2\/DSC03160.jpg'><img src=http:\/\/ski.inmontanis.info\/d\/297277-3\/DSC03160.jpg \/><\/a><br \/>\n^ Das Gras war mir aber zu hoch, als dass ich zur Talstation des oberen SL gehen wollte.<\/p>\n<p><a href='http:\/\/ski.inmontanis.info\/d\/297282-2\/DSC03163.jpg'><img src=http:\/\/ski.inmontanis.info\/d\/297281-3\/DSC03163.jpg \/><\/a><br \/>\n^ Abfahrt 3SB<\/p>\n<p>Leider hatte der Parkplatz oben jetzt und auch sp\u00e4ter wohl zu wenig Schatten, da man nicht nahe genug der B\u00e4ume parken konnte.<\/p>\n<p>Somit fuhr noch zum Skigebiet Valfj\u00e4llet und dort bis zum Gipfel.<\/p>\n<p>Der obere Teil sah jedenfalls mal wieder sehr cool aus, alles. Hier w\u00fcrd ich auch mal wieder gerne im Winter zum Skifahren herfahren, sofern der SL noch bis rauf und die Abfahrten von oben offen sind. <\/p>\n<p><a href='http:\/\/extra.inmontanis.info\/d\/65037-2\/DSC03169.jpg'><img src=http:\/\/extra.inmontanis.info\/d\/65036-3\/DSC03169.jpg \/><\/a><br \/>\n^ Sommerzeit = Baustellenzeit in Schweden. Oft mit Lotsenverkehr<\/p>\n<p><a href='http:\/\/extra.inmontanis.info\/d\/65041-2\/DSC03170.jpg'><img src=http:\/\/extra.inmontanis.info\/d\/65040-3\/DSC03170.jpg \/><\/a><br \/>\n^ .. da kam einer entgegen, der musste wieder r\u00fcckw\u00e4rts fahren.<\/p>\n<p><a href='http:\/\/ski.inmontanis.info\/d\/297288-2\/DSC03173.jpg'><img src=http:\/\/ski.inmontanis.info\/d\/297286-3\/DSC03173.jpg \/><\/a><br \/>\n^ Skigebiet Valfj\u00e4llet. Der obere Teil (nicht im Bild) k\u00f6nnte interessanter sein.<\/p>\n<p><a href='http:\/\/ski.inmontanis.info\/d\/297292-2\/DSC03175.jpg'><img src=http:\/\/ski.inmontanis.info\/d\/297291-3\/DSC03175.jpg \/><\/a><br \/>\n^ Pistenplan<\/p>\n<p><a href='http:\/\/ski.inmontanis.info\/d\/297296-2\/DSC03176.jpg'><img src=http:\/\/ski.inmontanis.info\/d\/297295-3\/DSC03176.jpg \/><\/a><br \/>\n^ \u00dcbungslift<\/p>\n<p><a href='http:\/\/ski.inmontanis.info\/d\/297300-2\/DSC03178.jpg'><img src=http:\/\/ski.inmontanis.info\/d\/297299-3\/DSC03178.jpg \/><\/a><br \/>\n^ Nur einer der beiden SL geht zum Gipfel. Und eine Stra\u00dfe, die ich gefahren bin.<\/p>\n<p><a href='http:\/\/ski.inmontanis.info\/d\/297304-2\/DSC03179.jpg'><img src=http:\/\/ski.inmontanis.info\/d\/297303-3\/DSC03179.jpg \/><\/a><br \/>\n^ Bergstation<\/p>\n<p><a href='http:\/\/ski.inmontanis.info\/d\/297308-2\/DSC03180.jpg'><img src=http:\/\/ski.inmontanis.info\/d\/297307-3\/DSC03180.jpg \/><\/a><br \/>\n^ Abfahrt, wie auch immer die dann weitergeht. Ist nicht so einfach zu erkennen. Sofern der Lift \u00fcberhaupt noch bis oben offen ist.<\/p>\n<p><a href='http:\/\/ski.inmontanis.info\/d\/297312-2\/DSC03182.jpg'><img src=http:\/\/ski.inmontanis.info\/d\/297311-3\/DSC03182.jpg \/><\/a><br \/>\n^ Trasse<\/p>\n<p><a href='http:\/\/ski.inmontanis.info\/d\/297316-2\/DSC03185.jpg'><img src=http:\/\/ski.inmontanis.info\/d\/297315-3\/DSC03185.jpg \/><\/a><br \/>\n^ Direkt am Lift ists sehr steil<\/p>\n<p><a href='http:\/\/ski.inmontanis.info\/d\/297320-2\/DSC03189.jpg'><img src=http:\/\/ski.inmontanis.info\/d\/297319-3\/DSC03189.jpg \/><\/a><br \/>\n^ Aber hier geht links mal eine Abfahrt weg<\/p>\n<p><a href='http:\/\/ski.inmontanis.info\/d\/297324-2\/DSC03190.jpg'><img src=http:\/\/ski.inmontanis.info\/d\/297323-3\/DSC03190.jpg \/><\/a><br \/>\n^ Aussichtsturm ist abgesperrt<\/p>\n<p><a href='http:\/\/ski.inmontanis.info\/d\/297328-2\/DSC03191.jpg'><img src=http:\/\/ski.inmontanis.info\/d\/297327-3\/DSC03191.jpg \/><\/a><br \/>\n^ .. und sogar die unteren Stufen weg, so dass man nicht raufkommt<\/p>\n<p><a href='http:\/\/ski.inmontanis.info\/d\/297332-2\/DSC03193.jpg'><img src=http:\/\/ski.inmontanis.info\/d\/297331-3\/DSC03193.jpg \/><\/a><br \/>\n^ abges\u00e4gt<\/p>\n<p>(Sind die Stufen abges\u00e4gt, weil er geschlossen werden sollte oder ist er geschlossen, weil jemand die Stufen abges\u00e4gt hat oder weder noch &#8230;)<\/p>\n<p><a href='http:\/\/ski.inmontanis.info\/d\/297336-2\/DSC03194.jpg'><img src=http:\/\/ski.inmontanis.info\/d\/297335-3\/DSC03194.jpg \/><\/a><br \/>\n^ SL-Ausstieg<\/p>\n<p><a href='http:\/\/ski.inmontanis.info\/d\/297340-2\/DSC03196.jpg'><img src=http:\/\/ski.inmontanis.info\/d\/297339-3\/DSC03196.jpg \/><\/a><br \/>\n^ M\u00f6glicherweise eine der Abfahrten rechts rum. K\u00f6nnten aber vielleicht auch unpr\u00e4pariert sein. K\u00f6nnte also recht interessant sein.<\/p>\n<p><a href='http:\/\/ski.inmontanis.info\/d\/297344-2\/DSC03203.jpg'><img src=http:\/\/ski.inmontanis.info\/d\/297343-3\/DSC03203.jpg \/><\/a><br \/>\n^ Parken an der SL-Bergstation, ruhig und schattig wars auch, da bleib ich mal bis morgen Mittag.<\/p>\n<p><a href='http:\/\/ski.inmontanis.info\/d\/297348-2\/DSC03206.jpg'><img src=http:\/\/ski.inmontanis.info\/d\/297347-3\/DSC03206.jpg \/><\/a><br \/>\n^ Pano von der kleinen Gipfelh\u00fctte<\/p>\n<p><a href='http:\/\/ski.inmontanis.info\/d\/297352-2\/DSC03208.jpg'><img src=http:\/\/ski.inmontanis.info\/d\/297351-3\/DSC03208.jpg \/><\/a><br \/>\n^ Pano von der kleinen Gipfelh\u00fctte<\/p>\n<p>16:30 Uhr &#8230; 25\u00b0 und so gut wie kein Wind.. somit nervig schwitzig heute am Abend :(<\/p>\n<p>17:30 &#8230; 25\u00b0 &#8211; die Minim\u00fccken nerven auch schon wieder.. wobei seit gestern die Dinger auch stechen\/bei\u00dfen<\/p>\n<p>19:00 &#8230; 25\u00b0 immer noch :( Stehe aber im Schatten, also das Thermometer vom Auto m\u00fcsste sich da schon angleichen, wenn&#8217;s m\u00f6glich w\u00e4re.. Ist vielleicht doch sinnvoller, nahe eines Sees zu stehen&#8230;<\/p>\n<p>20:00 .. 24\u00b0 <\/p>\n<p>23:00 .. 19\u00b0 ?? Aber mir kam&#8217;s die letzte Stunde k\u00e4lter vor, war aber auch windiger.<\/p>\n<p>Nachts ein paar Regentropfen und etwas Wind, ging somit heute Nacht temperaturm\u00e4\u00dfig.<\/p>\n<p>Prinzipieller Plan morgen: 300km nach S\u00fcden fahren und dort ein Skigebiet anfahren. Und schon erste Eink\u00e4ufe f\u00fcr die Heimfahrt machen. Ja, so langsam wird die Heimfahrt sp\u00fcrbar &#8211; und man auch nach 6 Monaten dar\u00fcber etwas traurig. Muss mich erst noch daran gew\u00f6hnen, dass ich ja theoretisch gleich nach der Ankunft daheim wieder wegfahren k\u00f6nnte ;)<\/p>\n<p><em>(Fortsetzung folgt wohl erst in ein paar Tagen, wenn ich wieder daheim bin, da ich die n\u00e4chsten Tage vermutlich nicht dazu kommen werde.)<\/em><\/p>\n","protected":false},"excerpt":{"rendered":"<p>29.6.2021<\/p>\n<p>Morgens angenehm k\u00fchle 15\u00b0 und vormittags mal (hoch)neblig. Leider war die Stra\u00dfe an meinem Platz morgens befahrener und lauter als erwartet. Ansonsten verlief die Nacht mal wieder angenehmer.<\/p>\n<p>Auch um 11 Uhr gab es noch (Hoch-) Nebel. Also erst mal noch hier am Rastplatz ins Wirtshaus auf ein g\u00fcnstiges Mittagessen gehen? Hatte ich ja <a href=\"http:\/\/blog.inmontanis.info\/?p=6923\">[&#8230;]<\/a><\/p>\n","protected":false},"author":1,"featured_media":0,"comment_status":"closed","ping_status":"closed","sticky":false,"template":"","format":"standard","meta":{"footnotes":""},"categories":[184,19,663,664],"tags":[],"class_list":["post-6923","post","type-post","status-publish","format-standard","hentry","category-2021-01-skandinavien","category-schwedensweden","category-sunne","category-valfjallet","odd"],"_links":{"self":[{"href":"http:\/\/blog.inmontanis.info\/index.php?rest_route=\/wp\/v2\/posts\/6923","targetHints":{"allow":["GET"]}}],"collection":[{"href":"http:\/\/blog.inmontanis.info\/index.php?rest_route=\/wp\/v2\/posts"}],"about":[{"href":"http:\/\/blog.inmontanis.info\/index.php?rest_route=\/wp\/v2\/types\/post"}],"author":[{"embeddable":true,"href":"http:\/\/blog.inmontanis.info\/index.php?rest_route=\/wp\/v2\/users\/1"}],"replies":[{"embeddable":true,"href":"http:\/\/blog.inmontanis.info\/index.php?rest_route=%2Fwp%2Fv2%2Fcomments&post=6923"}],"version-history":[{"count":4,"href":"http:\/\/blog.inmontanis.info\/index.php?rest_route=\/wp\/v2\/posts\/6923\/revisions"}],"predecessor-version":[{"id":6927,"href":"http:\/\/blog.inmontanis.info\/index.php?rest_route=\/wp\/v2\/posts\/6923\/revisions\/6927"}],"wp:attachment":[{"href":"http:\/\/blog.inmontanis.info\/index.php?rest_route=%2Fwp%2Fv2%2Fmedia&parent=6923"}],"wp:term":[{"taxonomy":"category","embeddable":true,"href":"http:\/\/blog.inmontanis.info\/index.php?rest_route=%2Fwp%2Fv2%2Fcategories&post=6923"},{"taxonomy":"post_tag","embeddable":true,"href":"http:\/\/blog.inmontanis.info\/index.php?rest_route=%2Fwp%2Fv2%2Ftags&post=6923"}],"curies":[{"name":"wp","href":"https:\/\/api.w.org\/{rel}","templated":true}]}}