{"id":6920,"date":"2021-06-28T20:21:19","date_gmt":"2021-06-28T18:21:19","guid":{"rendered":"http:\/\/blog.inmontanis.info\/?p=6920"},"modified":"2023-08-05T12:39:55","modified_gmt":"2023-08-05T10:39:55","slug":"varmullsasen-lsap-lesjofors-28-6-2021","status":"publish","type":"post","link":"http:\/\/blog.inmontanis.info\/?p=6920","title":{"rendered":"V\u00e4rmulls\u00e5sen (LSAP) + Lesj\u00f6fors, 28.6.2021"},"content":{"rendered":"<p><strong>28.6.2021<\/strong><\/p>\n<p>Die Nacht verlief leider schwierig. Wenn um 23 Uhr noch 19\u00b0 drau\u00dfen sind, bekommt man nicht viel K\u00e4lte ins Auto, wenn man auch nicht die Fenster \u00f6ffnen will\/kann. Immerhin kann man durch die Standheizung auch nur das L\u00fcftergebl\u00e4se des Fahrzeugs f\u00fcr eine Stunde einschalten. Das machte ich dann mehrmals. Dummerweise hatte ich auch noch zu viel Gedanken, kurz, viel geschlafen hatte ich nicht.<\/p>\n<p>Morgens (15-17\u00b0) war es netterweise bedeckt, so dass ich den Vormittag am n\u00e4chsten, wenig schattigen Rastplatz verbringen konnte.<\/p>\n<p>Im Laufe des Vormittags kam erstaunlicherweise doch noch eine EMail von Gesundaberget: &#8220;I will have to look this up! Thank you for Writing!&#8221;<\/p>\n<p>Tja.. wird wohl nicht mehr viel finden, wenn die Sessel ja jetzt nicht mehr da sind &#8211; siehe Bericht vom Samstag. Naja, heute und morgen w\u00e4re ich ja noch halbwegs in der N\u00e4he.<\/p>\n<p>2. Antwort, nachdem ich geantwortet hatte, dass ich am Samstag dort war und leider alles weg war: &#8220;I will check that today, if there is any chairs left, i assume not unfortunately&#8221;<\/p>\n<p>Ich sah eine Tafel &#8220;Aussichtsturm&#8221; und fuhr mal rauf. Brachte mich auch zur Bergstation des mittlerweile stillgelegten Skigebietes V\u00e4rmulls\u00e5sen, das mein erstes Ziel heute war. <\/p>\n<p><a href='http:\/\/extra.inmontanis.info\/d\/64997-2\/DSC03032.jpg'><img src=http:\/\/extra.inmontanis.info\/d\/64996-3\/DSC03032.jpg \/><\/a><br \/>\n^ Auffahrt V\u00e4rmulls\u00e5sen<\/p>\n<p><a href='http:\/\/ski.inmontanis.info\/d\/297064-2\/DSC03035.jpg'><img src=http:\/\/ski.inmontanis.info\/d\/297063-3\/DSC03035.jpg \/><\/a><br \/>\n^ Bergstation des linken SL (wie \u00fcblich bergw\u00e4rts betrachtet)<\/p>\n<p><a href='http:\/\/ski.inmontanis.info\/d\/297068-2\/DSC03036.jpg'><img src=http:\/\/ski.inmontanis.info\/d\/297067-3\/DSC03036.jpg \/><\/a><br \/>\n^ Beide SL<\/p>\n<p><a href='http:\/\/ski.inmontanis.info\/d\/297072-2\/DSC03037.jpg'><img src=http:\/\/ski.inmontanis.info\/d\/297071-3\/DSC03037.jpg \/><\/a><br \/>\n^ Beide Bergstationen<\/p>\n<p><a href='http:\/\/ski.inmontanis.info\/d\/297076-2\/DSC03038.jpg'><img src=http:\/\/ski.inmontanis.info\/d\/297075-3\/DSC03038.jpg \/><\/a><br \/>\n^ In Verl\u00e4ngerung wohl die Abfahrt<\/p>\n<p><a href='http:\/\/ski.inmontanis.info\/d\/297080-2\/DSC03041.jpg'><img src=http:\/\/ski.inmontanis.info\/d\/297079-3\/DSC03041.jpg \/><\/a><br \/>\n^ Ausstieg<\/p>\n<p><a href='http:\/\/ski.inmontanis.info\/d\/297084-2\/DSC03043.jpg'><img src=http:\/\/ski.inmontanis.info\/d\/297083-3\/DSC03043.jpg \/><\/a><br \/>\n^ SL-Trasse<\/p>\n<p>Der Aussichtsturm hatte eine relativ offene Wendelteppe, die mich \u00dcberwindung gekostet h\u00e4tte, w\u00e4re sie nicht gar so wackelig schon nach wenigen Stufen gewesen, daher nicht weitergangen. Aussicht war auch so schon ganz nett.<\/p>\n<p><a href='http:\/\/ski.inmontanis.info\/d\/297088-2\/DSC03046.jpg'><img src=http:\/\/ski.inmontanis.info\/d\/297087-3\/DSC03046.jpg \/><\/a><br \/>\n^ Aussichtsturm, bin nur zur ersten Ebene rauf<\/p>\n<p><a href='http:\/\/ski.inmontanis.info\/d\/297092-2\/DSC03050.jpg'><img src=http:\/\/ski.inmontanis.info\/d\/297091-3\/DSC03050.jpg \/><\/a><br \/>\n^ Pano vom Aussichtsturm<\/p>\n<p><a href='http:\/\/ski.inmontanis.info\/d\/297096-2\/DSC03051.jpg'><img src=http:\/\/ski.inmontanis.info\/d\/297095-3\/DSC03051.jpg \/><\/a><br \/>\n^ Pano vom Aussichtsturm<\/p>\n<p><a href='http:\/\/ski.inmontanis.info\/d\/297100-2\/DSC03052.jpg'><img src=http:\/\/ski.inmontanis.info\/d\/297099-3\/DSC03052.jpg \/><\/a><br \/>\n^ Pano vom Aussichtsturm<\/p>\n<p><a href='http:\/\/ski.inmontanis.info\/d\/297104-2\/DSC03053.jpg'><img src=http:\/\/ski.inmontanis.info\/d\/297103-3\/DSC03053.jpg \/><\/a><br \/>\n^ Pano vom Aussichtsturm<\/p>\n<p><a href='http:\/\/ski.inmontanis.info\/d\/297108-2\/DSC03054.jpg'><img src=http:\/\/ski.inmontanis.info\/d\/297107-3\/DSC03054.jpg \/><\/a><br \/>\n^ Parkpl\u00e4tze<\/p>\n<p><a href='http:\/\/ski.inmontanis.info\/d\/297112-2\/DSC03056.jpg'><img src=http:\/\/ski.inmontanis.info\/d\/297111-3\/DSC03056.jpg \/><\/a><br \/>\n^ Aufgang zu den Liften<\/p>\n<p><a href='http:\/\/ski.inmontanis.info\/d\/297116-2\/DSC03058.jpg'><img src=http:\/\/ski.inmontanis.info\/d\/297115-3\/DSC03058.jpg \/><\/a><br \/>\n^ Talstation rechter SL<\/p>\n<p><a href='http:\/\/ski.inmontanis.info\/d\/297120-2\/DSC03061.jpg'><img src=http:\/\/ski.inmontanis.info\/d\/297119-3\/DSC03061.jpg \/><\/a><br \/>\n^ Alte Pistenraupe<\/p>\n<p><a href='http:\/\/ski.inmontanis.info\/d\/297124-2\/DSC03063.jpg'><img src=http:\/\/ski.inmontanis.info\/d\/297123-3\/DSC03063.jpg \/><\/a><br \/>\n^ Geh\u00e4nge<\/p>\n<p><a href='http:\/\/ski.inmontanis.info\/d\/297128-2\/DSC03065.jpg'><img src=http:\/\/ski.inmontanis.info\/d\/297127-3\/DSC03065.jpg \/><\/a><br \/>\n^ Ein \u00dcbungslift befindet sich weiter links. Ganz links am Haus gabs die Skip\u00e4sse<\/p>\n<p><a href='http:\/\/ski.inmontanis.info\/d\/297132-2\/DSC03066.jpg'><img src=http:\/\/ski.inmontanis.info\/d\/297131-3\/DSC03066.jpg \/><\/a><br \/>\n^ Talstationen<\/p>\n<p><a href='http:\/\/ski.inmontanis.info\/d\/297136-2\/DSC03069.jpg'><img src=http:\/\/ski.inmontanis.info\/d\/297135-3\/DSC03069.jpg \/><\/a><br \/>\n^ \u00dcbungslift<\/p>\n<p><a href='http:\/\/ski.inmontanis.info\/d\/297140-2\/DSC03071.jpg'><img src=http:\/\/ski.inmontanis.info\/d\/297139-3\/DSC03071.jpg \/><\/a><br \/>\n^ Wohl Toiletten\/Dusch-Haus vom Campingplatz<\/p>\n<p><a href='http:\/\/ski.inmontanis.info\/d\/297144-2\/DSC03072.jpg'><img src=http:\/\/ski.inmontanis.info\/d\/297143-3\/DSC03072.jpg \/><\/a><br \/>\n^ Wohnwagenstellplatz<\/p>\n<p><a href='http:\/\/ski.inmontanis.info\/d\/297148-2\/DSC03073.jpg'><img src=http:\/\/ski.inmontanis.info\/d\/297147-3\/DSC03073.jpg \/><\/a><br \/>\n^ Die Klimaanlage unten am Haus lief \u00fcbrigens sogar.<\/p>\n<p><a href='http:\/\/ski.inmontanis.info\/d\/297152-2\/DSC03074.jpg'><img src=http:\/\/ski.inmontanis.info\/d\/297151-3\/DSC03074.jpg \/><\/a><br \/>\n^ Evtl. das Restaurant gewesen<\/p>\n<p><a href='http:\/\/ski.inmontanis.info\/d\/297156-2\/DSC03077.jpg'><img src=http:\/\/ski.inmontanis.info\/d\/297155-3\/DSC03077.jpg \/><\/a><br \/>\n^ Pistenplan leider nur der obere Teil. Schaut aber nach vielen Varianten aus<\/p>\n<p>Zweites Ziel war das Skigebiet in Lesj\u00f6fors, ein kurzer Graffer-SL, der erstaunlicherweise noch im relativ originalen Zustand und im Winter noch ge\u00f6ffnet war. W\u00e4r auch ein sch\u00f6ner Parkplatz zum \u00dcbernachten gewesen, inkl. gutem 4G-Empfang, aber leider noch etwas zu fr\u00fch irgendwie&#8230; und der Platz w\u00e4r wohl auch erst sp\u00e4ter, vielleicht ab 16 oder 17 oder 18 uhr schattig&#8230;<\/p>\n<p><a href='http:\/\/ski.inmontanis.info\/d\/297162-2\/DSC03084.jpg'><img src=http:\/\/ski.inmontanis.info\/d\/297160-3\/DSC03084.jpg \/><\/a><br \/>\n^ Das kleinere Skigebiet in Lesj\u00f6fors ist noch in Betrieb<\/p>\n<p><a href='http:\/\/ski.inmontanis.info\/d\/297166-2\/DSC03087.jpg'><img src=http:\/\/ski.inmontanis.info\/d\/297165-3\/DSC03087.jpg \/><\/a><br \/>\n^ Betriebszeiten und Preise, Tageskarte kostet also ca. 12,- \u20ac, Halbtageskarte 7,- \u20ac.<\/p>\n<p><a href='http:\/\/ski.inmontanis.info\/d\/297170-3\/DSC03089.jpg'><img src=http:\/\/ski.inmontanis.info\/d\/297169-4\/DSC03089.jpg \/><\/a><br \/>\n^ Steuerpult mit Graffer-Emblem<\/p>\n<p><a href='http:\/\/ski.inmontanis.info\/d\/297174-3\/DSC03090.jpg'><img src=http:\/\/ski.inmontanis.info\/d\/297173-4\/DSC03090.jpg \/><\/a><br \/>\n^ Auf der kurzen Strecke hat der Lift immerhin 3 Portal-Niederhalter<\/p>\n<p><a href='http:\/\/ski.inmontanis.info\/d\/297178-3\/DSC03091.jpg'><img src=http:\/\/ski.inmontanis.info\/d\/297177-4\/DSC03091.jpg \/><\/a><br \/>\n^ Talstation \/ Pilzantrieb<\/p>\n<p><a href='http:\/\/ski.inmontanis.info\/d\/297182-3\/DSC03092.jpg'><img src=http:\/\/ski.inmontanis.info\/d\/297181-4\/DSC03092.jpg \/><\/a><br \/>\n^ Hier sieht man zumindest mal 3 Abfahrten<\/p>\n<p><a href='http:\/\/ski.inmontanis.info\/d\/297186-3\/DSC03096.jpg'><img src=http:\/\/ski.inmontanis.info\/d\/297185-4\/DSC03096.jpg \/><\/a><br \/>\n^ SL<\/p>\n<p><a href='http:\/\/extra.inmontanis.info\/d\/65001-2\/DSC03097.jpg'><img src=http:\/\/extra.inmontanis.info\/d\/65000-3\/DSC03097.jpg \/><\/a><br \/>\n^ K\u00f6ttbullar mit Kartoffelsalat im Baguette hatte ich noch nicht, also mal probiert. Aber die andere Variante mit dem Rotkraut schmeckt besser.<\/p>\n<p><a href='http:\/\/extra.inmontanis.info\/d\/65005-2\/DSC03098.jpg'><img src=http:\/\/extra.inmontanis.info\/d\/65004-3\/DSC03098.jpg \/><\/a><br \/>\n^ Zur Abwechslung mal wieder einen See oder Fluss fotografiert.<\/p>\n<p><a href='http:\/\/extra.inmontanis.info\/d\/65009-2\/DSC03100.jpg'><img src=http:\/\/extra.inmontanis.info\/d\/65008-3\/DSC03100.jpg \/><\/a><br \/>\n^ Br\u00fccke, die vielleicht fr\u00fcher mal eine Eisenbahnbr\u00fccke war<\/p>\n<p>Ich fuhr noch in Richtung Sunne, blieb aber an einem engen, schattigen Parkplatz nahe der Stra\u00dfe mit tollem See-Blick richtung Norden (somit hoffentlich keine oder wenig Sonneneinstrahlung abends\/nachts\/morgens), stehen. Nur geringer 4G-Empfang, muss reichen. Mittlerweile eh schon 17:30 Uhr gewesen.<\/p>\n<p><a href='http:\/\/extra.inmontanis.info\/d\/65013-2\/DSC03102.jpg'><img src=http:\/\/extra.inmontanis.info\/d\/65012-3\/DSC03102.jpg \/><\/a><br \/>\n^ Mein heutiger Stellplatz f\u00fcr die Nacht<\/p>\n<p>Obwohl ich mich extra quer gestellt hatte und der Parkplatz ja nicht gro\u00df war, stellten sich um 19 Uhr noch irgendwelche Schweden dahinter, rauchten auch noch, so dass ich mein Fenster schlie\u00dfen musste (und stattdessen den Motor und Klimaanlage laufen lie\u00df). Vielleicht sollte ich einfach mehr L\u00e4rm machen. Nach einer Viertelstunde und einer kleinen Badepause der beiden T\u00f6chter(?) waren sie wieder weg. (Nein, das hier ist kein offiziell ausgezeichneter Badeplatz mit Strand, Trocken-WC und Grillstelle, nur eine kleine Bucht neben der Stra\u00dfe.)<\/p>\n<p><a href='http:\/\/extra.inmontanis.info\/d\/65017-2\/DSC03104.jpg'><img src=http:\/\/extra.inmontanis.info\/d\/65016-3\/DSC03104.jpg \/><\/a><br \/>\n^ Das mit der Fusselrolle hab ich auch mal probiert, also im Auto, gegen diese Minim\u00fccken. Aber im Flug und wenn man damit rumwedelt, bleiben die eher nicht kleben.<\/p>\n<p>19:00 Uhr 22\u00b0<\/p>\n<p>22:30 Uhr 19\u00b0 &#8211; gab aber zwischenzeitlich etwas mehr Durchzug und vielleicht durch das nahe Wasser f\u00fchlte es sich auch k\u00fchler an.<\/p>\n<p>Wenig sp\u00e4ter wimmelte es nur so von M\u00fccken aller Art &#8211; nicht so viel bei mir, als eher \u00fcber dem Wasser, wo tausende in chaotisch aussehenden Zick-Zack-Bewegungen knapp \u00fcber dem Wasser schwebten.<\/p>\n<p><a href='http:\/\/extra.inmontanis.info\/d\/65021-2\/DSC03108.jpg'><img src=http:\/\/extra.inmontanis.info\/d\/65020-3\/DSC03108.jpg \/><\/a><br \/>\n^ 22:50 Uhr<\/p>\n","protected":false},"excerpt":{"rendered":"<p>28.6.2021<\/p>\n<p>Die Nacht verlief leider schwierig. Wenn um 23 Uhr noch 19\u00b0 drau\u00dfen sind, bekommt man nicht viel K\u00e4lte ins Auto, wenn man auch nicht die Fenster \u00f6ffnen will\/kann. Immerhin kann man durch die Standheizung auch nur das L\u00fcftergebl\u00e4se des Fahrzeugs f\u00fcr eine Stunde einschalten. Das machte ich dann mehrmals. Dummerweise hatte ich auch noch <a href=\"http:\/\/blog.inmontanis.info\/?p=6920\">[&#8230;]<\/a><\/p>\n","protected":false},"author":1,"featured_media":0,"comment_status":"closed","ping_status":"closed","sticky":false,"template":"","format":"standard","meta":{"footnotes":""},"categories":[184,649,19,650,32],"tags":[91,45,47],"class_list":["post-6920","post","type-post","status-publish","format-standard","hentry","category-2021-01-skandinavien","category-lesjofors","category-schwedensweden","category-varmullsasen","category-lostplaces","tag-graffer","tag-see","tag-sl","odd"],"_links":{"self":[{"href":"http:\/\/blog.inmontanis.info\/index.php?rest_route=\/wp\/v2\/posts\/6920","targetHints":{"allow":["GET"]}}],"collection":[{"href":"http:\/\/blog.inmontanis.info\/index.php?rest_route=\/wp\/v2\/posts"}],"about":[{"href":"http:\/\/blog.inmontanis.info\/index.php?rest_route=\/wp\/v2\/types\/post"}],"author":[{"embeddable":true,"href":"http:\/\/blog.inmontanis.info\/index.php?rest_route=\/wp\/v2\/users\/1"}],"replies":[{"embeddable":true,"href":"http:\/\/blog.inmontanis.info\/index.php?rest_route=%2Fwp%2Fv2%2Fcomments&post=6920"}],"version-history":[{"count":2,"href":"http:\/\/blog.inmontanis.info\/index.php?rest_route=\/wp\/v2\/posts\/6920\/revisions"}],"predecessor-version":[{"id":6922,"href":"http:\/\/blog.inmontanis.info\/index.php?rest_route=\/wp\/v2\/posts\/6920\/revisions\/6922"}],"wp:attachment":[{"href":"http:\/\/blog.inmontanis.info\/index.php?rest_route=%2Fwp%2Fv2%2Fmedia&parent=6920"}],"wp:term":[{"taxonomy":"category","embeddable":true,"href":"http:\/\/blog.inmontanis.info\/index.php?rest_route=%2Fwp%2Fv2%2Fcategories&post=6920"},{"taxonomy":"post_tag","embeddable":true,"href":"http:\/\/blog.inmontanis.info\/index.php?rest_route=%2Fwp%2Fv2%2Ftags&post=6920"}],"curies":[{"name":"wp","href":"https:\/\/api.w.org\/{rel}","templated":true}]}}