{"id":6916,"date":"2021-06-27T18:28:25","date_gmt":"2021-06-27T16:28:25","guid":{"rendered":"http:\/\/blog.inmontanis.info\/?p=6916"},"modified":"2023-08-05T15:58:00","modified_gmt":"2023-08-05T13:58:00","slug":"hovfjallet-ekesberget-27-6-2021","status":"publish","type":"post","link":"http:\/\/blog.inmontanis.info\/?p=6916","title":{"rendered":"Hovfj\u00e4llet + Ekesberget, 27.6.2021"},"content":{"rendered":"<p><strong>27.6.2021<\/strong><\/p>\n<p>Heut fr\u00fch war&#8217;s eher etwas k\u00fchler und regnerischer und ich checkte erst mal am Rastplatz diverse M\u00f6glichkeiten f\u00fcr die Heimfahrt. Der Copenhill, Mattenski auf dem Kraftwerk mit Meerblick in D\u00e4nemark, scheint offen zu haben und lt. Website braucht man keine Covidtests derzeit. Kostet allerdings 20 \u20ac pro Stunde und man muss im Vorhinein eine Zeit buchen. Also evtl. schwierig, einfach hin, wenn man grad Lust und Wetter passend ist. Au\u00dferdem hab ich ja meine Mattenski nicht dabei&#8230; <\/p>\n<p>Was die Stra\u00dfenbahnmuseen und histortischen Stra\u00dfenbahnlinien angeht &#8211; werd ich wohl alles auslassen. Entweder Vorbuchung oder Maskenpflicht (zumindest in DE, aber ja auch in Schweden ist glaub ich Maskenpflicht in \u00f6ffentlichen Verkehrsmitteln) .. jedenfalls das ist mir heuer alles zu bl\u00f6d und sowieso zu warm jetzt im Hochsommer.<\/p>\n<p>Bis Mittag hatte ich dann den Zickzack-Kurs fertig im Navi, so ich alles besuchen wollte.<\/p>\n<p>Hovfj\u00e4llet war das erste Ziel. Im Winter war ich ja schon mal heroben, aber bei -10\u00b0 und Nebel hatte ich damals keine Lust. Schaut schon recht nett aus, muss ich doch mal im Winter besuchen, hoffentlich dann ohne Nebel. Ein kurzer Wanderweg zum Gifel mit tollem 360\u00b0-Pano, so mag ich das :)<\/p>\n<p>Die H\u00fcgellandschaft hier k\u00f6nnte auch am Alpenrand sein.<\/p>\n<p><a href='http:\/\/ski.inmontanis.info\/d\/296998-2\/DSC02983.jpg'><img src=http:\/\/ski.inmontanis.info\/d\/296997-3\/DSC02983.jpg \/><\/a><br \/>\n^ Pistenplan, links bei 3 ist die 3SB; bei 1 ist SSL+Seillift, bei 6+13 die beiden SL, die ich als erstes besucht hab. Den SL bei 10-11 hab ich nur von der Ferne gesehen. Geparkt wird oben bei den H\u00e4usern.<\/p>\n<p><a href='http:\/\/ski.inmontanis.info\/d\/297002-2\/DSC02985.jpg'><img src=http:\/\/ski.inmontanis.info\/d\/297001-3\/DSC02985.jpg \/><\/a><br \/>\n^ Die beiden parallelen SL<\/p>\n<p><a href='http:\/\/ski.inmontanis.info\/d\/297006-2\/DSC02986.jpg'><img src=http:\/\/ski.inmontanis.info\/d\/297005-3\/DSC02986.jpg \/><\/a><br \/>\n^ Die beiden parallelen SL<\/p>\n<p><a href='http:\/\/ski.inmontanis.info\/d\/297010-2\/DSC02987.jpg'><img src=http:\/\/ski.inmontanis.info\/d\/297009-3\/DSC02987.jpg \/><\/a><br \/>\n^ Der Seillift links ist l\u00e4nger als der SSL rechts, beide f\u00fchren zur Bergstation der 3SB<\/p>\n<p><a href='http:\/\/ski.inmontanis.info\/d\/297014-2\/DSC02990.jpg'><img src=http:\/\/ski.inmontanis.info\/d\/297013-3\/DSC02990.jpg \/><\/a><br \/>\n^ SL-Abfahrt<\/p>\n<p><a href='http:\/\/ski.inmontanis.info\/d\/297018-2\/DSC02992.jpg'><img src=http:\/\/ski.inmontanis.info\/d\/297017-3\/DSC02992.jpg \/><\/a><br \/>\n^ Die beiden mehr oder weniger parallelen SL<\/p>\n<p><a href='http:\/\/ski.inmontanis.info\/d\/297022-2\/DSC02997.jpg'><img src=http:\/\/ski.inmontanis.info\/d\/297021-3\/DSC02997.jpg \/><\/a><br \/>\n^ 3SB und Mini-Aussichtsturm<\/p>\n<p><a href='http:\/\/ski.inmontanis.info\/d\/297026-2\/DSC03000.jpg'><img src=http:\/\/ski.inmontanis.info\/d\/297025-3\/DSC03000.jpg \/><\/a><br \/>\n^ Panorama vom Aussichtsturm<\/p>\n<p><a href='http:\/\/ski.inmontanis.info\/d\/297030-2\/DSC03004.jpg'><img src=http:\/\/ski.inmontanis.info\/d\/297029-3\/DSC03004.jpg \/><\/a><br \/>\n^ Panorama vom Aussichtsturm<\/p>\n<p><a href='http:\/\/ski.inmontanis.info\/d\/297034-2\/DSC03005.jpg'><img src=http:\/\/ski.inmontanis.info\/d\/297033-3\/DSC03005.jpg \/><\/a><br \/>\n^ Panorama vom Aussichtsturm<\/p>\n<p><a href='http:\/\/ski.inmontanis.info\/d\/297038-2\/DSC03006.jpg'><img src=http:\/\/ski.inmontanis.info\/d\/297037-3\/DSC03006.jpg \/><\/a><br \/>\n^ Panorama vom Aussichtsturm<\/p>\n<p><a href='http:\/\/ski.inmontanis.info\/d\/297042-2\/DSC03007.jpg'><img src=http:\/\/ski.inmontanis.info\/d\/297041-3\/DSC03007.jpg \/><\/a><br \/>\n^ Panorama vom Aussichtsturm<\/p>\n<p><a href='http:\/\/ski.inmontanis.info\/d\/297046-2\/DSC03008.jpg'><img src=http:\/\/ski.inmontanis.info\/d\/297045-3\/DSC03008.jpg \/><\/a><br \/>\n^ Panorama vom Aussichtsturm<\/p>\n<p><a href='http:\/\/ski.inmontanis.info\/d\/297050-2\/DSC03009.jpg'><img src=http:\/\/ski.inmontanis.info\/d\/297049-3\/DSC03009.jpg \/><\/a><br \/>\n^ Panorama vom Aussichtsturm<\/p>\n<p><a href='http:\/\/ski.inmontanis.info\/d\/297054-2\/DSC03010.jpg'><img src=http:\/\/ski.inmontanis.info\/d\/297053-3\/DSC03010.jpg \/><\/a><br \/>\n^ Bergstation 3SB<\/p>\n<p><a href='http:\/\/extra.inmontanis.info\/d\/64993-2\/DSC03012.jpg'><img src=http:\/\/extra.inmontanis.info\/d\/64992-3\/DSC03012.jpg \/><\/a><br \/>\n^ 1937<\/p>\n<p>Zweites Ziel heute Ekesberget &#8211; ein klassischer Alimak-SL und seltenerweise (endlich) mal mit Herstellerschild bei dieser Bauart.<\/p>\n<p><a href='http:\/\/ski.inmontanis.info\/d\/296958-2\/DSC03013.jpg'><img src=http:\/\/ski.inmontanis.info\/d\/296956-3\/DSC03013.jpg \/><\/a><br \/>\n^ Ekesberget, direkt am Sportplatz<\/p>\n<p><a href='http:\/\/ski.inmontanis.info\/d\/296962-2\/DSC03014.jpg'><img src=http:\/\/ski.inmontanis.info\/d\/296961-3\/DSC03014.jpg \/><\/a><br \/>\n^ Pistenplan<\/p>\n<p><a href='http:\/\/ski.inmontanis.info\/d\/296966-2\/DSC03015.jpg'><img src=http:\/\/ski.inmontanis.info\/d\/296965-3\/DSC03015.jpg \/><\/a><br \/>\n^ SL, nicht sehr lang, aber daf\u00fcr steiler<\/p>\n<p><a href='http:\/\/ski.inmontanis.info\/d\/296970-2\/DSC03016.jpg'><img src=http:\/\/ski.inmontanis.info\/d\/296969-3\/DSC03016.jpg \/><\/a><br \/>\n^ SL-Talstation ausnahmsweise mal mit Alimak-Schild<\/p>\n<p><a href='http:\/\/ski.inmontanis.info\/d\/296974-2\/DSC03018.jpg'><img src=http:\/\/ski.inmontanis.info\/d\/296973-3\/DSC03018.jpg \/><\/a><br \/>\n^ SL-Talstation<\/p>\n<p><a href='http:\/\/ski.inmontanis.info\/d\/296978-2\/DSC03019.jpg'><img src=http:\/\/ski.inmontanis.info\/d\/296977-3\/DSC03019.jpg \/><\/a><br \/>\n^ Wieder die etwas h\u00f6henverstellbare Portalst\u00fctze Nummer 1<\/p>\n<p><a href='http:\/\/ski.inmontanis.info\/d\/296982-2\/DSC03022.jpg'><img src=http:\/\/ski.inmontanis.info\/d\/296981-3\/DSC03022.jpg \/><\/a><br \/>\n^ Liftsteuerung<\/p>\n<p><a href='http:\/\/ski.inmontanis.info\/d\/296986-2\/DSC03023.jpg'><img src=http:\/\/ski.inmontanis.info\/d\/296985-3\/DSC03023.jpg \/><\/a><br \/>\n^ Etwas oberhalb kommt von links dann der zweite Lift, ein Ponylift\/Seillift, rauf<\/p>\n<p><a href='http:\/\/ski.inmontanis.info\/d\/296990-2\/DSC03025.jpg'><img src=http:\/\/ski.inmontanis.info\/d\/296989-3\/DSC03025.jpg \/><\/a><br \/>\n^ .. den Seillift sieht man bei dem hohen Gras aber gar nicht richtig.<\/p>\n<p><a href='http:\/\/ski.inmontanis.info\/d\/296994-2\/DSC03027.jpg'><img src=http:\/\/ski.inmontanis.info\/d\/296993-3\/DSC03027.jpg \/><\/a><br \/>\n^ Seillift<\/p>\n<p>Fenster\u00f6ffnen ist heute fast nirgends beim Stehen m\u00f6glich, \u00fcberall diese nervigen Minim\u00fccken, die auch durchs Fliegennetz fliegen bzw. krabbeln (selbst bei doppelten Lagen) :( <\/p>\n<p>Nachmittags am Lift aber doch halbwegs OK gewesen. Nur mal wieder kein Wind und stattdessen wurde es gegen Abend hin immer sonniger bei inzwischen wieder um die 20\u00b0, innen nat\u00fcrlich wesentlich w\u00e4rmer und, wie sich leider herausstellte, kein schattiger Standplatz hier oberhalb des Lifts gewesen.<\/p>\n<p>Da die Sonne unverzeilich brannte, musste ich um 19 Uhr leider das Weite suchen, war hier nicht mehr auszuhalten.<\/p>\n<p>Obwohl ich jetzt so lang in Schweden war &#8211; oder vielleicht auch deshalb, f\u00e4llt es mir ja schon schwer, Schweden bald zu verlassen, auf einige lieb gewordene Dinge zu verzichten, wie z.B die Nuss-Stationen zum Selbstmischen in den Superm\u00e4rkten, insb. meine Lieblingssorten wie z.B. Cashes Sourcream &#038; Onion, Cashews Parmesan, Cashews Cheese, Mandeln ger\u00e4uchert, Mandeln BBQ, Zimtschokomandeln, Erdnuss-Schokohaufen, Pistazien, Honig-Nussmischung, Schokonusmisschung, Paran\u00fcsse,  &#8230;<\/p>\n","protected":false},"excerpt":{"rendered":"<p>27.6.2021<\/p>\n<p>Heut fr\u00fch war&#8217;s eher etwas k\u00fchler und regnerischer und ich checkte erst mal am Rastplatz diverse M\u00f6glichkeiten f\u00fcr die Heimfahrt. Der Copenhill, Mattenski auf dem Kraftwerk mit Meerblick in D\u00e4nemark, scheint offen zu haben und lt. Website braucht man keine Covidtests derzeit. Kostet allerdings 20 \u20ac pro Stunde und man muss im Vorhinein eine <a href=\"http:\/\/blog.inmontanis.info\/?p=6916\">[&#8230;]<\/a><\/p>\n","protected":false},"author":1,"featured_media":0,"comment_status":"closed","ping_status":"closed","sticky":false,"template":"","format":"standard","meta":{"footnotes":""},"categories":[184,768,662,19],"tags":[55,47],"class_list":["post-6916","post","type-post","status-publish","format-standard","hentry","category-2021-01-skandinavien","category-ekesberget","category-hovfjallet","category-schwedensweden","tag-3sb","tag-sl","odd"],"_links":{"self":[{"href":"http:\/\/blog.inmontanis.info\/index.php?rest_route=\/wp\/v2\/posts\/6916","targetHints":{"allow":["GET"]}}],"collection":[{"href":"http:\/\/blog.inmontanis.info\/index.php?rest_route=\/wp\/v2\/posts"}],"about":[{"href":"http:\/\/blog.inmontanis.info\/index.php?rest_route=\/wp\/v2\/types\/post"}],"author":[{"embeddable":true,"href":"http:\/\/blog.inmontanis.info\/index.php?rest_route=\/wp\/v2\/users\/1"}],"replies":[{"embeddable":true,"href":"http:\/\/blog.inmontanis.info\/index.php?rest_route=%2Fwp%2Fv2%2Fcomments&post=6916"}],"version-history":[{"count":3,"href":"http:\/\/blog.inmontanis.info\/index.php?rest_route=\/wp\/v2\/posts\/6916\/revisions"}],"predecessor-version":[{"id":6919,"href":"http:\/\/blog.inmontanis.info\/index.php?rest_route=\/wp\/v2\/posts\/6916\/revisions\/6919"}],"wp:attachment":[{"href":"http:\/\/blog.inmontanis.info\/index.php?rest_route=%2Fwp%2Fv2%2Fmedia&parent=6916"}],"wp:term":[{"taxonomy":"category","embeddable":true,"href":"http:\/\/blog.inmontanis.info\/index.php?rest_route=%2Fwp%2Fv2%2Fcategories&post=6916"},{"taxonomy":"post_tag","embeddable":true,"href":"http:\/\/blog.inmontanis.info\/index.php?rest_route=%2Fwp%2Fv2%2Ftags&post=6916"}],"curies":[{"name":"wp","href":"https:\/\/api.w.org\/{rel}","templated":true}]}}