{"id":6913,"date":"2021-06-26T18:44:40","date_gmt":"2021-06-26T16:44:40","guid":{"rendered":"http:\/\/blog.inmontanis.info\/?p=6913"},"modified":"2023-08-05T16:00:23","modified_gmt":"2023-08-05T14:00:23","slug":"gopshusbacken-gesundaberget-granberget-hunflen-lsap-26-6-2021","status":"publish","type":"post","link":"http:\/\/blog.inmontanis.info\/?p=6913","title":{"rendered":"Gopshusbacken \/ Gesundaberget \/ Granberget \/ Hunflen (LSAP), 26.6.2021"},"content":{"rendered":"<p><strong>26.6.2021<\/strong><\/p>\n<p>Auf dem Weg nach Mora\/Gesunda lag noch der Gopshusbacken, den ich kurz fotografieren wollte. Das Skigebiet war mir vor der Reise noch nicht bekannt und hatte ich schildm\u00e4\u00dfig erst im Vorbeifahren entdeckt, aber nicht vorbeifahren wollen.<\/p>\n<p>Verglichen mit W\u00e4sabergen ist Gopshus zwar vmtl. langweiliger, aber doch interersssanter, als bef\u00fcrchtet. Ein Kurven-SL, der nicht so kurz ist und auch einige etwas steilere Abschnitte hat. Auch wenn die steilsten H\u00e4nge im Wald und nicht als Abfahrt ausgeholzt sind.<\/p>\n<p><a href='http:\/\/extra.inmontanis.info\/d\/64973-2\/DSC02881.jpg'><img src=http:\/\/extra.inmontanis.info\/d\/64972-3\/DSC02881.jpg \/><\/a><br \/>\n^ Diese kombinierte Zug-Auto-Br\u00fccke bin ich ja vor einigen Wochen schon einmal bei Schnee gefahren.<\/p>\n<p><a href='http:\/\/extra.inmontanis.info\/d\/64977-2\/DSC02883.jpg'><img src=http:\/\/extra.inmontanis.info\/d\/64976-3\/DSC02883.jpg \/><\/a><br \/>\n^ Kombinierte Zug-Auto-Br\u00fccke<\/p>\n<p><a href='http:\/\/ski.inmontanis.info\/d\/296800-2\/DSC02886.jpg'><img src=http:\/\/ski.inmontanis.info\/d\/296798-3\/DSC02886.jpg \/><\/a><br \/>\n^ Skigebiet Gopshusbacken n\u00e4he W\u00e4sabergen, aber (im Winter) noch ge\u00f6ffnet<\/p>\n<p><a href='http:\/\/ski.inmontanis.info\/d\/296804-2\/DSC02887.jpg'><img src=http:\/\/ski.inmontanis.info\/d\/296803-3\/DSC02887.jpg \/><\/a><br \/>\n^ Seillift<\/p>\n<p><a href='http:\/\/ski.inmontanis.info\/d\/296808-2\/DSC02890.jpg'><img src=http:\/\/ski.inmontanis.info\/d\/296807-3\/DSC02890.jpg \/><\/a><br \/>\n^ \u00d6ffnungszeiten und Skipasspreise<\/p>\n<p><a href='http:\/\/ski.inmontanis.info\/d\/296812-2\/DSC02891.jpg'><img src=http:\/\/ski.inmontanis.info\/d\/296811-3\/DSC02891.jpg \/><\/a><br \/>\n^ SL-Talstation<\/p>\n<p><a href='http:\/\/ski.inmontanis.info\/d\/296816-2\/DSC02892.jpg'><img src=http:\/\/ski.inmontanis.info\/d\/296815-3\/DSC02892.jpg \/><\/a><br \/>\n^ .. ist ein Kurven-SL<\/p>\n<p><a href='http:\/\/ski.inmontanis.info\/d\/296820-2\/DSC02894.jpg'><img src=http:\/\/ski.inmontanis.info\/d\/296819-3\/DSC02894.jpg \/><\/a><br \/>\n^ Abfahrten<\/p>\n<p>Danach die gro\u00dfe Frage &#8211; Gesundaberget oder nicht, wegen Sessel fragen oder nicht ..<\/p>\n<p>Wobei jetzt auf deren Homepage nicht mehr da steht, dass ab heute ge\u00f6ffnet w\u00e4re, sondern dass wegen Renovierung diesen Sommer der Bikepark geschlossen ist. Ok, dann erst recht hinfahren und checken, ob der Lift evtl. abgebaut wird, dann k\u00f6nnte man ja vielleicht noch leichter eine Sesselh\u00e4lfte abstauben. Solang sie nicht schon alle weg sind. <\/p>\n<p>Am Gesundaberget angelangt, war es sehr voll, einerseits war das &#8220;Tomteland&#8221; (Freizeitpark) wieder offen, andererseits waren auch viel Wanderer und Radfahrer unterwegs. Sessellift fuhr aber nicht.<\/p>\n<p>Pech sogar auf ganzer Linie: auch die ganzen DSB-Sessel, die ich im April auf dem &#8220;Schrottplatz&#8221; noch fotografiert hab, waren weg :-(( Somit w\u00fcrde ich hier also keinen Einzelsitz mitnehmen k\u00f6nnen. Vielleicht h\u00e4tt ich doch gleich im April fragen sollen? Aber mit dem Teil die ganze Zeit rumfahren, w\u00e4r platzm\u00e4\u00dfig halt auch schwierig gewesen.<\/p>\n<p>Auch in der alten ESL-Talstation war nichts mehr liftm\u00e4\u00dfiges zu sehen, soweit ich durch das Fenster blicken konnte.<\/p>\n<p><a href='http:\/\/extra.inmontanis.info\/d\/64981-2\/DSC02899.jpg'><img src=http:\/\/extra.inmontanis.info\/d\/64980-3\/DSC02899.jpg \/><\/a><br \/>\n^ Siljan (See) und Gesundaberget<\/p>\n<p><a href='http:\/\/ski.inmontanis.info\/d\/296824-2\/DSC02900.jpg'><img src=http:\/\/ski.inmontanis.info\/d\/296823-3\/DSC02900.jpg \/><\/a><br \/>\n^ Talstationen<\/p>\n<p><a href='http:\/\/ski.inmontanis.info\/d\/296828-2\/DSC02902.jpg'><img src=http:\/\/ski.inmontanis.info\/d\/296827-3\/DSC02902.jpg \/><\/a><br \/>\n^ Der ganze M\u00fcll ist weg &#8211; samt den vielen Sesseln :(<\/p>\n<p><a href='http:\/\/ski.inmontanis.info\/d\/296832-3\/DSC02906.jpg'><img src=http:\/\/ski.inmontanis.info\/d\/296831-4\/DSC02906.jpg \/><\/a><br \/>\n^ Kommandoraum, links die Plakette zeigt 2022<\/p>\n<p><a href='http:\/\/ski.inmontanis.info\/d\/296836-3\/DSC02907.jpg'><img src=http:\/\/ski.inmontanis.info\/d\/296835-4\/DSC02907.jpg \/><\/a><br \/>\n^ Graffer-DSB<\/p>\n<p><a href='http:\/\/ski.inmontanis.info\/d\/296840-3\/DSC02908.jpg'><img src=http:\/\/ski.inmontanis.info\/d\/296839-4\/DSC02908.jpg \/><\/a><br \/>\n^ Graffer-DSB<\/p>\n<p><a href='http:\/\/ski.inmontanis.info\/d\/296844-3\/DSC02909.jpg'><img src=http:\/\/ski.inmontanis.info\/d\/296843-4\/DSC02909.jpg \/><\/a><br \/>\n^ Graffer-DSB und See.<\/p>\n<p><a href='http:\/\/ski.inmontanis.info\/d\/296848-3\/DSC02910.jpg'><img src=http:\/\/ski.inmontanis.info\/d\/296847-4\/DSC02910.jpg \/><\/a><br \/>\n^ Talstationen<\/p>\n<p>So, wohin als n\u00e4chstes? Langsam s\u00fcdlich und hier und da ein Skigebiet mitnehmen, as usual, dann wohl..<\/p>\n<p>K\u00fcrzeste\/schnellste Strecke 727km, aber ich vermute, die hatte ich erst letzes Jahr im Mai als R\u00fcckweg? H\u00f6rt sich heuer jedenfalls nach 3-5 Reisetagen an ;)<\/p>\n<p>Ich w\u00e4r ja eigentlich auch noch nie so wirklich an der Ostk\u00fcste hier und s\u00fcdlicher gewesen, also Bereich Stockholm und s\u00fcdlicher usw. Aber ich f\u00fcrchte, das wird mir heuer alles zu warm, da gro\u00dfartig viel rumzufahren. Argument w\u00e4ren h\u00f6chstens die St\u00e4dte mit alten Stra\u00dfenbahnen. Aber die kann ich auch ein anderes Mal sch\u00f6ner auf einer Sp\u00e4tsommer\/Herbstreise ohne irgendwelche Coronabeschr\u00e4nkungen besuchen.<\/p>\n<p>Mit wenig Umweg w\u00fcrde ich gleich mal am Skigebiet Granberget vorbeikommen. Bitte sehr:<\/p>\n<p><a href='http:\/\/ski.inmontanis.info\/d\/296854-2\/DSC02913.jpg'><img src=http:\/\/ski.inmontanis.info\/d\/296852-3\/DSC02913.jpg \/><\/a><br \/>\n^ Skgebiet Granberget etwas \u00f6stlich von Gesundaberget<\/p>\n<p><a href='http:\/\/ski.inmontanis.info\/d\/296858-2\/DSC02915.jpg'><img src=http:\/\/ski.inmontanis.info\/d\/296857-3\/DSC02915.jpg \/><\/a><br \/>\n^ Schaut eher leicht aus<\/p>\n<p><a href='http:\/\/ski.inmontanis.info\/d\/296862-2\/DSC02916.jpg'><img src=http:\/\/ski.inmontanis.info\/d\/296861-3\/DSC02916.jpg \/><\/a><br \/>\n^ Pistenplan<\/p>\n<p>Nachmittags essen an der OKQ8-Tankstelle, ich bestellte 1x H\u00fchnchenspie\u00df, 1x Wurst und 1x Pommes. Bezahlte dann 2x H\u00fchnchenspie\u00df und 1x Pommes um ca. 4,50 \u20ac und bekam 2x H\u00fchnchenspie\u00df, 1x Wurst und 1x Pommes, was aber auch auf Nachfrage ok ging :)<\/p>\n<p>Leider waren die Spie\u00dfe sehr scharf mariniert und die BBQ-sauce auch wieder recht scharf. Gibt in Schweden wohl nur scharfe BBQ-Saucen?! Schade.<\/p>\n<p><a href='http:\/\/extra.inmontanis.info\/d\/64985-2\/DSC02924.jpg'><img src=http:\/\/extra.inmontanis.info\/d\/64984-3\/DSC02924.jpg \/><\/a><br \/>\n^ Nachmittagsmahlzeit<\/p>\n<p>Letztes Ziel f\u00fcr heute: Das Skigebiet Hunflen bei \u00c4ppelbo. Da hatte ich letztes Jahr noch einen falschen POI im Navi, daher nicht gefunden (und keine Zeit f\u00fcr weitere Suchungen gehabt). Ist, wie schon erwartet, ein Graffer. Sogar noch mit Pilz-Talstation. M\u00fcsste aber schon ein paar Jahre au\u00dfer Betrieb sein, leider.<\/p>\n<p><a href='http:\/\/extra.inmontanis.info\/d\/64989-2\/DSC02927.jpg'><img src=http:\/\/extra.inmontanis.info\/d\/64988-3\/DSC02927.jpg \/><\/a><br \/>\n^ Fahrt zum Skigebiet Hunflen bei \u00c4ppelbo<\/p>\n<p><a href='http:\/\/ski.inmontanis.info\/d\/296868-2\/DSC02928.jpg'><img src=http:\/\/ski.inmontanis.info\/d\/296866-3\/DSC02928.jpg \/><\/a><br \/>\n^ Parkplatz und vmtl. auch Wohnwagenstellplatz Skigebiet Hunflen<\/p>\n<p><a href='http:\/\/ski.inmontanis.info\/d\/296872-3\/DSC02930.jpg'><img src=http:\/\/ski.inmontanis.info\/d\/296871-3\/DSC02930.jpg \/><\/a><br \/>\n^ Graffer Pilz-Talstation<\/p>\n<p><a href='http:\/\/ski.inmontanis.info\/d\/296876-3\/DSC02935.jpg'><img src=http:\/\/ski.inmontanis.info\/d\/296875-3\/DSC02935.jpg \/><\/a><br \/>\n^ Strecke<\/p>\n<p><a href='http:\/\/ski.inmontanis.info\/d\/296880-2\/DSC02934.jpg'><img src=http:\/\/ski.inmontanis.info\/d\/296879-3\/DSC02934.jpg \/><\/a><br \/>\n^ Graffer Pilz-Talstation<\/p>\n<p><a href='http:\/\/ski.inmontanis.info\/d\/296884-2\/DSC02936.jpg'><img src=http:\/\/ski.inmontanis.info\/d\/296883-3\/DSC02936.jpg \/><\/a><br \/>\n^ Talstation<\/p>\n<p><a href='http:\/\/ski.inmontanis.info\/d\/296888-2\/DSC02937.jpg'><img src=http:\/\/ski.inmontanis.info\/d\/296887-3\/DSC02937.jpg \/><\/a><br \/>\n^ Abfahrten, die rechten sind schon ziemlich zugewachsen, sofern das fr\u00fcher mal welche waren<\/p>\n<p><a href='http:\/\/ski.inmontanis.info\/d\/296892-2\/DSC02939.jpg'><img src=http:\/\/ski.inmontanis.info\/d\/296891-3\/DSC02939.jpg \/><\/a><br \/>\n^ Technik<\/p>\n<p><a href='http:\/\/ski.inmontanis.info\/d\/296896-2\/DSC02940.jpg'><img src=http:\/\/ski.inmontanis.info\/d\/296895-3\/DSC02940.jpg \/><\/a><br \/>\n^ <\/p>\n<p><a href='http:\/\/ski.inmontanis.info\/d\/296900-2\/DSC02941.jpg'><img src=http:\/\/ski.inmontanis.info\/d\/296899-3\/DSC02941.jpg \/><\/a><br \/>\n^ Sogar Sauna und Duschen gabs hier. Wohl f\u00fcr die Wohnwagenstellpl\u00e4tze<\/p>\n<p><a href='http:\/\/ski.inmontanis.info\/d\/296904-2\/DSC02942.jpg'><img src=http:\/\/ski.inmontanis.info\/d\/296903-3\/DSC02942.jpg \/><\/a><br \/>\n^ Direkt dahinter ist ein Lichtmast. Entweder versteckt sich da eine Loipe, oder es gab mal noch eine Abfahrt auf dieser Seite &#8211; evtl. sogar noch mit einem weiteren (Seil-) Lift?!<\/p>\n<p>Hier am Parkplatz \u00fcbernachten? Naja, an der Einfahrt zum Parkplatz war eine Schranke. Zwar ge\u00f6ffnet, aber man wei\u00df ja nie, ob das von jemand Unbefugten ge\u00f6ffnet wurde oder versehentlich nicht geschlosen wurde (somit man eigentlich auch unbefugt reingefahren ist) oder ob man erlaubt reinfahren konnte. Und ob es \u00fcber Nacht nicht von irgendwem verschlossen wird&#8230;<\/p>\n<p>Bei der Ausfahrt sah ich neben einem offenen Vorh\u00e4ngeschloss an der Schranke, zuf\u00e4llig ein Schild &#8220;Toppstuga 4&#8221;; also gibt&#8217;s eine Stra\u00dfe, die zur Bergstation f\u00fchrt, wieder einmal, cool. Manchmal muss man Schweden einfach lieben :)<\/p>\n<p>Allerdings etwas Regen und Gewitter gerade und auch in der Nacht gemeldet. Somit kein passendes Wetter, um \u00fcber Nacht oben stehen zu bleiben? Man will ja am n\u00e4chsten Morgen wieder runterkommen&#8230; Musste noch einige Zeit abwarten, bis der Regen eine Pause einlegte, bevor ich fotografieren konnte.<\/p>\n<p><a href='http:\/\/ski.inmontanis.info\/d\/296908-2\/DSC02952.jpg'><img src=http:\/\/ski.inmontanis.info\/d\/296907-3\/DSC02952.jpg \/><\/a><br \/>\n^ Auffahrt zur Bergstation<\/p>\n<p><a href='http:\/\/ski.inmontanis.info\/d\/296912-2\/DSC02957.jpg'><img src=http:\/\/ski.inmontanis.info\/d\/296911-3\/DSC02957.jpg \/><\/a><br \/>\n^ Gipfelh\u00fctte<\/p>\n<p><a href='http:\/\/ski.inmontanis.info\/d\/296916-2\/DSC02958.jpg'><img src=http:\/\/ski.inmontanis.info\/d\/296915-3\/DSC02958.jpg \/><\/a><br \/>\n^ SL-Bergstation<\/p>\n<p><a href='http:\/\/ski.inmontanis.info\/d\/296920-2\/DSC02959.jpg'><img src=http:\/\/ski.inmontanis.info\/d\/296919-3\/DSC02959.jpg \/><\/a><br \/>\n^ SL-Bergstation. Keine so monstr\u00f6se Beton-Station wie im nahen Byr\u00e5sen<\/p>\n<p><a href='http:\/\/ski.inmontanis.info\/d\/296924-2\/DSC02960.jpg'><img src=http:\/\/ski.inmontanis.info\/d\/296923-3\/DSC02960.jpg \/><\/a><br \/>\n^ Ausstieg<\/p>\n<p><a href='http:\/\/ski.inmontanis.info\/d\/296928-2\/DSC02961.jpg'><img src=http:\/\/ski.inmontanis.info\/d\/296927-3\/DSC02961.jpg \/><\/a><br \/>\n^ Abfahrten, hier 2<\/p>\n<p><a href='http:\/\/ski.inmontanis.info\/d\/296932-2\/DSC02965.jpg'><img src=http:\/\/ski.inmontanis.info\/d\/296931-3\/DSC02965.jpg \/><\/a><br \/>\n^ Und hier nochmal eine Teilung, also mal zumindest 3 Abfahrten<\/p>\n<p><a href='http:\/\/ski.inmontanis.info\/d\/296936-2\/DSC02966.jpg'><img src=http:\/\/ski.inmontanis.info\/d\/296935-3\/DSC02966.jpg \/><\/a><br \/>\n^ Gipfel<\/p>\n<p><a href='http:\/\/ski.inmontanis.info\/d\/296940-2\/DSC02967.jpg'><img src=http:\/\/ski.inmontanis.info\/d\/296939-3\/DSC02967.jpg \/><\/a><br \/>\n^ Graffer SL-St\u00fctze<\/p>\n<p><a href='http:\/\/ski.inmontanis.info\/d\/296944-2\/DSC02969.jpg'><img src=http:\/\/ski.inmontanis.info\/d\/296943-3\/DSC02969.jpg \/><\/a><br \/>\n^ SL-Trasse<\/p>\n<p><a href='http:\/\/ski.inmontanis.info\/d\/296948-2\/DSC02973.jpg'><img src=http:\/\/ski.inmontanis.info\/d\/296947-3\/DSC02973.jpg \/><\/a><br \/>\n^ Pano von hinter der H\u00fctte<\/p>\n<p><a href='http:\/\/ski.inmontanis.info\/d\/296952-2\/DSC02976.jpg'><img src=http:\/\/ski.inmontanis.info\/d\/296951-3\/DSC02976.jpg \/><\/a><br \/>\n^ Stra\u00dfe hinauf zum Gipfel wieder talw\u00e4rts gefahren<\/p>\n<p>Bin sp\u00e4ter aber doch noch auf den Berg bei dem anderen Graffer-SL (Byrasen) gefahren, wo ich im April schon mal \u00fcbernachtet hatte &#8211; in der Hoffnung, da w\u00fcrde es nachts etwas k\u00fchler werden bzw. ein k\u00fchlerer Wind wehen &#8230; Leider war der Platz doch nicht so schattig wie in Erinnerung, aber viel Sonne schien ja heut Abend nicht mehr (22\u00b0 um 19:30 Uhr, w\u00e4rmste Temperatur heute Nachmittag waren 23\u00b0).<\/p>\n<p>Abends leider immer wieder etwas Regen, so dass man nicht durchgehend das Fenster offen lassen konnte. Und nach dem Regen leider sehr viele Minim\u00fccken, also auch keine offenen Fenster (trotz M\u00fcckennetz). Hab mit dem Skistecken das Kupplungspedal runtergedr\u00fcckt, um den Motor zu starten, damit ich die Klimaanlage bissl laufen lassen kann :) Nat\u00fcrlich nicht durchgehend. Aber mal f\u00fcr 5-10 Minuten und nochmal vor dem Schlafengehen.<\/p>\n","protected":false},"excerpt":{"rendered":"<p>26.6.2021<\/p>\n<p>Auf dem Weg nach Mora\/Gesunda lag noch der Gopshusbacken, den ich kurz fotografieren wollte. Das Skigebiet war mir vor der Reise noch nicht bekannt und hatte ich schildm\u00e4\u00dfig erst im Vorbeifahren entdeckt, aber nicht vorbeifahren wollen.<\/p>\n<p>Verglichen mit W\u00e4sabergen ist Gopshus zwar vmtl. langweiliger, aber doch interersssanter, als bef\u00fcrchtet. Ein Kurven-SL, der nicht so <a href=\"http:\/\/blog.inmontanis.info\/?p=6913\">[&#8230;]<\/a><\/p>\n","protected":false},"author":1,"featured_media":0,"comment_status":"closed","ping_status":"closed","sticky":false,"template":"","format":"standard","meta":{"footnotes":""},"categories":[184,674,672,771,772,19],"tags":[91,45,47],"class_list":["post-6913","post","type-post","status-publish","format-standard","hentry","category-2021-01-skandinavien","category-gesundaberget","category-gopshusbacken","category-granberget","category-hunflen-appelbo","category-schwedensweden","tag-graffer","tag-see","tag-sl","odd"],"_links":{"self":[{"href":"http:\/\/blog.inmontanis.info\/index.php?rest_route=\/wp\/v2\/posts\/6913","targetHints":{"allow":["GET"]}}],"collection":[{"href":"http:\/\/blog.inmontanis.info\/index.php?rest_route=\/wp\/v2\/posts"}],"about":[{"href":"http:\/\/blog.inmontanis.info\/index.php?rest_route=\/wp\/v2\/types\/post"}],"author":[{"embeddable":true,"href":"http:\/\/blog.inmontanis.info\/index.php?rest_route=\/wp\/v2\/users\/1"}],"replies":[{"embeddable":true,"href":"http:\/\/blog.inmontanis.info\/index.php?rest_route=%2Fwp%2Fv2%2Fcomments&post=6913"}],"version-history":[{"count":2,"href":"http:\/\/blog.inmontanis.info\/index.php?rest_route=\/wp\/v2\/posts\/6913\/revisions"}],"predecessor-version":[{"id":6915,"href":"http:\/\/blog.inmontanis.info\/index.php?rest_route=\/wp\/v2\/posts\/6913\/revisions\/6915"}],"wp:attachment":[{"href":"http:\/\/blog.inmontanis.info\/index.php?rest_route=%2Fwp%2Fv2%2Fmedia&parent=6913"}],"wp:term":[{"taxonomy":"category","embeddable":true,"href":"http:\/\/blog.inmontanis.info\/index.php?rest_route=%2Fwp%2Fv2%2Fcategories&post=6913"},{"taxonomy":"post_tag","embeddable":true,"href":"http:\/\/blog.inmontanis.info\/index.php?rest_route=%2Fwp%2Fv2%2Ftags&post=6913"}],"curies":[{"name":"wp","href":"https:\/\/api.w.org\/{rel}","templated":true}]}}