{"id":6909,"date":"2021-06-25T18:31:44","date_gmt":"2021-06-25T16:31:44","guid":{"rendered":"http:\/\/blog.inmontanis.info\/?p=6909"},"modified":"2023-08-05T13:07:43","modified_gmt":"2023-08-05T11:07:43","slug":"feuerwachturm-wasabergen-lsap-25-6-2021","status":"publish","type":"post","link":"http:\/\/blog.inmontanis.info\/?p=6909","title":{"rendered":"Feuerwachturm &#038; W\u00e4sabergen (LSAP), 25.6.2021"},"content":{"rendered":"<p><strong>25.6.2021<\/strong><\/p>\n<p>Gestern hab ich mich aufgrund der nahen R\u00fcckreise mal wieder mit diesem bescheuerten Corona-Thema besch\u00e4ftigt.<\/p>\n<p>Unglaublich. Also mal abgesehen davon, dass der Inzidenzwert mittlerweile auch in Schweden wieder sehr weit unten ist, so dass selbst Schweden nun als &#8220;gr\u00fcnes&#8221; Land gef\u00fchrt wird &#8211; ohne den meisten dieser bescheuerten Regeln wie in anderen L\u00e4ndern &#8211; muss man selbst in Deutschland und \u00d6sterreich bei den 7-Tages-Inzidenzen von um oder unter 10 IMMER NOCH MASKE TRAGEN. Und es muss sogar eine medizinische oder FFP2 &#8211; Maske sein. Es reicht (f\u00fcr z.B. Einzelhandel) noch nicht mal ein x-beliebiger Mund-Nasen-Schutz, wie es vor einem halben Jahr oder Jahr bei h\u00f6heren (?) Werten noch gereicht hat!<\/p>\n<p>Dann liest man was von &#8220;Lockerungen&#8221; und &#8220;Maskenpflicht&#8221; und als Untertitel &#8220;Maskenpflicht im Freien soll demn\u00e4chst fallen&#8221;. WTF? In Deutschland gab es sogar Maskenpflicht im Freien?? Vielleicht sollte man sich einfach eine Plastikt\u00fcte \u00fcberst\u00fclpen, wenn man ins Gesch\u00e4ft geht. Da  kommen dann sicherlich noch weniger Viren raus. <\/p>\n<p>Was waren die letzten 6 Monate sch\u00f6n hier in Schweden. Diese &#8220;alte&#8221; Normalit\u00e4t als priviligiert betrachten zu m\u00fcssen, dass ich die letzten 6 Monate hier verbringen durfte, ist eigentlich schon pervers.<\/p>\n<p>Einreise in AT weiterhin entweder Test bei Einreise oder Test nach Einreise (plus digitale Vorab-Anmeldung). Bei Test nach Einreise muss man jetzt eine FFP2-Maske mitnehmen und tragen. Im M\u00e4rz 2020 hat man noch irgendeine Maske in der Teststra\u00dfe bekommen, wenn ich mich recht erinnere .. <\/p>\n<p>Aber evtl. \u00e4ndert sich mit 1.7. ja noch was in \u00d6sterreich. Auch in D\u00e4nemark k\u00f6nnte sich bereits ab morgen, 26.6., was \u00e4ndern und kein Test mehr n\u00f6tig sein (der bisher auch f\u00fcr Durchreise n\u00f6tig war), da auch \u00d6sterreich und Schweden als Gr\u00fcn gelten. F\u00fcr D\u00e4nemark scheint da n\u00e4mlich der Wohnort ausschlaggebend zu sein, selbst wenn man auf R\u00fcckreise ist?! Wie \u00fcblich, laufend \u00e4ndert sich da was. Aber wenigstens mal zum Guten. Sollte man dann also ausn\u00fctzen, so lang die L\u00e4nder als Gr\u00fcn gef\u00fchrt werden, zur\u00fcck zu reisen ..<\/p>\n<p>Ja, wie mich das Thema schon wieder ankotzt. Mannmannmann. <\/p>\n<p>Wobei man ja seit etlichen Monaten auch f\u00fcr die Einreise nach Schweden einen negativen Test braucht. Anscheinend aber nicht mehr, wenn man \u00fcber skandinavische L\u00e4nder reist, also wenn man von Deutschland \u00fcber D\u00e4nemark f\u00e4hrt, braucht man ggf. keinen Test, selbst wenn man nur durchf\u00e4hrt?! Wobei ja die Regierung in Schweden nun ziemlich gest\u00fcrzt wurde und eine Neuwahl ansteht &#8211; kann also sein, dass die Ma\u00dfnahmen auch in Schweden n\u00e4chsten Winter strenger werden :( <\/p>\n<p>Tja, was hei\u00dft das nun f\u00fcr mich .. Test in Schweden vor einer F\u00e4hr\u00fcberfahrt machen? Und was, wenn man f\u00e4lschlicherweise &#8220;positiv&#8221; getestet wird? F\u00e4hren sind normalerweise g\u00fcnstiger, wenn man sie vorher bucht ..<\/p>\n<p>Transit\/Durchreise durch Deutschland geht wohl testfrei. <\/p>\n<p>Interessantes auch aus Norwegen, ab 5.7. wollen die wohl ihre Rot-Gr\u00fcn-Einteilung etwas lockern und auf EU-Format umstellen und aus gr\u00fcnen L\u00e4ndern darf man dann wohl auch als Tourist ohne Quarant\u00e4ne(hotel), aber mit Test, einreisen. Gut m\u00f6glich, dass Schweden (dzt. 69 \/ 14 Tage-Inzidenz) bis dahin auch gr\u00fcn w\u00e4re &#8230; Allerdings gilt f\u00fcr Norwegen zumindest bisher Schweden nicht als Ganzes, sondern die jeweiligen Regionen. Dh. ich m\u00fcsste mich dann 10 Tage in den richtigen Regionen aufgehalten haben und das belegen k\u00f6nnen, falls ich nach Norwegen m\u00f6chte. Ob das bis 5.7. also klappen w\u00fcrde, ist fraglich&#8230; und naja, glaub ich will jetzt erst mal heim, vielleicht fahr ich im Herbst dann mal noch nach Norwegen.<\/p>\n<p>&#8212;<\/p>\n<p>Heute war es mit 25\u00b0 wieder sehr warm, wenigstens aber viele Wolken. Angedacht war heute ein Besuch am ehemaligen Skigebiet W\u00e4sabergen, wo ich im Winter ja wegen des Schnees nicht mal zur Talstation gehen konnte.<\/p>\n<p>Zur Bergstation f\u00fchrt sogar offiziell eine Stra\u00dfe, der letzte Teil war mir aber etwas zu delikat, so dass ich auf dreiviertel des obersten St\u00fcckes einen Alternativparkplatz anfuhr. Schade, k\u00f6nnte echt ein nettes Skigebiet gewesen sein.<\/p>\n<p><a href='http:\/\/extra.inmontanis.info\/d\/64925-2\/DSC02802.jpg'><img src=http:\/\/extra.inmontanis.info\/d\/64924-3\/DSC02802.jpg \/><\/a><br \/>\n^ Aussichtsturm? Zwischenhalt!<\/p>\n<p><a href='http:\/\/extra.inmontanis.info\/d\/64929-2\/DSC02803.jpg'><img src=http:\/\/extra.inmontanis.info\/d\/64928-3\/DSC02803.jpg \/><\/a><br \/>\n^ Kein einfacher Aussichtsturm, sondern ein alter Feuerwachturm<\/p>\n<p><a href='http:\/\/extra.inmontanis.info\/d\/64933-2\/DSC02804.jpg'><img src=http:\/\/extra.inmontanis.info\/d\/64932-3\/DSC02804.jpg \/><\/a><br \/>\n^ Feuerwachturm<\/p>\n<p><a href='http:\/\/extra.inmontanis.info\/d\/64937-2\/DSC02805.jpg'><img src=http:\/\/extra.inmontanis.info\/d\/64936-3\/DSC02805.jpg \/><\/a><br \/>\n^ Veranstaltungsbereich unten<\/p>\n<p><a href='http:\/\/extra.inmontanis.info\/d\/64941-2\/DSC02807.jpg'><img src=http:\/\/extra.inmontanis.info\/d\/64940-3\/DSC02807.jpg \/><\/a><br \/>\n^ Steile Treppen f\u00fchren nach oben<\/p>\n<p><a href='http:\/\/extra.inmontanis.info\/d\/64945-2\/DSC02808.jpg'><img src=http:\/\/extra.inmontanis.info\/d\/64944-3\/DSC02808.jpg \/><\/a><br \/>\n^ Schon eher leiter\u00e4hnlich steile Treppen, die ich runterw\u00e4rts lieber r\u00fcckw\u00e4rts lief, um mehr Trittfl\u00e4che zu haben. Steil und hoch, kostete mich etwas \u00dcberwindung.<\/p>\n<p><a href='http:\/\/extra.inmontanis.info\/d\/64949-2\/DSC02810.jpg'><img src=http:\/\/extra.inmontanis.info\/d\/64948-3\/DSC02810.jpg \/><\/a><br \/>\n^ Die letzten Stufen<\/p>\n<p><a href='http:\/\/extra.inmontanis.info\/d\/64953-2\/DSC02811.jpg'><img src=http:\/\/extra.inmontanis.info\/d\/64952-3\/DSC02811.jpg \/><\/a><br \/>\n^ Panorama vom Feuerwachturm<\/p>\n<p><a href='http:\/\/extra.inmontanis.info\/d\/64957-2\/DSC02812.jpg'><img src=http:\/\/extra.inmontanis.info\/d\/64956-3\/DSC02812.jpg \/><\/a><br \/>\n^ Panorama vom Feuerwachturm<\/p>\n<p><a href='http:\/\/extra.inmontanis.info\/d\/64961-2\/DSC02813.jpg'><img src=http:\/\/extra.inmontanis.info\/d\/64960-3\/DSC02813.jpg \/><\/a><br \/>\n^ Panorama vom Feuerwachturm<\/p>\n<p><a href='http:\/\/extra.inmontanis.info\/d\/64965-2\/DSC02814.jpg'><img src=http:\/\/extra.inmontanis.info\/d\/64964-3\/DSC02814.jpg \/><\/a><br \/>\n^ Panorama vom Feuerwachturm<\/p>\n<p><a href='http:\/\/extra.inmontanis.info\/d\/64969-2\/DSC02816.jpg'><img src=http:\/\/extra.inmontanis.info\/d\/64968-3\/DSC02816.jpg \/><\/a><br \/>\n^ Mittagessen (Fleisch: ca. 1,50 \u20ac aus dem Supermarkt) und endlich mal das alte, russische Schaschlitschnij-Ketchup aufgemacht. Zum Gl\u00fcck nicht scharf, aber eher tomatenmarkm\u00e4\u00dfiger Geschmack und Konstistenz &#8211; in Zukunft eher was f\u00fcr Nudeln. Wie schon erw\u00e4hnt, war das lange Zeit in meinem Gefrierschrank, als das MHD (2018) kurz vorm \u00dcberschreiten war und seit 6 Monaten im K\u00fchlschrank auf der Reise.<\/p>\n<p><a href='http:\/\/ski.inmontanis.info\/d\/296670-2\/DSC02817.jpg'><img src=http:\/\/ski.inmontanis.info\/d\/296669-3\/DSC02817.jpg \/><\/a><br \/>\n^ Parkplatz Ex-Skigebiet W\u00e4sabergen<\/p>\n<p><a href='http:\/\/ski.inmontanis.info\/d\/296674-2\/DSC02819.jpg'><img src=http:\/\/ski.inmontanis.info\/d\/296673-3\/DSC02819.jpg \/><\/a><br \/>\n^ Unten Restaurant, oben der Liftkartenverkauf<\/p>\n<p><a href='http:\/\/ski.inmontanis.info\/d\/296678-2\/DSC02821.jpg'><img src=http:\/\/ski.inmontanis.info\/d\/296677-3\/DSC02821.jpg \/><\/a><br \/>\n^ Seil vom vielleicht Skilift liegt noch rum<\/p>\n<p><a href='http:\/\/ski.inmontanis.info\/d\/296682-2\/DSC02823.jpg'><img src=http:\/\/ski.inmontanis.info\/d\/296681-3\/DSC02823.jpg \/><\/a><br \/>\n^ SL-Strecke<\/p>\n<p><a href='http:\/\/ski.inmontanis.info\/d\/296686-2\/DSC02825.jpg'><img src=http:\/\/ski.inmontanis.info\/d\/296685-3\/DSC02825.jpg \/><\/a><br \/>\n^ SL-Talstation und Strecke<\/p>\n<p><a href='http:\/\/ski.inmontanis.info\/d\/296690-2\/DSC02827.jpg'><img src=http:\/\/ski.inmontanis.info\/d\/296689-3\/DSC02827.jpg \/><\/a><br \/>\n^ Abfahrten<\/p>\n<p><a href='http:\/\/ski.inmontanis.info\/d\/296694-2\/DSC02828.jpg'><img src=http:\/\/ski.inmontanis.info\/d\/296693-3\/DSC02828.jpg \/><\/a><br \/>\n^ Ex-DSB-Geb\u00e4ude<\/p>\n<p><a href='http:\/\/ski.inmontanis.info\/d\/296698-2\/DSC02829.jpg'><img src=http:\/\/ski.inmontanis.info\/d\/296697-3\/DSC02829.jpg \/><\/a><br \/>\n^ Ex-DSB-Talstation<\/p>\n<p><a href='http:\/\/ski.inmontanis.info\/d\/296702-2\/DSC02831.jpg'><img src=http:\/\/ski.inmontanis.info\/d\/296701-3\/DSC02831.jpg \/><\/a><br \/>\n^ Ex-DSB-Trasse<\/p>\n<p><a href='http:\/\/ski.inmontanis.info\/d\/296706-2\/DSC02832.jpg'><img src=http:\/\/ski.inmontanis.info\/d\/296705-3\/DSC02832.jpg \/><\/a><br \/>\n^ Ex-DSB-Lifttelefon<\/p>\n<p><a href='http:\/\/ski.inmontanis.info\/d\/296710-2\/DSC02833.jpg'><img src=http:\/\/ski.inmontanis.info\/d\/296709-3\/DSC02833.jpg \/><\/a><br \/>\n^ Ex-DSB-Abspannung<\/p>\n<p><a href='http:\/\/ski.inmontanis.info\/d\/296714-2\/DSC02836.jpg'><img src=http:\/\/ski.inmontanis.info\/d\/296713-3\/DSC02836.jpg \/><\/a><br \/>\n^ Logo<\/p>\n<p><a href='http:\/\/ski.inmontanis.info\/d\/296718-2\/DSC02837.jpg'><img src=http:\/\/ski.inmontanis.info\/d\/296717-3\/DSC02837.jpg \/><\/a><br \/>\n^ SL-Talstation unten; DSB-Bergstation oben am Gipfel. Sicherlich ein paar nette Abfahrten hier gehabt.<\/p>\n<p><a href='http:\/\/ski.inmontanis.info\/d\/296722-2\/DSC02841.jpg'><img src=http:\/\/ski.inmontanis.info\/d\/296721-3\/DSC02841.jpg \/><\/a><br \/>\n^ Auffahrt zum Gipfel \/ zur DSB-Bergstation<\/p>\n<p><a href='http:\/\/ski.inmontanis.info\/d\/296726-2\/DSC02844.jpg'><img src=http:\/\/ski.inmontanis.info\/d\/296725-3\/DSC02844.jpg \/><\/a><br \/>\n^ Gipfelh\u00fctte, auch nicht mehr ge\u00f6ffnet<\/p>\n<p><a href='http:\/\/ski.inmontanis.info\/d\/296730-2\/DSC02846.jpg'><img src=http:\/\/ski.inmontanis.info\/d\/296729-3\/DSC02846.jpg \/><\/a><br \/>\n^ Gipfelbereich<\/p>\n<p><a href='http:\/\/ski.inmontanis.info\/d\/296734-2\/DSC02847.jpg'><img src=http:\/\/ski.inmontanis.info\/d\/296733-3\/DSC02847.jpg \/><\/a><br \/>\n^ Gipfelh\u00fctte<\/p>\n<p><a href='http:\/\/ski.inmontanis.info\/d\/296738-2\/DSC02848.jpg'><img src=http:\/\/ski.inmontanis.info\/d\/296737-3\/DSC02848.jpg \/><\/a><br \/>\n^ Talblick<\/p>\n<p><a href='http:\/\/ski.inmontanis.info\/d\/296742-2\/DSC02850.jpg'><img src=http:\/\/ski.inmontanis.info\/d\/296741-3\/DSC02850.jpg \/><\/a><br \/>\n^ Rostiges Gel\u00e4nder, auch verwachsen<\/p>\n<p><a href='http:\/\/ski.inmontanis.info\/d\/296746-2\/DSC02853.jpg'><img src=http:\/\/ski.inmontanis.info\/d\/296745-3\/DSC02853.jpg \/><\/a><br \/>\n^ Talblick in Abfahrtsrichtung<\/p>\n<p><a href='http:\/\/ski.inmontanis.info\/d\/296750-2\/DSC02855.jpg'><img src=http:\/\/ski.inmontanis.info\/d\/296749-3\/DSC02855.jpg \/><\/a><br \/>\n^ Endlich ein altes St\u00fctzenfundament der alten PHB-DSB entdeckt, so konnte ich mich weiter auf die Suche nach der Bergstation machen<\/p>\n<p><a href='http:\/\/ski.inmontanis.info\/d\/296754-2\/DSC02861.jpg'><img src=http:\/\/ski.inmontanis.info\/d\/296753-3\/DSC02861.jpg \/><\/a><br \/>\n^ Abfahrtsblick<\/p>\n<p><a href='http:\/\/ski.inmontanis.info\/d\/296758-2\/DSC02863.jpg'><img src=http:\/\/ski.inmontanis.info\/d\/296757-3\/DSC02863.jpg \/><\/a><br \/>\n^ Beleuchteter Weg .. f\u00fchrt doch sicherlich zur DSB-Bergstation?<\/p>\n<p><a href='http:\/\/ski.inmontanis.info\/d\/296762-2\/DSC02864.jpg'><img src=http:\/\/ski.inmontanis.info\/d\/296761-3\/DSC02864.jpg \/><\/a><br \/>\n^ Gefunden, die Ex-DSB-Bergstation<\/p>\n<p><a href='http:\/\/ski.inmontanis.info\/d\/296766-2\/DSC02865.jpg'><img src=http:\/\/ski.inmontanis.info\/d\/296765-3\/DSC02865.jpg \/><\/a><br \/>\n^ Ex-DSB-Bergstation<\/p>\n<p><a href='http:\/\/ski.inmontanis.info\/d\/296770-2\/DSC02866.jpg'><img src=http:\/\/ski.inmontanis.info\/d\/296769-3\/DSC02866.jpg \/><\/a><br \/>\n^ Ex-DSB-Bergstation<\/p>\n<p><a href='http:\/\/ski.inmontanis.info\/d\/296774-2\/DSC02867.jpg'><img src=http:\/\/ski.inmontanis.info\/d\/296773-3\/DSC02867.jpg \/><\/a><br \/>\n^ Ehemaliges Liftlerhaus<\/p>\n<p><a href='http:\/\/ski.inmontanis.info\/d\/296778-2\/DSC02868.jpg'><img src=http:\/\/ski.inmontanis.info\/d\/296777-3\/DSC02868.jpg \/><\/a><br \/>\n^ <\/p>\n<p><a href='http:\/\/ski.inmontanis.info\/d\/296782-2\/DSC02869.jpg'><img src=http:\/\/ski.inmontanis.info\/d\/296781-3\/DSC02869.jpg \/><\/a><br \/>\n^ <\/p>\n<p><a href='http:\/\/ski.inmontanis.info\/d\/296786-2\/DSC02871.jpg'><img src=http:\/\/ski.inmontanis.info\/d\/296785-3\/DSC02871.jpg \/><\/a><br \/>\n^ Rechts von der DBS-Bergstation, vielleicht der Start von einer Abfahrt, die nicht an der Gipfelh\u00fctte vorbei ging<\/p>\n<p><a href='http:\/\/ski.inmontanis.info\/d\/296790-2\/DSC02873.jpg'><img src=http:\/\/ski.inmontanis.info\/d\/296789-3\/DSC02873.jpg \/><\/a><br \/>\n^ Links der DSB gings zur Gipfelh\u00fctte<\/p>\n<p><a href='http:\/\/ski.inmontanis.info\/d\/296794-2\/DSC02875.jpg'><img src=http:\/\/ski.inmontanis.info\/d\/296793-3\/DSC02875.jpg \/><\/a><br \/>\n^ Panorama<\/p>\n<p>Hier noch ein paar alte Fotos von dem Skigebiet, das wohl 2011 zuletzt ge\u00f6ffnet war:<\/p>\n<p><a href=\"https:\/\/cdn1.cdnme.se\/195813\/7-3\/9eaf6520c6f911e2882622000a1f985d_7_51a3aba59606ee11b454fd9d.jpg\">https:\/\/cdn1.cdnme.se\/195813\/7-3\/9eaf6520c6f911e2882622000a1f985d_7_51a3aba59606ee11b454fd9d.jpg<\/a><br \/>\n<a href=\"https:\/\/bildix.mmcloud.se\/bildix\/api\/images\/e8LlEOB1LHiyMqt3vMxDChcpIMc.jpeg\">https:\/\/bildix.mmcloud.se\/bildix\/api\/images\/e8LlEOB1LHiyMqt3vMxDChcpIMc.jpeg<\/a><br \/>\n<a href=\"https:\/\/bildix.mmcloud.se\/bildix\/api\/images\/TRwnoQVDqlNmQ9wrcuHVu_GkYVY.jpeg\">https:\/\/bildix.mmcloud.se\/bildix\/api\/images\/TRwnoQVDqlNmQ9wrcuHVu_GkYVY.jpeg<\/a><br \/>\nPistenplan:<br \/>\n<a href=\"https:\/\/www.freeride.se\/img\/resort\/skimap\/large\/85.jpg\">https:\/\/www.freeride.se\/img\/resort\/skimap\/large\/85.jpg<\/a><\/p>\n<p>Bei der Hitze hab ich nat\u00fcrlich keine Lust, auch noch im Auto zu kochen. Und auch den K\u00fchlschrank sollte ich langsam leer werden lassen, um ihn ausschalten zu k\u00f6nnen, damit es nicht zus\u00e4tzlich warm wird. Andererseits hatte ich mir auch \u00fcberlegt, die K\u00fchlbox auf -18\u00b0 zu stellen und diverse Tiefk\u00fchl-Fertiggerichte mitzunehmen. Dann muss die nat\u00fcrlich auch die Nacht \u00fcber laufen und man muss hoffen, dass es da unterm Bett keinen zu gro\u00dfen Hitzestau gibt. Folglich geht das nur, wenn ich dann z\u00fcgig heimfahr.<\/p>\n<p>Und noch was nerviges heute Abend: Ohne irgendein Zutun, wie Updates oder Abmelden oder Handyneustart oder sonstwas, hat sich heute die Amazon-Prime-App anscheinend komplett resettet, s\u00e4mtliche downgeloadeten Filme und Serien gel\u00f6scht, neu einloggen musste ich mich auch, alle Einstellungen ebenfalls weg. Unglaublich&#8230; Jeden Tag bisher problemlos funktioniert. Jetzt darf ich mehrere GB wieder downloaden, so ein Bullshit.<\/p>\n","protected":false},"excerpt":{"rendered":"<p>25.6.2021<\/p>\n<p>Gestern hab ich mich aufgrund der nahen R\u00fcckreise mal wieder mit diesem bescheuerten Corona-Thema besch\u00e4ftigt.<\/p>\n<p>Unglaublich. Also mal abgesehen davon, dass der Inzidenzwert mittlerweile auch in Schweden wieder sehr weit unten ist, so dass selbst Schweden nun als &#8220;gr\u00fcnes&#8221; Land gef\u00fchrt wird &#8211; ohne den meisten dieser bescheuerten Regeln wie in anderen L\u00e4ndern &#8211; <a href=\"http:\/\/blog.inmontanis.info\/?p=6909\">[&#8230;]<\/a><\/p>\n","protected":false},"author":1,"featured_media":0,"comment_status":"closed","ping_status":"closed","sticky":false,"template":"","format":"standard","meta":{"footnotes":""},"categories":[184,19,32,673],"tags":[38,47],"class_list":["post-6909","post","type-post","status-publish","format-standard","hentry","category-2021-01-skandinavien","category-schwedensweden","category-lostplaces","category-wasabergen","tag-dsb","tag-sl","odd"],"_links":{"self":[{"href":"http:\/\/blog.inmontanis.info\/index.php?rest_route=\/wp\/v2\/posts\/6909","targetHints":{"allow":["GET"]}}],"collection":[{"href":"http:\/\/blog.inmontanis.info\/index.php?rest_route=\/wp\/v2\/posts"}],"about":[{"href":"http:\/\/blog.inmontanis.info\/index.php?rest_route=\/wp\/v2\/types\/post"}],"author":[{"embeddable":true,"href":"http:\/\/blog.inmontanis.info\/index.php?rest_route=\/wp\/v2\/users\/1"}],"replies":[{"embeddable":true,"href":"http:\/\/blog.inmontanis.info\/index.php?rest_route=%2Fwp%2Fv2%2Fcomments&post=6909"}],"version-history":[{"count":3,"href":"http:\/\/blog.inmontanis.info\/index.php?rest_route=\/wp\/v2\/posts\/6909\/revisions"}],"predecessor-version":[{"id":6912,"href":"http:\/\/blog.inmontanis.info\/index.php?rest_route=\/wp\/v2\/posts\/6909\/revisions\/6912"}],"wp:attachment":[{"href":"http:\/\/blog.inmontanis.info\/index.php?rest_route=%2Fwp%2Fv2%2Fmedia&parent=6909"}],"wp:term":[{"taxonomy":"category","embeddable":true,"href":"http:\/\/blog.inmontanis.info\/index.php?rest_route=%2Fwp%2Fv2%2Fcategories&post=6909"},{"taxonomy":"post_tag","embeddable":true,"href":"http:\/\/blog.inmontanis.info\/index.php?rest_route=%2Fwp%2Fv2%2Ftags&post=6909"}],"curies":[{"name":"wp","href":"https:\/\/api.w.org\/{rel}","templated":true}]}}