{"id":6907,"date":"2021-06-24T19:45:52","date_gmt":"2021-06-24T17:45:52","guid":{"rendered":"http:\/\/blog.inmontanis.info\/?p=6907"},"modified":"2023-08-05T13:05:39","modified_gmt":"2023-08-05T11:05:39","slug":"rund-um-idre-23-24-6-2021","status":"publish","type":"post","link":"http:\/\/blog.inmontanis.info\/?p=6907","title":{"rendered":"Rund um Idre, 23.+24.6.2021"},"content":{"rendered":"<p><strong>23.6.2021<\/strong><\/p>\n<p>Heute ein paar Skigebiete im Bereich Idre besucht, die ich im Winter nicht besuchen konnte, weil nicht oder nur am WE offen.<\/p>\n<p>Gr\u00f6velsfj\u00e4ll schaut mir interessant aus, relativ steil zudem. Werd ich mir mal auf Ski anschauen m\u00fcssen, daher auch keine Wanderung zum Gipfel gemacht. 18\u00b0-21\u00b0 und Sonne, da schwitz ich zu sehr, bis ich oben bin ;)<\/p>\n<p>2 vergessene Fotos von gestern:<\/p>\n<p><a href='http:\/\/extra.inmontanis.info\/d\/64817-3\/DSC02707.jpg'><img src=http:\/\/extra.inmontanis.info\/d\/64816-4\/DSC02707.jpg \/><\/a><br \/>\n^ Krater<\/p>\n<p><a href='http:\/\/extra.inmontanis.info\/d\/64821-3\/DSC02710.jpg'><img src=http:\/\/extra.inmontanis.info\/d\/64820-4\/DSC02710.jpg \/><\/a><br \/>\n^ See, den ich im April vom Skigbiet T\u00e4nn\u00e4skr\u00f6ket (eher gefroren) fotografiert hatte<\/p>\n<p>&#8212;<\/p>\n<p><a href='http:\/\/extra.inmontanis.info\/d\/64825-2\/DSC02724.jpg'><img src=http:\/\/extra.inmontanis.info\/d\/64824-3\/DSC02724.jpg \/><\/a><br \/>\n^ Lange Gerade<\/p>\n<p><a href='http:\/\/extra.inmontanis.info\/d\/64829-2\/DSC02727.jpg'><img src=http:\/\/extra.inmontanis.info\/d\/64828-3\/DSC02727.jpg \/><\/a><br \/>\n^ Rentierherde<\/p>\n<p><a href='http:\/\/ski.inmontanis.info\/d\/296594-2\/DSC02730.jpg'><img src=http:\/\/ski.inmontanis.info\/d\/296592-3\/DSC02730.jpg \/><\/a><br \/>\n^ L\u00f6v\u00e5sliften, etwas vor Gr\u00f6velfj\u00e4ll<\/p>\n<p><a href='http:\/\/ski.inmontanis.info\/d\/296598-2\/DSC02731.jpg'><img src=http:\/\/ski.inmontanis.info\/d\/296597-3\/DSC02731.jpg \/><\/a><br \/>\n^ L\u00f6v\u00e5sliften<\/p>\n<p><a href='http:\/\/ski.inmontanis.info\/d\/296602-2\/DSC02734.jpg'><img src=http:\/\/ski.inmontanis.info\/d\/296601-3\/DSC02734.jpg \/><\/a><br \/>\n^ L\u00f6v\u00e5sliften<\/p>\n<p><a href='http:\/\/ski.inmontanis.info\/d\/296606-2\/DSC02736.jpg'><img src=http:\/\/ski.inmontanis.info\/d\/296605-3\/DSC02736.jpg \/><\/a><br \/>\n^ Gr\u00f6velfj\u00e4ll<\/p>\n<p><a href='http:\/\/ski.inmontanis.info\/d\/296610-2\/DSC02737.jpg'><img src=http:\/\/ski.inmontanis.info\/d\/296609-3\/DSC02737.jpg \/><\/a><br \/>\n^ Am Parkplatz, hinterm Haus sind ein paar \u00dcbungslifte, die Hauptlifte gehen auf den Gipfel dahinter (Talstation anderswo)<\/p>\n<p><a href='http:\/\/ski.inmontanis.info\/d\/296614-2\/DSC02738.jpg'><img src=http:\/\/ski.inmontanis.info\/d\/296613-3\/DSC02738.jpg \/><\/a><br \/>\n^ Pistenplan<\/p>\n<p><a href='http:\/\/ski.inmontanis.info\/d\/296618-2\/DSC02739.jpg'><img src=http:\/\/ski.inmontanis.info\/d\/296617-3\/DSC02739.jpg \/><\/a><br \/>\n^ Parkplatz<\/p>\n<p><a href='http:\/\/ski.inmontanis.info\/d\/296622-2\/DSC02741.jpg'><img src=http:\/\/ski.inmontanis.info\/d\/296621-3\/DSC02741.jpg \/><\/a><br \/>\n^ Ponylift rechts vom Haus<\/p>\n<p><a href='http:\/\/ski.inmontanis.info\/d\/296626-2\/DSC02742.jpg'><img src=http:\/\/ski.inmontanis.info\/d\/296625-3\/DSC02742.jpg \/><\/a><br \/>\n^ SSL links vom Haus<\/p>\n<p><a href='http:\/\/ski.inmontanis.info\/d\/296630-2\/DSC02745.jpg'><img src=http:\/\/ski.inmontanis.info\/d\/296629-3\/DSC02745.jpg \/><\/a><br \/>\n^ Weitere Parkpl\u00e4tze<\/p>\n<p><a href='http:\/\/ski.inmontanis.info\/d\/296634-2\/DSC02746.jpg'><img src=http:\/\/ski.inmontanis.info\/d\/296633-3\/DSC02746.jpg \/><\/a><br \/>\n^ Linke Abfahrt und der k\u00fcrzere, linke SL<\/p>\n<p><a href='http:\/\/ski.inmontanis.info\/d\/296638-2\/DSC02747.jpg'><img src=http:\/\/ski.inmontanis.info\/d\/296637-3\/DSC02747.jpg \/><\/a><br \/>\n^ Pistenraupen<\/p>\n<p><a href='http:\/\/ski.inmontanis.info\/d\/296642-2\/DSC02749.jpg'><img src=http:\/\/ski.inmontanis.info\/d\/296641-3\/DSC02749.jpg \/><\/a><br \/>\n^ Der linke, k\u00fcrzere SL<\/p>\n<p><a href='http:\/\/ski.inmontanis.info\/d\/296646-2\/DSC02752.jpg'><img src=http:\/\/ski.inmontanis.info\/d\/296645-3\/DSC02752.jpg \/><\/a><br \/>\n^ Hauptlifte und rechte Abfahrt<\/p>\n<p><a href='http:\/\/ski.inmontanis.info\/d\/296650-2\/DSC02753.jpg'><img src=http:\/\/ski.inmontanis.info\/d\/296649-3\/DSC02753.jpg \/><\/a><br \/>\n^ Hauptlifte<\/p>\n<p><a href='http:\/\/ski.inmontanis.info\/d\/296654-2\/DSC02754.jpg'><img src=http:\/\/ski.inmontanis.info\/d\/296653-3\/DSC02754.jpg \/><\/a><br \/>\n^ Hauptlifte<\/p>\n<p><a href='http:\/\/ski.inmontanis.info\/d\/296658-2\/DSC02756.jpg'><img src=http:\/\/ski.inmontanis.info\/d\/296657-3\/DSC02756.jpg \/><\/a><br \/>\n^ Talstation des \u00e4lterem Lifts<\/p>\n<p>Was ja auch mal wieder ganz nett w\u00e4re: Eine dunkle Nacht. Mit Sternenhimmel.<\/p>\n<p><strong>24.6.2021<\/strong><\/p>\n<p>An meinem Standplatz am Vormittag waren die Minim\u00fccken schlimm und zahlreich. War aber auch ziemlich windstill. Die krabbeln selbst durch 2 Lagen Fliegennetz durch. Und das Netz mit Autan eingespr\u00fcht, n\u00fctzt nur ein paar Minuten. Mit aufgestelltem Ventilator, der das Fliegennetz in Beweggung h\u00e4lt, wars etwas besser. Werd mir daheim wohl mal ein UK-geeignetes Midges-Netz bei Amazon bestellen f\u00fcr die n\u00e4chste Reise.<\/p>\n<p>Heute am Plan: Stra\u00dfe zum Nipfj\u00e4llet, die wohl h\u00f6chste offiziell f\u00fcr jeden befahrbare Stra\u00dfe in Schweden mit etwas \u00fcber 1000m.<\/p>\n<p><a href='http:\/\/extra.inmontanis.info\/d\/64833-2\/DSC02762.jpg'><img src=http:\/\/extra.inmontanis.info\/d\/64832-3\/DSC02762.jpg \/><\/a><br \/>\n^ Auffahrt Nipfj\u00e4llet<\/p>\n<p><a href='http:\/\/extra.inmontanis.info\/d\/64837-2\/DSC02763.jpg'><img src=http:\/\/extra.inmontanis.info\/d\/64836-3\/DSC02763.jpg \/><\/a><br \/>\n^ Hat bei mir nicht funktioniert. Stra\u00dfe sah aus, als ob sie bergauf gehen w\u00fcrde und ich rollte zur\u00fcck. Also nix magisch.<\/p>\n<p><a href='http:\/\/extra.inmontanis.info\/d\/64841-2\/DSC02765.jpg'><img src=http:\/\/extra.inmontanis.info\/d\/64840-3\/DSC02765.jpg \/><\/a><br \/>\n^ Auffahrt Nipfj\u00e4llet<\/p>\n<p><a href='http:\/\/extra.inmontanis.info\/d\/64845-2\/DSC02767.jpg'><img src=http:\/\/extra.inmontanis.info\/d\/64844-3\/DSC02767.jpg \/><\/a><br \/>\n^ Auffahrt Nipfj\u00e4llet<\/p>\n<p><a href='http:\/\/extra.inmontanis.info\/d\/64849-2\/DSC02768.jpg'><img src=http:\/\/extra.inmontanis.info\/d\/64848-3\/DSC02768.jpg \/><\/a><br \/>\n^ Parkplatz Nipfj\u00e4llet, Ende von schwedens wohl h\u00f6chste \u00f6ffentlich zu befahrene Stra\u00dfe (ca. 1003-1008m)<\/p>\n<p><a href='http:\/\/extra.inmontanis.info\/d\/64853-2\/DSC02771.jpg'><img src=http:\/\/extra.inmontanis.info\/d\/64852-3\/DSC02771.jpg \/><\/a><br \/>\n^ Wanderweg zu dem einen, nahen Gipfel<\/p>\n<p><a href='http:\/\/extra.inmontanis.info\/d\/64857-2\/DSC02772.jpg'><img src=http:\/\/extra.inmontanis.info\/d\/64856-3\/DSC02772.jpg \/><\/a><br \/>\n^ Parkplatz Nipfj\u00e4llet<\/p>\n<p><a href='http:\/\/extra.inmontanis.info\/d\/64861-2\/DSC02776_001.jpg'><img src=http:\/\/extra.inmontanis.info\/d\/64860-3\/DSC02776_001.jpg \/><\/a><br \/>\n^ <\/p>\n<p><a href='http:\/\/extra.inmontanis.info\/d\/64865-2\/DSC02783.jpg'><img src=http:\/\/extra.inmontanis.info\/d\/64864-3\/DSC02783.jpg \/><\/a><br \/>\n^ Im Gipfelbereich ist es sehr felsig<\/p>\n<p><a href='http:\/\/extra.inmontanis.info\/d\/64869-2\/DSC02781.jpg'><img src=http:\/\/extra.inmontanis.info\/d\/64868-3\/DSC02781.jpg \/><\/a><br \/>\n^ Gipfel<\/p>\n<p><a href='http:\/\/extra.inmontanis.info\/d\/64873-2\/DSC02784.jpg'><img src=http:\/\/extra.inmontanis.info\/d\/64872-3\/DSC02784.jpg \/><\/a><br \/>\n^ Gipfelpano<\/p>\n<p><a href='http:\/\/extra.inmontanis.info\/d\/64877-2\/DSC02785.jpg'><img src=http:\/\/extra.inmontanis.info\/d\/64876-3\/DSC02785.jpg \/><\/a><br \/>\n^ Gipfelpano<\/p>\n<p><a href='http:\/\/extra.inmontanis.info\/d\/64881-2\/DSC02786.jpg'><img src=http:\/\/extra.inmontanis.info\/d\/64880-3\/DSC02786.jpg \/><\/a><br \/>\n^ Gipfelpano<\/p>\n<p><a href='http:\/\/extra.inmontanis.info\/d\/64885-2\/DSC02787.jpg'><img src=http:\/\/extra.inmontanis.info\/d\/64884-3\/DSC02787.jpg \/><\/a><br \/>\n^ Gipfelpano<\/p>\n<p><a href='http:\/\/extra.inmontanis.info\/d\/64889-2\/DSC04316.jpg'><img src=http:\/\/extra.inmontanis.info\/d\/64888-3\/DSC04316.jpg \/><\/a><br \/>\n^ IR-Pano<\/p>\n<p><a href='http:\/\/extra.inmontanis.info\/d\/64893-2\/DSC04325.jpg'><img src=http:\/\/extra.inmontanis.info\/d\/64892-3\/DSC04325.jpg \/><\/a><br \/>\n^ IR-Blick zum Skigebiet Idre Fj\u00e4ll mit 3 Schneedepots (gibt wohl noch mehr)<\/p>\n<p><a href='http:\/\/extra.inmontanis.info\/d\/64897-2\/DSC04317.jpg'><img src=http:\/\/extra.inmontanis.info\/d\/64896-3\/DSC04317.jpg \/><\/a><br \/>\n^ IR-Pano<\/p>\n<p><a href='http:\/\/extra.inmontanis.info\/d\/64901-2\/DSC04318.jpg'><img src=http:\/\/extra.inmontanis.info\/d\/64900-3\/DSC04318.jpg \/><\/a><br \/>\n^ IR-Pano<\/p>\n<p><a href='http:\/\/extra.inmontanis.info\/d\/64905-2\/DSC04319.jpg'><img src=http:\/\/extra.inmontanis.info\/d\/64904-3\/DSC04319.jpg \/><\/a><br \/>\n^ IR-Pano<\/p>\n<p><a href='http:\/\/extra.inmontanis.info\/d\/64909-2\/DSC04322.jpg'><img src=http:\/\/extra.inmontanis.info\/d\/64908-3\/DSC04322.jpg \/><\/a><br \/>\n^ IR-Pano<\/p>\n<p><a href='http:\/\/extra.inmontanis.info\/d\/64913-2\/DSC04323.jpg'><img src=http:\/\/extra.inmontanis.info\/d\/64912-3\/DSC04323.jpg \/><\/a><br \/>\n^ IR-Pano, der Berg in Bildmitte ist das Skigebiet Lofsdalen<\/p>\n<p><a href='http:\/\/extra.inmontanis.info\/d\/64917-2\/DSC02791.jpg'><img src=http:\/\/extra.inmontanis.info\/d\/64916-3\/DSC02791.jpg \/><\/a><br \/>\n^ Auf der Seite gings etwas schwieriger nach unten<\/p>\n<p><a href='http:\/\/extra.inmontanis.info\/d\/64921-2\/DSC02795.jpg'><img src=http:\/\/extra.inmontanis.info\/d\/64920-3\/DSC02795.jpg \/><\/a><br \/>\n^ Stra\u00dfe Nipfj\u00e4llet<\/p>\n<p>Vormittags recht sonnig, mittags um die 20\u00b0, nachmittags bedeckt, abends wieder sonniger und w\u00e4rmer und sowieso kaum Wind im Tal. Schade, dass man nicht oben am Nipfj\u00e4llet-Parkplatz \u00fcbernachten darf.<\/p>\n<p>Im Skigebiet Idre Fj\u00e4ll w\u00e4ren sogar die beiden 6KSB-Sektionen in Betrieb gewesen. Bin aber nicht mehr raufgefahren. Dadurch aber auch nicht probiert, wie weit man mit dem Auto rauffahren darf&#8230;<\/p>\n<p><a href='http:\/\/ski.inmontanis.info\/d\/296662-2\/DSC02800.jpg'><img src=http:\/\/ski.inmontanis.info\/d\/296661-3\/DSC02800.jpg \/><\/a><br \/>\n^ Offene 6KSB im Gebiet Idre Fj\u00e4ll mit vorbeiziehender Rentierherde<\/p>\n<p><a href='http:\/\/ski.inmontanis.info\/d\/296666-2\/DSC02801.jpg'><img src=http:\/\/ski.inmontanis.info\/d\/296665-3\/DSC02801.jpg \/><\/a><br \/>\n^ Weiteres Schneedepot<\/p>\n<p>Leider auch keine Antwort von Gesundaberget erhalten wegen des Graffer-Sessels :( &#8211; somit fraglich, ob ich da am WE unbedingt hin muss (war ja schon mal im Sommer dort).<\/p>\n","protected":false},"excerpt":{"rendered":"<p>23.6.2021<\/p>\n<p>Heute ein paar Skigebiete im Bereich Idre besucht, die ich im Winter nicht besuchen konnte, weil nicht oder nur am WE offen.<\/p>\n<p>Gr\u00f6velsfj\u00e4ll schaut mir interessant aus, relativ steil zudem. Werd ich mir mal auf Ski anschauen m\u00fcssen, daher auch keine Wanderung zum Gipfel gemacht. 18\u00b0-21\u00b0 und Sonne, da schwitz ich zu sehr, bis <a href=\"http:\/\/blog.inmontanis.info\/?p=6907\">[&#8230;]<\/a><\/p>\n","protected":false},"author":1,"featured_media":0,"comment_status":"closed","ping_status":"closed","sticky":false,"template":"","format":"standard","meta":{"footnotes":""},"categories":[184,670,661,19,30],"tags":[56,90,45,47],"class_list":["post-6907","post","type-post","status-publish","format-standard","hentry","category-2021-01-skandinavien","category-grovelfjall","category-idre","category-schwedensweden","category-wandern","tag-6sb","tag-infrarot","tag-see","tag-sl","odd"],"_links":{"self":[{"href":"http:\/\/blog.inmontanis.info\/index.php?rest_route=\/wp\/v2\/posts\/6907","targetHints":{"allow":["GET"]}}],"collection":[{"href":"http:\/\/blog.inmontanis.info\/index.php?rest_route=\/wp\/v2\/posts"}],"about":[{"href":"http:\/\/blog.inmontanis.info\/index.php?rest_route=\/wp\/v2\/types\/post"}],"author":[{"embeddable":true,"href":"http:\/\/blog.inmontanis.info\/index.php?rest_route=\/wp\/v2\/users\/1"}],"replies":[{"embeddable":true,"href":"http:\/\/blog.inmontanis.info\/index.php?rest_route=%2Fwp%2Fv2%2Fcomments&post=6907"}],"version-history":[{"count":1,"href":"http:\/\/blog.inmontanis.info\/index.php?rest_route=\/wp\/v2\/posts\/6907\/revisions"}],"predecessor-version":[{"id":6908,"href":"http:\/\/blog.inmontanis.info\/index.php?rest_route=\/wp\/v2\/posts\/6907\/revisions\/6908"}],"wp:attachment":[{"href":"http:\/\/blog.inmontanis.info\/index.php?rest_route=%2Fwp%2Fv2%2Fmedia&parent=6907"}],"wp:term":[{"taxonomy":"category","embeddable":true,"href":"http:\/\/blog.inmontanis.info\/index.php?rest_route=%2Fwp%2Fv2%2Fcategories&post=6907"},{"taxonomy":"post_tag","embeddable":true,"href":"http:\/\/blog.inmontanis.info\/index.php?rest_route=%2Fwp%2Fv2%2Ftags&post=6907"}],"curies":[{"name":"wp","href":"https:\/\/api.w.org\/{rel}","templated":true}]}}