{"id":6904,"date":"2021-06-22T19:17:33","date_gmt":"2021-06-22T17:17:33","guid":{"rendered":"http:\/\/blog.inmontanis.info\/?p=6904"},"modified":"2023-08-05T13:12:39","modified_gmt":"2023-08-05T11:12:39","slug":"funasdalen-21-22-6-2021","status":"publish","type":"post","link":"http:\/\/blog.inmontanis.info\/?p=6904","title":{"rendered":"Fun\u00e4sdalen, 21.+22.6.2021"},"content":{"rendered":"<p><strong>21.6.2021<\/strong><\/p>\n<p>Anscheinend wurde ich gestern mindestens 2x gestochen, einmal im Nacken und einmal in der Handinnenfl\u00e4che. So viel Stechm\u00fccken gabs ja eigentlich gar nicht auf der Wanderung und eingespr\u00fcht hatte ich mich auch. Komisch. (Besonders der Stich an der Handinnenfl\u00e4che nervte mich auch noch die n\u00e4chsten 2 N\u00e4chte und Tage.)<\/p>\n<p>Auch die Schuhe waren, wie erwartet, noch nass, daher den (Ski-) Schuhtrockner wieder rausgeholt und einige Zeit laufen lassen.<\/p>\n<p>Vormittags hatte es zumeist geregnet, danach blieb es trocken. Ich fuhr also vom Flatruet weiter nach Fun\u00e4sfj\u00e4llen\/Fun\u00e4sdalen, wo ich Mitte April ja ca. eine Woche Skifahren war, und holte noch ein paar (vergessene) Fotos nach bzw. besichtigte einen Wasserfall und den See oberhalb des Skigebiets T\u00e4nndalen, wo eine Mautstra\u00dfe rauff\u00fchrt.<\/p>\n<p>Da man (alternativ zu Swish) via Kuvert zahlen muss (mit Kennzeichen + Datum; h\u00e4tte beinahe mein altes, 20 Jahre lang verwendetes Innsbrucker Kennzeichen draufgeschrieben ;) ), fiel eine \u00dcbernachtung oben schon allein deshalb aus. Wobei es auch keinen brauchbaren Handyempfang gab.<\/p>\n<p><a href='http:\/\/ski.inmontanis.info\/d\/296508-2\/DSC02581.jpg'><img src=http:\/\/ski.inmontanis.info\/d\/296507-3\/DSC02581.jpg \/><\/a><br \/>\n^ Skigebiet Fun\u00e4sdalsberget, KSB-Seite (steiler), war ja Mitte April schon geschlossen.<\/p>\n<p><a href='http:\/\/ski.inmontanis.info\/d\/296512-2\/DSC02584.jpg'><img src=http:\/\/ski.inmontanis.info\/d\/296511-3\/DSC02584.jpg \/><\/a><br \/>\n^ Skigebiet Fun\u00e4sdalsberget, EUB<\/p>\n<p><a href='http:\/\/ski.inmontanis.info\/d\/296516-2\/DSC02588.jpg'><img src=http:\/\/ski.inmontanis.info\/d\/296515-3\/DSC02588.jpg \/><\/a><br \/>\n^ Der Parklift rechts der KSB w\u00e4re bei meinem Besuch im April anfangs noch ge\u00f6ffnet gewesen, bin aber nicht gefahren.<\/p>\n<p><a href='http:\/\/ski.inmontanis.info\/d\/296520-2\/DSC02589.jpg'><img src=http:\/\/ski.inmontanis.info\/d\/296519-3\/DSC02589.jpg \/><\/a><br \/>\n^ 6KSB<\/p>\n<p><a href='http:\/\/ski.inmontanis.info\/d\/296524-2\/DSC02590.jpg'><img src=http:\/\/ski.inmontanis.info\/d\/296523-3\/DSC02590.jpg \/><\/a><br \/>\n^ Der alte SL<\/p>\n<p><a href='http:\/\/ski.inmontanis.info\/d\/296528-2\/DSC02591.jpg'><img src=http:\/\/ski.inmontanis.info\/d\/296527-3\/DSC02591.jpg \/><\/a><br \/>\n^ Pistenplan<\/p>\n<p><a href='http:\/\/ski.inmontanis.info\/d\/296532-2\/DSC02592.jpg'><img src=http:\/\/ski.inmontanis.info\/d\/296531-3\/DSC02592.jpg \/><\/a><br \/>\n^ GMD-SL<\/p>\n<p><a href='http:\/\/ski.inmontanis.info\/d\/296536-2\/DSC02595.jpg'><img src=http:\/\/ski.inmontanis.info\/d\/296535-3\/DSC02595.jpg \/><\/a><br \/>\n^ Der alleinstehende T\u00e4nndalsliften<\/p>\n<p><a href='http:\/\/ski.inmontanis.info\/d\/296540-2\/DSC02596.jpg'><img src=http:\/\/ski.inmontanis.info\/d\/296539-3\/DSC02596.jpg \/><\/a><br \/>\n^ T\u00e4nndalsliften, der n\u00e4chsten St\u00fctze nach ein Alimak<\/p>\n<p><a href='http:\/\/ski.inmontanis.info\/d\/296544-2\/DSC02599.jpg'><img src=http:\/\/ski.inmontanis.info\/d\/296543-3\/DSC02599.jpg \/><\/a><br \/>\n^ T\u00e4nndalsliften, nur 2 leichte Abfahrten<\/p>\n<p><a href='http:\/\/ski.inmontanis.info\/d\/296548-2\/DSC02601.jpg'><img src=http:\/\/ski.inmontanis.info\/d\/296547-3\/DSC02601.jpg \/><\/a><br \/>\n^ Skigebiet T\u00e4nndalen jetzt im Sommer, und zwar der linke Teil, der bei meinem Besuch Ende April nicht mehr offen war<\/p>\n<p><a href='http:\/\/ski.inmontanis.info\/d\/296552-2\/DSC02602.jpg'><img src=http:\/\/ski.inmontanis.info\/d\/296551-3\/DSC02602.jpg \/><\/a><br \/>\n^ Der ganz linke SL, ebenfalls ein Alimak<\/p>\n<p><a href='http:\/\/ski.inmontanis.info\/d\/296556-2\/DSC02603.jpg'><img src=http:\/\/ski.inmontanis.info\/d\/296555-3\/DSC02603.jpg \/><\/a><br \/>\n^ Talstation<\/p>\n<p><a href='http:\/\/ski.inmontanis.info\/d\/296560-2\/DSC02605.jpg'><img src=http:\/\/ski.inmontanis.info\/d\/296559-3\/DSC02605.jpg \/><\/a><br \/>\n^ Talstation<\/p>\n<p><a href='http:\/\/ski.inmontanis.info\/d\/296564-2\/DSC02607.jpg'><img src=http:\/\/ski.inmontanis.info\/d\/296563-3\/DSC02607.jpg \/><\/a><br \/>\n^ Anscheinend kann man die komplette Talstation in L\u00e4ngsrichtung verschieben.<\/p>\n<p><a href='http:\/\/ski.inmontanis.info\/d\/296568-2\/DSC02609.jpg'><img src=http:\/\/ski.inmontanis.info\/d\/296567-3\/DSC02609.jpg \/><\/a><br \/>\n^ Blick darunter<\/p>\n<p><a href='http:\/\/ski.inmontanis.info\/d\/296572-2\/DSC02612.jpg'><img src=http:\/\/ski.inmontanis.info\/d\/296571-3\/DSC02612.jpg \/><\/a><br \/>\n^ Zus\u00e4tzlich zur kompletten, verschiebbaren Taltation ist anscheinend auch der Teil mit der Umlenkscheibe selbst (Spannschlitten) verschiebbar.<\/p>\n<p><a href='http:\/\/ski.inmontanis.info\/d\/296576-2\/DSC02613.jpg'><img src=http:\/\/ski.inmontanis.info\/d\/296575-3\/DSC02613.jpg \/><\/a><br \/>\n^ Alimak<\/p>\n<p><a href='http:\/\/ski.inmontanis.info\/d\/296580-2\/DSC02614.jpg'><img src=http:\/\/ski.inmontanis.info\/d\/296579-3\/DSC02614.jpg \/><\/a><br \/>\n^ Talstation<\/p>\n<p><a href='http:\/\/ski.inmontanis.info\/d\/296584-2\/DSC02619.jpg'><img src=http:\/\/ski.inmontanis.info\/d\/296583-3\/DSC02619.jpg \/><\/a><br \/>\n^ Auf der 6KSB-Abfahrt gibts sogar noch ein Schneefeld<\/p>\n<p><a href='http:\/\/extra.inmontanis.info\/d\/64701-2\/DSC02624.jpg'><img src=http:\/\/extra.inmontanis.info\/d\/64700-3\/DSC02624.jpg \/><\/a><br \/>\n^ Anderssj\u00f6\u00e5fallet, der Wasserfall auf der anderen Talseite<\/p>\n<p><a href='http:\/\/extra.inmontanis.info\/d\/64705-2\/DSC02625.jpg'><img src=http:\/\/extra.inmontanis.info\/d\/64704-3\/DSC02625.jpg \/><\/a><br \/>\n^ .. hier gibts eine Treppe, die aber nicht durchgehend geht<\/p>\n<p><a href='http:\/\/extra.inmontanis.info\/d\/64709-2\/DSC02626.jpg'><img src=http:\/\/extra.inmontanis.info\/d\/64708-3\/DSC02626.jpg \/><\/a><br \/>\n^ &#8230; ob das zu den 303 Stufen dazu z\u00e4hlt?<\/p>\n<p><a href='http:\/\/extra.inmontanis.info\/d\/64713-2\/DSC02627.jpg'><img src=http:\/\/extra.inmontanis.info\/d\/64712-3\/DSC02627.jpg \/><\/a><br \/>\n^ Anderssj\u00f6\u00e5fallet<\/p>\n<p><a href='http:\/\/extra.inmontanis.info\/d\/64717-2\/DSC02630.jpg'><img src=http:\/\/extra.inmontanis.info\/d\/64716-3\/DSC02630.jpg \/><\/a><br \/>\n^ Anderssj\u00f6\u00e5fallet<\/p>\n<p><a href='http:\/\/extra.inmontanis.info\/d\/64721-2\/DSC02634.jpg'><img src=http:\/\/extra.inmontanis.info\/d\/64720-3\/DSC02634.jpg \/><\/a><br \/>\n^ Obere Treppe<\/p>\n<p><a href='http:\/\/extra.inmontanis.info\/d\/64725-2\/DSC02635.jpg'><img src=http:\/\/extra.inmontanis.info\/d\/64724-3\/DSC02635.jpg \/><\/a><br \/>\n^ Talblick<\/p>\n<p><a href='http:\/\/extra.inmontanis.info\/d\/64729-2\/DSC02620.jpg'><img src=http:\/\/extra.inmontanis.info\/d\/64728-3\/DSC02620.jpg \/><\/a><br \/>\n^ Neben dem Skigebiet T\u00e4ndalen, rechts vom Plan, gibts eine kleine Mautstra\u00dfe zum See hinauf, kostet ca. 4,- \u20ac.<\/p>\n<p><a href='http:\/\/extra.inmontanis.info\/d\/64733-2\/DSC02640.jpg'><img src=http:\/\/extra.inmontanis.info\/d\/64732-3\/DSC02640.jpg \/><\/a><br \/>\n^ Mautstra\u00dfe Svansj\u00f6 Kl\u00e4ppen, unten recht steil, oben sch\u00f6n<\/p>\n<p><a href='http:\/\/extra.inmontanis.info\/d\/64737-2\/DSC02644_001.jpg'><img src=http:\/\/extra.inmontanis.info\/d\/64736-3\/DSC02644_001.jpg \/><\/a><br \/>\n^ Mautstra\u00dfe Svansj\u00f6 Kl\u00e4ppen<\/p>\n<p><a href='http:\/\/extra.inmontanis.info\/d\/64741-2\/DSC02646_001.jpg'><img src=http:\/\/extra.inmontanis.info\/d\/64740-3\/DSC02646_001.jpg \/><\/a><br \/>\n^ Blick zu den Liften von nahe Parkplatz<\/p>\n<p><a href='http:\/\/extra.inmontanis.info\/d\/64745-2\/DSC02647.jpg'><img src=http:\/\/extra.inmontanis.info\/d\/64744-3\/DSC02647.jpg \/><\/a><br \/>\n^ Blick zum See, die Bergstation der linken 4KSB ist oberhalb des linken Sees<\/p>\n<p><a href='http:\/\/extra.inmontanis.info\/d\/64749-2\/DSC02649.jpg'><img src=http:\/\/extra.inmontanis.info\/d\/64748-3\/DSC02649.jpg \/><\/a><br \/>\n^ Hier und da gibts noch ein paar Schneefelder<\/p>\n<p><a href='http:\/\/extra.inmontanis.info\/d\/64753-2\/DSC02662_001.jpg'><img src=http:\/\/extra.inmontanis.info\/d\/64752-3\/DSC02662_001.jpg \/><\/a><br \/>\n^ Lift- und Seeblick<\/p>\n<p><a href='http:\/\/extra.inmontanis.info\/d\/64757-2\/DSC02664_001.jpg'><img src=http:\/\/extra.inmontanis.info\/d\/64756-3\/DSC02664_001.jpg \/><\/a><br \/>\n^ Der See liegt tats\u00e4chlich quasi direkt hinter den Lift-Bergstationen. Hatte ich bei meinem Winterbesuch ja angezweifelt, da nichts erkennbar war..<\/p>\n<p><a href='http:\/\/extra.inmontanis.info\/d\/64761-2\/DSC02665.jpg'><img src=http:\/\/extra.inmontanis.info\/d\/64760-3\/DSC02665.jpg \/><\/a><\/p>\n<p><a href='http:\/\/extra.inmontanis.info\/d\/64765-2\/DSC02669.jpg'><img src=http:\/\/extra.inmontanis.info\/d\/64764-3\/DSC02669.jpg \/><\/a><\/p>\n<p><a href='http:\/\/extra.inmontanis.info\/d\/64769-2\/DSC02673.jpg'><img src=http:\/\/extra.inmontanis.info\/d\/64768-3\/DSC02673.jpg \/><\/a><br \/>\n^ Mit Parkplatz<\/p>\n<p><a href='http:\/\/extra.inmontanis.info\/d\/64773-2\/DSC02675.jpg'><img src=http:\/\/extra.inmontanis.info\/d\/64772-3\/DSC02675.jpg \/><\/a><br \/>\n^ Mit der Mautstra\u00dfe im Bild<\/p>\n<p><a href='http:\/\/extra.inmontanis.info\/d\/64777-2\/DSC02677.jpg'><img src=http:\/\/extra.inmontanis.info\/d\/64776-3\/DSC02677.jpg \/><\/a><br \/>\n^ Und gen Westen<\/p>\n<p><a href='http:\/\/extra.inmontanis.info\/d\/64781-2\/DSC02682.jpg'><img src=http:\/\/extra.inmontanis.info\/d\/64780-3\/DSC02682.jpg \/><\/a><\/p>\n<p><a href='http:\/\/extra.inmontanis.info\/d\/64785-2\/DSC02686.jpg'><img src=http:\/\/extra.inmontanis.info\/d\/64784-3\/DSC02686.jpg \/><\/a><br \/>\n^ Mautstra\u00dfe Svansj\u00f6 Kl\u00e4ppen<\/p>\n<p><a href='http:\/\/extra.inmontanis.info\/d\/64789-2\/DSC02689.jpg'><img src=http:\/\/extra.inmontanis.info\/d\/64788-3\/DSC02689.jpg \/><\/a><br \/>\n^ Mautstra\u00dfe Svansj\u00f6 Kl\u00e4ppen<\/p>\n<p><strong>22.6.2021<\/strong><\/p>\n<p>Nachts und vormittags regnete es wieder viel, morgens waren es 7\u00b0 (im Tal), so dass ich erneut abends + morgens die Heizung kurz einschalten musste. Naja, lieber als die 35\u00b0, die es momentan in Mitteleuropa haben soll, ist mir das allemal.<\/p>\n<p>Da ich heute Nachmittag eine 2-st\u00fcndige Online-Konferenz hatte (passive Teilnahme), hab ich nicht viel gemacht. Sp\u00e4ter noch einen Krater besucht und die sch\u00f6ne alte GMS-DSB, die ich Mitte April gefahren bin.<\/p>\n<p><a href='http:\/\/extra.inmontanis.info\/d\/64793-2\/DSC02691.jpg'><img src=http:\/\/extra.inmontanis.info\/d\/64792-3\/DSC02691.jpg \/><\/a><br \/>\n^ Mittagessen von der Tankstelle (wieder um ca. 3,60 \u20ac), lecker. Und so gesund mit dem vielen Gem\u00fcse (Kartoffel, Zwiebel) :-)<\/p>\n<p>Die W\u00fcrstel mit Speck drumrum haben in Schweden &#8211; im Gegensatz zu Norwegen oder bei uns die Bernerw\u00fcrstel &#8211; leider keinen K\u00e4se drin.<\/p>\n<p><a href='http:\/\/extra.inmontanis.info\/d\/64797-2\/DSC02697.jpg'><img src=http:\/\/extra.inmontanis.info\/d\/64796-3\/DSC02697.jpg \/><\/a><br \/>\n^ Kurzer Weg zu einem Meteoritenkrater<\/p>\n<p><a href='http:\/\/extra.inmontanis.info\/d\/64801-2\/DSC02698.jpg'><img src=http:\/\/extra.inmontanis.info\/d\/64800-3\/DSC02698.jpg \/><\/a><br \/>\n^ Krater n\u00e4he Fun\u00e4sdalen<\/p>\n<p><a href='http:\/\/extra.inmontanis.info\/d\/64805-2\/DSC02701.jpg'><img src=http:\/\/extra.inmontanis.info\/d\/64804-3\/DSC02701.jpg \/><\/a><\/p>\n<p><a href='http:\/\/extra.inmontanis.info\/d\/64809-2\/DSC02702.jpg'><img src=http:\/\/extra.inmontanis.info\/d\/64808-3\/DSC02702.jpg \/><\/a><\/p>\n<p><a href='http:\/\/extra.inmontanis.info\/d\/64813-2\/DSC02706.jpg'><img src=http:\/\/extra.inmontanis.info\/d\/64812-3\/DSC02706.jpg \/><\/a><\/p>\n<p><a href='http:\/\/ski.inmontanis.info\/d\/296588-2\/DSC02711.jpg'><img src=http:\/\/ski.inmontanis.info\/d\/296587-3\/DSC02711.jpg \/><\/a><br \/>\n^ Die alte M\u00fcller-DSB in T\u00e4nn\u00e4skr\u00f6ket scheint im Sommer nicht in Betrieb zu sein, zumindest sind aktuell keine Sessel montiert<\/p>\n","protected":false},"excerpt":{"rendered":"<p>21.6.2021<\/p>\n<p>Anscheinend wurde ich gestern mindestens 2x gestochen, einmal im Nacken und einmal in der Handinnenfl\u00e4che. So viel Stechm\u00fccken gabs ja eigentlich gar nicht auf der Wanderung und eingespr\u00fcht hatte ich mich auch. Komisch. (Besonders der Stich an der Handinnenfl\u00e4che nervte mich auch noch die n\u00e4chsten 2 N\u00e4chte und Tage.)<\/p>\n<p>Auch die Schuhe waren, wie <a href=\"http:\/\/blog.inmontanis.info\/?p=6904\">[&#8230;]<\/a><\/p>\n","protected":false},"author":1,"featured_media":0,"comment_status":"closed","ping_status":"closed","sticky":false,"template":"","format":"standard","meta":{"footnotes":""},"categories":[184,677,19,30],"tags":[45,47,86],"class_list":["post-6904","post","type-post","status-publish","format-standard","hentry","category-2021-01-skandinavien","category-funasdalsberget","category-schwedensweden","category-wandern","tag-see","tag-sl","tag-wasserfall","odd"],"_links":{"self":[{"href":"http:\/\/blog.inmontanis.info\/index.php?rest_route=\/wp\/v2\/posts\/6904","targetHints":{"allow":["GET"]}}],"collection":[{"href":"http:\/\/blog.inmontanis.info\/index.php?rest_route=\/wp\/v2\/posts"}],"about":[{"href":"http:\/\/blog.inmontanis.info\/index.php?rest_route=\/wp\/v2\/types\/post"}],"author":[{"embeddable":true,"href":"http:\/\/blog.inmontanis.info\/index.php?rest_route=\/wp\/v2\/users\/1"}],"replies":[{"embeddable":true,"href":"http:\/\/blog.inmontanis.info\/index.php?rest_route=%2Fwp%2Fv2%2Fcomments&post=6904"}],"version-history":[{"count":2,"href":"http:\/\/blog.inmontanis.info\/index.php?rest_route=\/wp\/v2\/posts\/6904\/revisions"}],"predecessor-version":[{"id":6906,"href":"http:\/\/blog.inmontanis.info\/index.php?rest_route=\/wp\/v2\/posts\/6904\/revisions\/6906"}],"wp:attachment":[{"href":"http:\/\/blog.inmontanis.info\/index.php?rest_route=%2Fwp%2Fv2%2Fmedia&parent=6904"}],"wp:term":[{"taxonomy":"category","embeddable":true,"href":"http:\/\/blog.inmontanis.info\/index.php?rest_route=%2Fwp%2Fv2%2Fcategories&post=6904"},{"taxonomy":"post_tag","embeddable":true,"href":"http:\/\/blog.inmontanis.info\/index.php?rest_route=%2Fwp%2Fv2%2Ftags&post=6904"}],"curies":[{"name":"wp","href":"https:\/\/api.w.org\/{rel}","templated":true}]}}