{"id":6901,"date":"2021-06-20T18:19:58","date_gmt":"2021-06-20T16:19:58","guid":{"rendered":"http:\/\/blog.inmontanis.info\/?p=6901"},"modified":"2023-08-05T12:34:00","modified_gmt":"2023-08-05T10:34:00","slug":"ljungdalen-flatruet-18-20-6-2021","status":"publish","type":"post","link":"http:\/\/blog.inmontanis.info\/?p=6901","title":{"rendered":"Ljungdalen\/Flatruet, 18.-20.6.2021"},"content":{"rendered":"<p><strong>18.6.2021<\/strong><\/p>\n<p>Abends noch recht warm, daher schlecht eingeschlafen. Paar Regenschauer nachts sorgten f\u00fcr Abk\u00fchlung, aber auch wach werden. Der Tag begann dann zur Abwechslung mal mit Nebel hier oben am Hoverberget.<\/p>\n<p>Ratet mal, was f\u00fcr Wetter am WE gemeldet wird, wenn ich mal wieder tiefer in die Berge fahre? Richtig: kalt und regnerisch&#8230;<\/p>\n<p>Mittags Einkaufen im ICA-Supermarkt in Svenstavik und nebendran in einem t\u00fcrkischen Imbiss nahm ich mir eine Falafelrulle und (endlich mal gesehen) ein st\u00fcck Baklava mit. War durchaus lecker und nicht scharf.<\/p>\n<p><a href='http:\/\/extra.inmontanis.info\/d\/64577-2\/DSC02463.jpg'><img src=http:\/\/extra.inmontanis.info\/d\/64576-3\/DSC02463.jpg \/><\/a><br \/>\n^ Falafelrulle und Baklava<\/p>\n<p>Bevor es dann nach Ljungdalen ging, hab ichs &#8220;endlich getan&#8221;: eine E-Mail an Gesundaberget geschrieben, ob ich eine H\u00e4lfte von den ungen\u00fctzten Doppelsesseln haben k\u00f6nnte, falls die nicht mehr verwendet w\u00fcrden. Ab n\u00e4chstem WE soll lt.Homepage der Lift in Betrieb gehen, das w\u00fcrde ja ganz gut passen. Dann mal abwarten, ob und was sie antworten &#8230;<\/p>\n<p>Da heute das Wetter  nachmittags in Ljungdalen noch am besten + w\u00e4rmsten werden soll (falls der Wetterbricht mal stimmt und im Vgl. zu den n\u00e4chsten 2-3 Tagen) fuhr ich heut noch den weiten Weg nach Ljungdalen und zum Fj\u00e4lliften rauf, falls es da doch noch ein nahes + brauchbares Schneefeld g\u00e4be.<\/p>\n<p><a href='http:\/\/extra.inmontanis.info\/d\/64581-2\/DSC02466.jpg'><img src=http:\/\/extra.inmontanis.info\/d\/64580-3\/DSC02466.jpg \/><\/a><br \/>\n^ Ljungdalen<\/p>\n<p>Im Ort angekommen und raufgesehen, sah das doch wieder etwas zweifelhafter aus. Am Liftparkplatz waren es nur noch 10\u00b0 (im Vgl. zu 18\u00b0 heute Mittag in Svenstavik), paar blaue Flecke am Himmel und starker Wind. <\/p>\n<p>Die ersten beiden St\u00fctzen m\u00fcsste man zu Fu\u00df rauf und runter, dann kommt ein kleines Schneefeld, eine Querung mit halbwegs durchg\u00e4ngig Schnee und dann ein etwas gr\u00f6\u00dferes (aber immer noch eher kleines) und steilers Schneefeld &#8211; das schien mir auch von der Erinnerung her allerdings schon recht steil und mir ist unklar, wie ich da in dem Steilhang die Felle von den Skiern runtertun und verstauen sollte&#8230; dr\u00fcber im schneefreien geht auch nicht, weil es dort ja noch steiler ist &#8230; und alternativ Ski am Rucksack montiert d\u00fcrfte auch schwierig runterzutun sein.<\/p>\n<p><a href='http:\/\/ski.inmontanis.info\/d\/296472-2\/DSC02472.jpg'><img src=http:\/\/ski.inmontanis.info\/d\/296471-3\/DSC02472.jpg \/><\/a><br \/>\n^ Blick ins Skigebiet Ljungdalen &#8211; Fj\u00e4lliften. April 2019 war ich hier mal einen Tag Ski fahren.<\/p>\n<p><a href='http:\/\/ski.inmontanis.info\/d\/296476-2\/DSC02475.jpg'><img src=http:\/\/ski.inmontanis.info\/d\/296475-3\/DSC02475.jpg \/><\/a><br \/>\n^ Alte Ski<\/p>\n<p><a href='http:\/\/ski.inmontanis.info\/d\/296480-2\/DSC02476.jpg'><img src=http:\/\/ski.inmontanis.info\/d\/296479-3\/DSC02476.jpg \/><\/a><br \/>\n^ Alte Ski<\/p>\n<p><a href='http:\/\/ski.inmontanis.info\/d\/296484-2\/DSC02477.jpg'><img src=http:\/\/ski.inmontanis.info\/d\/296483-3\/DSC02477.jpg \/><\/a><br \/>\n^ Die Schneefelder sind doch k\u00fcrzer und weiter oben als angenommen<\/p>\n<p><a href='http:\/\/ski.inmontanis.info\/d\/296488-2\/DSC02480.jpg'><img src=http:\/\/ski.inmontanis.info\/d\/296487-3\/DSC02480.jpg \/><\/a><br \/>\n^ Liftreste<\/p>\n<p>Sp\u00e4ter war ein Wanderer zu Fu\u00df in dem steileren Schneefeld, der sah riesig aus &#8211; bzw. hei\u00dft das, dass das Schneefeld doch weniger hoch ist, als es aussieht. Als sp\u00e4ter mal die Sonne auf das Schneefeld schien, sah das zudem sehr stark nach &#8220;Eierkartonschnee&#8221; aus. Und wenn man das von unten schon so gut sieht &#8230;.<\/p>\n<p>Kurz gesagt, ich hab es nicht ausprobiert, das war mir zu nervig alles mit den Ski und Schuhe rausfriemeln etc. etc. f\u00fcr das in Summe doch eher kurze Skivergn\u00fcgen.<\/p>\n<p>W\u00e4hrend abends die Sonne da war, konnte ich das Fenster noch ge\u00f6ffnet vertragen, aber sp\u00e4ter am Abend war auch die Fu\u00dfheizung wieder angenehm. <\/p>\n<p><strong>19.6.2021<\/strong><\/p>\n<p>Heut gings noch kurz zum anderen Skigebiet in Ljungdalen mit der 3SB, das hatte ich aufgrund der eingeschr\u00e4nkten Betriebszeiten im Winter ja leider nicht geschafft. Die 3SB f\u00e4hrt auch im Sommer nicht &#8211; sonst w\u00e4r ich am WE mal raufgefahren. \u00dcberraschenderweise gibt&#8217;s hier sogar noch einen zweiten Lift, einen flachen SSL unterhalb der 3SB.<\/p>\n<p>Die Lifte in T\u00e4nndalen und Fun\u00e4sdalen sind auch erst ab 1.7. in Betrieb, so dass ich nicht morgen schon auf der anderen Seite der Flatruet-Stra\u00dfe sein m\u00fcsste. <\/p>\n<p><a href='http:\/\/ski.inmontanis.info\/d\/296492-2\/DSC02491.jpg'><img src=http:\/\/ski.inmontanis.info\/d\/296491-3\/DSC02491.jpg \/><\/a><br \/>\n^ Unter der 3SB gibts noch einen SSL<\/p>\n<p><a href='http:\/\/ski.inmontanis.info\/d\/296496-2\/DSC02492.jpg'><img src=http:\/\/ski.inmontanis.info\/d\/296495-3\/DSC02492.jpg \/><\/a><br \/>\n^ Parkplatz und 3SB<\/p>\n<p><a href='http:\/\/ski.inmontanis.info\/d\/296500-2\/DSC02493.jpg'><img src=http:\/\/ski.inmontanis.info\/d\/296499-3\/DSC02493.jpg \/><\/a><br \/>\n^ Pistenplan<\/p>\n<p><a href='http:\/\/ski.inmontanis.info\/d\/296504-2\/DSC02494.jpg'><img src=http:\/\/ski.inmontanis.info\/d\/296503-3\/DSC02494.jpg \/><\/a><br \/>\n^ 3SB<\/p>\n<p>Im kleinen, lokalen ICA n\u00e4ra Supermarkt schaute ich auch vorbei, interessanterweise sind nicht alle ICA n\u00e4ra, weit entfernt von den gr\u00f6\u00dferen Orten liegend, immer und in allem viel teurer, teilweise sind manche Sachen sogar g\u00fcnstiger als in normalen, gr\u00f6\u00dferen ICA-Superm\u00e4rkten.<\/p>\n<p>Im Tiefk\u00fchlfach sah ich eine Pizza, die anscheinend halbwegs lokal von einer Pizzeria gemacht wird, mit ger\u00e4uchertem Elchfleisch und Pfifferlingen. Da ist dann wohl auch der Preis von ca. 9,- \u20ac gerechtfertigt. Dann muss das gestern gekaufte TK-Fischgratin in der K\u00fchlbox halt noch bis morgen aushalten&#8230;<\/p>\n<p><a href='http:\/\/extra.inmontanis.info\/d\/64585-2\/DSC02496.jpg'><img src=http:\/\/extra.inmontanis.info\/d\/64584-3\/DSC02496.jpg \/><\/a><br \/>\n^ Lokal produzierte Tiefk\u00fchl-Pizza mit ger\u00e4uchtertem Elchfleisch und Pfifferlingen<\/p>\n<p><a href='http:\/\/extra.inmontanis.info\/d\/64589-2\/DSC02498_001.jpg'><img src=http:\/\/extra.inmontanis.info\/d\/64588-3\/DSC02498_001.jpg \/><\/a><br \/>\n^ Karton dr\u00fcber hilft, auch die Pizza von oben mehr zu erw\u00e4rmen<\/p>\n<p><a href='http:\/\/extra.inmontanis.info\/d\/64593-2\/DSC02500.jpg'><img src=http:\/\/extra.inmontanis.info\/d\/64592-3\/DSC02500.jpg \/><\/a><\/p>\n<p>Naja, ehrlich gesagt, eine italienische Salsiccia-Pizza schmeckt mir besser :)<\/p>\n<p>Nachmittags nur 10\u00b0C und auch mal st\u00e4rkerer Regen. Nicht, dass ich das Wetter sonderlich m\u00f6gen w\u00fcrde .. aber lieber als Sonne bei 30-35\u00b0 ist mir das dann auch wieder.<\/p>\n<p><a href='http:\/\/extra.inmontanis.info\/d\/64597-2\/DSC02504_001.jpg'><img src=http:\/\/extra.inmontanis.info\/d\/64596-3\/DSC02504_001.jpg \/><\/a><br \/>\n^ Abendliche Bastelstunde. Hab das eine Teil der neuen Unterlage also rausgenommen und zugeschnitten<\/p>\n<p><a href='http:\/\/extra.inmontanis.info\/d\/64601-2\/DSC02505.jpg'><img src=http:\/\/extra.inmontanis.info\/d\/64600-3\/DSC02505.jpg \/><\/a><br \/>\n^ .. und die alten Lagen dr\u00fcber erh\u00f6ht nat\u00fcrlich die Gesamth\u00f6he im Vgl. zum Brett-Bereich, aber dr\u00fcckt sich auch leichter runter.<\/p>\n<p><a href='http:\/\/extra.inmontanis.info\/d\/64605-2\/DSC02506.jpg'><img src=http:\/\/extra.inmontanis.info\/d\/64604-3\/DSC02506.jpg \/><\/a><br \/>\n^ Relativ dicke H\u00fclle, vielleicht kann ich die mal f\u00fcr was anderes verwenden.<\/p>\n<p>Nachdem ich aus Kostengr\u00fcnden ja nun fast ein halbes Jahr lang mit Kreditkarte hier in Schweden gezahlt hab (ist einfach g\u00fcnstiger, als Bargeld  abzuheben, wobei man ein bisschen hier und da doch braucht, falls man nicht mit Karte zahlen kann), bin ich echt mal gespannt, ob ich in den Eurol\u00e4ndern wieder auf Bargeld umsteige &#8230; war ja zuvor eigentlich kein sonderlicher Fan von Kartenzahlungen ..<\/p>\n<p><strong>20.6.2021<\/strong><\/p>\n<p>Am Flaturet oben gab&#8217;s heut keine Ausreden f\u00fcr eine Wanderung &#8211; ideale Temperaturen daf\u00fcr (10\u00b0 und keine Sonne) und kein Regen gemeldet. War zetiweise aber etwas nass, der Untergrund, so dass ich abends nasse Schuhe und Str\u00fcmpfe hatte, obwohl ich versucht hab, die n\u00e4sseren Stellen zu vermeiden oder dr\u00fcberzusteigen. Na, genug Sport f\u00fcr die n\u00e4chsten Tage ;)<\/p>\n<p><a href='http:\/\/extra.inmontanis.info\/d\/64609-2\/DSC02509.jpg'><img src=http:\/\/extra.inmontanis.info\/d\/64608-3\/DSC02509.jpg \/><\/a><br \/>\n^ Nat\u00fcrliche Erosion oder ehemaliger Steinbruch?!<\/p>\n<p><a href='http:\/\/extra.inmontanis.info\/d\/64613-2\/DSC02516_001.jpg'><img src=http:\/\/extra.inmontanis.info\/d\/64612-3\/DSC02516_001.jpg \/><\/a><br \/>\n^ Flatruetv\u00e4gen<\/p>\n<p><a href='http:\/\/extra.inmontanis.info\/d\/64617-2\/DSC02523.jpg'><img src=http:\/\/extra.inmontanis.info\/d\/64616-3\/DSC02523.jpg \/><\/a><br \/>\n^ Flatruetv\u00e4gen<\/p>\n<p><a href='http:\/\/extra.inmontanis.info\/d\/64621-2\/DSC02526.jpg'><img src=http:\/\/extra.inmontanis.info\/d\/64620-3\/DSC02526.jpg \/><\/a><br \/>\n^ Flatruet<\/p>\n<p><a href='http:\/\/extra.inmontanis.info\/d\/64625-2\/DSC02527.jpg'><img src=http:\/\/extra.inmontanis.info\/d\/64624-3\/DSC02527.jpg \/><\/a><br \/>\n^ Flatruet, h\u00f6chster Punkt der Stra\u00dfe<\/p>\n<p><a href='http:\/\/extra.inmontanis.info\/d\/64629-2\/DSC02528.jpg'><img src=http:\/\/extra.inmontanis.info\/d\/64628-3\/DSC02528.jpg \/><\/a><br \/>\n^ Flatruetv\u00e4gen<\/p>\n<p><a href='http:\/\/extra.inmontanis.info\/d\/64633-2\/DSC02532.jpg'><img src=http:\/\/extra.inmontanis.info\/d\/64632-3\/DSC02532.jpg \/><\/a><br \/>\n^ <\/p>\n<p><a href='http:\/\/extra.inmontanis.info\/d\/64637-2\/DSC02535_001.jpg'><img src=http:\/\/extra.inmontanis.info\/d\/64636-3\/DSC02535_001.jpg \/><\/a><br \/>\n^ 975 m \u00f6 h<br \/>\n31 Juli 1938<br \/>\ninvigdes denna v\u00e4g<\/p>\n<p><a href='http:\/\/extra.inmontanis.info\/d\/64641-2\/DSC02537.jpg'><img src=http:\/\/extra.inmontanis.info\/d\/64640-3\/DSC02537.jpg \/><\/a><br \/>\n^ Ein Wanderweg scheint auf den rechten der beiden H\u00fcgel da hinten zu gehen.<\/p>\n<p><a href='http:\/\/extra.inmontanis.info\/d\/64645-2\/DSC02539_001.jpg'><img src=http:\/\/extra.inmontanis.info\/d\/64644-3\/DSC02539_001.jpg \/><\/a><br \/>\n^ R\u00fcckblick zum Parkplatz<\/p>\n<p><a href='http:\/\/extra.inmontanis.info\/d\/64649-2\/DSC02544.jpg'><img src=http:\/\/extra.inmontanis.info\/d\/64648-3\/DSC02544.jpg \/><\/a><br \/>\n^ Ab hier wird der Wanderweg leider schwieriger und n\u00e4sser<\/p>\n<p><a href='http:\/\/extra.inmontanis.info\/d\/64653-2\/DSC02545_001.jpg'><img src=http:\/\/extra.inmontanis.info\/d\/64652-3\/DSC02545_001.jpg \/><\/a><br \/>\n^ .. da musste man sich halt Wege drumrum suchen<\/p>\n<p><a href='http:\/\/extra.inmontanis.info\/d\/64657-2\/DSC02548.jpg'><img src=http:\/\/extra.inmontanis.info\/d\/64656-3\/DSC02548.jpg \/><\/a><br \/>\n^ Steinh\u00fcpfen geht auch manchmal<\/p>\n<p><a href='http:\/\/extra.inmontanis.info\/d\/64661-2\/DSC02549.jpg'><img src=http:\/\/extra.inmontanis.info\/d\/64660-3\/DSC02549.jpg \/><\/a><br \/>\n^ Umweg am See entlang<\/p>\n<p><a href='http:\/\/extra.inmontanis.info\/d\/64665-2\/DSC02552.jpg'><img src=http:\/\/extra.inmontanis.info\/d\/64664-3\/DSC02552.jpg \/><\/a><br \/>\n^ Wieder auf dem Wanderweg und endlich zum H\u00fcgel hinauf, Blick zum Parkplatz in Bildmitte<\/p>\n<p><a href='http:\/\/extra.inmontanis.info\/d\/64669-2\/DSC02554.jpg'><img src=http:\/\/extra.inmontanis.info\/d\/64668-3\/DSC02554.jpg \/><\/a><br \/>\n^ R\u00fcckseitenpano vom H\u00fcgel<\/p>\n<p><a href='http:\/\/extra.inmontanis.info\/d\/64673-2\/DSC02556.jpg'><img src=http:\/\/extra.inmontanis.info\/d\/64672-3\/DSC02556.jpg \/><\/a><br \/>\n^ R\u00fcckseitenpano vom H\u00fcgel<\/p>\n<p><a href='http:\/\/extra.inmontanis.info\/d\/64677-2\/DSC02559.jpg'><img src=http:\/\/extra.inmontanis.info\/d\/64676-3\/DSC02559.jpg \/><\/a><br \/>\n^ R\u00fcckseitenpano vom H\u00fcgel<\/p>\n<p><a href='http:\/\/extra.inmontanis.info\/d\/64681-2\/DSC02563.jpg'><img src=http:\/\/extra.inmontanis.info\/d\/64680-3\/DSC02563.jpg \/><\/a><br \/>\n^ Flatruetv\u00e4gen richtung Fun\u00e4sdalen<\/p>\n<p><a href='http:\/\/extra.inmontanis.info\/d\/64685-2\/DSC02565.jpg'><img src=http:\/\/extra.inmontanis.info\/d\/64684-3\/DSC02565.jpg \/><\/a><br \/>\n^ Flatruetv\u00e4gen wieder retour<\/p>\n<p><a href='http:\/\/extra.inmontanis.info\/d\/64689-2\/DSC02568.jpg'><img src=http:\/\/extra.inmontanis.info\/d\/64688-3\/DSC02568.jpg \/><\/a><br \/>\n^ Flatruetv\u00e4gen richtung Ljungdalen<\/p>\n<p><a href='http:\/\/extra.inmontanis.info\/d\/64693-2\/DSC02573.jpg'><img src=http:\/\/extra.inmontanis.info\/d\/64692-3\/DSC02573.jpg \/><\/a><br \/>\n^ Ljungdalen<\/p>\n<p>Zum \u00dcbernachten hatte es mir am gro\u00dfen Parkplatz oben auf der Passh\u00f6he leider zu schlechten Handyempfang, daher blieb ich etwas unterhalb, aber noch im baumlosen Gel\u00e4nde, auch wenn man da etwas n\u00e4her an der Stra\u00dfe stand.<\/p>\n<p><a href='http:\/\/extra.inmontanis.info\/d\/64697-2\/DSC02574.jpg'><img src=http:\/\/extra.inmontanis.info\/d\/64696-3\/DSC02574.jpg \/><\/a><br \/>\n^ Abendessen: Fischgratin. Nat\u00fcrlich nicht als Gratin erhitzt, sondern alles in den Topf und warmmachen.<\/p>\n<p>Abends und nachts regnete es wieder zeitweise, was aber kein Nachteil ist, weil dadurch der Verkehr weniger und leiser ist. Wobei die meisten Schweden hier V\u00f6gelbeobachter und &#8211; fotografierer zu sein scheinen.<\/p>\n","protected":false},"excerpt":{"rendered":"<p>18.6.2021<\/p>\n<p>Abends noch recht warm, daher schlecht eingeschlafen. Paar Regenschauer nachts sorgten f\u00fcr Abk\u00fchlung, aber auch wach werden. Der Tag begann dann zur Abwechslung mal mit Nebel hier oben am Hoverberget.<\/p>\n<p>Ratet mal, was f\u00fcr Wetter am WE gemeldet wird, wenn ich mal wieder tiefer in die Berge fahre? Richtig: kalt und regnerisch&#8230;<\/p>\n<p>Mittags Einkaufen <a href=\"http:\/\/blog.inmontanis.info\/?p=6901\">[&#8230;]<\/a><\/p>\n","protected":false},"author":1,"featured_media":0,"comment_status":"closed","ping_status":"closed","sticky":false,"template":"","format":"standard","meta":{"footnotes":""},"categories":[184,646,19,30],"tags":[],"class_list":["post-6901","post","type-post","status-publish","format-standard","hentry","category-2021-01-skandinavien","category-ljungdalen","category-schwedensweden","category-wandern","odd"],"_links":{"self":[{"href":"http:\/\/blog.inmontanis.info\/index.php?rest_route=\/wp\/v2\/posts\/6901","targetHints":{"allow":["GET"]}}],"collection":[{"href":"http:\/\/blog.inmontanis.info\/index.php?rest_route=\/wp\/v2\/posts"}],"about":[{"href":"http:\/\/blog.inmontanis.info\/index.php?rest_route=\/wp\/v2\/types\/post"}],"author":[{"embeddable":true,"href":"http:\/\/blog.inmontanis.info\/index.php?rest_route=\/wp\/v2\/users\/1"}],"replies":[{"embeddable":true,"href":"http:\/\/blog.inmontanis.info\/index.php?rest_route=%2Fwp%2Fv2%2Fcomments&post=6901"}],"version-history":[{"count":2,"href":"http:\/\/blog.inmontanis.info\/index.php?rest_route=\/wp\/v2\/posts\/6901\/revisions"}],"predecessor-version":[{"id":6903,"href":"http:\/\/blog.inmontanis.info\/index.php?rest_route=\/wp\/v2\/posts\/6901\/revisions\/6903"}],"wp:attachment":[{"href":"http:\/\/blog.inmontanis.info\/index.php?rest_route=%2Fwp%2Fv2%2Fmedia&parent=6901"}],"wp:term":[{"taxonomy":"category","embeddable":true,"href":"http:\/\/blog.inmontanis.info\/index.php?rest_route=%2Fwp%2Fv2%2Fcategories&post=6901"},{"taxonomy":"post_tag","embeddable":true,"href":"http:\/\/blog.inmontanis.info\/index.php?rest_route=%2Fwp%2Fv2%2Ftags&post=6901"}],"curies":[{"name":"wp","href":"https:\/\/api.w.org\/{rel}","templated":true}]}}