{"id":6898,"date":"2021-06-17T20:12:28","date_gmt":"2021-06-17T18:12:28","guid":{"rendered":"http:\/\/blog.inmontanis.info\/?p=6898"},"modified":"2024-06-02T21:41:14","modified_gmt":"2024-06-02T19:41:14","slug":"hoverberget-turm-grotte-mickelbacken-seilfahre-17-6-2021","status":"publish","type":"post","link":"http:\/\/blog.inmontanis.info\/?p=6898","title":{"rendered":"Hoverberget \/ Turm \/ Grotte \/ Mickelbacken \/ Seilf\u00e4hre, 17.6.2021"},"content":{"rendered":"<p><strong>17.6.2021<\/strong><\/p>\n<p>Nachdem die Seilf\u00e4hre gestern das Seil ja anscheinend nur als F\u00fchrung verwendet hatte, k\u00f6nnte es in der &#8220;N\u00e4he&#8221; &#8211; naja, ca. 100 km in die falsche Richtung, vielleicht eine Seilf\u00e4hre geben, die auch das Seil irgendwie im Antrieb verwendet.<\/p>\n<p>Erst gab es aber noch zwei Ziele hier oben am Hoverberget, nochmals auf den Aussichtsturm, weil heut besseres Wetter als gestern Abend war, und die Hoverbergsgrottan, die zwar ca. 7,- \u20ac kostet (10-20h ge\u00f6ffnet), aber einen H\u00f6hlenbesuch hatte ich ja auch schon lang nicht mehr.<\/p>\n<p>Der Weg zur Grotte war voller M\u00fccken &#8211; gut, dass ich mir vor ein paar Tagen ein Autan-Spray gekauft hab. Das hatte ich, glaub ich zumindest, nicht mitgenommen, da ich ja urspr\u00fcnglich nur maximal bis Ende April \/ Anfang Mai in Schweden bleiben wollte.<\/p>\n<p><a href='http:\/\/extra.inmontanis.info\/d\/64245-2\/DSC02339.jpg'><img src=http:\/\/extra.inmontanis.info\/d\/64244-3\/DSC02339.jpg \/><\/a><br \/>\n^ Pano vom Aussichtsturm<\/p>\n<p><a href='http:\/\/extra.inmontanis.info\/d\/64249-2\/DSC02341.jpg'><img src=http:\/\/extra.inmontanis.info\/d\/64248-3\/DSC02341.jpg \/><\/a><br \/>\n^ Pano vom Aussichtsturm (Storsj\u00f6n)<\/p>\n<p><a href='http:\/\/extra.inmontanis.info\/d\/64253-2\/DSC02340.jpg'><img src=http:\/\/extra.inmontanis.info\/d\/64252-3\/DSC02340.jpg \/><\/a><br \/>\n^ Pano vom Aussichtsturm (Storsj\u00f6n)<\/p>\n<p><a href='http:\/\/extra.inmontanis.info\/d\/64257-2\/DSC04311.jpg'><img src=http:\/\/extra.inmontanis.info\/d\/64256-3\/DSC04311.jpg \/><\/a><br \/>\n^ Pano vom Aussichtsturm (Storsj\u00f6n) (IR)<\/p>\n<p><a href='http:\/\/extra.inmontanis.info\/d\/64261-2\/DSC04312.jpg'><img src=http:\/\/extra.inmontanis.info\/d\/64260-3\/DSC04312.jpg \/><\/a><br \/>\n^ Pano vom Aussichtsturm (Storsj\u00f6n) (IR)<\/p>\n<p><a href='http:\/\/extra.inmontanis.info\/d\/64265-2\/DSC02344.jpg'><img src=http:\/\/extra.inmontanis.info\/d\/64264-3\/DSC02344.jpg \/><\/a><br \/>\n^ Infotafel zur Hoverbergsgrottan<\/p>\n<p><a href='http:\/\/extra.inmontanis.info\/d\/64269-2\/DSC02345.jpg'><img src=http:\/\/extra.inmontanis.info\/d\/64268-3\/DSC02345.jpg \/><\/a><br \/>\n^ Deutsche Beschreibung zur Hoverbergsgrottan<\/p>\n<p><a href='http:\/\/extra.inmontanis.info\/d\/64273-2\/DSC02347.jpg'><img src=http:\/\/extra.inmontanis.info\/d\/64272-3\/DSC02347.jpg \/><\/a><br \/>\n^ Aufgang zur H\u00f6hle (R\u00fcckblick)<\/p>\n<p><a href='http:\/\/extra.inmontanis.info\/d\/64277-2\/DSC02350.jpg'><img src=http:\/\/extra.inmontanis.info\/d\/64276-3\/DSC02350.jpg \/><\/a><br \/>\n^ Aufgang zur H\u00f6hle. Direkt am Ende der Treppe gab es pl\u00f6tzlich einen kalten Luftzug.<\/p>\n<p><a href='http:\/\/extra.inmontanis.info\/d\/64281-2\/DSC02353.jpg'><img src=http:\/\/extra.inmontanis.info\/d\/64280-3\/DSC02353.jpg \/><\/a><br \/>\n^ Aufgang zur H\u00f6hle<\/p>\n<p><a href='http:\/\/extra.inmontanis.info\/d\/64285-2\/DSC02354.jpg'><img src=http:\/\/extra.inmontanis.info\/d\/64284-3\/DSC02354.jpg \/><\/a><br \/>\n^ Ein recht niedriger und schmaler  Eingang in die H\u00f6hle<\/p>\n<p><a href='http:\/\/extra.inmontanis.info\/d\/64289-2\/DSC02356.jpg'><img src=http:\/\/extra.inmontanis.info\/d\/64288-3\/DSC02356.jpg \/><\/a><br \/>\n^ Danach folgt noch eine T\u00fcr und im Anschluss eine Treppe<\/p>\n<p><a href='http:\/\/extra.inmontanis.info\/d\/64293-2\/DSC02358.jpg'><img src=http:\/\/extra.inmontanis.info\/d\/64292-3\/DSC02358.jpg \/><\/a><br \/>\n^ Treppe zu einem Schneefeld<\/p>\n<p><a href='http:\/\/extra.inmontanis.info\/d\/64297-2\/DSC02360.jpg'><img src=http:\/\/extra.inmontanis.info\/d\/64296-3\/DSC02360.jpg \/><\/a><br \/>\n^ Durch die \u00d6ffnung ging einst der erste Forscher in die H\u00f6hle\/Grotte<\/p>\n<p><a href='http:\/\/extra.inmontanis.info\/d\/64301-2\/DSC02362.jpg'><img src=http:\/\/extra.inmontanis.info\/d\/64300-3\/DSC02362.jpg \/><\/a><br \/>\n^ Ok, Schnee, sch\u00f6n. Und wie jetzt weiter? Da hinter dem Schneefeld die schmale \u00d6ffnung? Oder ist das jetzt alles, wof\u00fcr ich 7,- \u20ac gezahlt hab??<\/p>\n<p><a href='http:\/\/extra.inmontanis.info\/d\/64305-2\/DSC02363.jpg'><img src=http:\/\/extra.inmontanis.info\/d\/64304-3\/DSC02363.jpg \/><\/a><br \/>\n^ Erst jetzt entdeckte ich die schmale Treppe, die tiefer f\u00fchrt.<\/p>\n<p><a href='http:\/\/extra.inmontanis.info\/d\/64309-2\/DSC02364.jpg'><img src=http:\/\/extra.inmontanis.info\/d\/64308-3\/DSC02364.jpg \/><\/a><br \/>\n^ Allzu breit darf man hier nicht sein. Wobei, dann h\u00e4tte man wohl gar nicht durch den Eingang gek\u00f6nnt ;)<\/p>\n<p><a href='http:\/\/extra.inmontanis.info\/d\/64313-2\/DSC02366.jpg'><img src=http:\/\/extra.inmontanis.info\/d\/64312-3\/DSC02366.jpg \/><\/a><br \/>\n^ Weiter abw\u00e4rts<\/p>\n<p><a href='http:\/\/extra.inmontanis.info\/d\/64317-2\/DSC02367.jpg'><img src=http:\/\/extra.inmontanis.info\/d\/64316-3\/DSC02367.jpg \/><\/a><br \/>\n^ R\u00fcckblick zur gr\u00fcn beleuchteten Treppe<\/p>\n<p><a href='http:\/\/extra.inmontanis.info\/d\/64321-2\/DSC02368.jpg'><img src=http:\/\/extra.inmontanis.info\/d\/64320-3\/DSC02368.jpg \/><\/a><br \/>\n^ Im Inneren der H\u00f6hle<\/p>\n<p><a href='http:\/\/extra.inmontanis.info\/d\/64325-2\/DSC02372.jpg'><img src=http:\/\/extra.inmontanis.info\/d\/64324-3\/DSC02372.jpg \/><\/a><br \/>\n^ <\/p>\n<p><a href='http:\/\/extra.inmontanis.info\/d\/64329-2\/DSC02374.jpg'><img src=http:\/\/extra.inmontanis.info\/d\/64328-3\/DSC02374.jpg \/><\/a><br \/>\n^ Es geht noch ein St\u00fcck weiter<\/p>\n<p><a href='http:\/\/extra.inmontanis.info\/d\/64333-2\/DSC02377.jpg'><img src=http:\/\/extra.inmontanis.info\/d\/64332-3\/DSC02377.jpg \/><\/a><br \/>\n^ Im Inneren der H\u00f6hle<\/p>\n<p><a href='http:\/\/extra.inmontanis.info\/d\/64337-2\/DSC02378.jpg'><img src=http:\/\/extra.inmontanis.info\/d\/64336-3\/DSC02378.jpg \/><\/a><br \/>\n^ Danach kann man noch etwas \u00fcber Felsen am Boden kraxeln. Naja, so lang einem so einer nicht auf den Kopf f\u00e4llt..<\/p>\n<p><a href='http:\/\/extra.inmontanis.info\/d\/64341-2\/DSC02381.jpg'><img src=http:\/\/extra.inmontanis.info\/d\/64340-3\/DSC02381.jpg \/><\/a><br \/>\n^ <\/p>\n<p><a href='http:\/\/extra.inmontanis.info\/d\/64345-2\/DSC02382.jpg'><img src=http:\/\/extra.inmontanis.info\/d\/64344-3\/DSC02382.jpg \/><\/a><br \/>\n^ Ende f\u00fcr unsereins<\/p>\n<p><a href='http:\/\/extra.inmontanis.info\/d\/64349-2\/DSC02383.jpg'><img src=http:\/\/extra.inmontanis.info\/d\/64348-3\/DSC02383.jpg \/><\/a><br \/>\n^ Blick nach oben in Rot und Gr\u00fcn, es tropfte ein wenig.<\/p>\n<p><a href='http:\/\/extra.inmontanis.info\/d\/64353-2\/DSC02385.jpg'><img src=http:\/\/extra.inmontanis.info\/d\/64352-3\/DSC02385.jpg \/><\/a><br \/>\n^ Blick retour, wenn sich die farbigen Lichter ausschalten<\/p>\n<p><a href='http:\/\/extra.inmontanis.info\/d\/64357-2\/DSC02387.jpg'><img src=http:\/\/extra.inmontanis.info\/d\/64356-3\/DSC02387.jpg \/><\/a><br \/>\n^ Blick nach oben in Rot und Gr\u00fcn<\/p>\n<p><a href='http:\/\/extra.inmontanis.info\/d\/64361-2\/DSC02388.jpg'><img src=http:\/\/extra.inmontanis.info\/d\/64360-3\/DSC02388.jpg \/><\/a><br \/>\n^ Weg retour<\/p>\n<p><a href='http:\/\/extra.inmontanis.info\/d\/64365-2\/DSC02389.jpg'><img src=http:\/\/extra.inmontanis.info\/d\/64364-3\/DSC02389.jpg \/><\/a><br \/>\n^ Nochmal richtung Ende geschaut, w\u00e4hrend dort jetzt das rote und gr\u00fcne Licht brennt<\/p>\n<p><a href='http:\/\/extra.inmontanis.info\/d\/64369-2\/DSC02392.jpg'><img src=http:\/\/extra.inmontanis.info\/d\/64368-3\/DSC02392.jpg \/><\/a><br \/>\n^ .. da k\u00f6nnte man so manche K\u00f6rper\u00f6ffnungen sehen, wenn man will ;)<\/p>\n<p><a href='http:\/\/extra.inmontanis.info\/d\/64373-2\/DSC02396.jpg'><img src=http:\/\/extra.inmontanis.info\/d\/64372-3\/DSC02396.jpg \/><\/a><br \/>\n^ Rostiges Gel\u00e4nder<\/p>\n<p><a href='http:\/\/extra.inmontanis.info\/d\/64377-2\/DSC02397.jpg'><img src=http:\/\/extra.inmontanis.info\/d\/64376-3\/DSC02397.jpg \/><\/a><br \/>\n^ R\u00fcckweg<\/p>\n<p><a href='http:\/\/extra.inmontanis.info\/d\/64381-2\/DSC02400.jpg'><img src=http:\/\/extra.inmontanis.info\/d\/64380-3\/DSC02400.jpg \/><\/a><br \/>\n^ <\/p>\n<p><a href='http:\/\/extra.inmontanis.info\/d\/64385-2\/DSC02401.jpg'><img src=http:\/\/extra.inmontanis.info\/d\/64384-3\/DSC02401.jpg \/><\/a><br \/>\n^ <\/p>\n<p><a href='http:\/\/extra.inmontanis.info\/d\/64389-2\/DSC02404.jpg'><img src=http:\/\/extra.inmontanis.info\/d\/64388-3\/DSC02404.jpg \/><\/a><br \/>\n^ H\u00e4tte man mal gleich nichtrostendes Metall gekauft &#8230;<\/p>\n<p><a href='http:\/\/extra.inmontanis.info\/d\/64393-2\/DSC02408.jpg'><img src=http:\/\/extra.inmontanis.info\/d\/64392-3\/DSC02408.jpg \/><\/a><br \/>\n^ Wieder drau\u00dfen aus der H\u00f6hle geht es den Weg wieder hinunter<\/p>\n<p><a href='http:\/\/extra.inmontanis.info\/d\/64397-2\/DSC02410.jpg'><img src=http:\/\/extra.inmontanis.info\/d\/64396-3\/DSC02410.jpg \/><\/a><br \/>\n^ Hinunter durch den Wald<\/p>\n<p>Auf dem Weg zur Seilf\u00e4hre lag das Skigebiet Mickelbacken \/ G\u00e4ll\u00f6, das ich im Winter auslie\u00df. Glaub erst hatten sie zu wenig Schnee und den oberen Lift nicht offen und ob ich danach noch da war, wei\u00df ich nicht mehr. Zwar nur zwei recht kurze Abfahrten, daf\u00fcr steiler und schm\u00e4ler, sah mir heute recht interessant aus. Schade.<\/p>\n<p><a href='http:\/\/ski.inmontanis.info\/d\/296440-2\/DSC02413.jpg'><img src=http:\/\/ski.inmontanis.info\/d\/296438-3\/DSC02413.jpg \/><\/a><br \/>\n^ Das kleine Skigebiet Mickelbacken \/ G\u00e4llo<\/p>\n<p><a href='http:\/\/ski.inmontanis.info\/d\/296444-2\/DSC02415.jpg'><img src=http:\/\/ski.inmontanis.info\/d\/296443-3\/DSC02415.jpg \/><\/a><br \/>\n^ Pistenplan. Weder lang, noch h\u00f6henmeterreich, aber die beiden Abfahrten schauen reltiv schmal und steil aus, also f\u00fcr mich wieder interessant<\/p>\n<p><a href='http:\/\/ski.inmontanis.info\/d\/296448-2\/DSC02416.jpg'><img src=http:\/\/ski.inmontanis.info\/d\/296447-3\/DSC02416.jpg \/><\/a><br \/>\n^ Unterer Lift<\/p>\n<p><a href='http:\/\/ski.inmontanis.info\/d\/296452-2\/DSC02419.jpg'><img src=http:\/\/ski.inmontanis.info\/d\/296451-3\/DSC02419.jpg \/><\/a><br \/>\n^ Unterer Lift<\/p>\n<p><a href='http:\/\/ski.inmontanis.info\/d\/296456-2\/DSC02421.jpg'><img src=http:\/\/ski.inmontanis.info\/d\/296455-3\/DSC02421.jpg \/><\/a><br \/>\n^ Linke Abfahrt<\/p>\n<p><a href='http:\/\/ski.inmontanis.info\/d\/296460-2\/DSC02422.jpg'><img src=http:\/\/ski.inmontanis.info\/d\/296459-3\/DSC02422.jpg \/><\/a><br \/>\n^ Oberer SL<\/p>\n<p><a href='http:\/\/ski.inmontanis.info\/d\/296464-2\/DSC02424.jpg'><img src=http:\/\/ski.inmontanis.info\/d\/296463-3\/DSC02424.jpg \/><\/a><br \/>\n^ Oberer SL<\/p>\n<p><a href='http:\/\/ski.inmontanis.info\/d\/296468-2\/DSC02425.jpg'><img src=http:\/\/ski.inmontanis.info\/d\/296467-3\/DSC02425.jpg \/><\/a><br \/>\n^ Beide Lifte<\/p>\n<p>Danach zu einem Rastplatz und zur Ammer\u00f6leden-Linf\u00e4rja \/ Seilf\u00e4hre. Auch diese f\u00e4hrt alle halbe Stunde, allerdings weit weniger los als bei den gestrigen F\u00e4hren.<\/p>\n<p><a href='http:\/\/extra.inmontanis.info\/d\/64505-2\/DSC02426_001.jpg'><img src=http:\/\/extra.inmontanis.info\/d\/64504-3\/DSC02426_001.jpg \/><\/a><br \/>\n^ \u00dcber diesen Fluss oder See (das ist in Schweden nicht einfach zu erkennen) f\u00fchrt hier gleich die F\u00e4hre Stavre-Ammer (Ammer\u00f6leden)<\/p>\n<p><a href='http:\/\/extra.inmontanis.info\/d\/64509-2\/DSC02429_001.jpg'><img src=http:\/\/extra.inmontanis.info\/d\/64508-3\/DSC02429_001.jpg \/><\/a><br \/>\n^ F\u00e4hre Stavre-Ammer<\/p>\n<p><a href='http:\/\/extra.inmontanis.info\/d\/64513-2\/DSC02430_001.jpg'><img src=http:\/\/extra.inmontanis.info\/d\/64512-3\/DSC02430_001.jpg \/><\/a><br \/>\n^ Infotafel und Fahrplan. F\u00e4hre ist gratis und im Winter eine Eisstra\u00dfe<\/p>\n<p><a href='http:\/\/extra.inmontanis.info\/d\/64517-2\/DSC02431.jpg'><img src=http:\/\/extra.inmontanis.info\/d\/64516-3\/DSC02431.jpg \/><\/a><br \/>\n^ Die F\u00e4hre hat beidseits Seile, wird aber nicht von den Seilen gezogen<\/p>\n<p><a href='http:\/\/extra.inmontanis.info\/d\/64521-2\/DSC02432_001.jpg'><img src=http:\/\/extra.inmontanis.info\/d\/64520-3\/DSC02432_001.jpg \/><\/a><br \/>\n^ <\/p>\n<p><a href='http:\/\/extra.inmontanis.info\/d\/64525-2\/DSC02433.jpg'><img src=http:\/\/extra.inmontanis.info\/d\/64524-3\/DSC02433.jpg \/><\/a><br \/>\n^ Eisstra\u00dfe im Winter<\/p>\n<p><a href='http:\/\/extra.inmontanis.info\/d\/64529-2\/DSC02438.jpg'><img src=http:\/\/extra.inmontanis.info\/d\/64528-3\/DSC02438.jpg \/><\/a><br \/>\n^ Das n\u00f6rdliche Seil dient wohl nur zur F\u00fchrung<\/p>\n<p><a href='http:\/\/extra.inmontanis.info\/d\/64533-2\/DSC02439.jpg'><img src=http:\/\/extra.inmontanis.info\/d\/64532-3\/DSC02439.jpg \/><\/a><br \/>\n^ Am s\u00fcdlichen Seil allerdings bewegt sich die F\u00e4hre fort, das Seil wird wohl in Form eines Omega umgelenkt, so dass es genug Anpressdruck an der angetriebenen Seilscheibe gibt<\/p>\n<p><a href='http:\/\/extra.inmontanis.info\/d\/64537-2\/DSC02440_001.jpg'><img src=http:\/\/extra.inmontanis.info\/d\/64536-3\/DSC02440_001.jpg \/><\/a><br \/>\n^ F\u00e4hre Stavre-Ammer<\/p>\n<p><a href='http:\/\/extra.inmontanis.info\/d\/64541-2\/DSC02441_001.jpg'><img src=http:\/\/extra.inmontanis.info\/d\/64540-3\/DSC02441_001.jpg \/><\/a><br \/>\n^ <\/p>\n<p><a href='http:\/\/extra.inmontanis.info\/d\/64545-2\/DSC02442_001.jpg'><img src=http:\/\/extra.inmontanis.info\/d\/64544-3\/DSC02442_001.jpg \/><\/a><br \/>\n^ Ankunft in Ammer<\/p>\n<p><a href='http:\/\/extra.inmontanis.info\/d\/64549-2\/DSC02443.jpg'><img src=http:\/\/extra.inmontanis.info\/d\/64548-3\/DSC02443.jpg \/><\/a><br \/>\n^ Eisstra\u00dfe im Winter<\/p>\n<p><a href='http:\/\/extra.inmontanis.info\/d\/64553-2\/DSC02444.jpg'><img src=http:\/\/extra.inmontanis.info\/d\/64552-3\/DSC02444.jpg \/><\/a><br \/>\n^ F\u00e4hre Ammer-Stavre<\/p>\n<p>Der F\u00e4hrmann erz\u00e4hlte mir sp\u00e4ter, dass die F\u00e4hre nur ca. 16 Liter Diesel am Tag brauche und man sie evtl. auf elektrisch \/ Batterie umr\u00fcsten m\u00f6chte. Auf die Frage, wie oft man das Seil wechseln m\u00fcsste, sagte er, vielleicht 1x pro Jahr. Ganz sch\u00f6n oft also&#8230; <\/p>\n<p>\u00dcberblickskarte \u00fcber die F\u00e4hren:<br \/>\nwww.trafikverket.se  ..und dann auf &#8220;V\u00e4gf\u00e4rja&#8221;<\/p>\n<p><a href='http:\/\/extra.inmontanis.info\/d\/64557-2\/DSC02448.jpg'><img src=http:\/\/extra.inmontanis.info\/d\/64556-3\/DSC02448.jpg \/><\/a><br \/>\n^ <\/p>\n<p><a href='http:\/\/extra.inmontanis.info\/d\/64561-2\/DSC02451.jpg'><img src=http:\/\/extra.inmontanis.info\/d\/64560-3\/DSC02451.jpg \/><\/a><br \/>\n^ Diese Naturstra\u00dfe lie\u00df sich wieder sch\u00f6n fahren<\/p>\n<p><a href='http:\/\/extra.inmontanis.info\/d\/64565-2\/DSC02453.jpg'><img src=http:\/\/extra.inmontanis.info\/d\/64564-3\/DSC02453.jpg \/><\/a><br \/>\n^ Vorbei an blauen Seen und gr\u00fcnen H\u00fcgeln<\/p>\n<p><a href='http:\/\/extra.inmontanis.info\/d\/64569-2\/DSC02456.jpg'><img src=http:\/\/extra.inmontanis.info\/d\/64568-3\/DSC02456.jpg \/><\/a><br \/>\n^ <\/p>\n<p><a href='http:\/\/extra.inmontanis.info\/d\/64573-2\/DSC02461.jpg'><img src=http:\/\/extra.inmontanis.info\/d\/64572-3\/DSC02461.jpg \/><\/a><br \/>\n^ <\/p>\n<p>Die Temperaturen waren heute um die 20-25\u00b0, somit konnte ich die Klimaanlage gleich gut brauchen.<\/p>\n<p>Sp\u00e4ter am Abend wurde es bedeckter, blieb aber noch recht warm. Um 22:30 waren es noch 20\u00b0 drau\u00dfen lt. Autothermometer, puh. Wird Zeit, dass ich wieder in die windigeren Berge komm :)<\/p>\n","protected":false},"excerpt":{"rendered":"<p>17.6.2021<\/p>\n<p>Nachdem die Seilf\u00e4hre gestern das Seil ja anscheinend nur als F\u00fchrung verwendet hatte, k\u00f6nnte es in der &#8220;N\u00e4he&#8221; &#8211; naja, ca. 100 km in die falsche Richtung, vielleicht eine Seilf\u00e4hre geben, die auch das Seil irgendwie im Antrieb verwendet.<\/p>\n<p>Erst gab es aber noch zwei Ziele hier oben am Hoverberget, nochmals auf den Aussichtsturm, <a href=\"http:\/\/blog.inmontanis.info\/?p=6898\">[&#8230;]<\/a><\/p>\n","protected":false},"author":1,"featured_media":0,"comment_status":"closed","ping_status":"closed","sticky":false,"template":"","format":"standard","meta":{"footnotes":""},"categories":[184,776,928,19,30],"tags":[87,134,90,45,47],"class_list":["post-6898","post","type-post","status-publish","format-standard","hentry","category-2021-01-skandinavien","category-gallo","category-hoverberget","category-schwedensweden","category-wandern","tag-grotteklamm","tag-hohlecave","tag-infrarot","tag-see","tag-sl","odd"],"_links":{"self":[{"href":"http:\/\/blog.inmontanis.info\/index.php?rest_route=\/wp\/v2\/posts\/6898","targetHints":{"allow":["GET"]}}],"collection":[{"href":"http:\/\/blog.inmontanis.info\/index.php?rest_route=\/wp\/v2\/posts"}],"about":[{"href":"http:\/\/blog.inmontanis.info\/index.php?rest_route=\/wp\/v2\/types\/post"}],"author":[{"embeddable":true,"href":"http:\/\/blog.inmontanis.info\/index.php?rest_route=\/wp\/v2\/users\/1"}],"replies":[{"embeddable":true,"href":"http:\/\/blog.inmontanis.info\/index.php?rest_route=%2Fwp%2Fv2%2Fcomments&post=6898"}],"version-history":[{"count":3,"href":"http:\/\/blog.inmontanis.info\/index.php?rest_route=\/wp\/v2\/posts\/6898\/revisions"}],"predecessor-version":[{"id":9902,"href":"http:\/\/blog.inmontanis.info\/index.php?rest_route=\/wp\/v2\/posts\/6898\/revisions\/9902"}],"wp:attachment":[{"href":"http:\/\/blog.inmontanis.info\/index.php?rest_route=%2Fwp%2Fv2%2Fmedia&parent=6898"}],"wp:term":[{"taxonomy":"category","embeddable":true,"href":"http:\/\/blog.inmontanis.info\/index.php?rest_route=%2Fwp%2Fv2%2Fcategories&post=6898"},{"taxonomy":"post_tag","embeddable":true,"href":"http:\/\/blog.inmontanis.info\/index.php?rest_route=%2Fwp%2Fv2%2Ftags&post=6898"}],"curies":[{"name":"wp","href":"https:\/\/api.w.org\/{rel}","templated":true}]}}