{"id":6895,"date":"2021-06-16T18:02:37","date_gmt":"2021-06-16T16:02:37","guid":{"rendered":"http:\/\/blog.inmontanis.info\/?p=6895"},"modified":"2024-06-02T21:41:15","modified_gmt":"2024-06-02T19:41:15","slug":"storsjon-fahren-hoverberget-turm-16-6-2021","status":"publish","type":"post","link":"http:\/\/blog.inmontanis.info\/?p=6895","title":{"rendered":"Storsj\u00f6n F\u00e4hren \/ Hoverberget Turm, 16.6.2021"},"content":{"rendered":"<p><strong>16.6.2021<\/strong><\/p>\n<p>K\u00fchl und regnerisch heute auch in \u00d6stersund, so dass ich vormittags sogar mal wieder die Standheizung eingeschaltet hab.<\/p>\n<p>F\u00e4hren, die zum \u00f6ffentlichen Stra\u00dfennetz geh\u00f6ren, sind in Schweden kostenlos. Das wusste ich. (Manchmal muss man Schweden einfach lieben.) Was ich nicht wusste: Dass die F\u00e4hren im Winter, wenn der See oder Fluss gefroren ist, mit Stra\u00dfen \u00fcber dem Eis ersetzt werden. H\u00e4tte ich das gewusst, w\u00e4re ich da n\u00e4mlich im Winter gefahren. Insbesondere bin ich hier bei \u00d6stersund ja im Januar extra einen Umweg gefahren, weil ich annahm, die F\u00e4hre w\u00e4re damals wegen des zugefrorenen Sees nicht in Betrieb. Nun, so wollte ich jetzt wenigstens mal die eine oder andere F\u00e4hre mitnehmen, auch wenn es f\u00fcr mich vielleicht eher umwegig ist. Aber das vermisst man ja in Schweden doch etwas im Vergleich zu Norwegen (wo man die F\u00e4hren allerdings bezahlen muss, aber da zahl ich lieber f\u00fcr eine F\u00e4hre, als f\u00fcr eine Mautbr\u00fccke).<\/p>\n<p>In \u00d6stersund also mal wieder zu einem Lidl gekommen, das Klimagas hoffentlich nachf\u00fcllen lassen k\u00f6nnen, endlich eine SD-Karte kaufen k\u00f6nnen (mir sind ja einige kaputt gegangen, hatte berichtet) und nochmals nach Schaumstoff \/ Sitzkissen gesucht, da die zwei Lagen Ex-Liegeauflage auf dem Holzgestell zum Sitzen vor dem Tisch zu d\u00fcnn sind bzw. sich zu sehr durchgesetzt haben.<\/p>\n<p>Die Mini-Werkstatt war nicht so einfach zu finden und es konnte gleich erledigt werden. Das Klimagasnachf\u00fcllen war hier allerdings ordentlich teuer wegen des neueren Gases, das hier angeblich 5x so viel kostet wie das alte: 250,- \u20ac !!! Das war dann auch fast 5x so viel, wie ich sonst in Innsbruck zahle! (Und so hoch ist mein Mitarbeiterrabatt da nicht!)<\/p>\n<p>Beim net-on-net-Laden nahm ich mir zus\u00e4tzlich zu einer SD-Karte noch einen kleinen Handstaubsauger mit. Kann man im Auto wohl doch hin und wieder brauchen und mit 50,- \u20ac war der Preis \u00fcberschaubar. <\/p>\n<p>Danach noch zum ersten Mal in einen Jula-Markt gegangen, das Sortiment mit Schwerpunkt Baumarkt, und kaufte mir als Ersatz f\u00fcr meine zu weichen Schaumstoffsitzkissen unter der Matratze im vorderen Bereich eine Mechanikermatte, die schien mir gr\u00f6\u00dfen- und dickenm\u00e4\u00dfig recht brauchbar und mit ca. 30 \u20ac verglichen mit den viel d\u00fcnneren und kleineren Liegen-Auflagen sinnvoller zu sein.<\/p>\n<p>Da ein Sibylla-Imbiss auf dem Weg lag .. mal das Sverigekorven-Meal\/Meny ausprobiert um ca. 7,90 \u20ac.  War eigentlich recht lecker, aber nicht nur die BBQ-Sauce war mir etwas zu scharf, leider&#8230;<\/p>\n<p><a href='http:\/\/extra.inmontanis.info\/d\/64401-2\/IMG_20210616_151449.jpg'><img src=http:\/\/extra.inmontanis.info\/d\/64400-3\/IMG_20210616_151449.jpg \/><\/a><br \/>\n^ Sverigekorven Meal bei Sibylla (Dips inklusive)<\/p>\n<p><a href='http:\/\/extra.inmontanis.info\/d\/64405-2\/DSC02255.jpg'><img src=http:\/\/extra.inmontanis.info\/d\/64404-3\/DSC02255.jpg \/><\/a><br \/>\n^ Mit der Stra\u00dfe \u00fcber eine Zwischeninsel zur Insel Is\u00f6n, danach mit der F\u00e4hre auf Norder\u00f6n<\/p>\n<p><a href='http:\/\/extra.inmontanis.info\/d\/64409-2\/DSC02256.jpg'><img src=http:\/\/extra.inmontanis.info\/d\/64408-3\/DSC02256.jpg \/><\/a><br \/>\n^ Storsj\u00f6n<\/p>\n<p><a href='http:\/\/extra.inmontanis.info\/d\/64413-2\/DSC02257.jpg'><img src=http:\/\/extra.inmontanis.info\/d\/64412-3\/DSC02257.jpg \/><\/a><br \/>\n^ F\u00e4hre Is\u00f6n-Norder\u00f6n<\/p>\n<p><a href='http:\/\/extra.inmontanis.info\/d\/64417-2\/DSC02263.jpg'><img src=http:\/\/extra.inmontanis.info\/d\/64416-3\/DSC02263.jpg \/><\/a><br \/>\n^ F\u00e4hre Is\u00f6n-Norder\u00f6n (kostenlos)<\/p>\n<p><a href='http:\/\/extra.inmontanis.info\/d\/64421-2\/DSC02266.jpg'><img src=http:\/\/extra.inmontanis.info\/d\/64420-3\/DSC02266.jpg \/><\/a><br \/>\n^ Ankunf in Norder\u00f6n<\/p>\n<p><a href='http:\/\/extra.inmontanis.info\/d\/64425-2\/DSC02268.jpg'><img src=http:\/\/extra.inmontanis.info\/d\/64424-3\/DSC02268.jpg \/><\/a><br \/>\n^ F\u00e4hre Is\u00f6n-Norder\u00f6n, hier gibt es auf einer Seite ein Seil, dies dient aber wohl nur zur Spurf\u00fchrung.<\/p>\n<p><a href='http:\/\/extra.inmontanis.info\/d\/64429-2\/DSC02270.jpg'><img src=http:\/\/extra.inmontanis.info\/d\/64428-3\/DSC02270.jpg \/><\/a><br \/>\n^ Storsj\u00f6n<\/p>\n<p><a href='http:\/\/extra.inmontanis.info\/d\/64433-2\/DSC02271.jpg'><img src=http:\/\/extra.inmontanis.info\/d\/64432-3\/DSC02271.jpg \/><\/a><br \/>\n^ F\u00e4hre Is\u00f6n-Norder\u00f6n mit dem Seil<\/p>\n<p><a href='http:\/\/extra.inmontanis.info\/d\/64437-2\/DSC02277.jpg'><img src=http:\/\/extra.inmontanis.info\/d\/64436-3\/DSC02277.jpg \/><\/a><br \/>\n^ F\u00e4hre Is\u00f6n-Norder\u00f6n; die winterliche Eisstra\u00dfe \u00fcber den geforenen See geht links von mir (nicht im Bild)<\/p>\n<p><a href='http:\/\/extra.inmontanis.info\/d\/64441-2\/DSC02278.jpg'><img src=http:\/\/extra.inmontanis.info\/d\/64440-3\/DSC02278.jpg \/><\/a><br \/>\n^ F\u00e4hre Norder\u00f6n-H\u00e5kansta<\/p>\n<p><a href='http:\/\/extra.inmontanis.info\/d\/64445-2\/DSC02279.jpg'><img src=http:\/\/extra.inmontanis.info\/d\/64444-3\/DSC02279.jpg \/><\/a><br \/>\n^ Zu den Schneefeldern auf den Bergen kommt man wohl leider mit keiner Stra\u00dfe hin ..<\/p>\n<p><a href='http:\/\/extra.inmontanis.info\/d\/64449-2\/DSC02283.jpg'><img src=http:\/\/extra.inmontanis.info\/d\/64448-3\/DSC02283.jpg \/><\/a><br \/>\n^ Links die Eisstra\u00dfe, die im Winter \u00fcber den gefrorenen See f\u00fchrt. H\u00e4tte ich das mal im WInter gewusst. Zwischen Eisstra\u00dfe und F\u00e4hrbetrieb gibts wohl auch immer eine gewisse Zeit, wo weder noch m\u00f6glich ist.<\/p>\n<p><a href='http:\/\/extra.inmontanis.info\/d\/64453-2\/DSC02284.jpg'><img src=http:\/\/extra.inmontanis.info\/d\/64452-3\/DSC02284.jpg \/><\/a><br \/>\n^ Insel Norder\u00f6n<\/p>\n<p><a href='http:\/\/extra.inmontanis.info\/d\/64457-2\/DSC02287.jpg'><img src=http:\/\/extra.inmontanis.info\/d\/64456-3\/DSC02287.jpg \/><\/a><br \/>\n^ F\u00e4hre Norder\u00f6n-H\u00e5kansta, f\u00e4hrt etwas l\u00e4nger und ohne Seil<\/p>\n<p><a href='http:\/\/extra.inmontanis.info\/d\/64461-2\/DSC02288.jpg'><img src=http:\/\/extra.inmontanis.info\/d\/64460-3\/DSC02288.jpg \/><\/a><br \/>\n^ Storsj\u00f6n<\/p>\n<p><a href='http:\/\/extra.inmontanis.info\/d\/64465-2\/DSC02291.jpg'><img src=http:\/\/extra.inmontanis.info\/d\/64464-3\/DSC02291.jpg \/><\/a><br \/>\n^ Storsj\u00f6n<\/p>\n<p><a href='http:\/\/extra.inmontanis.info\/d\/64469-2\/DSC02295.jpg'><img src=http:\/\/extra.inmontanis.info\/d\/64468-3\/DSC02295.jpg \/><\/a><br \/>\n^ Storsj\u00f6n<\/p>\n<p><a href='http:\/\/extra.inmontanis.info\/d\/64473-2\/DSC02296.jpg'><img src=http:\/\/extra.inmontanis.info\/d\/64472-3\/DSC02296.jpg \/><\/a><br \/>\n^ Am Storsj\u00f6n noch etwas entlang<\/p>\n<p><a href='http:\/\/extra.inmontanis.info\/d\/64477-2\/DSC02300.jpg'><img src=http:\/\/extra.inmontanis.info\/d\/64476-3\/DSC02300.jpg \/><\/a><br \/>\n^ Den ehemaligen Freizeitpark Fr\u00f6jdholmen nahe \u00d6stersund hatte ich auch wieder angefahren, da hab ich am Parkplatz schon \u00f6fters geschlafen, aber das ist mittlerweile ein Kabellager und ein Wohnwagen stand auch da. Daf\u00fcr war hier der Eingang offen.<\/p>\n<p><a href='http:\/\/extra.inmontanis.info\/d\/64481-2\/DSC02301.jpg'><img src=http:\/\/extra.inmontanis.info\/d\/64480-3\/DSC02301.jpg \/><\/a><br \/>\n^ Naja, viel zu sehen gabs hier nicht.<\/p>\n<p><a href='http:\/\/extra.inmontanis.info\/d\/64485-2\/DSC02302.jpg'><img src=http:\/\/extra.inmontanis.info\/d\/64484-3\/DSC02302.jpg \/><\/a><br \/>\n^ <\/p>\n<p><a href='http:\/\/extra.inmontanis.info\/d\/64489-2\/DSC02303.jpg'><img src=http:\/\/extra.inmontanis.info\/d\/64488-3\/DSC02303.jpg \/><\/a><br \/>\n^ <\/p>\n<p><a href='http:\/\/extra.inmontanis.info\/d\/64189-2\/DSC02305.jpg'><img src=http:\/\/extra.inmontanis.info\/d\/64187-3\/DSC02305.jpg \/><\/a><br \/>\n^ Blick zum Hoverberg \/ Hoverberget, meinem heute alternativen \u00dcbernachtungsplatz<\/p>\n<p><a href='http:\/\/extra.inmontanis.info\/d\/64193-2\/DSC02310.jpg'><img src=http:\/\/extra.inmontanis.info\/d\/64192-3\/DSC02310.jpg \/><\/a><br \/>\n^ Auffahrt ist relativ neu geteert<\/p>\n<p><a href='http:\/\/extra.inmontanis.info\/d\/64197-2\/DSC02311.jpg'><img src=http:\/\/extra.inmontanis.info\/d\/64196-3\/DSC02311.jpg \/><\/a><br \/>\n^ Rechts von der Unterf\u00fchrung\/Br\u00fccke ist der Parkplatz, diese Unterf\u00fchrung selbst war vielleicht fr\u00fcher mal in Verwendung.<\/p>\n<p><a href='http:\/\/extra.inmontanis.info\/d\/64201-2\/DSC02312.jpg'><img src=http:\/\/extra.inmontanis.info\/d\/64200-3\/DSC02312.jpg \/><\/a><br \/>\n^ Parkplatz und restlicher Weg zum Gipfel<\/p>\n<p><a href='http:\/\/extra.inmontanis.info\/d\/64205-2\/DSC02314.jpg'><img src=http:\/\/extra.inmontanis.info\/d\/64204-3\/DSC02314.jpg \/><\/a><br \/>\n^ <\/p>\n<p><a href='http:\/\/extra.inmontanis.info\/d\/64209-2\/DSC02317.jpg'><img src=http:\/\/extra.inmontanis.info\/d\/64208-3\/DSC02317.jpg \/><\/a><br \/>\n^ Am Gipfel gibts auch ein Caf\u00e9 samt H\u00f6henmeterangabe: 548m<\/p>\n<p><a href='http:\/\/extra.inmontanis.info\/d\/64213-2\/DSC02318.jpg'><img src=http:\/\/extra.inmontanis.info\/d\/64212-3\/DSC02318.jpg \/><\/a><br \/>\n^ .. und einen Aussichtsturm. Im Storsj\u00f6n soll es wie am Loch Ness wohl ein Seeungeheuer geben. Ja ne, is klar.<\/p>\n<p><a href='http:\/\/extra.inmontanis.info\/d\/64217-2\/DSC02319.jpg'><img src=http:\/\/extra.inmontanis.info\/d\/64216-3\/DSC02319.jpg \/><\/a><br \/>\n^ Pano vom Aussichtsturm<\/p>\n<p><a href='http:\/\/extra.inmontanis.info\/d\/64221-2\/DSC02321.jpg'><img src=http:\/\/extra.inmontanis.info\/d\/64220-3\/DSC02321.jpg \/><\/a><br \/>\n^ Pano vom Aussichtsturm (Storsj\u00f6n)<\/p>\n<p><a href='http:\/\/extra.inmontanis.info\/d\/64225-2\/DSC02322.jpg'><img src=http:\/\/extra.inmontanis.info\/d\/64224-3\/DSC02322.jpg \/><\/a><br \/>\n^ Pano vom Aussichtsturm<\/p>\n<p><a href='http:\/\/extra.inmontanis.info\/d\/64229-2\/DSC02326.jpg'><img src=http:\/\/extra.inmontanis.info\/d\/64228-3\/DSC02326.jpg \/><\/a><br \/>\n^ Pano vom Aussichtsturm<\/p>\n<p><a href='http:\/\/extra.inmontanis.info\/d\/64233-2\/DSC02330.jpg'><img src=http:\/\/extra.inmontanis.info\/d\/64232-3\/DSC02330.jpg \/><\/a><br \/>\n^ Infotafel<\/p>\n<p><a href='http:\/\/extra.inmontanis.info\/d\/64237-2\/DSC02332.jpg'><img src=http:\/\/extra.inmontanis.info\/d\/64236-3\/DSC02332.jpg \/><\/a><br \/>\n^ Infotafel<\/p>\n<p><a href='http:\/\/extra.inmontanis.info\/d\/64241-2\/DSC02331.jpg'><img src=http:\/\/extra.inmontanis.info\/d\/64240-3\/DSC02331.jpg \/><\/a><br \/>\n^ Info in 3D<\/p>\n<p><a href='http:\/\/extra.inmontanis.info\/d\/64493-2\/DSC02250.jpg'><img src=http:\/\/extra.inmontanis.info\/d\/64492-3\/DSC02250.jpg \/><\/a><br \/>\n^ Schaut bisschen aus wie ein Dildo, ist aber ein Mini-Staubsauger ;)<\/p>\n<p>Erst nach dem Laden (USB-C) entdeckte ich noch eine zweite, st\u00e4rkere Saugstufe. Ist eigentlich schon recht stark, aber trotzdem nur nahe des Rohrs wirksam. <\/p>\n<p>Abends dann diese Mechanikermatte ausprobiert, doppelt gelegt (f\u00fcr die H\u00f6he) war sie mir viel zu hart. Also gemischt probiert, die harte drunter und die alte weicher dr\u00fcber .. leider fast immer noch zu hart :( Aber etwas besser als vorher nat\u00fcrlich. <\/p>\n<p><a href='http:\/\/extra.inmontanis.info\/d\/64497-2\/DSC02336_001.jpg'><img src=http:\/\/extra.inmontanis.info\/d\/64496-3\/DSC02336_001.jpg \/><\/a><br \/>\n^ Diese doppelte Matte k\u00f6nnte man entweder so legen ..<\/p>\n<p><a href='http:\/\/extra.inmontanis.info\/d\/64501-2\/DSC02337.jpg'><img src=http:\/\/extra.inmontanis.info\/d\/64500-3\/DSC02337.jpg \/><\/a><br \/>\n^ .. oder so hin.<\/p>\n<p>Am n\u00e4chsten Tag probierte ich es mit einer Lage Neu und 2 Lagen Alt. Glaub so macht das schon mehr Sinn. Von der H\u00f6he her noch gerade so annehmbar (auch wenn es bei draufgelegter Matratze dann morgens zum Anziehen und manchmal Fr\u00fchst\u00fccken etwas hoch ist), aber weicher als nur mit 1+1 und nicht ganz so hart wie zuvor. <\/p>\n<p>Dazu musste ich die beiden Teile nat\u00fcrlich auseinandertrennen und ich sah dabei die F\u00fcllung: Das ist wohl lediglich so ein billiges, wei\u00dfes Zeug, das normalerweise f\u00fcr Verpackungen verwendet wird. Das erkl\u00e4rt die H\u00e4rte &#8211; aber so etwas h\u00e4tte man ohne diese (Kunst-) Lederschicht dar\u00fcber wohl wesentlich g\u00fcnstiger bis geschenkt bekommen :(<\/p>\n","protected":false},"excerpt":{"rendered":"<p>16.6.2021<\/p>\n<p>K\u00fchl und regnerisch heute auch in \u00d6stersund, so dass ich vormittags sogar mal wieder die Standheizung eingeschaltet hab.<\/p>\n<p>F\u00e4hren, die zum \u00f6ffentlichen Stra\u00dfennetz geh\u00f6ren, sind in Schweden kostenlos. Das wusste ich. (Manchmal muss man Schweden einfach lieben.) Was ich nicht wusste: Dass die F\u00e4hren im Winter, wenn der See oder Fluss gefroren ist, mit <a href=\"http:\/\/blog.inmontanis.info\/?p=6895\">[&#8230;]<\/a><\/p>\n","protected":false},"author":1,"featured_media":0,"comment_status":"closed","ping_status":"closed","sticky":false,"template":"","format":"standard","meta":{"footnotes":""},"categories":[184,928,19],"tags":[45],"class_list":["post-6895","post","type-post","status-publish","format-standard","hentry","category-2021-01-skandinavien","category-hoverberget","category-schwedensweden","tag-see","odd"],"_links":{"self":[{"href":"http:\/\/blog.inmontanis.info\/index.php?rest_route=\/wp\/v2\/posts\/6895","targetHints":{"allow":["GET"]}}],"collection":[{"href":"http:\/\/blog.inmontanis.info\/index.php?rest_route=\/wp\/v2\/posts"}],"about":[{"href":"http:\/\/blog.inmontanis.info\/index.php?rest_route=\/wp\/v2\/types\/post"}],"author":[{"embeddable":true,"href":"http:\/\/blog.inmontanis.info\/index.php?rest_route=\/wp\/v2\/users\/1"}],"replies":[{"embeddable":true,"href":"http:\/\/blog.inmontanis.info\/index.php?rest_route=%2Fwp%2Fv2%2Fcomments&post=6895"}],"version-history":[{"count":3,"href":"http:\/\/blog.inmontanis.info\/index.php?rest_route=\/wp\/v2\/posts\/6895\/revisions"}],"predecessor-version":[{"id":9901,"href":"http:\/\/blog.inmontanis.info\/index.php?rest_route=\/wp\/v2\/posts\/6895\/revisions\/9901"}],"wp:attachment":[{"href":"http:\/\/blog.inmontanis.info\/index.php?rest_route=%2Fwp%2Fv2%2Fmedia&parent=6895"}],"wp:term":[{"taxonomy":"category","embeddable":true,"href":"http:\/\/blog.inmontanis.info\/index.php?rest_route=%2Fwp%2Fv2%2Fcategories&post=6895"},{"taxonomy":"post_tag","embeddable":true,"href":"http:\/\/blog.inmontanis.info\/index.php?rest_route=%2Fwp%2Fv2%2Ftags&post=6895"}],"curies":[{"name":"wp","href":"https:\/\/api.w.org\/{rel}","templated":true}]}}