{"id":6885,"date":"2021-06-15T20:03:54","date_gmt":"2021-06-15T18:03:54","guid":{"rendered":"http:\/\/blog.inmontanis.info\/?p=6885"},"modified":"2023-08-05T16:06:28","modified_gmt":"2023-08-05T14:06:28","slug":"ansatten-akersjon-15-6-2021","status":"publish","type":"post","link":"http:\/\/blog.inmontanis.info\/?p=6885","title":{"rendered":"Ans\u00e4tten \/ \u00c5kersj\u00f6n, 15.6.2021"},"content":{"rendered":"<p><strong>15.6.2021<\/strong><\/p>\n<p>Hab heut zwei mehr-oder-weniger-Skigebiete besuchen wollen. Erstes Zwischenziel war Ans\u00e4tten. Die zwei k\u00fcrzeren Skilifte dort (ca. 230m + 500m lang + 160hm lt. GE) sollten allerdings nicht mehr in Betrieb sein (sonst w\u00e4r ich im Winter vorbei), denn interessant hier ist, dass es keine Stra\u00dfe zu den Liften gibt. Ich vermute, dass es wohl zuletzt einen Scootertransport von der Ortschaft aus gab.<\/p>\n<p>Heute dorthin zu Fu\u00df hingehen war auch so eine Sache &#8230; es regnete n\u00e4mlich immer wieder mal und bei ca. 5km und 200hm w\u00e4r ich da schon einige Zeit unterwegs..  zudem wei\u00df ich nicht, ob der Weg durch ein Sumpfgebiet geht bzw. ob der Weg geplankt ist und ob es eine Br\u00fccke \u00fcber den Fluss gibt usw&#8230;. Jaja, immer diese Bequemlichkeitsausreden, ich wei\u00df&#8230;<\/p>\n<p><a href='http:\/\/extra.inmontanis.info\/d\/64123-2\/DSC02210.jpg'><img src=http:\/\/extra.inmontanis.info\/d\/64122-3\/DSC02210.jpg \/><\/a><br \/>\n^ <\/p>\n<p><a href='http:\/\/extra.inmontanis.info\/d\/64127-2\/DSC02212.jpg'><img src=http:\/\/extra.inmontanis.info\/d\/64126-3\/DSC02212.jpg \/><\/a><br \/>\n^ Bakvattnet<\/p>\n<p><a href='http:\/\/extra.inmontanis.info\/d\/64131-2\/DSC02214.jpg'><img src=http:\/\/extra.inmontanis.info\/d\/64130-3\/DSC02214.jpg \/><\/a><br \/>\n^ Foto vom SL vom wohl stillgelegten Skigebiet Ans\u00e4tten. Lift war wohl recht kurz, ging nat\u00fcrlich nicht bis rauf. Aber Abfahrten\/Gel\u00e4nde sieht ja nicht schlecht aus<\/p>\n<p><a href='http:\/\/extra.inmontanis.info\/d\/64135-2\/DSC02215.jpg'><img src=http:\/\/extra.inmontanis.info\/d\/64134-3\/DSC02215.jpg \/><\/a><br \/>\n^ Gab auch einen zweiten, k\u00fcrzeren, leichteren SL etwas unterhalb, rechts im Bild.<\/p>\n<p><a href='http:\/\/extra.inmontanis.info\/d\/64139-2\/DSC02217.jpg'><img src=http:\/\/extra.inmontanis.info\/d\/64138-3\/DSC02217.jpg \/><\/a><br \/>\n^ Vom Parkplatz hier in Bakvattnet aus startete dann der &#8220;Vesseltrafik&#8221; &#8211; also ca. 4-5km vmtl. am Seil hinter der Pistenraupe oder dem Schneemobil raufgezogen<\/p>\n<p>Das 2. Skigebiet, der SL in \u00c5kersj\u00f6n (ca. 1,3km lang + 200hm lt. GE), war zwangsl\u00e4ufig recht schnell abgehakt, also doch noch weiter bis fast nach \u00d6stersund gefahren.<\/p>\n<p><a href='http:\/\/ski.inmontanis.info\/d\/296418-2\/DSC02218.jpg'><img src=http:\/\/ski.inmontanis.info\/d\/296416-3\/DSC02218.jpg \/><\/a><br \/>\n^ Unweit von Ans\u00e4tten ist \u00c5kersj\u00f6n, dieser Skilift sollte noch in Betrieb sein<\/p>\n<p><a href='http:\/\/ski.inmontanis.info\/d\/296422-2\/DSC02219.jpg'><img src=http:\/\/ski.inmontanis.info\/d\/296421-3\/DSC02219.jpg \/><\/a><br \/>\n^ Talstation und rechte Abfahrt<\/p>\n<p><a href='http:\/\/ski.inmontanis.info\/d\/296426-2\/DSC02220.jpg'><img src=http:\/\/ski.inmontanis.info\/d\/296425-3\/DSC02220.jpg \/><\/a><br \/>\n^ Talstation<\/p>\n<p><a href='http:\/\/ski.inmontanis.info\/d\/296430-2\/DSC02221.jpg'><img src=http:\/\/ski.inmontanis.info\/d\/296429-3\/DSC02221.jpg \/><\/a><br \/>\n^ Ist ein DM-Kurzb\u00fcgler<\/p>\n<p><a href='http:\/\/ski.inmontanis.info\/d\/296434-2\/DSC02223.jpg'><img src=http:\/\/ski.inmontanis.info\/d\/296433-3\/DSC02223.jpg \/><\/a><br \/>\n^ Und das wird der Pistenplan sein<\/p>\n<p><a href='http:\/\/extra.inmontanis.info\/d\/64143-2\/DSC02224.jpg'><img src=http:\/\/extra.inmontanis.info\/d\/64142-3\/DSC02224.jpg \/><\/a><br \/>\n^ <\/p>\n<p><a href='http:\/\/extra.inmontanis.info\/d\/64147-2\/DSC02226.jpg'><img src=http:\/\/extra.inmontanis.info\/d\/64146-3\/DSC02226.jpg \/><\/a><br \/>\n^ <\/p>\n<p><a href='http:\/\/extra.inmontanis.info\/d\/64151-2\/DSC02227.jpg'><img src=http:\/\/extra.inmontanis.info\/d\/64150-3\/DSC02227.jpg \/><\/a><br \/>\n^ Wasserkraftturbine, befindet sich am Rastplatz bei Krokom<\/p>\n<p><a href='http:\/\/extra.inmontanis.info\/d\/64155-2\/DSC02228.jpg'><img src=http:\/\/extra.inmontanis.info\/d\/64154-3\/DSC02228.jpg \/><\/a><br \/>\n^ Ich konnte das Schild gar nicht lesen, kaum machte ich das Foto, schwirrten zig Stechm\u00fccken um mich herum. Woher bekommen diese Blutsauger eigentlich genug Opfer, dass sie genug Energie zum dauernden rumfliegen haben?!<\/p>\n<p><a href='http:\/\/extra.inmontanis.info\/d\/64159-2\/DSC02229.jpg'><img src=http:\/\/extra.inmontanis.info\/d\/64158-3\/DSC02229.jpg \/><\/a><br \/>\n^ .. noch schnell ein Foto richtung Krokom und wieder weg von dem Rasen<\/p>\n<p><a href='http:\/\/extra.inmontanis.info\/d\/64163-2\/DSC02238.jpg'><img src=http:\/\/extra.inmontanis.info\/d\/64162-3\/DSC02238.jpg \/><\/a><br \/>\n^ Heutiger Abend\/Nachtplatz auf der Insel Fr\u00f6s\u00f6n n\u00e4he \u00d6stersund<\/p>\n<p><a href='http:\/\/extra.inmontanis.info\/d\/64167-2\/DSC02242.jpg'><img src=http:\/\/extra.inmontanis.info\/d\/64166-3\/DSC02242.jpg \/><\/a><br \/>\n^ Und um 22:17 Uhr, Sonne geht bald unter.<\/p>\n<p><a href='http:\/\/extra.inmontanis.info\/d\/64171-2\/DSC02243.jpg'><img src=http:\/\/extra.inmontanis.info\/d\/64170-3\/DSC02243.jpg \/><\/a><br \/>\n^ Der Parkplatz ist auf einem ehemaligen Milit\u00e4rgebiet, in der N\u00e4he gibt es auch diese alten Geb\u00e4ude (Foto vom n\u00e4chsten Tag)<\/p>\n<p><a href='http:\/\/extra.inmontanis.info\/d\/64175-2\/DSC02244.jpg'><img src=http:\/\/extra.inmontanis.info\/d\/64174-3\/DSC02244.jpg \/><\/a><br \/>\n^ .. und Schautafeln. Und abgesperrtes Gel\u00e4nde. (Foto vom n\u00e4chsten Tag)<\/p>\n<p>Vor ein paar Tagen wunderte sich mein Vater, dass ich es denn so lang in dem kleinen Auto aushalten k\u00f6nnte. Ein paar Tage sp\u00e4ter kam ich abends im Bett wohl dar\u00fcber ins l\u00e4ngere Sinnieren &#8230; vielleicht liegt es daran bzw. erinnert es mich an die Sommerferien als Kind\/Jugendlicher. <\/p>\n<p>Meine Gro\u00dfeltern m\u00fctterlicherseits hatten jahrzehntelang einen Kleingarten\/Schrebergarten in N\u00fcrnberg &#8220;beim K\u00f6nigshof&#8221; mit einem kleinen H\u00e4uschen, bis sie irgendwann zu alt wurden (zu gebrechlich, zu blind, mittlerweile tot), wo ich jedes Jahr einige Wochen in den Sommerferien verbracht hab (und auch so mal ein Wochenende oder h\u00e4ufiger einen Schulnachmittag).<\/p>\n<p>Bevor ich Ende der 1980er \/ Anfang der 1990er die entsprechende Technik hatte (z.B. einen Sharp PC-500E PocketComputer, auf dem ich spielte und programmierte, sp\u00e4ter Psion Series 3 und 3a, oder CD-Player, MiniDisc-Player, Casio LCD-Pocket-TV, Camcorder, tragbarer\/batteriebetriebener Video8-Mini-Videorekorder etc., waren meine beiden Lieblingss\u00e4tze &#8220;Omi, ich wei\u00df nicht was ich tun soll&#8221; oder &#8220;Omi, was soll ich tun&#8221; :) Teilweise hatte ich dann die Kleingartenkolonie in gedachte Stra\u00dfenbahnlinien aufgeteilt, die ich mit dem Fahrrad abgefahren bin .. Manchmal gab es auch eine Radtour tags\u00fcber, aber nachmittags\/abends wurde es dann interessanter, bei diversen Kartenspielen (wie z.B: Romme oder Canasta) oder Kniffel auf der Terrasse. <\/p>\n<p><a href='http:\/\/extra.inmontanis.info\/d\/64183-2\/scanS20005_garten.jpg'><img src=http:\/\/extra.inmontanis.info\/d\/64182-3\/scanS20005_garten.jpg \/><\/a><br \/>\n^ Nat\u00fcrlich mit Grill, Zwergen, irgendwann mit Franken-Fahne und zu Festen entsprechend aufgeh\u00fcbscht und bunt beleuchtet<\/p>\n<p>Wenig verwunderlich, dass ich immer noch recht genau wei\u00df, wie das H\u00e4uschen auch von Innen ausgesehen hatte, was hier und da rumstand. Eine Toilette und (sp\u00e4ter) Warmwasserdusche (diese hinten in der &#8220;Sch\u00fcpf&#8221;) gab&#8217;s auch, sowie flie\u00dfend Wasser. Aber keine 220V. Stattdessen also einen oder mehrere gro\u00dfe 12V-Blei-S\u00e4ure-Akkus, die daheim geladen werden mussten und mittels W\u00e4gelchen vom Auto ins H\u00e4uschen transportiert werden mussten, dazu eine entsprechende 12V-Verkabelung mit den kleinen Steckdosen und Gasflaschen f\u00fcr Warmwasser, K\u00fchlschrank und Ofen. Ein 12V-Netz hab ich auch jetzt im Auto wieder &#8230;<\/p>\n<p>Zum Schlafen gab es eine ausziehbare Couch, wo meine Gro\u00dfeltern schliefen, sowie eine zusammenklappbare Metall-Schlafliege. Dort zu schlafen gefiel mir aber nicht, glaub weil sie recht laut war und vielleicht auch nicht so bequem und jedenfalls versperrte sie den Gang. Auf dieser schlief hin und wieder (aber recht selten) meine Cousine. Ich dagegen zog den Tisch vor, der mit entsprechenden Schaumstoff-Liege(stuhl)matten weicher gemacht wurde. Glaub zwei Lagen und eine am Rand, denn der Tisch stand nachts vor dem Wandschrank in einer kleinen Nische, so dass das Zeug im offenen Schrank gesch\u00fctzt wurde. Tickende Uhren mussten nat\u00fcrlich raus, ich kann nicht in einem Zimmer mit tickenden Uhren schlafen. Damals &#8211; wie auch heute im Auto &#8211; musste also der Schlafbereich jede Nacht entsprechend neu hergerichtet werden.<\/p>\n<p>Vor dem Zubettgehen suchte ich das Zimmer nach Viechern ab, Stechm\u00fccken, Spinnen, etc. und danach wurden noch oft Geschichten erz\u00e4hlt (z.B. vom Krieg) oder gedichtet oder &#8220;gesungen&#8221; .. ja, die Abende waren schon lustig. <\/p>\n<p>Nat\u00fcrlich wurde der Tisch irgendwann etwas zu kurz, aber das st\u00f6rte mich nicht weiter. Aktuell ist mein Bett im Auto l\u00e4nger und breiter als der Schlafbereich damals, aber das Nischenhafte ist quasi geblieben. Die F\u00fc\u00dfe kann ich heute wie damals wo anlehnen (damals: Wand, heute: Beifahrersitzlehne) oder (eher damals) nebendran vorbeistrecken.<\/p>\n<p>Wegen des Gask\u00fchlschranks musste in der K\u00fcchennische ein kleines Kippfenster ge\u00f6ffnet blieben, da k\u00f6nnte es aber ein Fliegengitter o.\u00e4. gegeben haben. Wenn es w\u00e4rmer war, blieb nat\u00fcrlich das Hauptfenster gekippt und so konnten &#8211; trotz Fensterladen &#8211; manchmal Stechm\u00fccken eindringen, synonymhaft in Franken &#8220;Schnaken&#8221; genannt. Mehr als das Gestochenwerden nervte mich aber das hochfrequente Gesumme von den am Ohr vorbeifliegenden Blutsaugern. Logische Konsequenz war, dass ich mir, selbst im Hochsommer, die Decke \u00fcber den Kopf zog. Diese Angewohnheit hab ich immer noch, am liebsten zieh ich mir ganzj\u00e4hrig die Bettdecke \u00fcber den Kopf, so schlaf ich am angenehmsten ein. Wenn ich nicht zu sehr schwitze. Oder die Bettdecke zu kurz ist. Aber da ich ja nicht so gro\u00df bin, geht das auch in Hotels usw. meistens. Bei K\u00e4lte im Auto ist das nat\u00fcrlich nochmals wichtiger.<\/p>\n<p>Vielleicht also lag es an diesen damaligen sch\u00f6nen Sommerferien, an einigen kleinen \u00c4hnlichkeiten zu damals, dass mir das beengte Schlafen\/Wohnen nicht wirklich was ausmacht. Zudem waren meine Zimmer auch nie sonderlich gro\u00df und ich hielt es dort problemlos tagelang aus. Eine Sache hat sich nat\u00fcrlich ge\u00e4ndert: langweilig ist mir nicht mehr. Dank Computer und Smartphones und st\u00e4ndig wechselnder Parkpl\u00e4tze.<\/p>\n<p>Zuf\u00e4lligerweise hab ich sogar etwas von damals dabei, eines der Handt\u00fccher meiner Gro\u00dfeltern, die damals auch &#8220;im Garten&#8221; verwendet wurden, sozusagen ein kleines Erbst\u00fcck mit Erinnerung und von mir seit einigen Jahren beim Reisen verwendet:<\/p>\n<p><a href='http:\/\/extra.inmontanis.info\/d\/64179-2\/DSC02234.jpg'><img src=http:\/\/extra.inmontanis.info\/d\/64178-3\/DSC02234.jpg \/><\/a><\/p>\n<p>(Das kleine gr\u00fcne Handtuch rechts bekam ich von meiner Mutter, nachdem ich die Badezimmerfliesen vorletztes Jahr ja gr\u00fcn gestrichen hatte.)<\/p>\n","protected":false},"excerpt":{"rendered":"<p>15.6.2021<\/p>\n<p>Hab heut zwei mehr-oder-weniger-Skigebiete besuchen wollen. Erstes Zwischenziel war Ans\u00e4tten. Die zwei k\u00fcrzeren Skilifte dort (ca. 230m + 500m lang + 160hm lt. GE) sollten allerdings nicht mehr in Betrieb sein (sonst w\u00e4r ich im Winter vorbei), denn interessant hier ist, dass es keine Stra\u00dfe zu den Liften gibt. Ich vermute, dass es wohl <a href=\"http:\/\/blog.inmontanis.info\/?p=6885\">[&#8230;]<\/a><\/p>\n","protected":false},"author":1,"featured_media":0,"comment_status":"closed","ping_status":"closed","sticky":false,"template":"","format":"standard","meta":{"footnotes":""},"categories":[184,782,19],"tags":[],"class_list":["post-6885","post","type-post","status-publish","format-standard","hentry","category-2021-01-skandinavien","category-akersjon","category-schwedensweden","odd"],"_links":{"self":[{"href":"http:\/\/blog.inmontanis.info\/index.php?rest_route=\/wp\/v2\/posts\/6885","targetHints":{"allow":["GET"]}}],"collection":[{"href":"http:\/\/blog.inmontanis.info\/index.php?rest_route=\/wp\/v2\/posts"}],"about":[{"href":"http:\/\/blog.inmontanis.info\/index.php?rest_route=\/wp\/v2\/types\/post"}],"author":[{"embeddable":true,"href":"http:\/\/blog.inmontanis.info\/index.php?rest_route=\/wp\/v2\/users\/1"}],"replies":[{"embeddable":true,"href":"http:\/\/blog.inmontanis.info\/index.php?rest_route=%2Fwp%2Fv2%2Fcomments&post=6885"}],"version-history":[{"count":9,"href":"http:\/\/blog.inmontanis.info\/index.php?rest_route=\/wp\/v2\/posts\/6885\/revisions"}],"predecessor-version":[{"id":6894,"href":"http:\/\/blog.inmontanis.info\/index.php?rest_route=\/wp\/v2\/posts\/6885\/revisions\/6894"}],"wp:attachment":[{"href":"http:\/\/blog.inmontanis.info\/index.php?rest_route=%2Fwp%2Fv2%2Fmedia&parent=6885"}],"wp:term":[{"taxonomy":"category","embeddable":true,"href":"http:\/\/blog.inmontanis.info\/index.php?rest_route=%2Fwp%2Fv2%2Fcategories&post=6885"},{"taxonomy":"post_tag","embeddable":true,"href":"http:\/\/blog.inmontanis.info\/index.php?rest_route=%2Fwp%2Fv2%2Ftags&post=6885"}],"curies":[{"name":"wp","href":"https:\/\/api.w.org\/{rel}","templated":true}]}}