{"id":6882,"date":"2021-06-14T18:52:08","date_gmt":"2021-06-14T16:52:08","guid":{"rendered":"http:\/\/blog.inmontanis.info\/?p=6882"},"modified":"2023-08-05T16:08:49","modified_gmt":"2023-08-05T14:08:49","slug":"brakkafallet-tasjoberget-fjallsikten-13-14-6-2021","status":"publish","type":"post","link":"http:\/\/blog.inmontanis.info\/?p=6882","title":{"rendered":"Brakk\u00e5fallet \/ T\u00e5sj\u00f6berget \/ Fj\u00e4llsikten 13.-14.6.2021"},"content":{"rendered":"<p><strong>13.6.2021<\/strong> &#8211; Brakk\u00e5fallet \/ T\u00e5sj\u00f6berget \/ Fj\u00e4llsikten <\/p>\n<p>Auf dem Weg vom Vildmarksv\u00e4gen runter kam ich nat\u00fcrlich am Bl\u00e5sj\u00f6n-Skigebiet vorbei, wo ich heuer zu Ostern die schlechtesten 3 Skitage in Folge verbracht hatte. Wenig sp\u00e4ter gab es einen Parkplatz zu einem Wasserfall, zu dem ich gewandert bin.<\/p>\n<p><a href='http:\/\/extra.inmontanis.info\/d\/63995-2\/DSC02114.jpg'><img src=http:\/\/extra.inmontanis.info\/d\/63994-3\/DSC02114.jpg \/><\/a><br \/>\n^ Vildmarksv\u00e4gen richtung Bl\u00e5sj\u00f6n<\/p>\n<p><a href='http:\/\/extra.inmontanis.info\/d\/63999-2\/DSC02118.jpg'><img src=http:\/\/extra.inmontanis.info\/d\/63998-3\/DSC02118.jpg \/><\/a><br \/>\n^ (Stora) Bl\u00e5sj\u00f6n<\/p>\n<p><a href='http:\/\/extra.inmontanis.info\/d\/64003-2\/DSC02125.jpg'><img src=http:\/\/extra.inmontanis.info\/d\/64002-3\/DSC02125.jpg \/><\/a><br \/>\n^ (Stora) Bl\u00e5sj\u00f6n<\/p>\n<p><a href='http:\/\/extra.inmontanis.info\/d\/64007-2\/DSC02131.jpg'><img src=http:\/\/extra.inmontanis.info\/d\/64006-3\/DSC02131.jpg \/><\/a><br \/>\n^ Wanderung zum Brakk\u00e5fallet<\/p>\n<p><a href='http:\/\/extra.inmontanis.info\/d\/64011-2\/DSC02133.jpg'><img src=http:\/\/extra.inmontanis.info\/d\/64010-3\/DSC02133.jpg \/><\/a><br \/>\n^ Unterer Brakk\u00e5fallet<\/p>\n<p><a href='http:\/\/extra.inmontanis.info\/d\/64015-2\/DSC02135.jpg'><img src=http:\/\/extra.inmontanis.info\/d\/64014-3\/DSC02135.jpg \/><\/a><br \/>\n^ Unterer Brakk\u00e5fallet von oben gesehen<\/p>\n<p><a href='http:\/\/extra.inmontanis.info\/d\/64019-2\/DSC02136.jpg'><img src=http:\/\/extra.inmontanis.info\/d\/64018-3\/DSC02136.jpg \/><\/a><br \/>\n^ Brakk\u00e5fallet, zwischen unterem und oberem<\/p>\n<p><a href='http:\/\/extra.inmontanis.info\/d\/64023-2\/DSC02140.jpg'><img src=http:\/\/extra.inmontanis.info\/d\/64022-3\/DSC02140.jpg \/><\/a><br \/>\n^ Wanderweg<\/p>\n<p><a href='http:\/\/extra.inmontanis.info\/d\/64027-2\/DSC02142.jpg'><img src=http:\/\/extra.inmontanis.info\/d\/64026-3\/DSC02142.jpg \/><\/a><br \/>\n^ Oberer \/ \u00d6vre Brakk\u00e5fallet<\/p>\n<p><a href='http:\/\/extra.inmontanis.info\/d\/64031-2\/DSC02145.jpg'><img src=http:\/\/extra.inmontanis.info\/d\/64030-3\/DSC02145.jpg \/><\/a><br \/>\n^ Oberer \/ \u00d6vre Brakk\u00e5fallet<\/p>\n<p><a href='http:\/\/extra.inmontanis.info\/d\/64035-2\/DSC02146.jpg'><img src=http:\/\/extra.inmontanis.info\/d\/64034-3\/DSC02146.jpg \/><\/a><br \/>\n^ Wegweiser<\/p>\n<p>Danach in G\u00e4ddede kurz tanken und einkaufen und zum n\u00e4chsten Ziel heute gefahren: Tasj\u00f6berget\/Fj\u00e4llsikten. Hier sah ich vor ein paar Jahren beim Vorbeifahren ein Schild zu einem Skilift, wobei das Skigebiet schon einige Jahre lang stillgelegt ist, obwohl der Lift lt. GE sogar 1,5km lang war. Aber zu wenig Schnee und evtl. wollte man in keine Beschneiung investieren. Heute sah ich mir das mal an. <\/p>\n<p>Einstieg ins Skigebiet ist kurioserweise am Gipfel, d.h. man musste im Winter erst mal umst\u00e4ndlich rauffahren bzw. dankenswerterweise kann man jetzt auch im Sommer noch problemlos bis zum Gipfel rauffahren. H\u00e4tte gar nicht erwartet, dass der SL noch steht, da man in Google Earth schon sehr suchen muss, um \u00fcberhaupt Liftspur und Abfahrten erahnen zu k\u00f6nnen.<\/p>\n<p>Es g\u00e4be ja zwei Stra\u00dfen rauf, eine mit mehrern Kehren und direkter, die auch den Lift quert, aber die offizielle geht l\u00e4nger, etwas  au\u00dfenrum und war bis zur H\u00e4lfte asphaltiert.<\/p>\n<p><a href='http:\/\/extra.inmontanis.info\/d\/64039-2\/DSC02149.jpg'><img src=http:\/\/extra.inmontanis.info\/d\/64038-3\/DSC02149.jpg \/><\/a><br \/>\n^ Diese Naturstra\u00dfe l\u00e4sst sich mal wieder besser fahren als so manch asphaltierte Stra\u00dfe<\/p>\n<p><a href='http:\/\/extra.inmontanis.info\/d\/64043-2\/DSC02150.jpg'><img src=http:\/\/extra.inmontanis.info\/d\/64042-3\/DSC02150.jpg \/><\/a><br \/>\n^ .. irgendwann war sie sogar apshaltiert. Die Strecke hier bin ich heuer im Winter schon gefahren (als ich in G\u00e4ddede war und ins Skigbiet Borgafj\u00e4ll fuhr)<\/p>\n<p><a href='http:\/\/extra.inmontanis.info\/d\/64047-2\/DSC02154.jpg'><img src=http:\/\/extra.inmontanis.info\/d\/64046-3\/DSC02154.jpg \/><\/a><br \/>\n^ <\/p>\n<p><a href='http:\/\/extra.inmontanis.info\/d\/64051-2\/DSC02158.jpg'><img src=http:\/\/extra.inmontanis.info\/d\/64050-3\/DSC02158.jpg \/><\/a><br \/>\n^ Auffahrt T\u00e5sj\u00f6berget \/ Fj\u00e4llsikten, bis hierhin asphaltiert<\/p>\n<p><a href='http:\/\/extra.inmontanis.info\/d\/64055-2\/DSC02162.jpg'><img src=http:\/\/extra.inmontanis.info\/d\/64054-3\/DSC02162.jpg \/><\/a><br \/>\n^ Auffahrt T\u00e5sj\u00f6berget \/ Fj\u00e4llsikten<\/p>\n<p><a href='http:\/\/ski.inmontanis.info\/d\/296376-2\/DSC02165.jpg'><img src=http:\/\/ski.inmontanis.info\/d\/296374-3\/DSC02165.jpg \/><\/a><br \/>\n^ Fj\u00e4llsikten, Caf\u00e9 und ehemaliger Liftparkplatz<\/p>\n<p><a href='http:\/\/ski.inmontanis.info\/d\/296380-2\/DSC02166.jpg'><img src=http:\/\/ski.inmontanis.info\/d\/296379-3\/DSC02166.jpg \/><\/a><br \/>\n^ Skiabfahrten und See<\/p>\n<p><a href='http:\/\/ski.inmontanis.info\/d\/296384-2\/DSC02169.jpg'><img src=http:\/\/ski.inmontanis.info\/d\/296383-3\/DSC02169.jpg \/><\/a><br \/>\n^ Abfahrt und See<\/p>\n<p><a href='http:\/\/ski.inmontanis.info\/d\/296388-2\/DSC02170.jpg'><img src=http:\/\/ski.inmontanis.info\/d\/296387-3\/DSC02170.jpg \/><\/a><br \/>\n^ Skiabfahrten und See<\/p>\n<p><a href='http:\/\/ski.inmontanis.info\/d\/296392-2\/DSC02171.jpg'><img src=http:\/\/ski.inmontanis.info\/d\/296391-3\/DSC02171.jpg \/><\/a><br \/>\n^ Der SL steht auch noch<\/p>\n<p><a href='http:\/\/ski.inmontanis.info\/d\/296396-2\/DSC02172.jpg'><img src=http:\/\/ski.inmontanis.info\/d\/296395-3\/DSC02172.jpg \/><\/a><br \/>\n^ <\/p>\n<p><a href='http:\/\/ski.inmontanis.info\/d\/296400-2\/DSC02173.jpg'><img src=http:\/\/ski.inmontanis.info\/d\/296399-3\/DSC02173.jpg \/><\/a><br \/>\n^ SL-Trasse .. wobei hier ein Baum auf&#8217;s Seil gest\u00fcrzt ist<\/p>\n<p><a href='http:\/\/ski.inmontanis.info\/d\/296404-2\/DSC02174.jpg'><img src=http:\/\/ski.inmontanis.info\/d\/296403-3\/DSC02174.jpg \/><\/a><br \/>\n^ SL Bergstation<\/p>\n<p><a href='http:\/\/ski.inmontanis.info\/d\/296408-2\/DSC02175.jpg'><img src=http:\/\/ski.inmontanis.info\/d\/296407-3\/DSC02175.jpg \/><\/a><br \/>\n^ SL Bergstation<\/p>\n<p><a href='http:\/\/ski.inmontanis.info\/d\/296412-2\/DSC02194.jpg'><img src=http:\/\/ski.inmontanis.info\/d\/296411-3\/DSC02194.jpg \/><\/a><br \/>\n^ SL Bergstation<\/p>\n<p><a href='http:\/\/extra.inmontanis.info\/d\/64059-2\/DSC02179.jpg'><img src=http:\/\/extra.inmontanis.info\/d\/64058-3\/DSC02179.jpg \/><\/a><br \/>\n^ Etwas weiter oben am Gipfel fahren und man kommt zu einem der Sendemasten (hier mit gro\u00dfem Haus rechts). Hier sah ich einen Aussichtsturm &#8230;<\/p>\n<p><a href='http:\/\/extra.inmontanis.info\/d\/64063-2\/DSC02180.jpg'><img src=http:\/\/extra.inmontanis.info\/d\/64062-3\/DSC02180.jpg \/><\/a><br \/>\n^ See-Blick von nahe Sendeanlage<\/p>\n<p><a href='http:\/\/extra.inmontanis.info\/d\/64067-2\/DSC02182.jpg'><img src=http:\/\/extra.inmontanis.info\/d\/64066-3\/DSC02182.jpg \/><\/a><br \/>\n^ Aussichtsturm &#8211; ohne Wegweiser, aber mit Hilfe des Sat-Bildes &#8211; gefunden.<\/p>\n<p><a href='http:\/\/extra.inmontanis.info\/d\/64071-2\/DSC02183.jpg'><img src=http:\/\/extra.inmontanis.info\/d\/64070-3\/DSC02183.jpg \/><\/a><br \/>\n^ Hm, scheint wohl offiziell nicht mehr instandgehalten zu werden, schade. Aber: Betreten auf eigenes Risiko? Na dann machen wir das doch mal.<\/p>\n<p><a href='http:\/\/extra.inmontanis.info\/d\/64075-2\/DSC02184.jpg'><img src=http:\/\/extra.inmontanis.info\/d\/64074-3\/DSC02184.jpg \/><\/a><br \/>\n^ Wobei, die Treppe ist schon ganz sch\u00f6n steil und recht luftig alles<\/p>\n<p><a href='http:\/\/extra.inmontanis.info\/d\/64079-2\/DSC02185.jpg'><img src=http:\/\/extra.inmontanis.info\/d\/64078-3\/DSC02185.jpg \/><\/a><br \/>\n^ .. \u00fcberhaupt fehlt hier ein ausgebautes Zwischengeschoss. Da wirds mir etwas mulmig und ich musste mich hier im 2. Stock erst mal etwas akklimatisieren. (Bei Leitern bekomm ich relativ schnell H\u00f6henangst und so viel anders ist das hier auch nicht..)<\/p>\n<p><a href='http:\/\/extra.inmontanis.info\/d\/64083-2\/DSC02186.jpg'><img src=http:\/\/extra.inmontanis.info\/d\/64082-3\/DSC02186.jpg \/><\/a><br \/>\n^ Mist, da gehts nicht nur in den 3. Stock sondern noch weiter rauf. Ich glaub, das wird mir zu viel hier ..<\/p>\n<p><a href='http:\/\/extra.inmontanis.info\/d\/64087-2\/DSC02187.jpg'><img src=http:\/\/extra.inmontanis.info\/d\/64086-3\/DSC02187.jpg \/><\/a><br \/>\n^ H\u00e4lt der Turm den Baum mit dem Stahlseil oder h\u00e4tte einst der Baum den Turm halten sollen ..<\/p>\n<p><a href='http:\/\/extra.inmontanis.info\/d\/64091-2\/DSC02188.jpg'><img src=http:\/\/extra.inmontanis.info\/d\/64090-3\/DSC02188.jpg \/><\/a><br \/>\n^ Ok, sp\u00e4testens als ich diesen Balken gesehen hab, wollte ich endg\u00fcltig nicht mehr weiter rauf gehen.<\/p>\n<p><a href='http:\/\/extra.inmontanis.info\/d\/64095-2\/DSC02192.jpg'><img src=http:\/\/extra.inmontanis.info\/d\/64094-3\/DSC02192.jpg \/><\/a><br \/>\n^ .. aber an dem Panorama-Parkplatz blieb ich f\u00fcr die Nacht stehen.<\/p>\n<p><strong>14.6.2021<\/strong><\/p>\n<p>Vom \u00dcbernachtungsparkplatz fuhr ich vor zum &#8220;Lift&#8221;parkplatz. Am Vormittag leider ziemlich Betrieb, da die rostigen Container vom Antennenmastbereich, die aussahen, als st\u00fcnden sie schon mindestens 20 Jahre hier, abtransportiert und hier verladen wurden, mit mehreren LKWs. <\/p>\n<p><a href='http:\/\/extra.inmontanis.info\/d\/64099-2\/DSC02195.jpg'><img src=http:\/\/extra.inmontanis.info\/d\/64098-3\/DSC02195.jpg \/><\/a><br \/>\n^ Ausgerechnet heute Vormittag m\u00fcssen diese alten, rostigen Container abgeholt werden?!<\/p>\n<p>Somit auch von laufenden LKWs den Vormittag umgeben gewesen. Wenigstens war es kalt genug, um nicht das Fenster aufmachen zu m\u00fcssen.. Irgendwann schien es auch nicht mehr weiterzugehen. Warum muss man bei stundenlang stehenden LKWs eigentlich immer den Motor laufen lassen??<\/p>\n<p>Sp\u00e4ter wieder an der E-Stra\u00dfe angekommen, fuhr ich ein kurzes St\u00fcck in die falsche Richtung nach Hoting. Dort gab es wohl einst eine Statoil-Tankstelle. Am Tankstellengeb\u00e4ude gibts zumindest mittlerweile einen separaten Eingang f\u00fcr&#8217;s WC. Im Tankstellengeb\u00e4ude selbst ist jetzt ein Frasses und die Tankstelle zur Ingo-Automatentankstelle umger\u00fcstet. Nebendran ein Trafikverket-Rastplatz, zu dem nun auch die WC-Anlage geh\u00f6rt. <\/p>\n<p>Jedenfalls eventuell durch die fr\u00fchere Zugeh\u00f6rigkeit zur Statoil-Tankstelle, gibt&#8217;s im WC-Bereich auch eine Dusche und daher fuhr ich da heute vorbei und duschte mich nach langer Zeit mal wieder. Und ging auch noch kurz in den Frasses und entschied mich &#8220;leider&#8221; f\u00fcr den Kebap-Teller, denn eigentlich wollte ich gar nicht so viel essen jetzt zu Mittag. Und ganz ehrlich, jetzt reichts mir auch mit diesem komischen skandinavischen Kebap.<\/p>\n<p><a href='http:\/\/extra.inmontanis.info\/d\/64103-2\/IMG_20210614_123345.jpg'><img src=http:\/\/extra.inmontanis.info\/d\/64102-3\/IMG_20210614_123345.jpg \/><\/a><br \/>\n^ <\/p>\n<p>Ich schrieb noch eine E-Mail wegen Klima-Refill an diese kleine, andere Werkstatt und ob ich daf\u00fcr einen Termin br\u00e4uchte oder irgendwann, zB. am Mittwoch, kommen k\u00f6nnte, worauf mir geantwortet wurde, dass Mittwoch ok ginge. Hm, muss ich jetzt am Mittwoch dort sein? Egal, passt mir glaub ich eh ganz gut. So langsam muss ich ja mal weiter in den S\u00fcden kommen &#8230;<\/p>\n<p>Da die Fusselrolle leer war, kaufte ich eine neue &#8211; ich glaub, das war zuf\u00e4llig der selbe Supermarkt, wo ich mir die alte kaufte. Ich nahm auch noch einen 2,5l-Plastikkanister um ca. 5 \u20ac mit &#8211; als Ersatz f\u00fcr meine alte Sodastream(pinkel)flasche. Passt bissl mehr rein und die \u00d6ffnung ist gr\u00f6\u00dfer. Allerdings evtl. unhandlicher zu halten, weil dicker und weniger hoch und ja ggf. schwerer. Wird sich zeigen, ob das wirklich besser ist oder nicht. <\/p>\n<p><a href='http:\/\/extra.inmontanis.info\/d\/64107-2\/DSC02198.jpg'><img src=http:\/\/extra.inmontanis.info\/d\/64106-3\/DSC02198.jpg \/><\/a><br \/>\n^ Mini-Wohnmobil auf Pick-Up. Schaut jetzt auch nicht nach so viel Platz aus &#8211; erst recht nicht zu zweit plus zwei (kleine) Kinder ..<\/p>\n<p><a href='http:\/\/extra.inmontanis.info\/d\/64111-2\/DSC02204.jpg'><img src=http:\/\/extra.inmontanis.info\/d\/64110-3\/DSC02204.jpg \/><\/a><br \/>\n^ <\/p>\n<p><a href='http:\/\/extra.inmontanis.info\/d\/64115-2\/DSC02205.jpg'><img src=http:\/\/extra.inmontanis.info\/d\/64114-3\/DSC02205.jpg \/><\/a><br \/>\n^ Idyllische Seesiedlung<\/p>\n<p><a href='http:\/\/extra.inmontanis.info\/d\/64119-2\/DSC02207.jpg'><img src=http:\/\/extra.inmontanis.info\/d\/64118-3\/DSC02207.jpg \/><\/a><br \/>\n^ Grau- und Gelbwasserflaschen ;)<\/p>\n<p>&#8220;Grauwasser&#8221; ist in dem Fall nur Zahnputzwasser, also das ausgespuckte Zeug und die Reinigung der Zahnb\u00fcrste, wird dann hin und wieder an einem Rastplatz in die Kanalisation entleert. Als Frischwasser-Flasche reicht eine ca. 0,5l &#8211; Flasche, nehm ich aber nicht zum Trinken oder Kochen, nur zum Reinigen f\u00fcr die Zahnb\u00fcrste, zum Befeuchten des Papiers zur Reinigung der Kochutensilien und zum Befeuchten des Waschlappens. Der halbe Liter reicht dann auch locker ca. 1 Woche.<\/p>\n<p>Abends regnete es zur Abwechslung mal stundenlang und auch kr\u00e4ftiger.<\/p>\n","protected":false},"excerpt":{"rendered":"<p>13.6.2021 &#8211; Brakk\u00e5fallet \/ T\u00e5sj\u00f6berget \/ Fj\u00e4llsikten <\/p>\n<p>Auf dem Weg vom Vildmarksv\u00e4gen runter kam ich nat\u00fcrlich am Bl\u00e5sj\u00f6n-Skigebiet vorbei, wo ich heuer zu Ostern die schlechtesten 3 Skitage in Folge verbracht hatte. Wenig sp\u00e4ter gab es einen Parkplatz zu einem Wasserfall, zu dem ich gewandert bin.<\/p>\n<p> ^ Vildmarksv\u00e4gen richtung Bl\u00e5sj\u00f6n<\/p>\n<p> ^ (Stora) <a href=\"http:\/\/blog.inmontanis.info\/?p=6882\">[&#8230;]<\/a><\/p>\n","protected":false},"author":1,"featured_media":0,"comment_status":"closed","ping_status":"closed","sticky":false,"template":"","format":"standard","meta":{"footnotes":""},"categories":[184,19,785,30],"tags":[45,47,86],"class_list":["post-6882","post","type-post","status-publish","format-standard","hentry","category-2021-01-skandinavien","category-schwedensweden","category-tasjoberget","category-wandern","tag-see","tag-sl","tag-wasserfall","odd"],"_links":{"self":[{"href":"http:\/\/blog.inmontanis.info\/index.php?rest_route=\/wp\/v2\/posts\/6882","targetHints":{"allow":["GET"]}}],"collection":[{"href":"http:\/\/blog.inmontanis.info\/index.php?rest_route=\/wp\/v2\/posts"}],"about":[{"href":"http:\/\/blog.inmontanis.info\/index.php?rest_route=\/wp\/v2\/types\/post"}],"author":[{"embeddable":true,"href":"http:\/\/blog.inmontanis.info\/index.php?rest_route=\/wp\/v2\/users\/1"}],"replies":[{"embeddable":true,"href":"http:\/\/blog.inmontanis.info\/index.php?rest_route=%2Fwp%2Fv2%2Fcomments&post=6882"}],"version-history":[{"count":2,"href":"http:\/\/blog.inmontanis.info\/index.php?rest_route=\/wp\/v2\/posts\/6882\/revisions"}],"predecessor-version":[{"id":6884,"href":"http:\/\/blog.inmontanis.info\/index.php?rest_route=\/wp\/v2\/posts\/6882\/revisions\/6884"}],"wp:attachment":[{"href":"http:\/\/blog.inmontanis.info\/index.php?rest_route=%2Fwp%2Fv2%2Fmedia&parent=6882"}],"wp:term":[{"taxonomy":"category","embeddable":true,"href":"http:\/\/blog.inmontanis.info\/index.php?rest_route=%2Fwp%2Fv2%2Fcategories&post=6882"},{"taxonomy":"post_tag","embeddable":true,"href":"http:\/\/blog.inmontanis.info\/index.php?rest_route=%2Fwp%2Fv2%2Ftags&post=6882"}],"curies":[{"name":"wp","href":"https:\/\/api.w.org\/{rel}","templated":true}]}}