{"id":6877,"date":"2021-06-12T17:46:27","date_gmt":"2021-06-12T15:46:27","guid":{"rendered":"http:\/\/blog.inmontanis.info\/?p=6877"},"modified":"2021-06-15T18:00:17","modified_gmt":"2021-06-15T16:00:17","slug":"vildmarksvagen-11-12-6-2021","status":"publish","type":"post","link":"http:\/\/blog.inmontanis.info\/?p=6877","title":{"rendered":"Vildmarksv\u00e4gen, 11.-12.6.2021"},"content":{"rendered":"<p><strong>11.6.2021<\/strong><\/p>\n<p>Morgens fuhr ich von meinem Parkplatz oberhab Stalon zum Trappstegsforsen, um dort den Vormittag zu verbringen. Da standen nicht nur zwei Wohnombile, auch in einer Limousine wurde \u00fcbernachtet &#8211; allerdings wohl nicht so komfortabel ausgebaut wie mein Ignis. Die Frau verstaute sp\u00e4ter ihre Bettw\u00e4sche samt Matratze im Kofferraum.<\/p>\n<p>&#8220;Nat\u00fcrlich&#8221; sind die Wettervorhersagen f\u00fcr den Berg-Bereich um Klimpfj\u00e4ll die n\u00e4chsten Tage wieder schlechter, kaum Sonne und hier und da Regen, den ganzen Tag \u00fcber immer wieder bis mindestens Dienstag und auch f\u00fcr den Rest der n\u00e4chsten Woche eher bedeckt.<\/p>\n<p>\u00c4rgerlich ist, dass auch in den zuletzt besuchten Regionen die Vorhersagen etwas k\u00fchler und n\u00e4sser gewesen w\u00e4ren (SA-MI nur max. 14\u00b0 in Arvidsjaur z.B.; Klimpfj\u00e4ll 5-10\u00b0), das hei\u00dft, ich war wohl mal wieder zur falschen Zeit in den jeweiligen Regionen unterwegs. Eigentlich m\u00fcsste ich temperaturm\u00e4\u00dfig jetzt gar nicht in die Berge fahren &#8211; aber bin ja nun schon fast da&#8230;<\/p>\n<p>Ich schrieb noch eine E-Mail an die Suzuki-Werkstattt in \u00d6stersund, wo ich heuer schon mal war, ob sie das Klimagas nachf\u00fcllen k\u00f6nnen&#8230;<\/p>\n<p>Bereits nach 12 Uhr regnete es immer wieder mal mehr mal weniger stark und das sollte auch bis morgen Vormittag so weitergehen. Es hat also wenig Sinn, da heute bis rauf in den Schnee zu fahren?! Fuhr sp\u00e4ter doch noch nach oben. \u00dcberraschung eins: Der Winterparkplatz ist gesperrt. Und danach Park- und Halteverbot an der Stra\u00dfe lt. Ausschilderung. Erst der gro\u00dfe Parkplatz am Stausee war wieder offen. Naja, bis dahin w\u00e4re eh kein brauchbares Schneefeld f\u00fcr eine Skitour mehr gewesen.<\/p>\n<p>\u00dcberraschung zwei: Schild an eben diesem Parkplatz, wonach es etwas s\u00fcdlicher ein Sperrgebiet f\u00fcr einen Monat wegen Vogelschutz gibt &#8211; in dem Bereich w\u00e4ren also auch keine Skitouren mehr m\u00f6glich. Bleibt ein relativ kleiner Bereich zwischen dem Sperrgebiet und dem Parkplatz, den ich heute nicht mehr abgefahren bin &#8211; hab ich mir f\u00fcr morgen aufgehoben, da die Vorhersagen besser waren.<\/p>\n<p>Wetter h\u00e4tte allerdings doch noch einige Stunden gehalten, wie schon im Winter war der Wetterbericht mal wieder M\u00fcll und morgen war es schlechter.<\/p>\n<p><a href='http:\/\/extra.inmontanis.info\/d\/63879-2\/DSC02038.jpg'><img src=http:\/\/extra.inmontanis.info\/d\/63878-3\/DSC02038.jpg \/><\/a><br \/>\n^ Morgens noch viel blauer Himmel<\/p>\n<p><a href='http:\/\/extra.inmontanis.info\/d\/63883-2\/DSC02040.jpg'><img src=http:\/\/extra.inmontanis.info\/d\/63882-3\/DSC02040.jpg \/><\/a><br \/>\n^ Trappstegsforsen. Sah letztes Jahr mit etwas Schnee sch\u00f6ner aus<\/p>\n<p><a href='http:\/\/extra.inmontanis.info\/d\/63887-2\/DSC02041.jpg'><img src=http:\/\/extra.inmontanis.info\/d\/63886-3\/DSC02041.jpg \/><\/a><br \/>\n^ Kultsj\u00f6n bei Saxn\u00e4s<\/p>\n<p><a href='http:\/\/extra.inmontanis.info\/d\/63891-2\/DSC02043.jpg'><img src=http:\/\/extra.inmontanis.info\/d\/63890-3\/DSC02043.jpg \/><\/a><br \/>\n^ Kultsj\u00f6n<\/p>\n<p><a href='http:\/\/extra.inmontanis.info\/d\/63895-2\/DSC02047.jpg'><img src=http:\/\/extra.inmontanis.info\/d\/63894-3\/DSC02047.jpg \/><\/a><br \/>\n^ Vildmarksv\u00e4gen Klimpfj\u00e4ll-Stekenjokk<\/p>\n<p><a href='http:\/\/extra.inmontanis.info\/d\/63899-2\/DSC02049.jpg'><img src=http:\/\/extra.inmontanis.info\/d\/63898-3\/DSC02049.jpg \/><\/a><br \/>\n^ Vildmarksv\u00e4gen Klimpfj\u00e4ll-Stekenjokk, hier ist im Winter die Stra\u00dfensperre. Der Parkplatz rechts ist momentan gesperrt, es gilt f\u00fcr die n\u00e4chsten Kilometer ein absoutes Park- und Halteverbot an der Stra\u00dfe. Vielleicht wegen der Rentierzucht?!<\/p>\n<p><a href='http:\/\/extra.inmontanis.info\/d\/63903-2\/DSC02052.jpg'><img src=http:\/\/extra.inmontanis.info\/d\/63902-3\/DSC02052.jpg \/><\/a><br \/>\n^ <\/p>\n<p><a href='http:\/\/extra.inmontanis.info\/d\/63907-2\/DSC02056.jpg'><img src=http:\/\/extra.inmontanis.info\/d\/63906-3\/DSC02056.jpg \/><\/a><br \/>\n^ Rechts ist der gro\u00dfe Parkplatz, der war offen. Ein paar Meter weiter endet auch das Park\/Halteverbot.<\/p>\n<p><a href='http:\/\/extra.inmontanis.info\/d\/63911-2\/DSC02057.jpg'><img src=http:\/\/extra.inmontanis.info\/d\/63910-3\/DSC02057.jpg \/><\/a><br \/>\n^ Parkplatz am Stausee<\/p>\n<p><a href='http:\/\/extra.inmontanis.info\/d\/63915-2\/DSC02058.jpg'><img src=http:\/\/extra.inmontanis.info\/d\/63914-3\/DSC02058.jpg \/><\/a><br \/>\n^ Ein paar km s\u00fcdlicher dann die n\u00e4chste Absperrung, Betretungsverbot wegen Vogelschutzgebiet vom 10.6.-10.7.<\/p>\n<p><a href='http:\/\/extra.inmontanis.info\/d\/63919-2\/DSC02062.jpg'><img src=http:\/\/extra.inmontanis.info\/d\/63918-3\/DSC02062.jpg \/><\/a><br \/>\n^ <\/p>\n<p><a href='http:\/\/extra.inmontanis.info\/d\/63923-2\/DSC02064.jpg'><img src=http:\/\/extra.inmontanis.info\/d\/63922-3\/DSC02064.jpg \/><\/a><br \/>\n^ Das w\u00e4ren die einzigen Schneefelder nahe der Stra\u00dfe gewesen, wo man irgendwo auch h\u00e4tte stehen bleiben k\u00f6nnen. Bei besserem Wetter h\u00e4tte ich da am n\u00e4chsten Tag wohl auch die Skier ausgepackt.<\/p>\n<p><a href='http:\/\/extra.inmontanis.info\/d\/63927-2\/DSC02065.jpg'><img src=http:\/\/extra.inmontanis.info\/d\/63926-3\/DSC02065.jpg \/><\/a><br \/>\n^ Parkplatz am Stausee<\/p>\n<p><a href='http:\/\/extra.inmontanis.info\/d\/63931-2\/DSC02066.jpg'><img src=http:\/\/extra.inmontanis.info\/d\/63930-3\/DSC02066.jpg \/><\/a><br \/>\n^ Stausee<\/p>\n<p>Nachmittags kam auch die Antwort der Suzuki-Werkstatt in \u00d6stersund: auch diese k\u00f6nnen kein Klimaanlagen-Refill machen. Gab mir aber einen Link zu einer anderen Werkst\u00e4tte, die das machen k\u00f6nnten.<\/p>\n<p>Erst um 19 Uhr fing es wieder leicht zu regnen an. Wenn man nicht gerade durch den Regen nachts geweckt wird oder es gewittert, ist es abends ja recht sch\u00f6n, wenn man im Trocknen sitzt und den gem\u00e4\u00dfigten Regentropfen zuh\u00f6rt.<\/p>\n<p>Als ich ins Bett ging (ich blieb, wie einige wenige andere auch, hier am gro\u00dfen Parkplatz), wurde es auch mal wieder k\u00fchler im Auto und ich stellte vorsichtshalber die Standheizung auf Heizen statt auf L\u00fcften f\u00fcr morgen in der Fr\u00fch, schlie\u00dflich wurde erst sp\u00e4ter Sonne gemeldet..  Die Heizung hatte ich am Morgen zwar doch nicht gebraucht, aber die Fu\u00dfheizmatte im Bett war abends f\u00fcr ein paar Stunden angenehm.<\/p>\n<p><strong>12.6.2021<\/strong><\/p>\n<p>Heute fuhr ich also die restliche im Winter gesperrte Stra\u00dfe in Richtung S\u00fcden, sah aber wenig lohnenswert alles f\u00fcr eine Skitour aus, insbesondere bei dem Wetter. Auch die Wanderm\u00f6glichkeiten waren wegen des Vogelschutzgebietes eingeschr\u00e4nkt. Wenn das Wetter stabiler\/schn\u00f6ner gewesen w\u00e4re, h\u00e4tte ich vielleicht die eine Skitour mit dem Fu\u00dfweg vorweg gemacht, aber es regnete heute durchaus h\u00e4ufiger immer wieder mal ein bisschen. also es gab zumindest ab Mittag mehrere, kleine Regenschauer. Erst am sp\u00e4teren Nachmittag auf Klimpfj\u00e4ll-Seite trockner und sonniger, aber als ich retour wieder oben war, sah die Sache anders aus &#8230;<\/p>\n<p><a href='http:\/\/extra.inmontanis.info\/d\/63935-2\/DSC02071.jpg'><img src=http:\/\/extra.inmontanis.info\/d\/63934-3\/DSC02071.jpg \/><\/a><br \/>\n^ Ab hier dann beiderseits Vogelschutz-Sperrgebiet vom 10.6.-10.7., aber es lag ja zum Gl\u00fcck auch hier nicht lohnenswert Schnee<\/p>\n<p><a href='http:\/\/extra.inmontanis.info\/d\/63939-2\/DSC02073.jpg'><img src=http:\/\/extra.inmontanis.info\/d\/63938-3\/DSC02073.jpg \/><\/a><br \/>\n^ Vildmarksv\u00e4gen, h\u00f6chster Punkt der Stra\u00dfe lt. Schild hier auf 876m. Hier im Vogelschutzgebiet w\u00fcrde mir eine dickere Schneedecke eh nix n\u00fctzen.<\/p>\n<p><a href='http:\/\/extra.inmontanis.info\/d\/63943-2\/DSC02074.jpg'><img src=http:\/\/extra.inmontanis.info\/d\/63942-3\/DSC02074.jpg \/><\/a><br \/>\n^ <\/p>\n<p><a href='http:\/\/extra.inmontanis.info\/d\/63947-2\/DSC02077.jpg'><img src=http:\/\/extra.inmontanis.info\/d\/63946-3\/DSC02077.jpg \/><\/a><br \/>\n^ Erste-Hilfe-Bunker<\/p>\n<p><a href='http:\/\/extra.inmontanis.info\/d\/63951-2\/DSC02078.jpg'><img src=http:\/\/extra.inmontanis.info\/d\/63950-3\/DSC02078.jpg \/><\/a><br \/>\n^ Erste-Hilfe-Bunker<\/p>\n<p><a href='http:\/\/extra.inmontanis.info\/d\/63955-2\/DSC02079.jpg'><img src=http:\/\/extra.inmontanis.info\/d\/63954-3\/DSC02079.jpg \/><\/a><br \/>\n^ <\/p>\n<p><a href='http:\/\/extra.inmontanis.info\/d\/63959-2\/DSC02081.jpg'><img src=http:\/\/extra.inmontanis.info\/d\/63958-3\/DSC02081.jpg \/><\/a><br \/>\n^ <\/p>\n<p><a href='http:\/\/extra.inmontanis.info\/d\/63963-2\/DSC02082.jpg'><img src=http:\/\/extra.inmontanis.info\/d\/63962-3\/DSC02082.jpg \/><\/a><br \/>\n^ <\/p>\n<p><a href='http:\/\/extra.inmontanis.info\/d\/63967-2\/DSC02083.jpg'><img src=http:\/\/extra.inmontanis.info\/d\/63966-3\/DSC02083.jpg \/><\/a><br \/>\n^ <\/p>\n<p><a href='http:\/\/extra.inmontanis.info\/d\/63971-2\/DSC02084.jpg'><img src=http:\/\/extra.inmontanis.info\/d\/63970-3\/DSC02084.jpg \/><\/a><br \/>\n^ <\/p>\n<p><a href='http:\/\/extra.inmontanis.info\/d\/63975-2\/DSC02087.jpg'><img src=http:\/\/extra.inmontanis.info\/d\/63974-3\/DSC02087.jpg \/><\/a><br \/>\n^ Ab hier f\u00e4ngt wieder der Baumbewuchs an, wenig sp\u00e4ter dann die Wintersperre von der s\u00fcdlichen Seite aus und ich kehrte wieder um und fuhr wieder rauf.<\/p>\n<p><a href='http:\/\/extra.inmontanis.info\/d\/63979-2\/DSC02092.jpg'><img src=http:\/\/extra.inmontanis.info\/d\/63978-3\/DSC02092.jpg \/><\/a><br \/>\n^ Vildmarksv\u00e4gen, nun von S\u00fcd nach Nord<\/p>\n<p><a href='http:\/\/extra.inmontanis.info\/d\/63983-2\/DSC02095.jpg'><img src=http:\/\/extra.inmontanis.info\/d\/63982-3\/DSC02095.jpg \/><\/a><br \/>\n^ <\/p>\n<p><a href='http:\/\/extra.inmontanis.info\/d\/63987-2\/DSC02103.jpg'><img src=http:\/\/extra.inmontanis.info\/d\/63986-3\/DSC02103.jpg \/><\/a><br \/>\n^ Im Norden wieder angekommen, drehte ich nach einiger Zeit in der Sonne wieder um und fuhr wieder zum Parkplatz am See, das Wetter hier oben war gespalten.<\/p>\n<p><a href='http:\/\/extra.inmontanis.info\/d\/63991-2\/DSC02107.jpg'><img src=http:\/\/extra.inmontanis.info\/d\/63990-3\/DSC02107.jpg \/><\/a><br \/>\n^ Stausee<\/p>\n<p>Tja, das war&#8217;s dann also endg\u00fcltig mit Skifahren in Schweden f\u00fcr diese Saison.<\/p>\n<p>Abends vor&#8217;m Schlafengehen schaltete ich nach einiger Zeit mal wieder kurz die Standheizung an, der Fu\u00dfbodenbereich hatte auf 10\u00b0 abgek\u00fchlt. Am n\u00e4chsten Morgen waren es drau\u00dfen nur noch 3\u00b0. Aber daf\u00fcr kann man sich wieder sch\u00f6n den Schlafsack \u00fcber den Kopf ziehen und sich einmummeln, also zum Schlafen ist mir eine Nacht mit 0\u00b0 drau\u00dfen schon lieber als 20\u00b0. <\/p>\n","protected":false},"excerpt":{"rendered":"<p>11.6.2021<\/p>\n<p>Morgens fuhr ich von meinem Parkplatz oberhab Stalon zum Trappstegsforsen, um dort den Vormittag zu verbringen. Da standen nicht nur zwei Wohnombile, auch in einer Limousine wurde \u00fcbernachtet &#8211; allerdings wohl nicht so komfortabel ausgebaut wie mein Ignis. Die Frau verstaute sp\u00e4ter ihre Bettw\u00e4sche samt Matratze im Kofferraum.<\/p>\n<p>&#8220;Nat\u00fcrlich&#8221; sind die Wettervorhersagen f\u00fcr den <a href=\"http:\/\/blog.inmontanis.info\/?p=6877\">[&#8230;]<\/a><\/p>\n","protected":false},"author":1,"featured_media":0,"comment_status":"closed","ping_status":"closed","sticky":false,"template":"","format":"standard","meta":{"footnotes":""},"categories":[184,19],"tags":[45],"class_list":["post-6877","post","type-post","status-publish","format-standard","hentry","category-2021-01-skandinavien","category-schwedensweden","tag-see","odd"],"_links":{"self":[{"href":"http:\/\/blog.inmontanis.info\/index.php?rest_route=\/wp\/v2\/posts\/6877","targetHints":{"allow":["GET"]}}],"collection":[{"href":"http:\/\/blog.inmontanis.info\/index.php?rest_route=\/wp\/v2\/posts"}],"about":[{"href":"http:\/\/blog.inmontanis.info\/index.php?rest_route=\/wp\/v2\/types\/post"}],"author":[{"embeddable":true,"href":"http:\/\/blog.inmontanis.info\/index.php?rest_route=\/wp\/v2\/users\/1"}],"replies":[{"embeddable":true,"href":"http:\/\/blog.inmontanis.info\/index.php?rest_route=%2Fwp%2Fv2%2Fcomments&post=6877"}],"version-history":[{"count":4,"href":"http:\/\/blog.inmontanis.info\/index.php?rest_route=\/wp\/v2\/posts\/6877\/revisions"}],"predecessor-version":[{"id":6881,"href":"http:\/\/blog.inmontanis.info\/index.php?rest_route=\/wp\/v2\/posts\/6877\/revisions\/6881"}],"wp:attachment":[{"href":"http:\/\/blog.inmontanis.info\/index.php?rest_route=%2Fwp%2Fv2%2Fmedia&parent=6877"}],"wp:term":[{"taxonomy":"category","embeddable":true,"href":"http:\/\/blog.inmontanis.info\/index.php?rest_route=%2Fwp%2Fv2%2Fcategories&post=6877"},{"taxonomy":"post_tag","embeddable":true,"href":"http:\/\/blog.inmontanis.info\/index.php?rest_route=%2Fwp%2Fv2%2Ftags&post=6877"}],"curies":[{"name":"wp","href":"https:\/\/api.w.org\/{rel}","templated":true}]}}