{"id":6871,"date":"2021-06-10T19:17:09","date_gmt":"2021-06-10T17:17:09","guid":{"rendered":"http:\/\/blog.inmontanis.info\/?p=6871"},"modified":"2023-08-05T16:07:11","modified_gmt":"2023-08-05T14:07:11","slug":"umanbacken-storuman-stalon-10-6-2021","status":"publish","type":"post","link":"http:\/\/blog.inmontanis.info\/?p=6871","title":{"rendered":"Umanbacken\/Storuman &#8211; Stalon, 10.6.2021"},"content":{"rendered":"<p><strong>10.6.2021<\/strong> Umanbacken\/Storuman &#8211; Stalon<\/p>\n<p>Erstes Ziel war heut das Skigebiet Umanbacken in Storuman. Zur Talstation des Lifts kam ich zwar nicht (Zufahrt gesperrt), aber da es eine Stra\u00dfe auf den Gipfel gibt, st\u00f6rte mich das nicht weiter.<\/p>\n<p>Oben angekommen gibt&#8217;s einen kleinen Aussichtsturm und einen Weg, der zum SL f\u00fchrt.<\/p>\n<p><a href='http:\/\/extra.inmontanis.info\/d\/63843-2\/DSC02003.jpg'><img src=http:\/\/extra.inmontanis.info\/d\/63842-3\/DSC02003.jpg \/><\/a><br \/>\n^ <\/p>\n<p><a href='http:\/\/extra.inmontanis.info\/d\/63847-2\/DSC02006.jpg'><img src=http:\/\/extra.inmontanis.info\/d\/63846-3\/DSC02006.jpg \/><\/a><br \/>\n^ Umanbacken\/Storuman , Aussichtsturm<\/p>\n<p><a href='http:\/\/extra.inmontanis.info\/d\/63851-2\/DSC02007.jpg'><img src=http:\/\/extra.inmontanis.info\/d\/63850-3\/DSC02007.jpg \/><\/a><br \/>\n^ Umanbacken\/Storuman,  Pano vom Aussichtsturm<\/p>\n<p><a href='http:\/\/ski.inmontanis.info\/d\/296346-2\/DSC02012.jpg'><img src=http:\/\/ski.inmontanis.info\/d\/296344-3\/DSC02012.jpg \/><\/a><br \/>\n^ Umanbacken\/Storuman. Bergstation Skilift<\/p>\n<p><a href='http:\/\/ski.inmontanis.info\/d\/296350-2\/DSC02014.jpg'><img src=http:\/\/ski.inmontanis.info\/d\/296349-3\/DSC02014.jpg \/><\/a><br \/>\n^ Bergstation SL<\/p>\n<p><a href='http:\/\/ski.inmontanis.info\/d\/296354-2\/DSC02018.jpg'><img src=http:\/\/ski.inmontanis.info\/d\/296353-3\/DSC02018.jpg \/><\/a><br \/>\n^ Abfahrt bergw\u00e4rts rechts vom SL<\/p>\n<p><a href='http:\/\/ski.inmontanis.info\/d\/296358-2\/DSC02020.jpg'><img src=http:\/\/ski.inmontanis.info\/d\/296357-3\/DSC02020.jpg \/><\/a><br \/>\n^ SL-Trasse<\/p>\n<p><a href='http:\/\/ski.inmontanis.info\/d\/296362-2\/DSC02021.jpg'><img src=http:\/\/ski.inmontanis.info\/d\/296361-3\/DSC02021.jpg \/><\/a><br \/>\n^ SL St\u00fctze 6<\/p>\n<p><a href='http:\/\/ski.inmontanis.info\/d\/296366-2\/DSC02022.jpg'><img src=http:\/\/ski.inmontanis.info\/d\/296365-3\/DSC02022.jpg \/><\/a><br \/>\n^ Abfahrt bergw\u00e4rts links vom SL. Schaut jetzt nicht so spannend aus.<\/p>\n<p><a href='http:\/\/ski.inmontanis.info\/d\/296370-2\/DSC02023.jpg'><img src=http:\/\/ski.inmontanis.info\/d\/296369-3\/DSC02023.jpg \/><\/a><br \/>\n^ Gibt auch noch einen Skiweg zum Caf\u00e9<\/p>\n<p>Mittags kaufte ich mir nach langer Zeit mal wieder einen warmen, gegrillten H\u00fchnchenschenkel im Supermarkt (ca. 1,50 \u20ac) und konnte endlich das von daheim mitgenommene Curry-Ketchup aufbrauchen. Jetzt hab ich noch eine geschlossene Packung russisches Ketchup, dass Ewigkeiten im Gefrierschrank war (weil Haltbarkeitsdatum sonst \u00fcberschrittten gewesen w\u00e4re) und das ich auch von daheim aus mitgenommen hatte &#8211; falls das noch genie\u00dfbar ist &#8230;<\/p>\n<p>Danach ging&#8217;s langsam wieder fort von den gr\u00f6\u00dferen Orten und Tankstellen mit Shops, ich entschied mich, wieder in die Berge zu wollen, Vildmarksv\u00e4gen, das wintergesperrte St\u00fcck Klimpfj\u00e4ll-Bl\u00e5sj\u00f6n, wo es aktuell noch etliche Schneereste g\u00e4be und es doch wohl sicherlich k\u00fchler sein w\u00fcrde?!<\/p>\n<p>Zum \u00dcbernachten fuhr ich in Stalon auf den Aussichtslpatz oben am Gipfel, der vor etlichen Wochen noch schneebedekt war. Es gab hin und wieder mal eine st\u00e4rkere Windb\u00f6e, daf\u00fcr halt keinen Schatten. <\/p>\n<p><a href='http:\/\/extra.inmontanis.info\/d\/63855-2\/DSC02028.jpg'><img src=http:\/\/extra.inmontanis.info\/d\/63854-3\/DSC02028.jpg \/><\/a><br \/>\n^ Gipfelplateau-Parkplatz \u00fcber Stalon; etwas unten drunter im Berg ist ja irgendein Kraftwerk, was evtl. auch der Grund f\u00fcr dieses Plateau ist?! Oder es war irgendeine Rennpiste?!<\/p>\n<p><a href='http:\/\/extra.inmontanis.info\/d\/63859-2\/DSC02031.jpg'><img src=http:\/\/extra.inmontanis.info\/d\/63858-3\/DSC02031.jpg \/><\/a><br \/>\n^ .. was auch immer, kurios ist es allemal ;)<\/p>\n<p><a href='http:\/\/extra.inmontanis.info\/d\/63863-2\/DSC02033.jpg'><img src=http:\/\/extra.inmontanis.info\/d\/63862-3\/DSC02033.jpg \/><\/a><br \/>\n^ <\/p>\n<p><a href='http:\/\/extra.inmontanis.info\/d\/63867-2\/DSC02034.jpg'><img src=http:\/\/extra.inmontanis.info\/d\/63866-3\/DSC02034.jpg \/><\/a><br \/>\n^ <\/p>\n<p>Ab 19 Uhr wurde es bedeckt. Hm, jetzt wenn ich in die Berge fahre wird doch wohl hoffentlich nicht das Wetter umschlagen und generell wolkiger und k\u00fchl werden? (Murphy sagt: ja)<\/p>\n<p>Der Himmel verdunktelte sich zusehends und ich \u00fcberlegte mir, ob es wohl so eine gute Idee sei, hier oben stehen zu bleiben, falls ein Gewitter kommen sollte &#8230; um 20:35 fing es mal leicht zu regnen an &#8211; blieb aber bei ein paar Tropfen.<\/p>\n<p><a href='http:\/\/extra.inmontanis.info\/d\/63871-2\/DSC02036.jpg'><img src=http:\/\/extra.inmontanis.info\/d\/63870-3\/DSC02036.jpg \/><\/a><br \/>\n^ 22:16 Uhr<\/p>\n<p>Erg\u00e4nzend zum letzten Monatsendbericht noch die Kreditkartenabrechnung f\u00fcr Mai: 1.131,84 \u20ac. Dies mit den Skip\u00e4ssen in Riksgr\u00e4nsen, Klimpfj\u00e4ll und dem halben 200.000km &#8211; Service, aber ohne Skipass + Hotel Kittelfj\u00e4ll am ersten Mai-WE, das war noch in der April-Abrechnung inkludiert. Aber nat\u00fcrlich inklusive Essen und Tanken und schwedischer SIM-Karte, versteht sich. Entspricht witzigerweise fast genau meinem momentanen monatlichen Teilzeit-Nettoverdienst.)<\/p>\n<p>Mich graut es ja vor der Deutschlanddurchreise auf dem Heimweg. Hab mich jetzt so an die 70-80 km\/h Reisegeschwindigkeit, den wenigen Ortsdurchfarten, dem wenigen Vekrehr und den 50-200 km pro Tag gew\u00f6hnt .. wie k\u00f6nnte man so durch Deutschland kommen? Also wenig\/kurze Ortsdurchfahrten, wenig Autobahn, wenig Vekehr?  Nachts fahren und tags\u00fcber schlafen? Wird mir tags\u00fcber wohl zu warm werden. Irgendwie nahe der Grenzen weit im Osten runterfahren? <\/p>\n<p><a href='http:\/\/extra.inmontanis.info\/d\/63875-2\/DSC02037.jpg'><img src=http:\/\/extra.inmontanis.info\/d\/63874-3\/DSC02037.jpg \/><\/a><br \/>\n^ morgens um 7 Uhr vom Aussichtspunkt etwas unterhalb des Gipfelplateaus. Das Foto hatte ich vor ein paar Wochen schon mal mit Schnee gemacht. Mir werden diese menschenleeren Landschaften bald fehlen auf dem Weg nach S\u00fcden&#8230;<\/p>\n","protected":false},"excerpt":{"rendered":"<p>10.6.2021 Umanbacken\/Storuman &#8211; Stalon<\/p>\n<p>Erstes Ziel war heut das Skigebiet Umanbacken in Storuman. Zur Talstation des Lifts kam ich zwar nicht (Zufahrt gesperrt), aber da es eine Stra\u00dfe auf den Gipfel gibt, st\u00f6rte mich das nicht weiter.<\/p>\n<p>Oben angekommen gibt&#8217;s einen kleinen Aussichtsturm und einen Weg, der zum SL f\u00fchrt.<\/p>\n<p> ^ <\/p>\n<p> ^ <a href=\"http:\/\/blog.inmontanis.info\/?p=6871\">[&#8230;]<\/a><\/p>\n","protected":false},"author":1,"featured_media":0,"comment_status":"closed","ping_status":"closed","sticky":false,"template":"","format":"standard","meta":{"footnotes":""},"categories":[184,19,783],"tags":[45,47],"class_list":["post-6871","post","type-post","status-publish","format-standard","hentry","category-2021-01-skandinavien","category-schwedensweden","category-storuman","tag-see","tag-sl","odd"],"_links":{"self":[{"href":"http:\/\/blog.inmontanis.info\/index.php?rest_route=\/wp\/v2\/posts\/6871","targetHints":{"allow":["GET"]}}],"collection":[{"href":"http:\/\/blog.inmontanis.info\/index.php?rest_route=\/wp\/v2\/posts"}],"about":[{"href":"http:\/\/blog.inmontanis.info\/index.php?rest_route=\/wp\/v2\/types\/post"}],"author":[{"embeddable":true,"href":"http:\/\/blog.inmontanis.info\/index.php?rest_route=\/wp\/v2\/users\/1"}],"replies":[{"embeddable":true,"href":"http:\/\/blog.inmontanis.info\/index.php?rest_route=%2Fwp%2Fv2%2Fcomments&post=6871"}],"version-history":[{"count":5,"href":"http:\/\/blog.inmontanis.info\/index.php?rest_route=\/wp\/v2\/posts\/6871\/revisions"}],"predecessor-version":[{"id":6876,"href":"http:\/\/blog.inmontanis.info\/index.php?rest_route=\/wp\/v2\/posts\/6871\/revisions\/6876"}],"wp:attachment":[{"href":"http:\/\/blog.inmontanis.info\/index.php?rest_route=%2Fwp%2Fv2%2Fmedia&parent=6871"}],"wp:term":[{"taxonomy":"category","embeddable":true,"href":"http:\/\/blog.inmontanis.info\/index.php?rest_route=%2Fwp%2Fv2%2Fcategories&post=6871"},{"taxonomy":"post_tag","embeddable":true,"href":"http:\/\/blog.inmontanis.info\/index.php?rest_route=%2Fwp%2Fv2%2Ftags&post=6871"}],"curies":[{"name":"wp","href":"https:\/\/api.w.org\/{rel}","templated":true}]}}