{"id":6866,"date":"2021-06-09T19:30:06","date_gmt":"2021-06-09T17:30:06","guid":{"rendered":"http:\/\/blog.inmontanis.info\/?p=6866"},"modified":"2023-08-05T16:05:08","modified_gmt":"2023-08-05T14:05:08","slug":"tjamstan-linbana-viterliden-9-6-2021","status":"publish","type":"post","link":"http:\/\/blog.inmontanis.info\/?p=6866","title":{"rendered":"Tjamstan \/ Linbana \/ Viterliden, 9.6.2021"},"content":{"rendered":"<p><strong>9.6.2021<\/strong> &#8211; Tjamstan \/ Linbana \/ Viterliden<\/p>\n<p>In Mal\u00e5 bin ich zuerst zum Frasses gegangen und hab mal wieder einen Laxburger gegessen, danach zum dortigen Skiebiet Tjamstan.<\/p>\n<p><a href='http:\/\/extra.inmontanis.info\/d\/63819-2\/DSC01852.jpg'><img src=http:\/\/extra.inmontanis.info\/d\/63818-3\/DSC01852.jpg \/><\/a><br \/>\n^ Neu gebaute Stra\u00dfe mit Aussichtsturm<\/p>\n<p><a href='http:\/\/extra.inmontanis.info\/d\/63823-2\/DSC01853.jpg'><img src=http:\/\/extra.inmontanis.info\/d\/63822-3\/DSC01853.jpg \/><\/a><br \/>\n^ Ausblick vom Aussichtsturm<\/p>\n<p><a href='http:\/\/extra.inmontanis.info\/d\/63827-2\/DSC01854.jpg'><img src=http:\/\/extra.inmontanis.info\/d\/63826-3\/DSC01854.jpg \/><\/a><br \/>\n^ Ausblick vom Aussichtsturm<\/p>\n<p><a href='http:\/\/extra.inmontanis.info\/d\/63831-2\/DSC01857.jpg'><img src=http:\/\/extra.inmontanis.info\/d\/63830-3\/DSC01857.jpg \/><\/a><br \/>\n^ WC gibts hier aber (noch?) keines.<\/p>\n<p><a href='http:\/\/ski.inmontanis.info\/d\/295964-2\/DSC01858.jpg'><img src=http:\/\/ski.inmontanis.info\/d\/295962-3\/DSC01858.jpg \/><\/a><br \/>\n^ Auf der vorderen Hauptseite des Tjamstan-Skigebiets gibt es 3 Lifte, rechts am Bildrand der \u00e4lteste, dann der kurze links und in Bildmitte der, an dessen Bergstation auch der Lift von der linken Bergseite aus f\u00fchrt<\/p>\n<p><a href='http:\/\/ski.inmontanis.info\/d\/295968-2\/DSC01859.jpg'><img src=http:\/\/ski.inmontanis.info\/d\/295967-3\/DSC01859.jpg \/><\/a><br \/>\n^ Restaurant und V\u00e4rmestuga sind in diesem wohl ehemaligen Bergwerksgeb\u00e4ude<\/p>\n<p><a href='http:\/\/ski.inmontanis.info\/d\/295972-2\/DSC01860.jpg'><img src=http:\/\/ski.inmontanis.info\/d\/295971-3\/DSC01860.jpg \/><\/a><br \/>\n^ Nicht aktueller Pistenplan, wobei der mittlere von den 3 SL auf der Hauptseite hier noch nicht eingetragen ist.<\/p>\n<p><a href='http:\/\/ski.inmontanis.info\/d\/295976-2\/DSC01863.jpg'><img src=http:\/\/ski.inmontanis.info\/d\/295975-3\/DSC01863.jpg \/><\/a><br \/>\n^ Talstation Tjamstanliften<\/p>\n<p><a href='http:\/\/ski.inmontanis.info\/d\/295980-2\/DSC01864.jpg'><img src=http:\/\/ski.inmontanis.info\/d\/295979-3\/DSC01864.jpg \/><\/a><br \/>\n^ Tjamstanliften, wieder mal ein SL von Alimak<\/p>\n<p><a href='http:\/\/ski.inmontanis.info\/d\/295984-2\/DSC01865.jpg'><img src=http:\/\/ski.inmontanis.info\/d\/295983-3\/DSC01865.jpg \/><\/a><br \/>\n^ h\u00f6henverstellbare St\u00fctze<\/p>\n<p><a href='http:\/\/ski.inmontanis.info\/d\/295988-2\/DSC01868.jpg'><img src=http:\/\/ski.inmontanis.info\/d\/295987-3\/DSC01868.jpg \/><\/a><br \/>\n^ Tjamstanliften<\/p>\n<p><a href='http:\/\/ski.inmontanis.info\/d\/295992-2\/DSC01872.jpg'><img src=http:\/\/ski.inmontanis.info\/d\/295991-3\/DSC01872.jpg \/><\/a><br \/>\n^ Alte Bohrer vor dem wohl ehemaligen Bergwerksgeb\u00e4ude<\/p>\n<p>Ich wollte ja schon zur Talstation des hinteren Lifts fahren oder gehen, aber lie\u00df es dann doch bleiben. Heute leider wieder viel zu warm, 24\u00b0 ..<\/p>\n<p>Was ich nicht wollte, obwohl ich in der Gegend bin und auf der Fahrt schon einige alte St\u00fctzen entdeckt hab: Die 96 km lange &#8220;Linbana&#8221; besuchen. Da hatte ich ja im Mai 2020 schon alles nochmals gut fotografiert bzw. die restlichen Sektionen hatte ich 2006 doch recht ausf\u00fchrlich gemacht.<\/p>\n<p>Nichtsdestotrotz war ich neugierig, ob es mittlerweile Neuigkeiten g\u00e4be, sie vielleicht bald wieder \u00f6ffnen w\u00fcrde, da sie ja seit Jahren zum Verkauf steht? <\/p>\n<p>Letztes Jahr gab es noch Hoffnung, heute ist sie gestorben: Sie wurde zwar jetzt verkauft,  wird aber abgerissen und wird somit nie wieder fahren :(<\/p>\n<p>Schwedischer Facebook-Eintrag vom 1.1.2021 ins Deutsche via Google Translate \u00fcbersetzt und hier und da etwas ausgebessert:<\/p>\n<blockquote><p>\nHallo alle Linbana-Freunde!<\/p>\n<p>Eine Epoche ist in das Grab gegangen. Die l\u00e4ngste Seilbahn der Welt und der l\u00e4ngste Seilbahn der Welt Verband sind nicht mehr.<\/p>\n<p>Bosse Bistr\u00f6m und seine Frau Marie-Louise Eklund hat seine Firmen Linab i Norsj\u00f6 AB und \u00d6LAB an Sonja Hellstr\u00f6m, \u00d6rtr\u00e4sk, Norsj\u00f6 verkauft.<\/p>\n<p>Abbruch und Demontage der Seilbahn selbst wird gestartet, aber andere Aktivit\u00e4ten wie das Wirtshaus im Wald sowie Ferienwohnungen in B\u00e4ckerudden, Patchwork (Lappk\u00e5tan) und das Seilbahn-Museum in \u00d6rtr\u00e4sk werden bleiben. Pl\u00e4ne stehen auch langfristig auch f\u00fcr den Werkst\u00e4ttenbereich in \u00d6rtr\u00e4sk zur Verf\u00fcgung.<\/p>\n<p>Wir w\u00fcnschen Sonja Hellstr\u00f6m und ihren Partner Lennart Hjelte viel Gl\u00fcck.<\/p>\n<p>Ich werde diese Facebook-Seite schlie\u00dfen, habe aber versprochen, dass die neuen Besitzer auf die von ihnen gew\u00fcnschten Materialien zugreifen sollten, wenn sie ihr Gesch\u00e4ft im Fr\u00fchjahr \/ Sommer 2021 beginnen.<br \/>\nDanke f\u00fcr all die sch\u00f6nen Jahre!\n<\/p><\/blockquote>\n<p>\u00dcbrigens wurde kurz vor dieser 96 km langen Materialseilbahn eine 42 km lange Materialseilbahn vom gleichen Hersteller (der ja auch, wie bereits vor ein paar Wochen geschrieben, sp\u00e4ter die Korblifte in Riksgr\u00e4nsen und \u00c5re gebaut hatte), bei K\u00f6ping (&#8220;Kalkinbana&#8221;) gebaut. Diese wurde 1997 eingestellt und w\u00e4re wohl bis 2009 im Original erhalten gewesen (und soll hin und wieder gefahren sein), h\u00e4tte ich 2006 also besuchen k\u00f6nnen, h\u00e4tte ich davon gewusst. Der Abriss erfolgte 2013\/14.<\/p>\n<p>Wie gesagt, wollte ich ja jetzt gar nicht vorbei fahren bzw. lag es jetzt nicht mehr in meiner Richtung, aber da sie also abgerissen wird, sollte ich das vielleicht doch noch kurz dokumentieren &#8211; und bin eben wieder ein St\u00fcck retour.<\/p>\n<p>In Menstr\u00e4sk war ich schon \u00fcberrascht, wieviel man bereits demontiert hat, aber die \u00dcberraschung sollte erst sp\u00e4ter in \u00d6rtr\u00e4sk kommen. Krass. Also wenn man wirklich vorhaben sollte, ein Museum weiter zu betreiben, dann hat man eigentlich die interessantesten Sachen zerst\u00f6rt, da h\u00e4tte man ja so viel stehen lassen k\u00f6nnen, die komplette Station, die Rangier\/Garagierungen mit den ganzen K\u00f6rben, so wie die letzten Jahre, als Freilichtmuseum, wie man es andernorts mit alten Bergwerken gemacht hat &#8211; stattdessen rei\u00dft man wohl alles ab, unglaublich :(<\/p>\n<p><a href='http:\/\/ski.inmontanis.info\/d\/296016-3\/DSC01876.jpg'><img src=http:\/\/ski.inmontanis.info\/d\/296015-4\/DSC01876.jpg \/><\/a><br \/>\n^ Mal wieder eine St\u00fctze der alten Linbana an der Stra\u00dfe entdeckt&#8230;<\/p>\n<p><a href='http:\/\/ski.inmontanis.info\/d\/296020-2\/DSC01877.jpg'><img src=http:\/\/ski.inmontanis.info\/d\/296019-3\/DSC01877.jpg \/><\/a><br \/>\n^ .. es ist dies St\u00fctze Nummer 520, also die 20. St\u00fctze der 5. Sektion<\/p>\n<p><a href='http:\/\/ski.inmontanis.info\/d\/296024-2\/DSC01879.jpg'><img src=http:\/\/ski.inmontanis.info\/d\/296023-3\/DSC01879.jpg \/><\/a><br \/>\n^ Ich fuhr erst mal nach Menstr\u00e4sk, hier war die eine Station der Personen-Seilbahn, d.h. die Tragseile wurden hier bereits heuer entfernt<\/p>\n<p><a href='http:\/\/ski.inmontanis.info\/d\/296028-2\/DSC01883.jpg'><img src=http:\/\/ski.inmontanis.info\/d\/296027-3\/DSC01883.jpg \/><\/a><br \/>\n^ Sektion V der ehemaligen Materialseilbahn. Es wurde damals ja nur Sektion IV zur (weltl\u00e4ngsten) Personenseilbahn umgebaut<\/p>\n<p><a href='http:\/\/ski.inmontanis.info\/d\/296032-2\/DSC01884.jpg'><img src=http:\/\/ski.inmontanis.info\/d\/296031-3\/DSC01884.jpg \/><\/a><br \/>\n^ Menstr\u00e4sk, Mittelstation Sektion IV &#8211; V<\/p>\n<p><a href='http:\/\/ski.inmontanis.info\/d\/296036-2\/DSC01885.jpg'><img src=http:\/\/ski.inmontanis.info\/d\/296035-3\/DSC01885.jpg \/><\/a><br \/>\n^ Menstr\u00e4sk, Mittelstation Sektion IV &#8211; V<\/p>\n<p><a href='http:\/\/ski.inmontanis.info\/d\/296040-2\/DSC01887.jpg'><img src=http:\/\/ski.inmontanis.info\/d\/296039-3\/DSC01887.jpg \/><\/a><br \/>\n^ <\/p>\n<p><a href='http:\/\/ski.inmontanis.info\/d\/296044-2\/DSC01888.jpg'><img src=http:\/\/ski.inmontanis.info\/d\/296043-3\/DSC01888.jpg \/><\/a><br \/>\n^ <\/p>\n<p><a href='http:\/\/ski.inmontanis.info\/d\/296048-2\/DSC01889.jpg'><img src=http:\/\/ski.inmontanis.info\/d\/296047-3\/DSC01889.jpg \/><\/a><br \/>\n^ Hier fuhr bis vor wenigen Jahren noch die Personenseilbahn und bei meinem letzten Besuch im Mai 2020 w\u00e4re noch alles intakt gewesen<\/p>\n<p><a href='http:\/\/ski.inmontanis.info\/d\/296052-2\/DSC01890.jpg'><img src=http:\/\/ski.inmontanis.info\/d\/296051-3\/DSC01890.jpg \/><\/a><br \/>\n^ Die 96 km lange Materialseilbahn fuhr von 1943-1987, die 13 km lange Personenseilbahn (ehemalige Sektion IV) von 1989-2017. Abriss nach pensionsbedingtem Verkauf 2021<\/p>\n<p><a href='http:\/\/ski.inmontanis.info\/d\/296056-2\/DSC01891.jpg'><img src=http:\/\/ski.inmontanis.info\/d\/296055-3\/DSC01891.jpg \/><\/a><br \/>\n^ Menstr\u00e4sk, Sektion IV<\/p>\n<p><a href='http:\/\/ski.inmontanis.info\/d\/296060-2\/DSC01893.jpg'><img src=http:\/\/ski.inmontanis.info\/d\/296059-3\/DSC01893.jpg \/><\/a><br \/>\n^ Menstr\u00e4sk, Sektion IV. Da hingen letztes Jahr noch die Trag- und Zugseile<\/p>\n<p><a href='http:\/\/ski.inmontanis.info\/d\/296064-2\/DSC01895.jpg'><img src=http:\/\/ski.inmontanis.info\/d\/296063-3\/DSC01895.jpg \/><\/a><br \/>\n^ Menstr\u00e4sk, Mittelstation Sektion IV &#8211; V<\/p>\n<p><a href='http:\/\/ski.inmontanis.info\/d\/296068-2\/DSC01896.jpg'><img src=http:\/\/ski.inmontanis.info\/d\/296067-3\/DSC01896.jpg \/><\/a><br \/>\n^ <\/p>\n<p><a href='http:\/\/ski.inmontanis.info\/d\/296072-2\/DSC01898.jpg'><img src=http:\/\/ski.inmontanis.info\/d\/296071-3\/DSC01898.jpg \/><\/a><br \/>\n^ Menstr\u00e4sk, Mittelstation Sektion IV &#8211; V<\/p>\n<p><a href='http:\/\/ski.inmontanis.info\/d\/296076-2\/DSC01899.jpg'><img src=http:\/\/ski.inmontanis.info\/d\/296075-3\/DSC01899.jpg \/><\/a><br \/>\n^ <\/p>\n<p><a href='http:\/\/ski.inmontanis.info\/d\/296080-2\/DSC01901.jpg'><img src=http:\/\/ski.inmontanis.info\/d\/296079-3\/DSC01901.jpg \/><\/a><br \/>\n^ <\/p>\n<p><a href='http:\/\/ski.inmontanis.info\/d\/296084-2\/DSC01902.jpg'><img src=http:\/\/ski.inmontanis.info\/d\/296083-3\/DSC01902.jpg \/><\/a><br \/>\n^ <\/p>\n<p><a href='http:\/\/ski.inmontanis.info\/d\/296088-2\/DSC01904.jpg'><img src=http:\/\/ski.inmontanis.info\/d\/296087-3\/DSC01904.jpg \/><\/a><br \/>\n^ <\/p>\n<p><a href='http:\/\/ski.inmontanis.info\/d\/296092-2\/DSC01905.jpg'><img src=http:\/\/ski.inmontanis.info\/d\/296091-3\/DSC01905.jpg \/><\/a><br \/>\n^ Jahrzehnte alte analoge Anzeigen sind doch immer wieder sch\u00f6n &#8230;<\/p>\n<p><a href='http:\/\/ski.inmontanis.info\/d\/296096-2\/DSC01909.jpg'><img src=http:\/\/ski.inmontanis.info\/d\/296095-3\/DSC01909.jpg \/><\/a><br \/>\n^ Menstr\u00e4sk, Sektion IV<\/p>\n<p><a href='http:\/\/ski.inmontanis.info\/d\/296100-2\/DSC01910.jpg'><img src=http:\/\/ski.inmontanis.info\/d\/296099-3\/DSC01910.jpg \/><\/a><br \/>\n^ Menstr\u00e4sk, Sektion IV<\/p>\n<p><a href='http:\/\/ski.inmontanis.info\/d\/296104-2\/DSC01912.jpg'><img src=http:\/\/ski.inmontanis.info\/d\/296103-3\/DSC01912.jpg \/><\/a><br \/>\n^ Menstr\u00e4sk, Sektion IV<\/p>\n<p><a href='http:\/\/ski.inmontanis.info\/d\/296108-2\/DSC01913.jpg'><img src=http:\/\/ski.inmontanis.info\/d\/296107-3\/DSC01913.jpg \/><\/a><br \/>\n^ Menstr\u00e4sk, Sektion IV<\/p>\n<p><a href='http:\/\/ski.inmontanis.info\/d\/296112-2\/DSC01914.jpg'><img src=http:\/\/ski.inmontanis.info\/d\/296111-3\/DSC01914.jpg \/><\/a><br \/>\n^ Menstr\u00e4sk, Mittelstation Sektion IV &#8211; V<\/p>\n<p><a href='http:\/\/ski.inmontanis.info\/d\/296116-2\/DSC01915.jpg'><img src=http:\/\/ski.inmontanis.info\/d\/296115-3\/DSC01915.jpg \/><\/a><br \/>\n^ <\/p>\n<p><a href='http:\/\/ski.inmontanis.info\/d\/296120-2\/DSC01920.jpg'><img src=http:\/\/ski.inmontanis.info\/d\/296119-3\/DSC01920.jpg \/><\/a><br \/>\n^ Die ehemaligen 4er Personenkabinen<\/p>\n<p><a href='http:\/\/ski.inmontanis.info\/d\/296124-2\/DSC01922.jpg'><img src=http:\/\/ski.inmontanis.info\/d\/296123-3\/DSC01922.jpg \/><\/a><br \/>\n^ Die ehemaligen 4er Personenkabinen<\/p>\n<p><a href='http:\/\/ski.inmontanis.info\/d\/296128-2\/DSC01923.jpg'><img src=http:\/\/ski.inmontanis.info\/d\/296127-3\/DSC01923.jpg \/><\/a><br \/>\n^ .. 2 Sitzb\u00e4nke, Tisch mit Karte, Funkger\u00e4t und Nachttopf geh\u00f6rten zur Ausstattung<\/p>\n<p><a href='http:\/\/ski.inmontanis.info\/d\/296132-2\/DSC01924.jpg'><img src=http:\/\/ski.inmontanis.info\/d\/296131-3\/DSC01924.jpg \/><\/a><br \/>\n^ Jetzt Schrott<\/p>\n<p><a href='http:\/\/ski.inmontanis.info\/d\/296136-2\/DSC01925.jpg'><img src=http:\/\/ski.inmontanis.info\/d\/296135-3\/DSC01925.jpg \/><\/a><br \/>\n^ Tragseil-Makkaroni ;)<\/p>\n<p><a href='http:\/\/ski.inmontanis.info\/d\/296140-2\/DSC01931.jpg'><img src=http:\/\/ski.inmontanis.info\/d\/296139-3\/DSC01931.jpg \/><\/a><br \/>\n^ 3. Spannstation auf der Sektion IV, d.h. zumindest von Spannstation 2 zu 3 existieren aktuell noch die Tragseile.<\/p>\n<p><a href='http:\/\/ski.inmontanis.info\/d\/296144-2\/DSC01932.jpg'><img src=http:\/\/ski.inmontanis.info\/d\/296143-3\/DSC01932.jpg \/><\/a><br \/>\n^ 3. Spannstation auf der Sektion IV<\/p>\n<p><a href='http:\/\/ski.inmontanis.info\/d\/296148-2\/DSC01933.jpg'><img src=http:\/\/ski.inmontanis.info\/d\/296147-3\/DSC01933.jpg \/><\/a><br \/>\n^ 3. Spannstation auf der Sektion IV<\/p>\n<p><a href='http:\/\/ski.inmontanis.info\/d\/296152-2\/DSC01937.jpg'><img src=http:\/\/ski.inmontanis.info\/d\/296151-3\/DSC01937.jpg \/><\/a><br \/>\n^ 3. Spannstation auf der Sektion IV<\/p>\n<p><a href='http:\/\/ski.inmontanis.info\/d\/296156-2\/DSC01936.jpg'><img src=http:\/\/ski.inmontanis.info\/d\/296155-3\/DSC01936.jpg \/><\/a><br \/>\n^ Neben der Spannstation gibts ein St\u00fcck Schiene ..<\/p>\n<p><a href='http:\/\/ski.inmontanis.info\/d\/296160-2\/DSC01938.jpg'><img src=http:\/\/ski.inmontanis.info\/d\/296159-3\/DSC01938.jpg \/><\/a><br \/>\n^ .. und im Wald diese Betonteile (alte Gewichte?)<\/p>\n<p><a href='http:\/\/ski.inmontanis.info\/d\/296164-2\/DSC01940.jpg'><img src=http:\/\/ski.inmontanis.info\/d\/296163-3\/DSC01940.jpg \/><\/a><br \/>\n^ Ab hier in \u00d6rtr\u00e4sk war das letzte St\u00fcck der Sektion III eigentlich im Original erhalten, samt der alten K\u00fcbel am Seil &#8211; auch das hat man nun abgerissen :( Warum, wenn man das Museum doch weiterbetreiben will?<\/p>\n<p>Sah 2020 noch so aus:<br \/>\n<a href='http:\/\/ski.inmontanis.info\/d\/278263-3\/DSC08223.jpg'><img src=http:\/\/ski.inmontanis.info\/d\/278262-4\/DSC08223.jpg \/><\/a><br \/>\n^ 11.5.2020<\/p>\n<p><a href='http:\/\/ski.inmontanis.info\/d\/296168-2\/DSC01942.jpg'><img src=http:\/\/ski.inmontanis.info\/d\/296167-3\/DSC01942.jpg \/><\/a><br \/>\n^ Bjurfors, Ex-Mittelstation Sektion III-IV<\/p>\n<p><a href='http:\/\/ski.inmontanis.info\/d\/296172-2\/DSC01943.jpg'><img src=http:\/\/ski.inmontanis.info\/d\/296171-3\/DSC01943.jpg \/><\/a><br \/>\n^ Bjurfors, Sektion IV, auch hier fehlen nun Trag- und Zugseile<\/p>\n<p><a href='http:\/\/ski.inmontanis.info\/d\/296176-2\/DSC01944.jpg'><img src=http:\/\/ski.inmontanis.info\/d\/296175-3\/DSC01944.jpg \/><\/a><br \/>\n^ Bjurfors, Ex-Mittelstation Sektion III-IV<\/p>\n<p><a href='http:\/\/ski.inmontanis.info\/d\/296180-2\/DSC01945.jpg'><img src=http:\/\/ski.inmontanis.info\/d\/296179-3\/DSC01945.jpg \/><\/a><br \/>\n^ <\/p>\n<p><a href='http:\/\/ski.inmontanis.info\/d\/296184-2\/DSC01946.jpg'><img src=http:\/\/ski.inmontanis.info\/d\/296183-3\/DSC01946.jpg \/><\/a><br \/>\n^ Bjurfors, Ex-Mittelstation Sektion III-IV<\/p>\n<p><a href='http:\/\/ski.inmontanis.info\/d\/296188-2\/DSC01947.jpg'><img src=http:\/\/ski.inmontanis.info\/d\/296187-3\/DSC01947.jpg \/><\/a><br \/>\n^ <\/p>\n<p><a href='http:\/\/ski.inmontanis.info\/d\/296192-2\/DSC01948.jpg'><img src=http:\/\/ski.inmontanis.info\/d\/296191-3\/DSC01948.jpg \/><\/a><br \/>\n^ <\/p>\n<p><a href='http:\/\/ski.inmontanis.info\/d\/296196-2\/DSC01949.jpg'><img src=http:\/\/ski.inmontanis.info\/d\/296195-3\/DSC01949.jpg \/><\/a><br \/>\n^ <\/p>\n<p><a href='http:\/\/ski.inmontanis.info\/d\/296200-2\/DSC01950.jpg'><img src=http:\/\/ski.inmontanis.info\/d\/296199-3\/DSC01950.jpg \/><\/a><br \/>\n^ <\/p>\n<p><a href='http:\/\/ski.inmontanis.info\/d\/296204-2\/DSC01951.jpg'><img src=http:\/\/ski.inmontanis.info\/d\/296203-3\/DSC01951.jpg \/><\/a><br \/>\n^ <\/p>\n<p><a href='http:\/\/ski.inmontanis.info\/d\/296208-2\/DSC01952.jpg'><img src=http:\/\/ski.inmontanis.info\/d\/296207-3\/DSC01952.jpg \/><\/a><br \/>\n^ <\/p>\n<p><a href='http:\/\/ski.inmontanis.info\/d\/296212-2\/DSC01954.jpg'><img src=http:\/\/ski.inmontanis.info\/d\/296211-3\/DSC01954.jpg \/><\/a><br \/>\n^ Bjurfors, Ex-Mittelstation Sektion III-IV<\/p>\n<p><a href='http:\/\/ski.inmontanis.info\/d\/296216-2\/DSC01955.jpg'><img src=http:\/\/ski.inmontanis.info\/d\/296215-3\/DSC01955.jpg \/><\/a><br \/>\n^ Auch der gesamte Rangier- \/ Garagierungsbereich wurde abgerissen und entsorgt :( Das h\u00e4tte man doch zum Besichtigen weiter stehen lassen k\u00f6nnen?!! Gut, dass ich das letztes Jahr noch fotografieren konnte!<\/p>\n<p><a href='http:\/\/ski.inmontanis.info\/d\/278319-3\/DSC08243.jpg'><img src=http:\/\/ski.inmontanis.info\/d\/278318-4\/DSC08243.jpg \/><\/a><br \/>\n^ 11.5.2020 &#8211; weitere Fotos im damaligen Bericht.<\/p>\n<p><a href='http:\/\/ski.inmontanis.info\/d\/296220-2\/DSC01956.jpg'><img src=http:\/\/ski.inmontanis.info\/d\/296219-3\/DSC01956.jpg \/><\/a><br \/>\n^ <\/p>\n<p><a href='http:\/\/ski.inmontanis.info\/d\/296224-2\/DSC01957.jpg'><img src=http:\/\/ski.inmontanis.info\/d\/296223-3\/DSC01957.jpg \/><\/a><br \/>\n^ Da waren vor einem Jahr noch die ganzen K\u00f6rbe aufgereiht<\/p>\n<p><a href='http:\/\/ski.inmontanis.info\/d\/296228-2\/DSC01958.jpg'><img src=http:\/\/ski.inmontanis.info\/d\/296227-3\/DSC01958.jpg \/><\/a><br \/>\n^ Bjurfors, Ex-Mittelstation Sektion III-IV<\/p>\n<p><a href='http:\/\/ski.inmontanis.info\/d\/296232-2\/DSC01959.jpg'><img src=http:\/\/ski.inmontanis.info\/d\/296231-3\/DSC01959.jpg \/><\/a><br \/>\n^ Caf\u00e9<\/p>\n<p><a href='http:\/\/ski.inmontanis.info\/d\/296236-2\/DSC01960.jpg'><img src=http:\/\/ski.inmontanis.info\/d\/296235-3\/DSC01960.jpg \/><\/a><br \/>\n^ .. alles weg &#8230;<\/p>\n<p><a href='http:\/\/ski.inmontanis.info\/d\/296240-2\/DSC01961.jpg'><img src=http:\/\/ski.inmontanis.info\/d\/296239-3\/DSC01961.jpg \/><\/a><br \/>\n^ Nicht alle Kabinen werden \u00fcberleben<\/p>\n<p><a href='http:\/\/ski.inmontanis.info\/d\/296244-2\/DSC01962.jpg'><img src=http:\/\/ski.inmontanis.info\/d\/296243-3\/DSC01962.jpg \/><\/a><br \/>\n^ Sektion III, das St\u00fcck zwischen Stra\u00dfe und Station war ja noch mit K\u00f6rben erhalten &#8211; h\u00e4tte man doch stehen lassen k\u00f6nnen!?!<\/p>\n<p><a href='http:\/\/ski.inmontanis.info\/d\/296248-2\/DSC01964.jpg'><img src=http:\/\/ski.inmontanis.info\/d\/296247-3\/DSC01964.jpg \/><\/a><br \/>\n^ Die kleine Parkeisenbahn mit den ehemaligen Materialk\u00f6rben<\/p>\n<p><a href='http:\/\/ski.inmontanis.info\/d\/296252-2\/DSC01963.jpg'><img src=http:\/\/ski.inmontanis.info\/d\/296251-3\/DSC01963.jpg \/><\/a><br \/>\n^ Das Museum hinter dem Caf\u00e9<\/p>\n<p><a href='http:\/\/ski.inmontanis.info\/d\/296256-2\/DSC01965.jpg'><img src=http:\/\/ski.inmontanis.info\/d\/296255-3\/DSC01965.jpg \/><\/a><br \/>\n^ Sektion III<\/p>\n<p><a href='http:\/\/ski.inmontanis.info\/d\/296260-2\/DSC01966.jpg'><img src=http:\/\/ski.inmontanis.info\/d\/296259-3\/DSC01966.jpg \/><\/a><br \/>\n^ Ex-St\u00fctze Sektion III<\/p>\n<p><a href='http:\/\/ski.inmontanis.info\/d\/296264-2\/DSC01969.jpg'><img src=http:\/\/ski.inmontanis.info\/d\/296263-3\/DSC01969.jpg \/><\/a><br \/>\n^ 69. St\u00fctze der 3. Sektion<\/p>\n<p><a href='http:\/\/ski.inmontanis.info\/d\/296268-2\/DSC01970.jpg'><img src=http:\/\/ski.inmontanis.info\/d\/296267-3\/DSC01970.jpg \/><\/a><br \/>\n^ Sektion III<\/p>\n<p><a href='http:\/\/ski.inmontanis.info\/d\/296272-2\/DSC01972.jpg'><img src=http:\/\/ski.inmontanis.info\/d\/296271-3\/DSC01972.jpg \/><\/a><br \/>\n^ Letztes Jahr gar nicht probiert, aber die T\u00fcr zum Museum war nicht abgesperrt. Darf man dann jetzt rein oder nicht? Hab ja eh 2006 fast alles fotografiert, aber bevor das auch noch alles auf dem M\u00fcll landet &#8230;<\/p>\n<p><a href='http:\/\/ski.inmontanis.info\/d\/296276-2\/DSC01973.jpg'><img src=http:\/\/ski.inmontanis.info\/d\/296275-3\/DSC01973.jpg \/><\/a><br \/>\n^ <\/p>\n<p><a href='http:\/\/ski.inmontanis.info\/d\/296280-2\/DSC01975.jpg'><img src=http:\/\/ski.inmontanis.info\/d\/296279-3\/DSC01975.jpg \/><\/a><br \/>\n^ <\/p>\n<p><a href='http:\/\/ski.inmontanis.info\/d\/296284-2\/DSC01977.jpg'><img src=http:\/\/ski.inmontanis.info\/d\/296283-3\/DSC01977.jpg \/><\/a><br \/>\n^ <\/p>\n<p><a href='http:\/\/ski.inmontanis.info\/d\/296288-2\/DSC01978.jpg'><img src=http:\/\/ski.inmontanis.info\/d\/296287-3\/DSC01978.jpg \/><\/a><br \/>\n^ <\/p>\n<p><a href='http:\/\/ski.inmontanis.info\/d\/296292-2\/DSC01979.jpg'><img src=http:\/\/ski.inmontanis.info\/d\/296291-3\/DSC01979.jpg \/><\/a><br \/>\n^ <\/p>\n<p><a href='http:\/\/ski.inmontanis.info\/d\/296296-2\/DSC01980.jpg'><img src=http:\/\/ski.inmontanis.info\/d\/296295-3\/DSC01980.jpg \/><\/a><br \/>\n^ <\/p>\n<p><a href='http:\/\/ski.inmontanis.info\/d\/296300-2\/DSC01981.jpg'><img src=http:\/\/ski.inmontanis.info\/d\/296299-3\/DSC01981.jpg \/><\/a><br \/>\n^ <\/p>\n<p><a href='http:\/\/ski.inmontanis.info\/d\/296304-2\/DSC01982.jpg'><img src=http:\/\/ski.inmontanis.info\/d\/296303-3\/DSC01982.jpg \/><\/a><br \/>\n^ <\/p>\n<p><a href='http:\/\/ski.inmontanis.info\/d\/296308-2\/DSC01983.jpg'><img src=http:\/\/ski.inmontanis.info\/d\/296307-3\/DSC01983.jpg \/><\/a><br \/>\n^ <\/p>\n<p><a href='http:\/\/ski.inmontanis.info\/d\/296312-2\/DSC01984.jpg'><img src=http:\/\/ski.inmontanis.info\/d\/296311-3\/DSC01984.jpg \/><\/a><br \/>\n^ <\/p>\n<p><a href='http:\/\/ski.inmontanis.info\/d\/296316-2\/DSC01985.jpg'><img src=http:\/\/ski.inmontanis.info\/d\/296315-3\/DSC01985.jpg \/><\/a><br \/>\n^ <\/p>\n<p><a href='http:\/\/ski.inmontanis.info\/d\/296320-2\/DSC01986.jpg'><img src=http:\/\/ski.inmontanis.info\/d\/296319-3\/DSC01986.jpg \/><\/a><br \/>\n^ <\/p>\n<p><a href='http:\/\/ski.inmontanis.info\/d\/296324-2\/DSC01987.jpg'><img src=http:\/\/ski.inmontanis.info\/d\/296323-3\/DSC01987.jpg \/><\/a><br \/>\n^ Nordstr\u00f6ms Linbanor hat ja, wie bereits im Riksgr\u00e4nsen-Bericht erw\u00e4hnt, u.a. auch die Korblifte in Are und Riksgr\u00e4nsen, Skilifte (z.B. 1948 in Bj\u00f6rkliden), sowie 1923 die spacige PB in Stockholm gebaut, dazu auch Materialseilbahnen z.B. in der T\u00fcrkei, auf Zypern oder in Kolumbien.<\/p>\n<p>Hier \u00fcbrigens mehr Info zur Liftgeschichte von Bj\u00f6rkliden, ab Seite 10:<br \/>\nhttp:\/\/www.sjs-hotellen.com\/medlem\/jubileum.pdf<\/p>\n<p><a href='http:\/\/ski.inmontanis.info\/d\/296328-2\/DSC01988.jpg'><img src=http:\/\/ski.inmontanis.info\/d\/296327-3\/DSC01988.jpg \/><\/a><br \/>\n^ <\/p>\n<p><a href='http:\/\/ski.inmontanis.info\/d\/296332-2\/DSC01989.jpg'><img src=http:\/\/ski.inmontanis.info\/d\/296331-3\/DSC01989.jpg \/><\/a><br \/>\n^ <\/p>\n<p><a href='http:\/\/ski.inmontanis.info\/d\/296336-2\/DSC01990.jpg'><img src=http:\/\/ski.inmontanis.info\/d\/296335-3\/DSC01990.jpg \/><\/a><br \/>\n^ Ich k\u00f6nnte mir vorstellen, den beiden Pensionisten w\u00e4re eine andere Art des Verkaufs lieber gewesen. Aber anscheinend hatten sie ja Jahre lang keinen besseren K\u00e4ufer gefunden, der die Seilbahn weiterbetreiben wollte. 30 Jahre lang, von einer Idee, die stillgelegte Materialseilbahn zur (weltl\u00e4ngsten) Personenseilbahn umzubauen .. <\/p>\n<p><a href='http:\/\/ski.inmontanis.info\/d\/296340-2\/DSC01992.jpg'><img src=http:\/\/ski.inmontanis.info\/d\/296339-3\/DSC01992.jpg \/><\/a><br \/>\n^ .. und am Ende landet dein Lebenswerk doch nur am Schrottplatz.<\/p>\n<p>Zweites eigentliches Ziel heute war noch das Skigbebiet bei Kristineberg, Viterliden, das ich zwar ebenfalls letztes Jahr kurz besucht hatte, aber wo noch ein paar Fragen offen waren ..<\/p>\n<p><a href='http:\/\/ski.inmontanis.info\/d\/295996-2\/DSC01994.jpg'><img src=http:\/\/ski.inmontanis.info\/d\/295995-3\/DSC01994.jpg \/><\/a><br \/>\n^ SL Viterliden Kristineberg Bergstation<\/p>\n<p><a href='http:\/\/ski.inmontanis.info\/d\/296000-2\/DSC01995.jpg'><img src=http:\/\/ski.inmontanis.info\/d\/295999-3\/DSC01995.jpg \/><\/a><br \/>\n^ SL-St\u00fctze<\/p>\n<p><a href='http:\/\/ski.inmontanis.info\/d\/296004-2\/DSC01996.jpg'><img src=http:\/\/ski.inmontanis.info\/d\/296003-3\/DSC01996.jpg \/><\/a><br \/>\n^ SL-St\u00fctze<\/p>\n<p><a href='http:\/\/ski.inmontanis.info\/d\/296008-2\/DSC01997.jpg'><img src=http:\/\/ski.inmontanis.info\/d\/296007-3\/DSC01997.jpg \/><\/a><br \/>\n^ SL-Strecke. W\u00e4re im Winter hergefahren, h\u00e4tte ich im Internet irgendwas gelesen von dem SL, aber Null Info. Vmtl. also LSAP.<\/p>\n<p><a href='http:\/\/ski.inmontanis.info\/d\/296012-2\/DSC01998.jpg'><img src=http:\/\/ski.inmontanis.info\/d\/296011-3\/DSC01998.jpg \/><\/a><br \/>\n^ Abfahrt am SL, noch nicht so verwuchert. Wollte ja wirklich runter gehen oder von unten zu den unteren 3 besonderen St\u00fctzen gehen, um diese genauer zu fotografieren, aber .. war mir mal wieder zu warm und zu viele Stechm\u00fccken unterwegs.<\/p>\n<p>Danach noch einige km zu einem \u00dcbernachtungsplatz gefahren.<\/p>\n<p><a href='http:\/\/extra.inmontanis.info\/d\/63835-2\/DSC02001.jpg'><img src=http:\/\/extra.inmontanis.info\/d\/63834-3\/DSC02001.jpg \/><\/a><br \/>\n^ Also 3 bzw. 4 Portionen hab ich aus den beiden Sachen hier nicht rausbekommen ;) Die rechten, naja, eher schwierig und langwieriger zu kochen im Auto im Vgl. zu den Nudeln. Die Tortellini waren jedenfalls wesentlich schneller fertig (obwohl da eine l\u00e4ngere Zeit angegeben ist)<\/p>\n<p><a href='http:\/\/extra.inmontanis.info\/d\/63839-2\/DSC02002.jpg'><img src=http:\/\/extra.inmontanis.info\/d\/63838-3\/DSC02002.jpg \/><\/a><br \/>\n^ Huch, hier gibts noch ein kleines Schneefeld, na da beib ich doch \u00fcber Nacht.<\/p>\n","protected":false},"excerpt":{"rendered":"<p>9.6.2021 &#8211; Tjamstan \/ Linbana \/ Viterliden<\/p>\n<p>In Mal\u00e5 bin ich zuerst zum Frasses gegangen und hab mal wieder einen Laxburger gegessen, danach zum dortigen Skiebiet Tjamstan.<\/p>\n<p> ^ Neu gebaute Stra\u00dfe mit Aussichtsturm<\/p>\n<p> ^ Ausblick vom Aussichtsturm<\/p>\n<p> ^ Ausblick vom Aussichtsturm<\/p>\n<p> ^ WC gibts hier aber (noch?) keines.<\/p>\n<p> ^ Auf <a href=\"http:\/\/blog.inmontanis.info\/?p=6866\">[&#8230;]<\/a><\/p>\n","protected":false},"author":1,"featured_media":0,"comment_status":"closed","ping_status":"closed","sticky":false,"template":"","format":"standard","meta":{"footnotes":""},"categories":[184,780,59,19,779,32],"tags":[60,50,45,47],"class_list":["post-6866","post","type-post","status-publish","format-standard","hentry","category-2021-01-skandinavien","category-kristineberg","category-nostalgie","category-schwedensweden","category-tjamstan","category-lostplaces","tag-4zub","tag-bergbau","tag-see","tag-sl","odd"],"_links":{"self":[{"href":"http:\/\/blog.inmontanis.info\/index.php?rest_route=\/wp\/v2\/posts\/6866","targetHints":{"allow":["GET"]}}],"collection":[{"href":"http:\/\/blog.inmontanis.info\/index.php?rest_route=\/wp\/v2\/posts"}],"about":[{"href":"http:\/\/blog.inmontanis.info\/index.php?rest_route=\/wp\/v2\/types\/post"}],"author":[{"embeddable":true,"href":"http:\/\/blog.inmontanis.info\/index.php?rest_route=\/wp\/v2\/users\/1"}],"replies":[{"embeddable":true,"href":"http:\/\/blog.inmontanis.info\/index.php?rest_route=%2Fwp%2Fv2%2Fcomments&post=6866"}],"version-history":[{"count":4,"href":"http:\/\/blog.inmontanis.info\/index.php?rest_route=\/wp\/v2\/posts\/6866\/revisions"}],"predecessor-version":[{"id":6870,"href":"http:\/\/blog.inmontanis.info\/index.php?rest_route=\/wp\/v2\/posts\/6866\/revisions\/6870"}],"wp:attachment":[{"href":"http:\/\/blog.inmontanis.info\/index.php?rest_route=%2Fwp%2Fv2%2Fmedia&parent=6866"}],"wp:term":[{"taxonomy":"category","embeddable":true,"href":"http:\/\/blog.inmontanis.info\/index.php?rest_route=%2Fwp%2Fv2%2Fcategories&post=6866"},{"taxonomy":"post_tag","embeddable":true,"href":"http:\/\/blog.inmontanis.info\/index.php?rest_route=%2Fwp%2Fv2%2Ftags&post=6866"}],"curies":[{"name":"wp","href":"https:\/\/api.w.org\/{rel}","templated":true}]}}