{"id":6862,"date":"2021-06-08T20:12:29","date_gmt":"2021-06-08T18:12:29","guid":{"rendered":"http:\/\/blog.inmontanis.info\/?p=6862"},"modified":"2023-08-05T13:32:08","modified_gmt":"2023-08-05T11:32:08","slug":"arjeplog-arvidsjaur-glommerstrask-storklinta-6-8-6-2021","status":"publish","type":"post","link":"http:\/\/blog.inmontanis.info\/?p=6862","title":{"rendered":"Arjeplog\/Arvidsjaur\/Glommerstr\u00e4sk\/Storklinta, 6.-8.6.2021"},"content":{"rendered":"<p><strong>6.6.2021<\/strong><br \/>\nH\u00e4tte ich gestern noch was interessantes f\u00fcr eine Skitour gefunden, w\u00e4re ich nat\u00fcrlich heute nochmal Skifahren gegangen &#8211; aber so halt nicht. Gem\u00fctlich wieder vor nach Arjeplog, dort noch eben zur Bergstation des stillgelegten \u00d6berget-Skigebiets (die Talstation hatte ich ja vor ein paar Tagen fotografiert) und dann wieder zum Galtispuoda rauf wegen der Abk\u00fchlung; wobei es dann eh schon wieder 15 Uhr war.<\/p>\n<p>Sonn- und Feiertagsbedingt war am Gipfel mehr los, allerdings weniger Schweden, als eher eine gr\u00f6\u00dfere Gruppe junger Ausl\u00e4nder. Fuhren aber doch &#8220;bald&#8221; mal wieder runter.<\/p>\n<p><a href='http:\/\/extra.inmontanis.info\/d\/63743-2\/DSC01744.jpg'><img src=http:\/\/extra.inmontanis.info\/d\/63742-3\/DSC01744.jpg \/><\/a><\/p>\n<p><a href='http:\/\/extra.inmontanis.info\/d\/63747-2\/DSC01748.jpg'><img src=http:\/\/extra.inmontanis.info\/d\/63746-3\/DSC01748.jpg \/><\/a><\/p>\n<p><a href='http:\/\/extra.inmontanis.info\/d\/63751-2\/DSC01750.jpg'><img src=http:\/\/extra.inmontanis.info\/d\/63750-3\/DSC01750.jpg \/><\/a><br \/>\n^ Arjeplog<\/p>\n<p><a href='http:\/\/ski.inmontanis.info\/d\/295812-2\/DSC01753.jpg'><img src=http:\/\/ski.inmontanis.info\/d\/295811-3\/DSC01753.jpg \/><\/a><br \/>\n^ Weg vom Hotel mitten am Berg zur Bergstation des \u00d6berget-SL (bzw. umgekehrt betrachtet: blaue Umfahrungsabfahrt)<\/p>\n<p><a href='http:\/\/ski.inmontanis.info\/d\/295816-2\/DSC01754.jpg'><img src=http:\/\/ski.inmontanis.info\/d\/295815-3\/DSC01754.jpg \/><\/a><br \/>\n^ St\u00fctze am Ausstieg<\/p>\n<p><a href='http:\/\/ski.inmontanis.info\/d\/295820-2\/DSC01755.jpg'><img src=http:\/\/ski.inmontanis.info\/d\/295819-3\/DSC01755.jpg \/><\/a><br \/>\n^ Blick zur Bergstation, hier liegt auch noch Stahlseil rum<\/p>\n<p><a href='http:\/\/ski.inmontanis.info\/d\/295824-2\/DSC01757.jpg'><img src=http:\/\/ski.inmontanis.info\/d\/295823-3\/DSC01757.jpg \/><\/a><br \/>\n^ Abfahrt mit sch\u00f6nem Blick nach Arjeplog und dahinter genau gegen\u00fcber, das Skigebiet Galtis<\/p>\n<p><a href='http:\/\/ski.inmontanis.info\/d\/295828-2\/DSC01758.jpg'><img src=http:\/\/ski.inmontanis.info\/d\/295827-3\/DSC01758.jpg \/><\/a><br \/>\n^ Arjeplog<\/p>\n<p><a href='http:\/\/ski.inmontanis.info\/d\/295832-2\/DSC01759.jpg'><img src=http:\/\/ski.inmontanis.info\/d\/295831-3\/DSC01759.jpg \/><\/a><br \/>\n^ Bergstation dieses Alimak-SL<\/p>\n<p><a href='http:\/\/ski.inmontanis.info\/d\/295836-2\/DSC01760.jpg'><img src=http:\/\/ski.inmontanis.info\/d\/295835-3\/DSC01760.jpg \/><\/a><br \/>\n^ Bergstation<\/p>\n<p><a href='http:\/\/ski.inmontanis.info\/d\/295840-2\/DSC01762.jpg'><img src=http:\/\/ski.inmontanis.info\/d\/295839-3\/DSC01762.jpg \/><\/a><br \/>\n^ St\u00fctze mit den typischen Alimak-Querrollen<\/p>\n<p><a href='http:\/\/ski.inmontanis.info\/d\/295844-2\/DSC01763.jpg'><img src=http:\/\/ski.inmontanis.info\/d\/295843-3\/DSC01763.jpg \/><\/a><br \/>\n^ St\u00fctze mit den typischen Alimak-Querrollen<\/p>\n<p><a href='http:\/\/ski.inmontanis.info\/d\/295848-2\/DSC01764.jpg'><img src=http:\/\/ski.inmontanis.info\/d\/295847-3\/DSC01764.jpg \/><\/a><br \/>\n^ Skiweg-Abfahrt<\/p>\n<p><a href='http:\/\/ski.inmontanis.info\/d\/295852-2\/DSC01765.jpg'><img src=http:\/\/ski.inmontanis.info\/d\/295851-3\/DSC01765.jpg \/><\/a><br \/>\n^ .. hier kam alle paar Meter dies aus dem Boden &#8211; evtl. Beschneiung?<\/p>\n<p><a href='http:\/\/ski.inmontanis.info\/d\/295856-2\/DSC01768.jpg'><img src=http:\/\/ski.inmontanis.info\/d\/295855-3\/DSC01768.jpg \/><\/a><br \/>\n^ Hotel<\/p>\n<p><a href='http:\/\/ski.inmontanis.info\/d\/295860-2\/DSC01769.jpg'><img src=http:\/\/ski.inmontanis.info\/d\/295859-3\/DSC01769.jpg \/><\/a><br \/>\n^ Blick vom Hotel zum Gipfel<\/p>\n<p><a href='http:\/\/extra.inmontanis.info\/d\/63755-2\/DSC01771.jpg'><img src=http:\/\/extra.inmontanis.info\/d\/63754-3\/DSC01771.jpg \/><\/a><br \/>\n^ Ein k\u00fcmmerlicher Schneerest k\u00e4mpft hier noch ums \u00dcberleben bei \u00fcber 20\u00b0<\/p>\n<p>Abends konnte ich leider lange nicht einchlafen &#8211; da st\u00f6rte es auch nicht weiter, dass vielleicht so gegen Mitternacht noch 2 Autos auf den Gipfel fuhren, wo einer davon rauf wie runterw\u00e4rts hupte und l\u00e4rmte, als er bei mir vorbeifuhr.<\/p>\n<p>Irgendwann sp\u00e4ter wachte ich erschreckt durch noch gr\u00f6\u00dferem L\u00e4rm auf, konnte es erst nicht zuordnen, ein Donner oder ein Bagger, der vorbeifuhr, erst nach einiger Zeit fing es leicht zu regnen an und es folgten noch ein paar Donner&#8230;<\/p>\n<p><strong>7.6.2021<\/strong><\/p>\n<p>Um 9:45 setzte sich der Skilift in Bewegung  &#8211; evtl. werden jetzt die B\u00fcgel f\u00fcr den Sommer entfernt oder sonstwelche Revisionen gemacht. Wenig sp\u00e4ter fuhr auch ein Pritschen-Transit mit Skigebietslogo rauf. Der Lift blieb dann eher wieder still.<\/p>\n<p>Auch f\u00fcr mein Auto war heute quasi der zweiten Teil des Service geplant, diesmal in Arvidsjaur bei einer freien Werkstatt. Der Annehmer meinte ca. 1-1,5h und bereits nach einer halben Stunde fuhr er mit meinem Auto wieder aus der Werkstatt &#8211; gutes oder schlechtes Zeichen? <\/p>\n<p>Beides. War tats\u00e4chlich schon fertig, kostete dann ca. 223,- \u20ac (Z\u00fcndkerzen + Luftfilter). Leider konnten sie ausgerechnet das Klimagas nicht nachf\u00fcllen &#8211; haben die falsche Maschine bzw. ich ein zu neueres Gas. Evtl. weiter s\u00fcdlich, meinte er. Schade, dann weiter schwitzen und nochmal eine Werkstatt suchen und einen Termin vereinbaren m\u00fcssen und weiter nicht so frei entscheiden k\u00f6nnen, wohin wie schnell fahren ..<\/p>\n<p>Ich besuchte noch kurz den Aussichtsturm oberhalb Arvidsjaur und die Talstation des Kurvenlifts des stillgelegten Skigebiets in der N\u00e4he.<\/p>\n<p><a href='http:\/\/extra.inmontanis.info\/d\/63759-2\/DSC01775.jpg'><img src=http:\/\/extra.inmontanis.info\/d\/63758-3\/DSC01775.jpg \/><\/a><br \/>\n^ Im Winter sah man ja nicht viele Rentiere, jetzt im Fr\u00fchjahr dagegen schon &#8211; mittlerweile auch mit Kindern<\/p>\n<p><a href='http:\/\/extra.inmontanis.info\/d\/63763-2\/DSC01777.jpg'><img src=http:\/\/extra.inmontanis.info\/d\/63762-3\/DSC01777.jpg \/><\/a><br \/>\n^ Ein Einkauf im Dollarstore musste auch mal wieder sein. Hab ja nur meine Winterstiefel dabei &#8211; und nach wie vor die Heizeinlagen drinnen gehabt (Alternativ: w\u00e4rmende Silberfolien-Einlagen). Daher mal genoppte &#8220;Sporteinlagen&#8221; um ca. 2,- \u20ac mitgenommen und mal schauen, was die taugen. Die bleiben wenigstens im Schuh und rutschen beim Ausziehen nicht zusammen wie diese Silberfolien-Einlagen, die ich noch dabei hab.<\/p>\n<p><a href='http:\/\/extra.inmontanis.info\/d\/63767-2\/DSC01780.jpg'><img src=http:\/\/extra.inmontanis.info\/d\/63766-3\/DSC01780.jpg \/><\/a><br \/>\n^ Blick auf Arvidsjaur vom Aussichtsturm aus<\/p>\n<p><a href='http:\/\/extra.inmontanis.info\/d\/63771-2\/DSC01781.jpg'><img src=http:\/\/extra.inmontanis.info\/d\/63770-3\/DSC01781.jpg \/><\/a><br \/>\n^ Blick auf Arvidsjaur vom Aussichtsturm aus<\/p>\n<p><a href='http:\/\/extra.inmontanis.info\/d\/63775-2\/DSC01784.jpg'><img src=http:\/\/extra.inmontanis.info\/d\/63774-3\/DSC01784.jpg \/><\/a><br \/>\n^ Aussichtsturm, die Zufahrt geht am Gef\u00e4ngnis (?) von Arvidsjaur vorbei<\/p>\n<p><a href='http:\/\/ski.inmontanis.info\/d\/295864-2\/DSC01787.jpg'><img src=http:\/\/ski.inmontanis.info\/d\/295863-3\/DSC01787.jpg \/><\/a><br \/>\n^ Die Talstation des Kurvenlifts am Skigebiet Vittj\u00e5kk nahe Arvidsjaur. Hier kam ich diesen Winter ja nicht vern\u00fcnftig hin bei meiner Skitour<\/p>\n<p><a href='http:\/\/ski.inmontanis.info\/d\/295868-2\/DSC01789.jpg'><img src=http:\/\/ski.inmontanis.info\/d\/295867-3\/DSC01789.jpg \/><\/a><br \/>\n^ Talstation Kurvenlift<\/p>\n<p><a href='http:\/\/ski.inmontanis.info\/d\/295872-2\/DSC01788.jpg'><img src=http:\/\/ski.inmontanis.info\/d\/295871-3\/DSC01788.jpg \/><\/a><br \/>\n^ Talstation Kurvenlift und direkte Abfahrt<\/p>\n<p><a href='http:\/\/ski.inmontanis.info\/d\/295876-2\/DSC01790.jpg'><img src=http:\/\/ski.inmontanis.info\/d\/295875-3\/DSC01790.jpg \/><\/a><br \/>\n^ Talstation Kurvenlift<\/p>\n<p><a href='http:\/\/ski.inmontanis.info\/d\/295880-2\/DSC01793.jpg'><img src=http:\/\/ski.inmontanis.info\/d\/295879-3\/DSC01793.jpg \/><\/a><br \/>\n^ .. war ein Kurzb\u00fcgler<\/p>\n<p><a href='http:\/\/ski.inmontanis.info\/d\/295884-2\/DSC01795.jpg'><img src=http:\/\/ski.inmontanis.info\/d\/295883-3\/DSC01795.jpg \/><\/a><br \/>\n^ Talstation Kurvenlift mit Konrad Doppelmayr &amp; Sohn -Schild<\/p>\n<p><a href='http:\/\/ski.inmontanis.info\/d\/295888-2\/DSC01796.jpg'><img src=http:\/\/ski.inmontanis.info\/d\/295887-3\/DSC01796.jpg \/><\/a><br \/>\n^ Nahe des Kurvenlifts gibts auch einen kleinen Parkplatz. Da blieb ich geich f\u00fcr die Nacht stehen.<\/p>\n<p>Hab mir abends mal die aktuellen Sentinel-Sat-Bilder angesehen&#8230; vom 1.6. bis 4.6. ist die Schneeh\u00f6he doch \u00fcberall in Schweden stark geschrumpft. Am 1.6. h\u00e4tte man in einigen Skigebieten weiter s\u00fcdlich von mir noch die eine oder andere Skitour machen k\u00f6nnen, aber schon mit 4.6. ging fast nichts mehr &#8211; und bis ich in ein paar Tagen dort w\u00e4re, erst recht nicht. Einzig \u00fcber den Vildmarksv\u00e4gen lagen noch ein paar mehr Schneefelder, aber bis ich dort sein w\u00fcrde, wird da wohl auch nix sinnvolles mehr gehen, au\u00dfer ich w\u00fcrde da eben recht schnell bzw. sofort hinfahren &#8211; den Stress m\u00f6chte ich mir aber eigentlich gar nicht antun. Ob ich das bisher nicht befahrene St\u00fcck fahr oder nicht, wei\u00df  ich auch nicht &#8211; hab ja eigentlich wenig Lust, ein drittes Mal die Strecke richtung Klimpfj\u00e4ll bzw. von Blasj\u00f6n retour zu fahren, da es sich schon sehr zieht. Obwohl die Seenlandschaft in dem Bereich ja immer sehr reizvoll ist und es dort oben auch angenehm k\u00fchler sein d\u00fcrfte&#8230; <\/p>\n<p>Wobei, eigentlich w\u00e4ren es ja nur 308km und 4,5h Fahrt bis Stekenjokk &#8230; Man k\u00f6nnte aber auch erst nochmal die 96 km lange Linbana-Seilbahnstrecke abfahren und noch ein paar Stationen mehr fotografieren &#8211; das war letztes Jahr im Mai ja wegen des Schnees \u00fcberall nicht m\u00f6glich und meine Fotos von 2006 waren qualitativ ja auch noch nicht sooo toll, auch wenn ich damals schon viel fotografiert hatte von der Seilbahn und den Resten &#8230;<\/p>\n<p>Wegen der Stechm\u00fccken hab ich mir mittlerweile wie schon fr\u00fcher bei Sommerurlauben wieder angew\u00f6hnt, innerhalb vom Auto zu bleiben, wenn ich abends ins Bett \/ nach hinter will und morgens retour. Alles kein Problem, mein Ignis ist gro\u00df genug und ich gelenkig genug ;)<\/p>\n<p>In der Nacht regnete es ca. 2x kurz, wovon ich etwas wach wurde, aber ansonsten verlief die Nacht mal recht ruhig und wieder erholsamer als die letzte.<\/p>\n<p><strong>8.6.2021<\/strong><\/p>\n<p>Heute soll es zwar wieder etwas sonniger werden, aber temperaturm\u00e4\u00dfig wie gestern ein St\u00fcck unterhalb 20\u00b0 bleiben.<\/p>\n<p><a href='http:\/\/ski.inmontanis.info\/d\/295892-2\/DSC01797.jpg'><img src=http:\/\/ski.inmontanis.info\/d\/295891-3\/DSC01797.jpg \/><\/a><br \/>\n^ Am Hauptparkplatz oben standen die H\u00fctten vom Camping\/Wohnwagenplatz, die hier wegger\u00e4umt wurden. Das hab ich vor ein paar Tagen in Kabdalis auch schon gesehen &#8230; ?!<\/p>\n<p><a href='http:\/\/ski.inmontanis.info\/d\/295896-2\/DSC01798.jpg'><img src=http:\/\/ski.inmontanis.info\/d\/295895-3\/DSC01798.jpg \/><\/a><br \/>\n^ Eigentlich der leere Hauptparkplatz ..<\/p>\n<p><a href='http:\/\/ski.inmontanis.info\/d\/295900-2\/DSC01799.jpg'><img src=http:\/\/ski.inmontanis.info\/d\/295899-3\/DSC01799.jpg \/><\/a><br \/>\n^ .. zu dem Doppel-SL<\/p>\n<p>Ein Treffen mit den beiden &#8220;Auswanderern&#8221; ging sich diesmal leider nicht aus, der eine musste terminlich f\u00fcr einige Zeit weg, der andere hat umzugsbedingt Besuch da.<\/p>\n<p>Bin nochmals meine Bilder von der Linbana durchgegangen &#8211; egtl. hatte ich 2006 eh so gut wie alles fotografiert. Von den anderen Stationen stand damals ja schon fast nix mehr rum. Trotzdem fuhr ich in die Gegend, um aber noch 2 Skigebiete zu besuchen, die ich im Winter (leider?) auslassen musste bzw. hatte ich sie nicht hoch genug priorisiert und irgendwann ja eigentlich auch keine Zeit mehr.<\/p>\n<p>Somit nach Storklinta gefahren &#8211; nicht mit Storklinten zu verwechseln, wo ich heuer Skifahren war. Sah eigentlich gar nicht so uninteressant aus, Pisten relativ steil, wenn auch kurz, aber das muss ja nicht immer ein Nachteil sein.<\/p>\n<p>Wenn man mit offenen Augen nach Stra\u00dfenschildern durch die Gegend f\u00e4hrt, entdeckt man doch gar nicht mal so selten eine Stra\u00dfe zu einem Aussichtsturm (Utsiktstorn) oder einer Gipfelh\u00fctte (Toppstuga)&#8230;<\/p>\n<p><a href='http:\/\/extra.inmontanis.info\/d\/63779-2\/DSC01800.jpg'><img src=http:\/\/extra.inmontanis.info\/d\/63778-3\/DSC01800.jpg \/><\/a><br \/>\n^ Alte \/ ehemalige Gulf-Tankstelle in Glommerstr\u00e4sk. Wie in so vielen Orten, durch die ich die Tage durchgefahren bin, gab es auch hier etliche leere und aufgel\u00f6ste alte L\u00e4den.<\/p>\n<p><a href='http:\/\/extra.inmontanis.info\/d\/63783-2\/DSC01801.jpg'><img src=http:\/\/extra.inmontanis.info\/d\/63782-3\/DSC01801.jpg \/><\/a><br \/>\n^ Alte \/ ehemalige Gulf-Tankstelle in Glommerstr\u00e4sk<\/p>\n<p><a href='http:\/\/extra.inmontanis.info\/d\/63787-2\/DSC01805.jpg'><img src=http:\/\/extra.inmontanis.info\/d\/63786-3\/DSC01805.jpg \/><\/a><br \/>\n^ Auffahrt zur Toppstuga \/ Bergh\u00fctte oberhalb von Glommerstr\u00e4sk<\/p>\n<p><a href='http:\/\/extra.inmontanis.info\/d\/63791-2\/DSC01809.jpg'><img src=http:\/\/extra.inmontanis.info\/d\/63790-3\/DSC01809.jpg \/><\/a><br \/>\n^ Glommerstr\u00e4sk, Pano von der Bergh\u00fctte<\/p>\n<p><a href='http:\/\/extra.inmontanis.info\/d\/63795-2\/DSC01811.jpg'><img src=http:\/\/extra.inmontanis.info\/d\/63794-3\/DSC01811.jpg \/><\/a><br \/>\n^ Weiterer Weg zum Gipfel<\/p>\n<p><a href='http:\/\/extra.inmontanis.info\/d\/63799-2\/DSC01812.jpg'><img src=http:\/\/extra.inmontanis.info\/d\/63798-3\/DSC01812.jpg \/><\/a><br \/>\n^ Toppstuga Glommerstr\u00e4sk<\/p>\n<p><a href='http:\/\/extra.inmontanis.info\/d\/63803-2\/DSC01814.jpg'><img src=http:\/\/extra.inmontanis.info\/d\/63802-3\/DSC01814.jpg \/><\/a><br \/>\n^ Gipfelpano<\/p>\n<p><a href='http:\/\/extra.inmontanis.info\/d\/63807-2\/DSC01815.jpg'><img src=http:\/\/extra.inmontanis.info\/d\/63806-3\/DSC01815.jpg \/><\/a><br \/>\n^ Gipfelpano<\/p>\n<p><a href='http:\/\/extra.inmontanis.info\/d\/63811-2\/DSC01816.jpg'><img src=http:\/\/extra.inmontanis.info\/d\/63810-3\/DSC01816.jpg \/><\/a><br \/>\n^ Die Landschaft ist in dem Bereich recht h\u00fcgelig<\/p>\n<p><a href='http:\/\/ski.inmontanis.info\/d\/295906-2\/DSC01817.jpg'><img src=http:\/\/ski.inmontanis.info\/d\/295904-3\/DSC01817.jpg \/><\/a><br \/>\n^ Zufahrt zum Skigebiet Storklinta, nicht zu verwechseln mit Storklinten, das ein bisschen n\u00f6rdlicher liegt und wo ich heuer auch Ski fahren war.<\/p>\n<p><a href='http:\/\/ski.inmontanis.info\/d\/295910-2\/DSC01820.jpg'><img src=http:\/\/ski.inmontanis.info\/d\/295909-3\/DSC01820.jpg \/><\/a><br \/>\n^ Diese beiden steileren Abfahrten f\u00fchren zum unteren SSL<\/p>\n<p><a href='http:\/\/ski.inmontanis.info\/d\/295914-2\/DSC01821.jpg'><img src=http:\/\/ski.inmontanis.info\/d\/295913-3\/DSC01821.jpg \/><\/a><br \/>\n^ Pistenplan<\/p>\n<p><a href='http:\/\/ski.inmontanis.info\/d\/295918-2\/DSC01824.jpg'><img src=http:\/\/ski.inmontanis.info\/d\/295917-3\/DSC01824.jpg \/><\/a><br \/>\n^ M\u00fcll<\/p>\n<p><a href='http:\/\/ski.inmontanis.info\/d\/295922-2\/DSC01829.jpg'><img src=http:\/\/ski.inmontanis.info\/d\/295921-3\/DSC01829.jpg \/><\/a><br \/>\n^ Die beiden Hauptlifte, der rechte wurde wohl zusammen mit dem SSL unten von Poma errichtet<\/p>\n<p><a href='http:\/\/ski.inmontanis.info\/d\/295926-2\/DSC01831.jpg'><img src=http:\/\/ski.inmontanis.info\/d\/295925-3\/DSC01831.jpg \/><\/a><br \/>\n^ Ticketverkauf und Kiosk<\/p>\n<p><a href='http:\/\/ski.inmontanis.info\/d\/295930-2\/DSC01832.jpg'><img src=http:\/\/ski.inmontanis.info\/d\/295929-3\/DSC01832.jpg \/><\/a><br \/>\n^ Poma-Steuerung<\/p>\n<p><a href='http:\/\/ski.inmontanis.info\/d\/295934-2\/DSC01834.jpg'><img src=http:\/\/ski.inmontanis.info\/d\/295933-3\/DSC01834.jpg \/><\/a><br \/>\n^ Liftstationen<\/p>\n<p><a href='http:\/\/ski.inmontanis.info\/d\/295938-2\/DSC01835.jpg'><img src=http:\/\/ski.inmontanis.info\/d\/295937-3\/DSC01835.jpg \/><\/a><br \/>\n^ .. durchaus steilere H\u00e4nge hier.<\/p>\n<p><a href='http:\/\/ski.inmontanis.info\/d\/295942-2\/DSC01837.jpg'><img src=http:\/\/ski.inmontanis.info\/d\/295941-3\/DSC01837.jpg \/><\/a><br \/>\n^ Auch diese Abfahrten k\u00f6nnten nett sein<\/p>\n<p><a href='http:\/\/ski.inmontanis.info\/d\/295946-2\/DSC01839.jpg'><img src=http:\/\/ski.inmontanis.info\/d\/295945-3\/DSC01839.jpg \/><\/a><br \/>\n^ Die schr\u00e4gen Rollen links deuten evtl. auf eine sp\u00e4tere Spurverbreiterung hin, vielleicht hatte Poma das also als Tellerlift oder Kurzb\u00fcgler gebaut?<\/p>\n<p><a href='http:\/\/ski.inmontanis.info\/d\/295950-2\/DSC01840.jpg'><img src=http:\/\/ski.inmontanis.info\/d\/295949-3\/DSC01840.jpg \/><\/a><br \/>\n^ SSL, Parkpl\u00e4tzte, Camping\/Wohnwagenplatz<\/p>\n<p><a href='http:\/\/ski.inmontanis.info\/d\/295954-2\/DSC01841.jpg'><img src=http:\/\/ski.inmontanis.info\/d\/295953-3\/DSC01841.jpg \/><\/a><\/p>\n<p><a href='http:\/\/ski.inmontanis.info\/d\/295958-2\/DSC01842.jpg'><img src=http:\/\/ski.inmontanis.info\/d\/295957-3\/DSC01842.jpg \/><\/a><br \/>\n^ Lifte und Abfahrten<\/p>\n<p>An einem brauchbaren \u00dcbernachtungsparkplatz sp\u00e4ter neben der Stra\u00dfe leider kein 4G-Empfang (jedenfalls nicht mit der schwedischen SIM, mein A1-SIM-Handy empfing Telenor, \u00fcberhaupt meine ich, hatte ich nun schon h\u00e4ufiger Telenor und Tele2 in 4G, aber nicht Telia\/Halebop, wo ich die SIM hab, obwohl die doch eigentlich das beste\/gr\u00f6\u00dfte Netz haben sollten, dachte ich ..<\/p>\n<p>Auch am zweiten Platz leider nur minimalst 4G-Empfang. Der Platz am Fluss war aber zu sch\u00f6n, als nicht hier zu bleiben.<\/p>\n<p><a href='http:\/\/extra.inmontanis.info\/d\/63815-2\/DSC01847.jpg'><img src=http:\/\/extra.inmontanis.info\/d\/63814-3\/DSC01847.jpg \/><\/a><br \/>\n^ Abendessen, mal was anderes heute<\/p>\n<p>Es gab auch kaum Stechm\u00fccken hier, daf\u00fcr einige Mini-Fliegen sp\u00e4ter, die nat\u00fcrlich problemlos durch die Fliegennetze kommen. Aber so lang es nicht hunderte bei\u00dfende Midges wie im UK sind &#8230; Zweimal kam heute doch auch was gr\u00f6\u00dferes und stechenderes rein &#8211; erwischte ich aber gleich. Das Einsprayen der Fliegennetze \/ Fensterumgebungen mit Vandal-Spray, das ich mitgenommen hatte &#8211; kann man auch in Hotels immer mal wieder brauchen (allerdings nicht heuer in Schweden!) &#8211; nutzte leider nicht viel. Leider hatte auch der Wind stark nachlassen ab dem Zeitpunkt, wo ich ein bisschen stand und Wind d\u00fcrfte wohl schnell ein Grund sein, dass diese Minim\u00fccken nicht unterwegs sind.<\/p>\n<p>Irgendwann hatte es keinen Sinn mehr wegen dieser immer mehr werdenden Minifliegen im Innenraum und ich schloss erst das erste, dann das zweite und dann das dritte Fenster :( <\/p>\n","protected":false},"excerpt":{"rendered":"<p>6.6.2021 H\u00e4tte ich gestern noch was interessantes f\u00fcr eine Skitour gefunden, w\u00e4re ich nat\u00fcrlich heute nochmal Skifahren gegangen &#8211; aber so halt nicht. Gem\u00fctlich wieder vor nach Arjeplog, dort noch eben zur Bergstation des stillgelegten \u00d6berget-Skigebiets (die Talstation hatte ich ja vor ein paar Tagen fotografiert) und dann wieder zum Galtispuoda rauf wegen der Abk\u00fchlung; <a href=\"http:\/\/blog.inmontanis.info\/?p=6862\">[&#8230;]<\/a><\/p>\n","protected":false},"author":1,"featured_media":0,"comment_status":"closed","ping_status":"closed","sticky":false,"template":"","format":"standard","meta":{"footnotes":""},"categories":[184,693,19,634,32,30],"tags":[45,47],"class_list":["post-6862","post","type-post","status-publish","format-standard","hentry","category-2021-01-skandinavien","category-arvidsjaur","category-schwedensweden","category-storklinta","category-lostplaces","category-wandern","tag-see","tag-sl","odd"],"_links":{"self":[{"href":"http:\/\/blog.inmontanis.info\/index.php?rest_route=\/wp\/v2\/posts\/6862","targetHints":{"allow":["GET"]}}],"collection":[{"href":"http:\/\/blog.inmontanis.info\/index.php?rest_route=\/wp\/v2\/posts"}],"about":[{"href":"http:\/\/blog.inmontanis.info\/index.php?rest_route=\/wp\/v2\/types\/post"}],"author":[{"embeddable":true,"href":"http:\/\/blog.inmontanis.info\/index.php?rest_route=\/wp\/v2\/users\/1"}],"replies":[{"embeddable":true,"href":"http:\/\/blog.inmontanis.info\/index.php?rest_route=%2Fwp%2Fv2%2Fcomments&post=6862"}],"version-history":[{"count":3,"href":"http:\/\/blog.inmontanis.info\/index.php?rest_route=\/wp\/v2\/posts\/6862\/revisions"}],"predecessor-version":[{"id":6865,"href":"http:\/\/blog.inmontanis.info\/index.php?rest_route=\/wp\/v2\/posts\/6862\/revisions\/6865"}],"wp:attachment":[{"href":"http:\/\/blog.inmontanis.info\/index.php?rest_route=%2Fwp%2Fv2%2Fmedia&parent=6862"}],"wp:term":[{"taxonomy":"category","embeddable":true,"href":"http:\/\/blog.inmontanis.info\/index.php?rest_route=%2Fwp%2Fv2%2Fcategories&post=6862"},{"taxonomy":"post_tag","embeddable":true,"href":"http:\/\/blog.inmontanis.info\/index.php?rest_route=%2Fwp%2Fv2%2Ftags&post=6862"}],"curies":[{"name":"wp","href":"https:\/\/api.w.org\/{rel}","templated":true}]}}