{"id":6858,"date":"2021-06-05T18:44:10","date_gmt":"2021-06-05T16:44:10","guid":{"rendered":"http:\/\/blog.inmontanis.info\/?p=6858"},"modified":"2023-08-05T12:55:16","modified_gmt":"2023-08-05T10:55:16","slug":"restschnee-skitour-5-6-2021","status":"publish","type":"post","link":"http:\/\/blog.inmontanis.info\/?p=6858","title":{"rendered":"Restschnee-Skitour, 5.6.2021"},"content":{"rendered":"<p><strong>4.6.2021<\/strong><\/p>\n<p>Sp\u00e4testens zwischen 6 und 7 Uhr knallte die Sonne wieder stark aufs Auto. Aufgewacht bin ich aber schon vor 6, weil sich der K\u00fchlschrank einschaltete. Heute also jetzt schon 12 Grad da drin. Somit werde ich a) mal abends noch k\u00e4lter stellen und b) evtl. mal noch eine Flasche Wasser als zus\u00e4tzliche K\u00fchlung reintun oder, wenn das alles nichts n\u00fctzt, c) mich doch wenigstens wieder umgekehrt hinlegen, damit der K\u00fchlschrank nicht genau unterm Kopf ist (wo der L\u00e4rm am gr\u00f6\u00dften ist).<\/p>\n<p>Den Vormittag verbrachte ich wieder am windigeren Galtis-Gipfel, heute allerdings windiger als gestern. Danach ging&#8217;s zur Tankstelle&#8230;<\/p>\n<p><a href='http:\/\/extra.inmontanis.info\/d\/63647-2\/IMG_20210604_122446.jpg'><img src=http:\/\/extra.inmontanis.info\/d\/63646-3\/IMG_20210604_122446.jpg \/><\/a><br \/>\n^ Mittagessen: Statt im Hot-Dog a\u00df ich das Bacon-Cheese-W\u00fcrstchen heute mit Pommes (OKQ8-Tankstelle, ca. 3,60 \u20ac)<\/p>\n<p>&#8230; und weiter nach J\u00e4ckvik, allerdings ohne viel Hoffnung auf gen\u00fcgend Restschnee, wenn ich so vom Galtispouda-Gipfel in die Berge schau und mir anschau, ab welcher H\u00f6he erst Schnee liegt und J\u00e4ckvik ja viel tiefer liegt, als hier der Gipfel. Und selbst bis zur norwegischen Grenze geht die Stra\u00dfe nur bis 740hm rauf. W\u00e4re vielleicht anders, wenn J\u00e4ckvik beschneien w\u00fcrde, dann k\u00f6nnte ich mir schon vorstellen, dass was gegangen w\u00e4re. Oder wenn die Abfahrt vielleicht in einer Rinne gewesen w\u00e4ren. So dagegen nix zu wollen:<\/p>\n<p><a href='http:\/\/ski.inmontanis.info\/d\/295691-2\/DSC01624.jpg'><img src=http:\/\/ski.inmontanis.info\/d\/295690-3\/DSC01624.jpg \/><\/a><br \/>\n^ Skigebiet J\u00e4ckvik, unten zwar noch ein paar einzelne Schneereste, aber die rechte Abfahrt ist weit rauf schneefrei ..<\/p>\n<p><a href='http:\/\/ski.inmontanis.info\/d\/295695-2\/DSC01629.jpg'><img src=http:\/\/ski.inmontanis.info\/d\/295694-3\/DSC01629.jpg \/><\/a><br \/>\n^ .. und auch die linke Abfahrt ist schneefrei.<\/p>\n<p>Nach dem Supermarktbesuch in J\u00e4ckvik (sch\u00f6ner, recht neuer und gro\u00dfer ICA-N\u00e4ra, der saisonbedingt aber nicht alle Regale voll hatte, sogar 2 WCs) die Frage, wie weit ich heute noch fahren wollte &#8211; irgendwann hat die Stra\u00dfe ja keine B\u00e4ume mehr, so dass man kein schattiges Pl\u00e4tzchen mehr finden w\u00fcrde&#8230;.<\/p>\n<p><a href='http:\/\/extra.inmontanis.info\/d\/63651-2\/DSC01630.jpg'><img src=http:\/\/extra.inmontanis.info\/d\/63650-3\/DSC01630.jpg \/><\/a><br \/>\n^ Stauseemauer mal anders<\/p>\n<p><a href='http:\/\/extra.inmontanis.info\/d\/63655-2\/DSC01634.jpg'><img src=http:\/\/extra.inmontanis.info\/d\/63654-3\/DSC01634.jpg \/><\/a><br \/>\n^ Rv. 95 J\u00e4ckvik-Norwegen<\/p>\n<p><a href='http:\/\/extra.inmontanis.info\/d\/63659-2\/DSC01638.jpg'><img src=http:\/\/extra.inmontanis.info\/d\/63658-3\/DSC01638.jpg \/><\/a><br \/>\n^ Der Felsberg rechts k\u00f6nnte nachts\/morgens Schatten spenden und am Platz davor kann man sich hinstellen &#8211; also \u00fcbernachtete ich hier.<\/p>\n<p><a href='http:\/\/extra.inmontanis.info\/d\/63663-2\/DSC01643.jpg'><img src=http:\/\/extra.inmontanis.info\/d\/63662-3\/DSC01643.jpg \/><\/a><br \/>\n^ K\u00f6ttbullar, Nudeln und meine spezielle Tomaten-Soja-Sesam-Ahornsirup-Sauce ;)<\/p>\n<p>Das Fliegennetz am hinteren linken Fenster installierte ich nun auch noch &#8211; dann seh ich zwar weniger abends, aber momentan muss ich mich ja eh sonnenbedingt so hinstellen, dass ich nicht unbedingt die besten Ausblicke habe. Sonne ging leider etwas zu fr\u00fch hinter den Berg (so ca. 21 Uhr), also fr\u00fcher ins Bett gegangen. Um 6:30, als ich aufstand, knallte sie schon aufs Auto. Aber soweit hat das glaub ich ganz gut funktioniert.<\/p>\n<p>K\u00fchlschrank mit Wasserflasche versehen und abends auf 1\u00b0 runtergek\u00fchlt und vieleicht etwas k\u00fchlere, aber l\u00e4ngere Nacht, am Morgen dann 10\u00b0 im K\u00fchlschrank. Geht. Die n\u00e4chsten Tage war es nachts wohl noch etwas k\u00fchler, so dass ich morgens im K\u00fchlschrank so 8-10\u00b0 hatte.<\/p>\n<p><strong>5.6.2021<\/strong><\/p>\n<p>Heute Morgen versch\u00fcttete ich erstmal den Schoko-Haferdrink (den ich mittlerweile doch regelm\u00e4\u00dfig kaufe) beim Reintun in die K\u00fchlbox, wodurch sich der Drehverschluss \u00f6ffnete  &#8230; aber spritzte nur etwas raus, also nicht so schlimm wie die Sojaso\u00dfensauerei letztens, nur ein paar Tropfen hier und da.<\/p>\n<p>Mein schwedischer SIM-Karten-Monat ist auch vorbei. Es hie\u00df ja, dass man die nicht ben\u00f6tigten GB dann aufs n\u00e4chste Monat \u00fcbernehmen kann. Das gilt aber wohl nur, wenn man zwischenzeitlich nachl\u00e4dt? Aktuell zeigt es beim Saldo 0,00 kr an und keinerlei GB-Info. Aber auch, dass man unter Extra-Surf GB nachladen kann. Das geht aber evtl nur online und nur f\u00fcr 15 GB bzw jetzt beim Sommer-Angebot auch unbegrenzt f\u00fcr g\u00fcnstiger, aber da die Kreditkartenzahlung ja letztes Mal nicht funktioniert hatte, kaufte ich mir gestern an der Tankstelle, bzw. weil die den Tarif nicht hatten, in einem Kiosk, in Arjeplog halt nochmal das 30 GB-Paket inkl. Tel und SMS um ca. 34,- \u20ac. <\/p>\n<p>Nach dem Laden hatte ich dann 33,7 GB zur Verf\u00fcgung, dh. das nicht verwendete wurde tats\u00e4chlich \u00fcbernmommen. Der n\u00e4chst g\u00fcnstigere Tarif w\u00e4ren nur 15 GB (um nur ca. 5,- \u20ac weniger) gewesen, was mir mit dem \u00dcberhang vom Vormonat vielleicht etwas zu wenig w\u00e4re, wobei ich ja nicht wei\u00df, wie lang ich noch in Schweden bin &#8211; evtl. h\u00e4tte es doch gereicht. Im Ausland kann man das wohl nur nach Registrierung verwenden und das geht vielleicht nur mit inl\u00e4ndischer Adresse. Ansonsten muss ich halt noch ein paar Filme mehr runterladen oder Updates machen in den letzten Tagen in Schweden dann.<\/p>\n<p>Schneereste gab es dann weiter rauf richtung Norwegen doch noch genug, das Problem war eher, wie oft in Skandinavien, wie man hinkommt, da es oft Fl\u00fcsse und Seen gibt, die weit und breit nicht zu queren sind.<\/p>\n<p>Ich entschied mich f\u00fcr eine Variante und fing an loszugehen. Wenigstens kamen weiter oben (wo ich gar nicht mehr erwartet h\u00e4tte, dass es da noch weitergeht) noch zwei kurze H\u00e4nge, wo ich runterw\u00e4rts ein paar Mal schwingen konnte, denn der Rest nach unten (der urspr\u00fcnglich gedachte komplette Weg) war dann nur queren und laufen lassen (und sp\u00e4ter schieben, wobei ich dabei die Bindungsfixierung wieder l\u00f6ste und etwas langlaufm\u00e4\u00dfig runterfuhr) &#8211; der Schnee war leider zu bremsend. Mit dem oberen, schneefreien St\u00fcck zum Gipfel war es in Summe aber schon ein lohnenswerter Ausflug gewesen.<\/p>\n<p><a href='http:\/\/extra.inmontanis.info\/d\/63667-2\/DSC01646.jpg'><img src=http:\/\/extra.inmontanis.info\/d\/63666-3\/DSC01646.jpg \/><\/a><br \/>\n^ Rv. 95 J\u00e4ckvik-Norwegen<\/p>\n<p><a href='http:\/\/extra.inmontanis.info\/d\/63671-2\/DSC01651.jpg'><img src=http:\/\/extra.inmontanis.info\/d\/63670-3\/DSC01651.jpg \/><\/a><br \/>\n^ Ein vorletztes Mal  fahr ich auf dieser Reise an einem Polarkreis-Parkplatz vorbei (sp\u00e4ter nat\u00fcrlich wieder retour)<\/p>\n<p><a href='http:\/\/extra.inmontanis.info\/d\/63675-2\/DSC01652.jpg'><img src=http:\/\/extra.inmontanis.info\/d\/63674-3\/DSC01652.jpg \/><\/a><br \/>\n^ Rv. 95 J\u00e4ckvik-Norwegen<\/p>\n<p><a href='http:\/\/extra.inmontanis.info\/d\/63679-2\/DSC01654.jpg'><img src=http:\/\/extra.inmontanis.info\/d\/63678-3\/DSC01654.jpg \/><\/a><br \/>\n^ Rv. 95 J\u00e4ckvik-Norwegen<\/p>\n<p><a href='http:\/\/extra.inmontanis.info\/d\/63683-2\/DSC01659.jpg'><img src=http:\/\/extra.inmontanis.info\/d\/63682-3\/DSC01659.jpg \/><\/a><br \/>\n^ Die Stra\u00dfe gewann endlich an H\u00f6he und die Schneefelder kamen n\u00e4her. Allerdings ist ja links vorhin wieder ein Fluss gewesen&#8230;<\/p>\n<p><a href='http:\/\/extra.inmontanis.info\/d\/63687-2\/DSC01663.jpg'><img src=http:\/\/extra.inmontanis.info\/d\/63686-3\/DSC01663.jpg \/><\/a><br \/>\n^ .. und hier st\u00f6rt ein weiterer See den Zugang zu den Schneefeldern links. Aber da hinten das schaut doch lecker aus?<\/p>\n<p><a href='http:\/\/extra.inmontanis.info\/d\/63691-2\/DSC01665.jpg'><img src=http:\/\/extra.inmontanis.info\/d\/63690-3\/DSC01665.jpg \/><\/a><br \/>\n^ Rv. 95 J\u00e4ckvik-Norwegen, h\u00f6chster Punkt auf 740m, bl\u00f6d, jetzt gehts wieder runter, das ist nicht gut f\u00fcr die Schneefelder da hinten &#8230;<\/p>\n<p><a href='http:\/\/extra.inmontanis.info\/d\/63695-2\/DSC01667.jpg'><img src=http:\/\/extra.inmontanis.info\/d\/63694-3\/DSC01667.jpg \/><\/a><br \/>\n^ Tjo, leider, das wird nix. In der Mitte im Tal ein kleiner Wasserfall, der Fluss fliest nat\u00fcrlich nach links und da komm ich mal wieder nicht r\u00fcber. Und rechts davon sind die Schneefelder nicht mehr lohnenswert<\/p>\n<p><a href='http:\/\/extra.inmontanis.info\/d\/63699-2\/DSC01669.jpg'><img src=http:\/\/extra.inmontanis.info\/d\/63698-3\/DSC01669.jpg \/><\/a><br \/>\n^ Rv. 95 J\u00e4ckvik-Norwegen<\/p>\n<p><a href='http:\/\/extra.inmontanis.info\/d\/63703-2\/DSC01673.jpg'><img src=http:\/\/extra.inmontanis.info\/d\/63702-3\/DSC01673.jpg \/><\/a><br \/>\n^ Hier hat die Stra\u00dfe nun zwar den Fluss \u00fcberquert, aber von hier aus kommt man ja auch wieder nicht mehr vern\u00fcnftig zu den Schneefeldern da hinten.<\/p>\n<p><a href='http:\/\/extra.inmontanis.info\/d\/63707-2\/DSC01676.jpg'><img src=http:\/\/extra.inmontanis.info\/d\/63706-3\/DSC01676.jpg \/><\/a><br \/>\n^ Und auf der anderen Seite schauts nicht besser aus.<\/p>\n<p><a href='http:\/\/extra.inmontanis.info\/d\/63711-2\/DSC01678.jpg'><img src=http:\/\/extra.inmontanis.info\/d\/63710-3\/DSC01678.jpg \/><\/a><br \/>\n^ Kurz vor der Grenze zu Norwegen, und Norwegen ist Sperrgebiet f\u00fcr Touristen seit einigen Monaten.<\/p>\n<p><a href='http:\/\/extra.inmontanis.info\/d\/63715-2\/DSC01687.jpg'><img src=http:\/\/extra.inmontanis.info\/d\/63714-3\/DSC01687.jpg \/><\/a><br \/>\n^ Ich fuhr also wieder ein St\u00fcck retour und hielt dort vorne an der Einfahrt zu dem versperrten Parkplatz rechts und schnallte meine Skier an<\/p>\n<p><a href='http:\/\/ski.inmontanis.info\/d\/295701-2\/DSC01688.jpg'><img src=http:\/\/ski.inmontanis.info\/d\/295699-3\/DSC01688.jpg \/><\/a><br \/>\n^ .. und landete gleich mal in einer Sackgasse. Also links \u00fcber Moos und B\u00fcsche abgebogen und anders gegangen.<\/p>\n<p><a href='http:\/\/ski.inmontanis.info\/d\/295705-2\/DSC01689.jpg'><img src=http:\/\/ski.inmontanis.info\/d\/295704-3\/DSC01689.jpg \/><\/a><br \/>\n^ Irgendwie sollte man hier ein durchg\u00e4ngiges Schneefeld haben, wenn man nur w\u00fcsste, wie.<\/p>\n<p><a href='http:\/\/ski.inmontanis.info\/d\/295709-2\/DSC01690.jpg'><img src=http:\/\/ski.inmontanis.info\/d\/295708-3\/DSC01690.jpg \/><\/a><br \/>\n^ Der Weg bisher war weit, aber nicht h\u00f6henmeterintensiv, R\u00fcckblick zur Stra\u00dfe<\/p>\n<p><a href='http:\/\/ski.inmontanis.info\/d\/295713-2\/DSC01691.jpg'><img src=http:\/\/ski.inmontanis.info\/d\/295712-3\/DSC01691.jpg \/><\/a><br \/>\n^ Zu einem kleinen \u00dcbergang stieg ich abgeschnallt rauf und machte eine kleine Fotopause, Blick in Richtung Norwegen<\/p>\n<p><a href='http:\/\/ski.inmontanis.info\/d\/295717-2\/DSC01692.jpg'><img src=http:\/\/ski.inmontanis.info\/d\/295716-3\/DSC01692.jpg \/><\/a><br \/>\n^ Abfahrten m\u00f6chte ich das schr\u00e4ge Schneefeld links von der Bildmitte<\/p>\n<p><a href='http:\/\/ski.inmontanis.info\/d\/295721-2\/DSC01693.jpg'><img src=http:\/\/ski.inmontanis.info\/d\/295720-3\/DSC01693.jpg \/><\/a><br \/>\n^ Wegweiser<\/p>\n<p><a href='http:\/\/ski.inmontanis.info\/d\/295725-2\/DSC01696.jpg'><img src=http:\/\/ski.inmontanis.info\/d\/295724-3\/DSC01696.jpg \/><\/a><br \/>\n^ Blick auf den See und Stra\u00dfe dahinter, ohne dem See h\u00e4tte man zwar flacher reinqueren m\u00fcssen, aber dar\u00fcber eine l\u00e4ngere\/interessantere Abfahrt gehabt<\/p>\n<p><a href='http:\/\/ski.inmontanis.info\/d\/295729-2\/DSC01698.jpg'><img src=http:\/\/ski.inmontanis.info\/d\/295728-3\/DSC01698.jpg \/><\/a><br \/>\n^ Aufstieg, es ging noch ein St\u00fcck weiter hinauf als gedacht und das war auch gut so.<\/p>\n<p><a href='http:\/\/ski.inmontanis.info\/d\/295733-2\/DSC01699.jpg'><img src=http:\/\/ski.inmontanis.info\/d\/295732-3\/DSC01699.jpg \/><\/a><br \/>\n^ Aber hier ist Ende, den Rest zum Gipfel gehts dann ohne Ski<\/p>\n<p><a href='http:\/\/ski.inmontanis.info\/d\/295737-2\/DSC01706.jpg'><img src=http:\/\/ski.inmontanis.info\/d\/295736-3\/DSC01706.jpg \/><\/a><br \/>\n^ Pano von dem Gipfel hier in Richtung ca. Westen \/ Norwegen<\/p>\n<p><a href='http:\/\/ski.inmontanis.info\/d\/295741-2\/DSC01707.jpg'><img src=http:\/\/ski.inmontanis.info\/d\/295740-3\/DSC01707.jpg \/><\/a><br \/>\n^ Gipfelpano<\/p>\n<p><a href='http:\/\/ski.inmontanis.info\/d\/295745-2\/DSC01715.jpg'><img src=http:\/\/ski.inmontanis.info\/d\/295744-3\/DSC01715.jpg \/><\/a><br \/>\n^ Gipfelpano ca. richtung Norden, mein Auto ist exakt in Bildmitte<\/p>\n<p><a href='http:\/\/ski.inmontanis.info\/d\/295749-2\/DSC01716.jpg'><img src=http:\/\/ski.inmontanis.info\/d\/295748-3\/DSC01716.jpg \/><\/a><br \/>\n^ Gipfelpano, und hier ca. in Bildmitte die Ski<\/p>\n<p><a href='http:\/\/ski.inmontanis.info\/d\/295753-2\/DSC01709.jpg'><img src=http:\/\/ski.inmontanis.info\/d\/295752-3\/DSC01709.jpg \/><\/a><br \/>\n^ Gipfelpano ca. Osten<\/p>\n<p><a href='http:\/\/ski.inmontanis.info\/d\/295757-2\/DSC01710.jpg'><img src=http:\/\/ski.inmontanis.info\/d\/295756-3\/DSC01710.jpg \/><\/a><br \/>\n^ Gipfelpano<\/p>\n<p><a href='http:\/\/ski.inmontanis.info\/d\/295761-2\/DSC01711.jpg'><img src=http:\/\/ski.inmontanis.info\/d\/295760-3\/DSC01711.jpg \/><\/a><br \/>\n^ Um zu den Schneefelder dahinten zu gelangen, h\u00e4tte man nat\u00fcrlich wieder absteigen m\u00fcssen<\/p>\n<p><a href='http:\/\/ski.inmontanis.info\/d\/295765-2\/DSC01713.jpg'><img src=http:\/\/ski.inmontanis.info\/d\/295764-3\/DSC01713.jpg \/><\/a><br \/>\n^ Gipfelpano<\/p>\n<p><a href='http:\/\/ski.inmontanis.info\/d\/295769-2\/DSC01718.jpg'><img src=http:\/\/ski.inmontanis.info\/d\/295768-3\/DSC01718.jpg \/><\/a><br \/>\n^ Nochmals ein Foto zum Auto,  das befindet sich genau zwischen den Skiern<\/p>\n<p><img src=http:\/\/ski.inmontanis.info\/d\/295772-2\/DSC01717.jpg \/><br \/>\n^ .. hier in Gr\u00fcn markiert<\/p>\n<p><a href='http:\/\/ski.inmontanis.info\/d\/295776-2\/DSC01722.jpg'><img src=http:\/\/ski.inmontanis.info\/d\/295775-3\/DSC01722.jpg \/><\/a><br \/>\n^ Der obere Hang war durchaus gut zu fahren<\/p>\n<p><a href='http:\/\/ski.inmontanis.info\/d\/295780-2\/DSC01723.jpg'><img src=http:\/\/ski.inmontanis.info\/d\/295779-3\/DSC01723.jpg \/><\/a><br \/>\n^ Oberer Hang<\/p>\n<p><a href='http:\/\/ski.inmontanis.info\/d\/295784-2\/DSC01724.jpg'><img src=http:\/\/ski.inmontanis.info\/d\/295783-3\/DSC01724.jpg \/><\/a><br \/>\n^ Danach kam noch ein gut zu fahrender, aber k\u00fcrzerer Hang<\/p>\n<p><a href='http:\/\/ski.inmontanis.info\/d\/295788-2\/DSC01725.jpg'><img src=http:\/\/ski.inmontanis.info\/d\/295787-3\/DSC01725.jpg \/><\/a><br \/>\n^ Auch hier gingen sich noch ein paar Schw\u00fcnge aus.<\/p>\n<p><a href='http:\/\/ski.inmontanis.info\/d\/295792-2\/DSC01726.jpg'><img src=http:\/\/ski.inmontanis.info\/d\/295791-3\/DSC01726.jpg \/><\/a><br \/>\n^ Leider ab hier aber nur noch queren ohne eine Kurve machen zu k\u00f6nnen. Der Schnee war einfach zu weich.<\/p>\n<p><a href='http:\/\/ski.inmontanis.info\/d\/295796-2\/DSC01729.jpg'><img src=http:\/\/ski.inmontanis.info\/d\/295795-3\/DSC01729.jpg \/><\/a><br \/>\n^ Hatte ja gehofft, da ein paar Schw\u00fcnge machen zu k\u00f6nnen.<\/p>\n<p><a href='http:\/\/ski.inmontanis.info\/d\/295800-2\/DSC01730.jpg'><img src=http:\/\/ski.inmontanis.info\/d\/295799-3\/DSC01730.jpg \/><\/a><br \/>\n^ .. aber nein, immer geradeaus und zumindest fast nie schieben m\u00fcssen, das folgte danach. Allerdings machte ich mir die Bindung auf wie bergauf, so gings angenehmer.<\/p>\n<p><a href='http:\/\/ski.inmontanis.info\/d\/295804-2\/DSC01733.jpg'><img src=http:\/\/ski.inmontanis.info\/d\/295803-3\/DSC01733.jpg \/><\/a><br \/>\n^ R\u00fcckblick von einer anderen Stelle im Tal aus zu meiner Abfahrt. W\u00e4re der See hier nicht, h\u00e4tte man schon sch\u00f6ner abfahren k\u00f6nnen.<\/p>\n<p><a href='http:\/\/ski.inmontanis.info\/d\/295808-2\/ge20210605.jpg'><img src=http:\/\/ski.inmontanis.info\/d\/295807-3\/ge20210605.jpg \/><\/a><br \/>\n^ GPS-Track Skitour\/Skiwanderung 5.6.2021, ca. 4 km und ca. 330 hm pro Richtung.<\/p>\n<p><a href='http:\/\/extra.inmontanis.info\/d\/63719-2\/DSC01734.jpg'><img src=http:\/\/extra.inmontanis.info\/d\/63718-3\/DSC01734.jpg \/><\/a><br \/>\n^ An diesem Parkplatz gibts sogar eine Br\u00fccke \u00fcber den Fluss\/Bach, aber keine sonderlich lohnenswerten Schneereste<\/p>\n<p><a href='http:\/\/extra.inmontanis.info\/d\/63723-2\/DSC01736.jpg'><img src=http:\/\/extra.inmontanis.info\/d\/63722-3\/DSC01736.jpg \/><\/a><br \/>\n^ Knapp 2 Stunden sp\u00e4ter pl\u00f6tzlich Helikopterl\u00e4rm: Ein Schneemobil musste mit dem Hubschrauber geborgen werden, da es wohl defekt war.<\/p>\n<p><a href='http:\/\/extra.inmontanis.info\/d\/63727-2\/DSC01737.jpg'><img src=http:\/\/extra.inmontanis.info\/d\/63726-3\/DSC01737.jpg \/><\/a><br \/>\n^ Hubschrauberbergung eines Schneemobils<\/p>\n<p><a href='http:\/\/extra.inmontanis.info\/d\/63731-2\/DSC01740.jpg'><img src=http:\/\/extra.inmontanis.info\/d\/63730-3\/DSC01740.jpg \/><\/a><br \/>\n^ Hubschrauberbergung eines Schneemobils<\/p>\n<p><a href='http:\/\/extra.inmontanis.info\/d\/63735-2\/DSC01741.jpg'><img src=http:\/\/extra.inmontanis.info\/d\/63734-3\/DSC01741.jpg \/><\/a><br \/>\n^ Eine Stunde sp\u00e4ter verlie\u00df ich den Parkplatz wieder und \u00fcbernachtete am selben Parkplatz wie gestern.<\/p>\n<p>Da mir auch von oben keine weitere Variante lohnenswert genug f\u00fcr eine Skitour morgen zu sein schien &#8211; entweder zu kurz oder wieder viel \/ weit schieben\/queren im unteren Bereich. Es mag zwar sein, dass ich auf weiteren hohen Stra\u00dfen weiter im S\u00fcden noch zu dem einen oder anderen kleineren Schneefeld komme, aber es k\u00f6nnte auch sein, dass das nun mein letzter Skitag in Schweden f\u00fcr dieses Jahr war.<\/p>\n<p><a href='http:\/\/extra.inmontanis.info\/d\/63739-2\/DSC01743.jpg'><img src=http:\/\/extra.inmontanis.info\/d\/63738-3\/DSC01743.jpg \/><\/a><br \/>\n^ Da ich zur Skitour wieder den Einradrucksack dabei hatte, fiel mir das Band (Sicherungsband zum \u00dcben mit dem elektrischen Einrad) wieder in die H\u00e4nde und nahm es als vordere Halterung f\u00fcr mein Bett, wo mir bisher n\u00e4mlich noch nichts vern\u00fcnftiges eingefallen ist.<\/p>\n","protected":false},"excerpt":{"rendered":"<p>4.6.2021<\/p>\n<p>Sp\u00e4testens zwischen 6 und 7 Uhr knallte die Sonne wieder stark aufs Auto. Aufgewacht bin ich aber schon vor 6, weil sich der K\u00fchlschrank einschaltete. Heute also jetzt schon 12 Grad da drin. Somit werde ich a) mal abends noch k\u00e4lter stellen und b) evtl. mal noch eine Flasche Wasser als zus\u00e4tzliche K\u00fchlung reintun <a href=\"http:\/\/blog.inmontanis.info\/?p=6858\">[&#8230;]<\/a><\/p>\n","protected":false},"author":1,"featured_media":0,"comment_status":"closed","ping_status":"closed","sticky":false,"template":"","format":"standard","meta":{"footnotes":""},"categories":[184,660,19,28,29],"tags":[78,45],"class_list":["post-6858","post","type-post","status-publish","format-standard","hentry","category-2021-01-skandinavien","category-jackvik","category-schwedensweden","category-skifahren-sommer","category-skitourenwalk-ski","tag-restschnee","tag-see","odd"],"_links":{"self":[{"href":"http:\/\/blog.inmontanis.info\/index.php?rest_route=\/wp\/v2\/posts\/6858","targetHints":{"allow":["GET"]}}],"collection":[{"href":"http:\/\/blog.inmontanis.info\/index.php?rest_route=\/wp\/v2\/posts"}],"about":[{"href":"http:\/\/blog.inmontanis.info\/index.php?rest_route=\/wp\/v2\/types\/post"}],"author":[{"embeddable":true,"href":"http:\/\/blog.inmontanis.info\/index.php?rest_route=\/wp\/v2\/users\/1"}],"replies":[{"embeddable":true,"href":"http:\/\/blog.inmontanis.info\/index.php?rest_route=%2Fwp%2Fv2%2Fcomments&post=6858"}],"version-history":[{"count":3,"href":"http:\/\/blog.inmontanis.info\/index.php?rest_route=\/wp\/v2\/posts\/6858\/revisions"}],"predecessor-version":[{"id":6861,"href":"http:\/\/blog.inmontanis.info\/index.php?rest_route=\/wp\/v2\/posts\/6858\/revisions\/6861"}],"wp:attachment":[{"href":"http:\/\/blog.inmontanis.info\/index.php?rest_route=%2Fwp%2Fv2%2Fmedia&parent=6858"}],"wp:term":[{"taxonomy":"category","embeddable":true,"href":"http:\/\/blog.inmontanis.info\/index.php?rest_route=%2Fwp%2Fv2%2Fcategories&post=6858"},{"taxonomy":"post_tag","embeddable":true,"href":"http:\/\/blog.inmontanis.info\/index.php?rest_route=%2Fwp%2Fv2%2Ftags&post=6858"}],"curies":[{"name":"wp","href":"https:\/\/api.w.org\/{rel}","templated":true}]}}