{"id":6853,"date":"2021-06-03T21:35:31","date_gmt":"2021-06-03T19:35:31","guid":{"rendered":"http:\/\/blog.inmontanis.info\/?p=6853"},"modified":"2023-08-05T13:10:35","modified_gmt":"2023-08-05T11:10:35","slug":"galtispuoda-gipfelstrase-lsap-oberget-obergabacken-3-6-2021","status":"publish","type":"post","link":"http:\/\/blog.inmontanis.info\/?p=6853","title":{"rendered":"Galtispuoda Gipfelstra\u00dfe &#038; LSAP \u00d6berget\/\u00d6bergabacken, 3.6.2021"},"content":{"rendered":"<p><strong>3.6.2021<\/strong> &#8211; Galtispuoda Gipfelstra\u00dfe &#038; LSAP \u00d6berget\/\u00d6bergabacken<\/p>\n<p>Die K\u00fchlbox hatte ich gestern Abend auf 3\u00b0 runtergek\u00fchlt und auf 11-12\u00b0 Einschalttemperatur eingestellt, m\u00f6ge sie mich nicht unter der Nacht wecken&#8230; Ging sich temperaturm\u00e4\u00dfig wohl auch gerade so aus, da es morgens 11\u00b0 waren und sie sich noch nicht eingeschaltet hatte. Und ja, ich wei\u00df, an allen Lebensmitteln liest man &#8220;K\u00fchlschrank bis max. 8\u00b0&#8221; &#8230;<\/p>\n<p>Daf\u00fcr weckten mich heut irgendwelche dauernden Klopf- oder Tropf-Ger\u00e4usche, entweder von der K\u00fchlbox oder von sonstwo (z.B. irgendwelche Ausdehnungen) ..<\/p>\n<p>F\u00fcr zus\u00e4tzlichen Spa\u00df, aber vermutlich nicht f\u00fcr die Tropfger\u00e4usche verantwortlich, sorgten morgens dunkelbraune Flecken auf dem Bett&#8230;<\/p>\n<p>Was war geschehen? Ich holte mir meine Fr\u00fchst\u00fcckssachen aus der K\u00fchlbox und davon tropfte Sojasauce runter :( War ja klar, dass man einem Nicht-Drehverschluss nicht trauen kann, h\u00e4tt ichs doch gleich verklebt :(<\/p>\n<p>Na, so musste ich erst mal den K\u00fchlschrank ausr\u00e4umen und reinigen, w\u00e4hrend die Sonne auf&#8217;s Auto brannte ..<\/p>\n<p>Danach fuhr ich zum Galtispuoda, wo man wirklich bis ganz rauf zum Gipfel fahren konnte. Vermutlich eine der besten Panorama-Stra\u00dfen in Schweden, bei dem 360\u00b0-Panorama und den vielen See und den verschneiten Bergen im Hintergrund &#8230; D\u00fcrfte auch eine der h\u00f6chsten Stra\u00dfen in Schweden sein (ca. 830hm), wobei sie auf der offiziellen Wiki-Liste fehlt, genauso wie dort die Stra\u00dfe zum Dundret-Gipfel fehlt &#8230; <\/p>\n<p>Die Morgentemperaturen am Parkplatz und am Berg: +18\u00b0, dort aber angenehmer. Zum Skifahren waren die Schneereste allerdings nicht mehr lohnenswert.<\/p>\n<p>Ich stellte mein Auto so auf, dass ich m\u00f6glichst wenig in der Sonne sitzen w\u00fcrde (also nicht das beste Panorama hatte) und baute nach einer ausgiebigen Fototour den PC auf. Es war durchaus ein sch\u00f6ner, k\u00fchler Wind, so dass es schwierig war, das Fliegennetz in der Fahrert\u00fcr einzuklemmen.<\/p>\n<p><a href='http:\/\/extra.inmontanis.info\/d\/63631-3\/DSC01505.jpg'><img src=http:\/\/extra.inmontanis.info\/d\/63630-3\/DSC01505.jpg \/><\/a><br \/>\n^ Hornavan-See bei Arjeplog<\/p>\n<p><a href='http:\/\/ski.inmontanis.info\/d\/295443-2\/DSC01507.jpg'><img src=http:\/\/ski.inmontanis.info\/d\/295442-3\/DSC01507.jpg \/><\/a><br \/>\n^ Links gehts zum Skigebiet Galtis, geradeaus die Winter-Teststra\u00dfe. Am Schild: Testroad. Private road, closed for public use during the period Nov 1 to April 15. The road may only be used by vehicles\/companies with permit. All other traffic on its own responsibility.<\/p>\n<p>Das Skigebiet hier besuchte ich letztes Jahr im Mai als Abend-Skitour und heuer im M\u00e4rz bei ge\u00f6ffnetem Lift. Da waren die Seen aber nat\u00fcrlich alle gefroren, heute waren schon alle eisfrei, so dass das Panorama hier im Sommer also viel sch\u00f6ner ist als im Winter.<\/p>\n<p><a href='http:\/\/ski.inmontanis.info\/d\/295447-2\/DSC01511.jpg'><img src=http:\/\/ski.inmontanis.info\/d\/295446-3\/DSC01511.jpg \/><\/a><br \/>\n^ Gro\u00dfer Parkplatz unterhalb des Gipfels mit Doppel-Plumpsklo. Man kann die Stra\u00dfe aber bis rauf fahren<\/p>\n<p><a href='http:\/\/ski.inmontanis.info\/d\/295451-2\/DSC01514.jpg'><img src=http:\/\/ski.inmontanis.info\/d\/295450-3\/DSC01514.jpg \/><\/a><br \/>\n^ Stra\u00dfe hinauf mit SL-Bergstation<\/p>\n<p><a href='http:\/\/ski.inmontanis.info\/d\/295455-2\/DSC01518.jpg'><img src=http:\/\/ski.inmontanis.info\/d\/295454-3\/DSC01518.jpg \/><\/a><br \/>\n^ Die Stra\u00dfe geht bis zum Gipfel, also weiter hinauf als der SL. Hier ist eine kleine Kehre, die Stra\u00dfe geht dahinter noch zum H\u00e4uschen runter<\/p>\n<p><a href='http:\/\/ski.inmontanis.info\/d\/295459-2\/DSC01522.jpg'><img src=http:\/\/ski.inmontanis.info\/d\/295458-3\/DSC01522.jpg \/><\/a><br \/>\n^ ca. 180\u00b0-Pano richtung Westen, die andere Seite hatte ich dann ganz vergessen.<\/p>\n<p><a href='http:\/\/ski.inmontanis.info\/d\/295463-2\/DSC01525.jpg'><img src=http:\/\/ski.inmontanis.info\/d\/295462-3\/DSC01525.jpg \/><\/a><br \/>\n^ West-Pano<\/p>\n<p><a href='http:\/\/ski.inmontanis.info\/d\/295467-2\/DSC04279.jpg'><img src=http:\/\/ski.inmontanis.info\/d\/295466-3\/DSC04279.jpg \/><\/a><br \/>\n^ Die Berge im Westen in s\/w-IR<\/p>\n<p><a href='http:\/\/ski.inmontanis.info\/d\/295471-2\/DSC01528.jpg'><img src=http:\/\/ski.inmontanis.info\/d\/295470-3\/DSC01528.jpg \/><\/a><br \/>\n^ Blickrichtung ca. S\u00fcdwest<\/p>\n<p><a href='http:\/\/ski.inmontanis.info\/d\/295475-2\/DSC04280.jpg'><img src=http:\/\/ski.inmontanis.info\/d\/295474-3\/DSC04280.jpg \/><\/a><br \/>\n^ s\/w-IR-Pano (ca. S\u00fcd)<\/p>\n<p><a href='http:\/\/ski.inmontanis.info\/d\/295479-2\/DSC01532.jpg'><img src=http:\/\/ski.inmontanis.info\/d\/295478-3\/DSC01532.jpg \/><\/a><br \/>\n^ ca. S\u00fcdost-Pano mit SL<\/p>\n<p><a href='http:\/\/ski.inmontanis.info\/d\/295483-2\/DSC01533.jpg'><img src=http:\/\/ski.inmontanis.info\/d\/295482-3\/DSC01533.jpg \/><\/a><br \/>\n^ Die steileren Abfahrten am SL \/ S\u00fcdpano<\/p>\n<p><a href='http:\/\/ski.inmontanis.info\/d\/295487-2\/DSC01536.jpg'><img src=http:\/\/ski.inmontanis.info\/d\/295486-3\/DSC01536.jpg \/><\/a><br \/>\n^ Beleuchtung<\/p>\n<p><a href='http:\/\/ski.inmontanis.info\/d\/295491-2\/DSC01538.jpg'><img src=http:\/\/ski.inmontanis.info\/d\/295490-3\/DSC01538.jpg \/><\/a><br \/>\n^ Ostpano mit der rechten \u00e4u\u00dferen Abfahrt<\/p>\n<p><a href='http:\/\/ski.inmontanis.info\/d\/295495-2\/DSC01539.jpg'><img src=http:\/\/ski.inmontanis.info\/d\/295494-3\/DSC01539.jpg \/><\/a><br \/>\n^ SL-Bergstation<\/p>\n<p><a href='http:\/\/ski.inmontanis.info\/d\/295499-2\/DSC01542.jpg'><img src=http:\/\/ski.inmontanis.info\/d\/295498-3\/DSC01542.jpg \/><\/a><br \/>\n^ Gipfelpano mit Ignis<\/p>\n<p><a href='http:\/\/ski.inmontanis.info\/d\/295503-2\/DSC01544.jpg'><img src=http:\/\/ski.inmontanis.info\/d\/295502-3\/DSC01544.jpg \/><\/a><br \/>\n^ Blick nach ca. Norden<\/p>\n<p><a href='http:\/\/ski.inmontanis.info\/d\/295507-2\/DSC04294.jpg'><img src=http:\/\/ski.inmontanis.info\/d\/295506-3\/DSC04294.jpg \/><\/a><br \/>\n^ Falschfarb-IR-Pano richtung Norden<\/p>\n<p><a href='http:\/\/ski.inmontanis.info\/d\/295511-2\/DSC04292.jpg'><img src=http:\/\/ski.inmontanis.info\/d\/295510-3\/DSC04292.jpg \/><\/a><br \/>\n^ Falschfarb-IR-Pano in die Berge im Westen, die Wolkendecke wird lichter<\/p>\n<p><a href='http:\/\/ski.inmontanis.info\/d\/295515-2\/DSC04295.jpg'><img src=http:\/\/ski.inmontanis.info\/d\/295514-3\/DSC04295.jpg \/><\/a><br \/>\n^ Falschfarb-IR-Pano mit schneebedeckten Gipfeln, ca. S\u00fcdwest (Orange-Filter)<\/p>\n<p><a href='http:\/\/ski.inmontanis.info\/d\/295519-2\/DSC04301.jpg'><img src=http:\/\/ski.inmontanis.info\/d\/295518-3\/DSC04301.jpg \/><\/a><br \/>\n^ IR-Pano mit schneebedeckten Gipfeln, ca. S\u00fcdwest (Blau-Filter)<\/p>\n<p><a href='http:\/\/ski.inmontanis.info\/d\/295523-2\/DSC01545.jpg'><img src=http:\/\/ski.inmontanis.info\/d\/295522-3\/DSC01545.jpg \/><\/a><br \/>\n^ S\u00fcdpano in richtung Arjeplog (Bildmitte)<\/p>\n<p><a href='http:\/\/ski.inmontanis.info\/d\/295527-2\/DSC04296.jpg'><img src=http:\/\/ski.inmontanis.info\/d\/295526-3\/DSC04296.jpg \/><\/a><br \/>\n^ Falschfarb-IR-Blick nach Arjeplog samt dem stillgelegten \u00d6berg-Skigebiet in Bildmitte, das ich abends noch besuchte<\/p>\n<p><a href='http:\/\/ski.inmontanis.info\/d\/295531-2\/DSC04303.jpg'><img src=http:\/\/ski.inmontanis.info\/d\/295530-3\/DSC04303.jpg \/><\/a><br \/>\n^ IR-Pano nach Arjeplog (etwas rechts der Bildmitte, mit dem ehemaligen Skigebiet \u00d6berget)<\/p>\n<p><a href='http:\/\/ski.inmontanis.info\/d\/295535-2\/DSC01546.jpg'><img src=http:\/\/ski.inmontanis.info\/d\/295534-3\/DSC01546.jpg \/><\/a><br \/>\n^ Hotel am Berg und unten Campingplatz<\/p>\n<p><a href='http:\/\/ski.inmontanis.info\/d\/295539-2\/DSC01547.jpg'><img src=http:\/\/ski.inmontanis.info\/d\/295538-3\/DSC01547.jpg \/><\/a><br \/>\n^ Ca. S\u00fcdostpano mit Schneeresten<\/p>\n<p><a href='http:\/\/ski.inmontanis.info\/d\/295543-2\/DSC04304.jpg'><img src=http:\/\/ski.inmontanis.info\/d\/295542-3\/DSC04304.jpg \/><\/a><br \/>\n^ IR-Pano mit Schneeresten<\/p>\n<p><a href='http:\/\/ski.inmontanis.info\/d\/295547-2\/DSC04306.jpg'><img src=http:\/\/ski.inmontanis.info\/d\/295546-3\/DSC04306.jpg \/><\/a><br \/>\n^ Dank IR sieht man am Horizont schneebedeckte Berge<\/p>\n<p><a href='http:\/\/ski.inmontanis.info\/d\/295551-2\/DSC04307.jpg'><img src=http:\/\/ski.inmontanis.info\/d\/295550-3\/DSC04307.jpg \/><\/a><br \/>\n^ IR-Pano richtung S\u00fcden mit Skilift<\/p>\n<p><a href='http:\/\/ski.inmontanis.info\/d\/295555-2\/DSC04310.jpg'><img src=http:\/\/ski.inmontanis.info\/d\/295554-3\/DSC04310.jpg \/><\/a><br \/>\n^ IR-Westpano mit den Schnee-Gipfel ein paar Stunden sp\u00e4ter, zur Mittagszeit<\/p>\n<p>Im Laufe des Vormittags wurde der Wind eher st\u00fcrmisch und ab 13 Uhr hatte sich die Sonne mittlerweile so weit gedreht, dass ich den Platz wechseln musste. Vorteil: andere Aussicht :)<\/p>\n<p><a href='http:\/\/extra.inmontanis.info\/d\/63635-3\/DSC01549.jpg'><img src=http:\/\/extra.inmontanis.info\/d\/63634-3\/DSC01549.jpg \/><\/a><br \/>\n^ Auch so kann man sich&#8217;s im Auto gem\u00fctlich machen, wenn man nicht in den hinteren Teil will (und die Sachen von dort vorr\u00e4umen will).<\/p>\n<p>Gegen 16 Uhr machte ich mir erst mal meine Portion Nudeln. <\/p>\n<p>Schmeckte soweit recht gut, zumindest mit Ahornsirup besser als ohne gestern. Und auch mit der Tomaten-Pastaso\u00dfe besser als ohne. Daf\u00fcr eben mehr klebrige Reste im Topf.  Am n\u00e4chsten Tag gab ich noch K\u00f6ttbullar (Hackfleischb\u00e4llchen) dazu und das war nun recht lecker \u00fcberraschenderweise.<\/p>\n<p><a href='http:\/\/extra.inmontanis.info\/d\/63639-2\/DSC01550.jpg'><img src=http:\/\/extra.inmontanis.info\/d\/63638-3\/DSC01550.jpg \/><\/a><br \/>\n^ Hab wieder die normalen Penne gekauft, weil die kleinere Plastik-Packung einfacher zu verstauen ist als die gr\u00f6\u00dfere Kartonverpackung der Vollkornnudeln. Und neu mit reingemischt wird: Ahornsirup<\/p>\n<p>Danach nochmals eine Foto-Runde am Gipfel, paar Fotos wegen anderem Sonnenstand machen und runter nach Arjeplog, Tankstelle, Einkaufen, Nachladecode f\u00fcr die schwedische Prepaid-SIM-Karte .. und mal nochmal zum stillgelegten Skigebiet \u00d6berget, wo ich ja im M\u00e4rz nicht viel gemacht hatte. <\/p>\n<p><a href='http:\/\/ski.inmontanis.info\/d\/295559-2\/DSC01551.jpg'><img src=http:\/\/ski.inmontanis.info\/d\/295558-3\/DSC01551.jpg \/><\/a><br \/>\n^ Ostpano mit SL um 17 Uhr<\/p>\n<p><a href='http:\/\/ski.inmontanis.info\/d\/295563-2\/DSC01554.jpg'><img src=http:\/\/ski.inmontanis.info\/d\/295562-3\/DSC01554.jpg \/><\/a><br \/>\n^ ca. Westpano um 17 Uhr<\/p>\n<p><a href='http:\/\/ski.inmontanis.info\/d\/295567-2\/DSC01557.jpg'><img src=http:\/\/ski.inmontanis.info\/d\/295566-3\/DSC01557.jpg \/><\/a><br \/>\n^ ca. S\u00fcdwestpano um 17 Uhr<\/p>\n<p><a href='http:\/\/ski.inmontanis.info\/d\/295571-2\/DSC01562.jpg'><img src=http:\/\/ski.inmontanis.info\/d\/295570-3\/DSC01562.jpg \/><\/a><br \/>\n^ Da die Sonne nun die St\u00fctzen von der Seite sch\u00f6ner beleuchtete, machte ich jetzt nochmal ein paar Fotos mit dem Lift<\/p>\n<p><a href='http:\/\/ski.inmontanis.info\/d\/295575-2\/DSC01567.jpg'><img src=http:\/\/ski.inmontanis.info\/d\/295574-3\/DSC01567.jpg \/><\/a><br \/>\n^ SL-St\u00fctze und See<\/p>\n<p><a href='http:\/\/ski.inmontanis.info\/d\/295579-2\/DSC01570.jpg'><img src=http:\/\/ski.inmontanis.info\/d\/295578-3\/DSC01570.jpg \/><\/a><br \/>\n^ SL-St\u00fctze und See<\/p>\n<p><a href='http:\/\/ski.inmontanis.info\/d\/295583-2\/DSC01573.jpg'><img src=http:\/\/ski.inmontanis.info\/d\/295582-3\/DSC01573.jpg \/><\/a><br \/>\n^ SL-Bergstation<\/p>\n<p><a href='http:\/\/ski.inmontanis.info\/d\/295587-2\/DSC01578.jpg'><img src=http:\/\/ski.inmontanis.info\/d\/295586-3\/DSC01578.jpg \/><\/a><br \/>\n^ Die Stra\u00dfe zum GIpfel ist steil und in teilweise nicht so guter Verfassung<\/p>\n<p><a href='http:\/\/ski.inmontanis.info\/d\/295591-2\/DSC01580.jpg'><img src=http:\/\/ski.inmontanis.info\/d\/295590-3\/DSC01580.jpg \/><\/a><br \/>\n^ Diverse Schneereste<\/p>\n<p><a href='http:\/\/ski.inmontanis.info\/d\/295595-2\/DSC01582.jpg'><img src=http:\/\/ski.inmontanis.info\/d\/295594-3\/DSC01582.jpg \/><\/a><br \/>\n^ Das stillgelegte Skigebiet \u00d6berget oder \u00d6bergabacken<\/p>\n<p><a href='http:\/\/ski.inmontanis.info\/d\/289600-3\/DSC06516.jpg'><img src=http:\/\/ski.inmontanis.info\/d\/289599-4\/DSC06516.jpg \/><\/a><br \/>\n^ 21.3.2021<\/p>\n<p><a href='http:\/\/ski.inmontanis.info\/d\/295599-2\/DSC01583.jpg'><img src=http:\/\/ski.inmontanis.info\/d\/295598-3\/DSC01583.jpg \/><\/a><br \/>\n^ Ehemalige Lifttrasse<\/p>\n<p><a href='http:\/\/ski.inmontanis.info\/d\/295603-2\/DSC01584.jpg'><img src=http:\/\/ski.inmontanis.info\/d\/295602-3\/DSC01584.jpg \/><\/a><br \/>\n^ Ex-St\u00fctze, die quer liegenden Rollen deuten auf den Hersteller Alimak hin, war ja so ziemlich sein Markenzeichen?!<\/p>\n<p><a href='http:\/\/ski.inmontanis.info\/d\/295607-2\/DSC01585.jpg'><img src=http:\/\/ski.inmontanis.info\/d\/295606-3\/DSC01585.jpg \/><\/a><br \/>\n^ Und da versteckt sich die Talstation<\/p>\n<p><a href='http:\/\/ski.inmontanis.info\/d\/295611-2\/DSC01586.jpg'><img src=http:\/\/ski.inmontanis.info\/d\/295610-3\/DSC01586.jpg \/><\/a><br \/>\n^ Ex-Talstation<\/p>\n<p><a href='http:\/\/ski.inmontanis.info\/d\/295615-2\/DSC01587.jpg'><img src=http:\/\/ski.inmontanis.info\/d\/295614-3\/DSC01587.jpg \/><\/a><br \/>\n^ Na sowas, jetzt bin ich heuer in Schweden so viele Alimak-Lifte gefahren, aber nirgends war ein Herstellerschild &#8211; und hier am stillgelegten Lift ist endlich mal eines ..<\/p>\n<p><a href='http:\/\/ski.inmontanis.info\/d\/295619-2\/DSC01591.jpg'><img src=http:\/\/ski.inmontanis.info\/d\/295618-3\/DSC01591.jpg \/><\/a><br \/>\n^ .. sogar auf beiden Seiten ist ein Alimak-Schild<\/p>\n<p><a href='http:\/\/ski.inmontanis.info\/d\/295623-2\/DSC01589.jpg'><img src=http:\/\/ski.inmontanis.info\/d\/295622-3\/DSC01589.jpg \/><\/a><br \/>\n^ Ex-Trasse<\/p>\n<p><a href='http:\/\/ski.inmontanis.info\/d\/295627-2\/DSC01590.jpg'><img src=http:\/\/ski.inmontanis.info\/d\/295626-3\/DSC01590.jpg \/><\/a><br \/>\n^ B\u00fcgel oder Teller sind keine mehr da<\/p>\n<p><a href='http:\/\/ski.inmontanis.info\/d\/295631-2\/DSC01593.jpg'><img src=http:\/\/ski.inmontanis.info\/d\/295630-3\/DSC01593.jpg \/><\/a><br \/>\n^ \u00dcberpr\u00fcfungs-Kleber an der Talstation, k\u00f6nnte 2006 sein<\/p>\n<p><a href='http:\/\/ski.inmontanis.info\/d\/295635-2\/DSC01595.jpg'><img src=http:\/\/ski.inmontanis.info\/d\/295634-3\/DSC01595.jpg \/><\/a><br \/>\n^ Armficka &#8211; Skipasshalter<\/p>\n<p><a href='http:\/\/ski.inmontanis.info\/d\/295639-2\/DSC01597.jpg'><img src=http:\/\/ski.inmontanis.info\/d\/295638-3\/DSC01597.jpg \/><\/a><br \/>\n^ Weg von der Talstation zum Parkplatz<\/p>\n<p><a href='http:\/\/ski.inmontanis.info\/d\/295643-2\/DSC01598.jpg'><img src=http:\/\/ski.inmontanis.info\/d\/295642-3\/DSC01598.jpg \/><\/a><br \/>\n^ Talstation, leider ziemlich verw\u00fcstet<\/p>\n<p><a href='http:\/\/ski.inmontanis.info\/d\/295647-2\/DSC01601.jpg'><img src=http:\/\/ski.inmontanis.info\/d\/295646-3\/DSC01601.jpg \/><\/a><br \/>\n^ Ex-Talstation<\/p>\n<p><a href='http:\/\/ski.inmontanis.info\/d\/295651-2\/DSC01602.jpg'><img src=http:\/\/ski.inmontanis.info\/d\/295650-3\/DSC01602.jpg \/><\/a><br \/>\n^ Noch mehr Armficka-Skipassbinden<\/p>\n<p><a href='http:\/\/ski.inmontanis.info\/d\/295655-2\/DSC01603.jpg'><img src=http:\/\/ski.inmontanis.info\/d\/295654-3\/DSC01603.jpg \/><\/a><br \/>\n^ T\u00fcr zur Talstation<\/p>\n<p><a href='http:\/\/ski.inmontanis.info\/d\/295659-2\/DSC01604.jpg'><img src=http:\/\/ski.inmontanis.info\/d\/295658-3\/DSC01604.jpg \/><\/a><br \/>\n^ Im Inneren<\/p>\n<p><a href='http:\/\/ski.inmontanis.info\/d\/295663-2\/DSC01605.jpg'><img src=http:\/\/ski.inmontanis.info\/d\/295662-3\/DSC01605.jpg \/><\/a><br \/>\n^ Skip\u00e4sse<\/p>\n<p><a href='http:\/\/ski.inmontanis.info\/d\/295667-2\/DSC01606.jpg'><img src=http:\/\/ski.inmontanis.info\/d\/295666-3\/DSC01606.jpg \/><\/a><br \/>\n^ Verw\u00fcstet<\/p>\n<p><a href='http:\/\/ski.inmontanis.info\/d\/295671-2\/DSC01607.jpg'><img src=http:\/\/ski.inmontanis.info\/d\/295670-3\/DSC01607.jpg \/><\/a><br \/>\n^ Steuerung<\/p>\n<p><a href='http:\/\/ski.inmontanis.info\/d\/295675-2\/DSC01608.jpg'><img src=http:\/\/ski.inmontanis.info\/d\/295674-3\/DSC01608.jpg \/><\/a><br \/>\n^ Parkplatz<\/p>\n<p>Da es mir hier unten viel zu warm war, fuhr ich wieder auf den windigen Berg und rasierte mir nun endlich die Haare, mal auf 6mm. Lange Haare sind zu unpraktisch f\u00fcr &#8220;Vanlife&#8221; ;)<\/p>\n<p><a href='http:\/\/extra.inmontanis.info\/d\/63643-2\/DSC01611.jpg'><img src=http:\/\/extra.inmontanis.info\/d\/63642-3\/DSC01611.jpg \/><\/a><br \/>\n^ Wieder \u00fcber den See<\/p>\n<p><a href='http:\/\/ski.inmontanis.info\/d\/295679-2\/DSC01612.jpg'><img src=http:\/\/ski.inmontanis.info\/d\/295678-3\/DSC01612.jpg \/><\/a><br \/>\n^ Soll das der Schatten meines Autos sein? Schaut ja aus wie eine alte Muttereralmgondel oder so ;)<\/p>\n<p><a href='http:\/\/ski.inmontanis.info\/d\/295683-3\/DSC01614.jpg'><img src=http:\/\/ski.inmontanis.info\/d\/295682-4\/DSC01614.jpg \/><\/a><br \/>\n^ Pano mit Sonne um ca. 21:30 Uhr<\/p>\n<p><a href='http:\/\/ski.inmontanis.info\/d\/295687-3\/DSC01619.jpg'><img src=http:\/\/ski.inmontanis.info\/d\/295686-4\/DSC01619.jpg \/><\/a><br \/>\n^ SL-Bergstation um ca. 21:30 Uhr<\/p>\n<p>Am unteren Parkplatz d\u00fcrfte der Berg einige Stunden f\u00fcr Schatten nachts sorgen, also schlief ich lieber dort, als am windigeren Gipfel.<\/p>\n<p>So nervig kalt wie Schweden im Winter ist, so nervig hei\u00df ist es zumindest wohl im Juni\/Juli, wenn die Sonne (fast) den ganzen Tag scheint. Beste Reisezeit f\u00fcr Skandinavien ist wohl tats\u00e4chlich Fr\u00fchjahr oder Sp\u00e4tsommer\/Fr\u00fchherbst, also ca. M\u00e4rz-Mai und ca. August-Oktober. Evtl. werde ich doch fr\u00fcher heimkehren, das wird mir zu warm so.<\/p>\n<p>Vermutlich durch den Sandstaub, den ich gestern von der Stra\u00dfe eingesammelt hab (man sah ja teilweise den Staub im Auto durch die L\u00fcftung reinkommen!) und den man teilweise noch immer im Auto roch, wenn die L\u00fcftung an war, hatte ich heute eine etwas verstopfte Nase und musste ein paar mal niesen. K\u00f6nnte nat\u00fcrlich auch ein Virus sein ;) Die br\u00e4unliche F\u00e4rbung des Taschentuchs sprach wohl eher f\u00fcr die Sandvariante.<\/p>\n<p>(Die Begehung zur Bergstation des stillgelegten SL folgte ein paar Tage sp\u00e4ter.)<\/p>\n","protected":false},"excerpt":{"rendered":"<p>3.6.2021 &#8211; Galtispuoda Gipfelstra\u00dfe &#038; LSAP \u00d6berget\/\u00d6bergabacken<\/p>\n<p>Die K\u00fchlbox hatte ich gestern Abend auf 3\u00b0 runtergek\u00fchlt und auf 11-12\u00b0 Einschalttemperatur eingestellt, m\u00f6ge sie mich nicht unter der Nacht wecken&#8230; Ging sich temperaturm\u00e4\u00dfig wohl auch gerade so aus, da es morgens 11\u00b0 waren und sie sich noch nicht eingeschaltet hatte. Und ja, ich wei\u00df, an allen <a href=\"http:\/\/blog.inmontanis.info\/?p=6853\">[&#8230;]<\/a><\/p>\n","protected":false},"author":1,"featured_media":0,"comment_status":"closed","ping_status":"closed","sticky":false,"template":"","format":"standard","meta":{"footnotes":""},"categories":[184,675,19,32,30],"tags":[90,45,47],"class_list":["post-6853","post","type-post","status-publish","format-standard","hentry","category-2021-01-skandinavien","category-galtis","category-schwedensweden","category-lostplaces","category-wandern","tag-infrarot","tag-see","tag-sl","odd"],"_links":{"self":[{"href":"http:\/\/blog.inmontanis.info\/index.php?rest_route=\/wp\/v2\/posts\/6853","targetHints":{"allow":["GET"]}}],"collection":[{"href":"http:\/\/blog.inmontanis.info\/index.php?rest_route=\/wp\/v2\/posts"}],"about":[{"href":"http:\/\/blog.inmontanis.info\/index.php?rest_route=\/wp\/v2\/types\/post"}],"author":[{"embeddable":true,"href":"http:\/\/blog.inmontanis.info\/index.php?rest_route=\/wp\/v2\/users\/1"}],"replies":[{"embeddable":true,"href":"http:\/\/blog.inmontanis.info\/index.php?rest_route=%2Fwp%2Fv2%2Fcomments&post=6853"}],"version-history":[{"count":4,"href":"http:\/\/blog.inmontanis.info\/index.php?rest_route=\/wp\/v2\/posts\/6853\/revisions"}],"predecessor-version":[{"id":6857,"href":"http:\/\/blog.inmontanis.info\/index.php?rest_route=\/wp\/v2\/posts\/6853\/revisions\/6857"}],"wp:attachment":[{"href":"http:\/\/blog.inmontanis.info\/index.php?rest_route=%2Fwp%2Fv2%2Fmedia&parent=6853"}],"wp:term":[{"taxonomy":"category","embeddable":true,"href":"http:\/\/blog.inmontanis.info\/index.php?rest_route=%2Fwp%2Fv2%2Fcategories&post=6853"},{"taxonomy":"post_tag","embeddable":true,"href":"http:\/\/blog.inmontanis.info\/index.php?rest_route=%2Fwp%2Fv2%2Ftags&post=6853"}],"curies":[{"name":"wp","href":"https:\/\/api.w.org\/{rel}","templated":true}]}}