{"id":6849,"date":"2021-06-02T19:26:41","date_gmt":"2021-06-02T17:26:41","guid":{"rendered":"http:\/\/blog.inmontanis.info\/?p=6849"},"modified":"2023-08-05T12:53:29","modified_gmt":"2023-08-05T10:53:29","slug":"28-5-2-6-2021","status":"publish","type":"post","link":"http:\/\/blog.inmontanis.info\/?p=6849","title":{"rendered":"31.5.-2.6.2021"},"content":{"rendered":"<p><strong>31.5.2021<\/strong><\/p>\n<p>Ohne erst nach Jokkmokk zu fahren, bog ich gleich die n\u00e4chste lange Stra\u00dfe rein, nach Kvikkjokk. Ist aber nicht ganz so spektakul\u00e4r wie die Stra\u00dfe nach Ritsem. 2x sah ich abends einen Hasen neben der Stra\u00dfe vorbeihoppeln &#8211; Auto fuhr dagegen keines, so konnte ich an dem Platz nebendran recht ruhig schlafen.<\/p>\n<p>Die Antwort von der Bosch-Werkstatt in Arvidsjaur kam heute auch endlich, die k\u00f6nnen also Z\u00fcndkerzen, Luftfilter und Klimaanlagen-Refill machen (das konnten die in Kiruna n\u00e4mlich nicht und das brauch ich jedes Fr\u00fchjahr, weil leider zu viel Gas entweicht). Kostet dann nochmals ca. 370,- \u20ac. Termin ist heute Montag in einer Woche, d.h. ich werd wohl erst noch nach Arjeplog + J\u00e4ckvik fahren und dann minimal umwegig nach Arvidsjaur retour.<\/p>\n<p>Das gute an Schweden ist ja auch, dass es Rastpl\u00e4tze nicht nur an Autobahnen gibt. Wer wissen will, wo die sind, nehme diesen Link:<br \/>\n<a href='https:\/\/www.trafikverket.se\/trafikinformation\/vag\/?TrafficType=personalTraffic&#038;map=2%2F513377.55%2F7395337.44%2F&#038;Layers=TrafficSituation%2BRoadCondition%2BRestarea%2B'>https:\/\/www.trafikverket.se\/trafikinformation\/vag\/?TrafficType=personalTraffic&#038;map=2%2F513377.55%2F7395337.44%2F&#038;Layers=TrafficSituation%2BRoadCondition%2BRestarea%2B<\/a><\/p>\n<p><a href='http:\/\/extra.inmontanis.info\/d\/63475-2\/DSC01375.jpg'><img src=http:\/\/extra.inmontanis.info\/d\/63474-3\/DSC01375.jpg \/><\/a><br \/>\n^ Rastplatz Porjus mit Blick auf den Stausee und WC-H\u00e4uschen<\/p>\n<p><a href='http:\/\/extra.inmontanis.info\/d\/63479-2\/DSC01377.jpg'><img src=http:\/\/extra.inmontanis.info\/d\/63478-3\/DSC01377.jpg \/><\/a><br \/>\n^ Der Abstecher nach Kvikkjokk ist mit 114km zwar nicht so lang wie nach Ritsem, aber trotzdem lang..<\/p>\n<p><a href='http:\/\/extra.inmontanis.info\/d\/63483-2\/DSC01378.jpg'><img src=http:\/\/extra.inmontanis.info\/d\/63482-3\/DSC01378.jpg \/><\/a><br \/>\n^ Jokkmokk-Kvikkjokk<\/p>\n<p><a href='http:\/\/extra.inmontanis.info\/d\/63487-2\/DSC01392.jpg'><img src=http:\/\/extra.inmontanis.info\/d\/63486-3\/DSC01392.jpg \/><\/a><br \/>\n^ Abgezweigt zu einem Stausee<\/p>\n<p><a href='http:\/\/extra.inmontanis.info\/d\/63491-2\/DSC01397.jpg'><img src=http:\/\/extra.inmontanis.info\/d\/63490-3\/DSC01397.jpg \/><\/a><br \/>\n^ Stausee<\/p>\n<p><a href='http:\/\/extra.inmontanis.info\/d\/63495-2\/DSC01403.jpg'><img src=http:\/\/extra.inmontanis.info\/d\/63494-3\/DSC01403.jpg \/><\/a><br \/>\n^ Jokkmokk-Kvikkjokk, da ist noch Schnee am Ufer<\/p>\n<p><a href='http:\/\/extra.inmontanis.info\/d\/63499-2\/DSC01409.jpg'><img src=http:\/\/extra.inmontanis.info\/d\/63498-3\/DSC01409.jpg \/><\/a><br \/>\n^ Jokkmokk-Kvikkjokk<\/p>\n<p><a href='http:\/\/extra.inmontanis.info\/d\/63503-2\/DSC01411.jpg'><img src=http:\/\/extra.inmontanis.info\/d\/63502-3\/DSC01411.jpg \/><\/a><br \/>\n^ Noch eine alternative Sitzgelegenheit eher zum Anschauen von Filmen am PC: Beine ausgestreckt und schr\u00e4g am Tisch der Monitor.<\/p>\n<p><a href='http:\/\/extra.inmontanis.info\/d\/63507-2\/ge2021050131.jpg'><img src=http:\/\/extra.inmontanis.info\/d\/63506-3\/ge2021050131.jpg \/><\/a><br \/>\n^ Strecke (Dunkelblau) Mai 2021<\/p>\n<p>Ca. 2.100km<\/p>\n<p>Folgende Reihenfolge:<br \/>\nOrange Z: Kittelfj\u00e4ll (Start) \/ Skifahren<br \/>\nBlau A: Skitour am im Winter gesperrten Vildmarksv\u00e4gen<br \/>\nOrange A: Klimpfj\u00e4ll  \/ Skifahren<br \/>\n(der Ausrei\u00dfer nach rechts unten: Vilhelmina wg. Einkaufen, Tanken und Sim-Karte)<br \/>\nMagenta G: K\u00e5bdalis<br \/>\nMagenta E: Riksgr\u00e4nsen  \/ Skifahren (D: Bj\u00f6rkliden, C: Abisko, B: Kiruna)<br \/>\nMagenta A: Dundret Skitour \/ G\u00e4llivare<br \/>\nBlau B: Ristem<br \/>\n(Magenta F: Porjus)<br \/>\nBlau C: Kvikkjokk (Ende)<\/p>\n<p><strong>1.6.2021<\/strong><\/p>\n<p>Fr\u00fch noch das St\u00fcck bis zum Ende der Stra\u00dfe gefahren &#8211; naja, diese >100km Umweg nach Kvikkjokk h\u00e4tte ich mir eher sparen k\u00f6nnen.<\/p>\n<p>Immerhin hatte ich kein Stechm\u00fcckenproblem beim kurzen Wandern in Kvikkjokk. Weiter vor auf der Stra\u00dfe schwirrten immer einige umher, wenn ich mal wo kurz gestanden bin, nicht nur Hummeln, wie die letzten Tage&#8230; War heut aber auch kaum Wind und um die 15\u00b0 warm.<\/p>\n<p>Rentiere, hab ich heute am Parkplatz in Kvikkjokk gelesen, fl\u00fcchten tags\u00fcber von den Fliegen in die Schneeregionen am Berg und kommen erst nachts wieder zum Fressen runter. <\/p>\n<p>Wieder zur\u00fcck am Staudamm nahe Jokkmokk hatte es sogar noch mehr M\u00fccken. B\u00e4h. Da schwitz ich lieber im Auto, als mich von den Viechern stechen zu lassen ;) Gut, dass ich das Fliegennetz schon hab und auf 2 Fenstern installiert hab, so kann ich wenigstens quer l\u00fcften. <\/p>\n<p>Die bis zu 18\u00b0 heute Nachmittag waren mir auch viel zu warm&#8230; da gingen nur schattige Pl\u00e4tze zum stehenbleiben..<\/p>\n<p><a href='http:\/\/extra.inmontanis.info\/d\/63511-2\/DSC01412.jpg'><img src=http:\/\/extra.inmontanis.info\/d\/63510-3\/DSC01412.jpg \/><\/a><br \/>\n^ Jokkmokk-Kvikkjokk<\/p>\n<p><a href='http:\/\/extra.inmontanis.info\/d\/63515-2\/DSC01413.jpg'><img src=http:\/\/extra.inmontanis.info\/d\/63514-3\/DSC01413.jpg \/><\/a><br \/>\n^ Jokkmokk-Kvikkjokk<\/p>\n<p><a href='http:\/\/extra.inmontanis.info\/d\/63519-2\/DSC01416.jpg'><img src=http:\/\/extra.inmontanis.info\/d\/63518-3\/DSC01416.jpg \/><\/a><br \/>\n^ Jokkmokk-Kvikkjokk<\/p>\n<p><a href='http:\/\/extra.inmontanis.info\/d\/63523-2\/DSC01417.jpg'><img src=http:\/\/extra.inmontanis.info\/d\/63522-3\/DSC01417.jpg \/><\/a><br \/>\n^ Kvikkjokk<\/p>\n<p><a href='http:\/\/extra.inmontanis.info\/d\/63527-2\/DSC01419.jpg'><img src=http:\/\/extra.inmontanis.info\/d\/63526-3\/DSC01419.jpg \/><\/a><br \/>\n^ Ende der Stra\u00dfe in Kvikkjokk<\/p>\n<p><a href='http:\/\/extra.inmontanis.info\/d\/63531-2\/DSC01421.jpg'><img src=http:\/\/extra.inmontanis.info\/d\/63530-3\/DSC01421.jpg \/><\/a><br \/>\n^ .. neben einem Fluss<\/p>\n<p><a href='http:\/\/extra.inmontanis.info\/d\/63535-2\/DSC01423.jpg'><img src=http:\/\/extra.inmontanis.info\/d\/63534-3\/DSC01423.jpg \/><\/a><br \/>\n^ Offizieller Wanderweg, breit, nass, uninteressant<\/p>\n<p><a href='http:\/\/extra.inmontanis.info\/d\/63539-2\/DSC01425.jpg'><img src=http:\/\/extra.inmontanis.info\/d\/63538-3\/DSC01425.jpg \/><\/a><br \/>\n^ .. interessanter und sch\u00f6ner ists daneben<\/p>\n<p><a href='http:\/\/extra.inmontanis.info\/d\/63543-2\/DSC01428.jpg'><img src=http:\/\/extra.inmontanis.info\/d\/63542-3\/DSC01428.jpg \/><\/a><br \/>\n^ Wobei der Weg etwas abseits vom Wasser ist, man kann aber immer mal wieder r\u00fcber oder k\u00f6nnte runter<\/p>\n<p><a href='http:\/\/extra.inmontanis.info\/d\/63547-2\/DSC01431.jpg'><img src=http:\/\/extra.inmontanis.info\/d\/63546-3\/DSC01431.jpg \/><\/a><br \/>\n^ Naja, flach hier und mehr als B\u00e4ume und den Fluss w\u00fcrde man vermutlich die n\u00e4chsten Kilometer nicht sehen, also kehrte ich wieder um<\/p>\n<p><a href='http:\/\/extra.inmontanis.info\/d\/63551-2\/DSC01437.jpg'><img src=http:\/\/extra.inmontanis.info\/d\/63550-3\/DSC01437.jpg \/><\/a><br \/>\n^ Kvikkjokk-Jokkmokk<\/p>\n<p><a href='http:\/\/extra.inmontanis.info\/d\/63555-2\/DSC01439.jpg'><img src=http:\/\/extra.inmontanis.info\/d\/63554-3\/DSC01439.jpg \/><\/a><br \/>\n^ Kvikkjokk-Jokkmokk<\/p>\n<p><a href='http:\/\/extra.inmontanis.info\/d\/63559-2\/DSC01440.jpg'><img src=http:\/\/extra.inmontanis.info\/d\/63558-3\/DSC01440.jpg \/><\/a><br \/>\n^ Kvikkjokk-Jokkmokk<\/p>\n<p><a href='http:\/\/extra.inmontanis.info\/d\/63563-2\/DSC01441.jpg'><img src=http:\/\/extra.inmontanis.info\/d\/63562-3\/DSC01441.jpg \/><\/a><br \/>\n^ Kvikkjokk-Jokkmokk<\/p>\n<p><a href='http:\/\/extra.inmontanis.info\/d\/63567-2\/DSC01444.jpg'><img src=http:\/\/extra.inmontanis.info\/d\/63566-3\/DSC01444.jpg \/><\/a><br \/>\n^ Kvikkjokk-Jokkmokk<\/p>\n<p><a href='http:\/\/extra.inmontanis.info\/d\/63571-2\/DSC01466.jpg'><img src=http:\/\/extra.inmontanis.info\/d\/63570-3\/DSC01466.jpg \/><\/a><br \/>\n^ Fuck Off ihr Mistviecher.<\/p>\n<p><a href='http:\/\/extra.inmontanis.info\/d\/63575-2\/DSC01468.jpg'><img src=http:\/\/extra.inmontanis.info\/d\/63574-3\/DSC01468.jpg \/><\/a><br \/>\n^ Kvikkjokk-Jokkmokk<\/p>\n<p><a href='http:\/\/extra.inmontanis.info\/d\/63579-2\/DSC01470.jpg'><img src=http:\/\/extra.inmontanis.info\/d\/63578-3\/DSC01470.jpg \/><\/a><br \/>\n^ Double-BBQ-Burger an der Circle-K-Tankstelle gekauft.<\/p>\n<p>Da w\u00e4r irgendwie noch Platz f\u00fcr einen Nachtisch gewesen, wollte ja danach noch zum Supermarkt. Allerdings kam mir so die Idee, dass es sinnvoller sein k\u00f6nnte, erst morgen zum Supermarkt zu gehen, falls ich ein TK-Gericht f\u00fcr Abend mitnehmen m\u00f6chte. Naja, genug Naschkram hab ich ja. Brot f\u00fcr morgen Fr\u00fch hab ich zwar keines mehr, aber, so dachte ich, wenn ich hier am Quasi-Ortsrand \u00fcbernachte, k\u00f6nnte ich ja morgen den Vormittag bei der OKQ8-Tankstelle verbringen inkl. Klogang und Fr\u00fchst\u00fcckskauf. Und eben danach zum Supermarkt.<\/p>\n<p>Ich fuhr zu einem Grillplatz am Fluss, hielt aber erst mal etwas im Schatten anstatt mir schon einen Schlafplatz zu suchen. Gegen\u00fcber auf der anderen Flussseite war auch ein Camper\/Wohnmobil, hab da (nord)deutsche Stimmen r\u00fcbergeh\u00f6rt. Zum Gl\u00fcck stehen die auf der anderen Flussseite, so ist ihr L\u00e4rm weniger st\u00f6rend. Warum muss man sich denn an einen ruhigen, einsamen Platz mitten in der Natur mit einem leicht pl\u00e4tschernden Fluss stellen und dann so aggressive Tekkno-&#8220;Musik&#8221; anmachen?!<\/p>\n<p><a href='http:\/\/extra.inmontanis.info\/d\/63583-2\/DSC01471.jpg'><img src=http:\/\/extra.inmontanis.info\/d\/63582-3\/DSC01471.jpg \/><\/a><br \/>\n^ Freiheit ist .. mittags nicht zu wissen, wo man abends schlafen wird.<\/p>\n<p>Abends hier am Fluss in Jokkmokk gab es tats\u00e4chlich weniger Stechm\u00fccken. Es kamen immer wieder Einheimische mit ihren speziellen Langsam-Fahrzeugen, die aber wieder abgedreht sind, evtl. weil sie mich stehen sahen?! Fuhr dann vorsichtshalber doch etwas zur\u00fcck zum Anfang des Platzes, falls noch welche kommen und l\u00e4rmen sollten. Au\u00dferdem wurde mir diese &#8220;Musik&#8221; von gegen\u00fcber zu bl\u00f6d mit dem offenen Fenster.<\/p>\n<p><strong>2.6.2021<\/strong><\/p>\n<p>Wegen der ersten w\u00e4rmeren Nacht<br \/>\n&#8211; hab ich die Decke im Schlafsack nur noch im Fu\u00dfbereich gelassen<br \/>\n&#8211; hab ich die Fu\u00dfheizmatte nachts nicht eingeschaltet<br \/>\n&#8211; konnte ich nicht so gut einschlafen, wobei ein Kuckuck auch immer wieder mal gel\u00e4rmt hat<br \/>\n&#8211; waren morgens im k\u00fchlschrank +11\u00b0 statt wie bisher maximal +8\u00b0<\/p>\n<p><a href='http:\/\/extra.inmontanis.info\/d\/63587-2\/DSC01472.jpg'><img src=http:\/\/extra.inmontanis.info\/d\/63586-3\/DSC01472.jpg \/><\/a><br \/>\n^ Am Morgen gabs dann mal den English Muffin an der OKQ8-Tankstelle (um knapp 4,- \u20ac) &#8211; mit Bacon, K\u00e4se und Ei und irgendeinem eher s\u00e4uerlichen Bestrich oder Oliven\u00f6l &#8211; das hatte m.E. nicht so ganz gepasst&#8230;<\/p>\n<p>Heute noch viel w\u00e4rmr als gestern, unangenehme 24\u00b0 (lt. Wettervorhersage sogar 26\u00b0), nur schwacher Wind und die Klimaanlage geht ja momentan gar nicht.<\/p>\n<p><a href='http:\/\/extra.inmontanis.info\/d\/63591-2\/DSC01473.jpg'><img src=http:\/\/extra.inmontanis.info\/d\/63590-3\/DSC01473.jpg \/><\/a><br \/>\n^ 24\u00b0, ich geh drauf bei der Hitze.<\/p>\n<p>Auch in den Winterstiefeln wirds mir jetzt zu warm &#8211; hatte ja nicht vorgehabt, so lange zu bleiben und daher keine Sommerschuhe dabei. Zumindest zum Autofahren k\u00f6nnte man aber ja diese Vollplastik-Badeschlappen nehmen, die ich mir vor einigen Monaten in Schweden gekauft hab&#8230; Wie erst letztens bemerkt find ich das Rein\/Raussteigen aus den Winterstiefeln zwar immer sehr m\u00fchsam, aber das muss dann halt jetzt sein. <\/p>\n<p><a href='http:\/\/extra.inmontanis.info\/d\/63595-2\/DSC01474.jpg'><img src=http:\/\/extra.inmontanis.info\/d\/63594-3\/DSC01474.jpg \/><\/a><br \/>\n^ Jokkmokk-Arvidsjaur<\/p>\n<p><a href='http:\/\/extra.inmontanis.info\/d\/63599-2\/DSC01476.jpg'><img src=http:\/\/extra.inmontanis.info\/d\/63598-3\/DSC01476.jpg \/><\/a><br \/>\n^ Jokkmokk-Arvidsjaur<\/p>\n<p><a href='http:\/\/ski.inmontanis.info\/d\/295431-2\/DSC01477.jpg'><img src=http:\/\/ski.inmontanis.info\/d\/295430-3\/DSC01477.jpg \/><\/a><br \/>\n^ K\u00e5bdalis, die Schneereste links am Kurvenlift w\u00e4ren ja mit Unterbrechungen fahrbar gewesen<\/p>\n<p><a href='http:\/\/ski.inmontanis.info\/d\/295435-2\/DSC01480.jpg'><img src=http:\/\/ski.inmontanis.info\/d\/295434-3\/DSC01480.jpg \/><\/a><br \/>\n^ .. unten raus etwas mehr Fu\u00dfweg, ja, aber .. die 24\u00b0 waren mir heute ernsthaft zu hei\u00df zum Anziehen der Skischuhe und Rauflaufen auf den Berg. Bei 15\u00b0 oder so h\u00e4tte ich die Ski wohl geschultert und w\u00e4r raufgegangen.<\/p>\n<p><a href='http:\/\/ski.inmontanis.info\/d\/295439-2\/DSC01484.jpg'><img src=http:\/\/ski.inmontanis.info\/d\/295438-3\/DSC01484.jpg \/><\/a><br \/>\n^ Nochmal die gro\u00dfen Schneedepots an der 3SB fotografiert<\/p>\n<p>Richtung Arjeplog\/Galtis nahm ich bl\u00f6derweise wieder die Naturstra\u00dfenabk\u00fcrzung ab Moskosel, die heute sehr staubig war, teilweise konnte man nicht mehr die Fenster \u00f6ffnen oder die L\u00fcftung anlassen, man sah den Sandstaub regelrecht reinkommen, so dass es sehr hei\u00df im Auto wurde. <\/p>\n<p><a href='http:\/\/extra.inmontanis.info\/d\/63603-2\/DSC01486.jpg'><img src=http:\/\/extra.inmontanis.info\/d\/63602-3\/DSC01486.jpg \/><\/a><br \/>\n^ Moskosel-Arjeplog. Die Naturstra\u00dfen waren heute leider extrem staubig. Selbst wenn keiner vor einem fuhr, bekam man den Staub sogar durch die L\u00fcftung rein &#8211; und erst recht \u00fcber die Fenster.<\/p>\n<p><a href='http:\/\/extra.inmontanis.info\/d\/63607-2\/DSC01491.jpg'><img src=http:\/\/extra.inmontanis.info\/d\/63606-3\/DSC01491.jpg \/><\/a><br \/>\n^ N\u00e4he Arjeplog<\/p>\n<p><a href='http:\/\/extra.inmontanis.info\/d\/63611-2\/DSC01492.jpg'><img src=http:\/\/extra.inmontanis.info\/d\/63610-3\/DSC01492.jpg \/><\/a><br \/>\n^ Blick zum Skigebiet Galtis &#8211; na da geht mal nix mehr mit Skitour. Daf\u00fcr dann hoffentlich die Stra\u00dfe hinauf schneefrei.<\/p>\n<p><a href='http:\/\/extra.inmontanis.info\/d\/63615-2\/DSC01493.jpg'><img src=http:\/\/extra.inmontanis.info\/d\/63614-3\/DSC01493.jpg \/><\/a><br \/>\n^ N\u00e4he Arjeplog<\/p>\n<p><a href='http:\/\/extra.inmontanis.info\/d\/63619-2\/DSC01495.jpg'><img src=http:\/\/extra.inmontanis.info\/d\/63618-3\/DSC01495.jpg \/><\/a><br \/>\n^ N\u00e4he Arjeplog<\/p>\n<p><a href='http:\/\/extra.inmontanis.info\/d\/63623-2\/DSC01500.jpg'><img src=http:\/\/extra.inmontanis.info\/d\/63622-3\/DSC01500.jpg \/><\/a><br \/>\n^ wenn aus einem Stern viele kleine werden &#8230;<\/p>\n<p>H\u00e4tte ja fr\u00fcher mal im Schatten \u00fcbernachten k\u00f6nnen, aber ich hatte mir \u00fcberlegt, auf den Galtispuoda (Berg) rauf zu fahren, falls kein Schnee mehr w\u00e4re (oder sonst: Skitour) und dort \u00fcbernachten und da w\u00e4rs doch sicherlich k\u00fchler und windiger? Aber irgendwann (etwas zu sp\u00e4t) fiel mir ein, dass man am Gipfel ja auch quasi die ganze Nacht von der Sonne beschienen w\u00fcrde, somit es auch wieder nicht so k\u00fchl sein k\u00f6nnte? Nachteil im Wald ist, dass es windstiller ist, somit nicht so sch\u00f6n\/schnell abk\u00fchlen k\u00f6nnte. Ab 11.6. soll die Sonne hier (etwas s\u00fcdlich vom Polarkreis) f\u00fcr einige Tage\/Wochen nicht mehr untergehen, heute scheint sie am Gipfel lt. Internet von 1:51-23:45<\/p>\n<p>Also vorsichtshalber nicht mehr bis rauf gefahren, sondern im eher dichteren Wald geparkt und mir die Pizzast\u00fccke warm gemacht.. noch mehr Hitze im Auto&#8230;<\/p>\n<p>Um das hintere rechte Fenster (das mit dem Fliegennetz) nicht mit dem hochgeklappten Bett zu verstellen und m\u00f6glichst viel Luft reinzulassen, baute ich den Tisch nicht auf und w\u00e4rmte die Pizza anders:<\/p>\n<p><a href='http:\/\/extra.inmontanis.info\/d\/63627-2\/DSC01502.jpg'><img src=http:\/\/extra.inmontanis.info\/d\/63626-3\/DSC01502.jpg \/><\/a><br \/>\n^ Zur Abwechslung mal wieder Pizza und diesmal ohne Tisch aufbauen die Kochplatte am WC und mit den Skistr\u00fcmpfen, damit die Platte gerader steht &#8211; geht alles ;)<\/p>\n<p>Wind kam heute Abend echt Null durchs Auto. Leider war das auch ein etwas kesselartiger Platz und ich quasi in der Mulde, nochmal windgesch\u00fctzter &#8230;<\/p>\n<p>Erst ab 21\/22 Uhr soll es heute unter 20\u00b0 sein, dann auf 8-10\u00b0 sinken und morgen ab 10\/11 wieder \u00fcber 20\u00b0 sein. Tagelang Sonne und windstill, h\u00e4tte es das nicht mal im Winter\/Fr\u00fchjahr beim Skifahren sein k\u00f6nnen?!<\/p>\n<p>Irgendwann fiel mir der kleine USB-Ventilator wieder ein, den ich ja vor ein paar Wochen gekauft hatte&#8230; besser als nix &#8230; am Fenster positioniert, so dass er die k\u00fchlere Luft von drau\u00dfen reinzieht. Gegen 22 Uhr wurde es endlich etwas angenehmer&#8230;<\/p>\n","protected":false},"excerpt":{"rendered":"<p>31.5.2021<\/p>\n<p>Ohne erst nach Jokkmokk zu fahren, bog ich gleich die n\u00e4chste lange Stra\u00dfe rein, nach Kvikkjokk. Ist aber nicht ganz so spektakul\u00e4r wie die Stra\u00dfe nach Ritsem. 2x sah ich abends einen Hasen neben der Stra\u00dfe vorbeihoppeln &#8211; Auto fuhr dagegen keines, so konnte ich an dem Platz nebendran recht ruhig schlafen.<\/p>\n<p>Die Antwort <a href=\"http:\/\/blog.inmontanis.info\/?p=6849\">[&#8230;]<\/a><\/p>\n","protected":false},"author":1,"featured_media":0,"comment_status":"closed","ping_status":"closed","sticky":false,"template":"","format":"standard","meta":{"footnotes":""},"categories":[184,659,638,19,30],"tags":[45],"class_list":["post-6849","post","type-post","status-publish","format-standard","hentry","category-2021-01-skandinavien","category-kabdalis","category-porjus","category-schwedensweden","category-wandern","tag-see","odd"],"_links":{"self":[{"href":"http:\/\/blog.inmontanis.info\/index.php?rest_route=\/wp\/v2\/posts\/6849","targetHints":{"allow":["GET"]}}],"collection":[{"href":"http:\/\/blog.inmontanis.info\/index.php?rest_route=\/wp\/v2\/posts"}],"about":[{"href":"http:\/\/blog.inmontanis.info\/index.php?rest_route=\/wp\/v2\/types\/post"}],"author":[{"embeddable":true,"href":"http:\/\/blog.inmontanis.info\/index.php?rest_route=\/wp\/v2\/users\/1"}],"replies":[{"embeddable":true,"href":"http:\/\/blog.inmontanis.info\/index.php?rest_route=%2Fwp%2Fv2%2Fcomments&post=6849"}],"version-history":[{"count":3,"href":"http:\/\/blog.inmontanis.info\/index.php?rest_route=\/wp\/v2\/posts\/6849\/revisions"}],"predecessor-version":[{"id":6852,"href":"http:\/\/blog.inmontanis.info\/index.php?rest_route=\/wp\/v2\/posts\/6849\/revisions\/6852"}],"wp:attachment":[{"href":"http:\/\/blog.inmontanis.info\/index.php?rest_route=%2Fwp%2Fv2%2Fmedia&parent=6849"}],"wp:term":[{"taxonomy":"category","embeddable":true,"href":"http:\/\/blog.inmontanis.info\/index.php?rest_route=%2Fwp%2Fv2%2Fcategories&post=6849"},{"taxonomy":"post_tag","embeddable":true,"href":"http:\/\/blog.inmontanis.info\/index.php?rest_route=%2Fwp%2Fv2%2Ftags&post=6849"}],"curies":[{"name":"wp","href":"https:\/\/api.w.org\/{rel}","templated":true}]}}