{"id":6845,"date":"2021-05-30T18:24:08","date_gmt":"2021-05-30T16:24:08","guid":{"rendered":"http:\/\/blog.inmontanis.info\/?p=6845"},"modified":"2021-06-03T10:54:01","modified_gmt":"2021-06-03T08:54:01","slug":"ritsem-teil-3-30-5-2021","status":"publish","type":"post","link":"http:\/\/blog.inmontanis.info\/?p=6845","title":{"rendered":"Ritsem Teil 3, 30.5.2021"},"content":{"rendered":"<p><strong>30.5.2021<\/strong> &#8211; Ritsem Teil 3 (Reisetag Nr. 150)<\/p>\n<p><a href='http:\/\/extra.inmontanis.info\/d\/63315-2\/DSC01286.jpg'><img src=http:\/\/extra.inmontanis.info\/d\/63314-3\/DSC01286.jpg \/><\/a><br \/>\n^ <\/p>\n<p><a href='http:\/\/extra.inmontanis.info\/d\/63319-2\/DSC04277.jpg'><img src=http:\/\/extra.inmontanis.info\/d\/63318-3\/DSC04277.jpg \/><\/a><br \/>\n^ Komischer Schneekoppenberg ;)<\/p>\n<p><a href='http:\/\/extra.inmontanis.info\/d\/63323-2\/DSC01292.jpg'><img src=http:\/\/extra.inmontanis.info\/d\/63322-3\/DSC01292.jpg \/><\/a><br \/>\n^ R\u00fcckfahrt Ritsem-Porjus<\/p>\n<p><a href='http:\/\/extra.inmontanis.info\/d\/63327-2\/DSC01299.jpg'><img src=http:\/\/extra.inmontanis.info\/d\/63326-3\/DSC01299.jpg \/><\/a><br \/>\n^ R\u00fcckfahrt Ritsem-Porjus<\/p>\n<p><a href='http:\/\/extra.inmontanis.info\/d\/63331-2\/DSC01205.jpg'><img src=http:\/\/extra.inmontanis.info\/d\/63330-3\/DSC01205.jpg \/><\/a><br \/>\n^ Diese H\u00fctte (gestern fotografiert) liegt mal wieder am Kungsleden-Weitwanderweg. Heute wollte ich hier parken und mal ein bisschen wandern gehen.<\/p>\n<p><a href='http:\/\/extra.inmontanis.info\/d\/63335-2\/DSC01307.jpg'><img src=http:\/\/extra.inmontanis.info\/d\/63334-3\/DSC01307.jpg \/><\/a><br \/>\n^ Dachte ja erst, das seien Toiletten, aber nein:<\/p>\n<p><a href='http:\/\/extra.inmontanis.info\/d\/63339-2\/DSC01308.jpg'><img src=http:\/\/extra.inmontanis.info\/d\/63338-3\/DSC01308.jpg \/><\/a><br \/>\n^ .. ein Supermarkt :)<\/p>\n<p><a href='http:\/\/extra.inmontanis.info\/d\/63343-2\/DSC01309.jpg'><img src=http:\/\/extra.inmontanis.info\/d\/63342-3\/DSC01309.jpg \/><\/a><br \/>\n^ <\/p>\n<p><a href='http:\/\/extra.inmontanis.info\/d\/63347-2\/DSC01310.jpg'><img src=http:\/\/extra.inmontanis.info\/d\/63346-3\/DSC01310.jpg \/><\/a><br \/>\n^ Hier sind die Toiletten.<\/p>\n<p><a href='http:\/\/extra.inmontanis.info\/d\/63351-2\/DSC01311.jpg'><img src=http:\/\/extra.inmontanis.info\/d\/63350-3\/DSC01311.jpg \/><\/a><br \/>\n^ .. und einen Waschplatz<\/p>\n<p><a href='http:\/\/extra.inmontanis.info\/d\/63355-2\/DSC01313.jpg'><img src=http:\/\/extra.inmontanis.info\/d\/63354-3\/DSC01313.jpg \/><\/a><br \/>\n^ Und Wasserversorgung aus dem Fluss<\/p>\n<p><a href='http:\/\/extra.inmontanis.info\/d\/63359-2\/DSC01316.jpg'><img src=http:\/\/extra.inmontanis.info\/d\/63358-3\/DSC01316.jpg \/><\/a><br \/>\n^ \u00dcber den kleinen Fluss oder Bach geht ein Br\u00fccklein<\/p>\n<p><a href='http:\/\/extra.inmontanis.info\/d\/63363-2\/DSC01318.jpg'><img src=http:\/\/extra.inmontanis.info\/d\/63362-3\/DSC01318.jpg \/><\/a><br \/>\n^ R\u00fcckblick von der Br\u00fccke<\/p>\n<p><a href='http:\/\/extra.inmontanis.info\/d\/63367-2\/DSC01319.jpg'><img src=http:\/\/extra.inmontanis.info\/d\/63366-3\/DSC01319.jpg \/><\/a><br \/>\n^ Waserfall<\/p>\n<p><a href='http:\/\/extra.inmontanis.info\/d\/63371-2\/DSC01324.jpg'><img src=http:\/\/extra.inmontanis.info\/d\/63370-3\/DSC01324.jpg \/><\/a><br \/>\n^ Waserfall<\/p>\n<p><a href='http:\/\/extra.inmontanis.info\/d\/63375-2\/DSC01326.jpg'><img src=http:\/\/extra.inmontanis.info\/d\/63374-3\/DSC01326.jpg \/><\/a><br \/>\n^ Waserfall von weiter oben<\/p>\n<p><a href='http:\/\/extra.inmontanis.info\/d\/63379-2\/DSC01327.jpg'><img src=http:\/\/extra.inmontanis.info\/d\/63378-3\/DSC01327.jpg \/><\/a><br \/>\n^ Schneereste auf dem Wanderweg<\/p>\n<p><a href='http:\/\/extra.inmontanis.info\/d\/63383-2\/DSC01328.jpg'><img src=http:\/\/extra.inmontanis.info\/d\/63382-3\/DSC01328.jpg \/><\/a><br \/>\n^ Waserfall von weiter oben<\/p>\n<p><a href='http:\/\/extra.inmontanis.info\/d\/63387-2\/DSC01329.jpg'><img src=http:\/\/extra.inmontanis.info\/d\/63386-3\/DSC01329.jpg \/><\/a><br \/>\n^ Hier wirds etwas flacher<\/p>\n<p><a href='http:\/\/extra.inmontanis.info\/d\/63391-2\/DSC01330.jpg'><img src=http:\/\/extra.inmontanis.info\/d\/63390-3\/DSC01330.jpg \/><\/a><br \/>\n^ Nein, liebe Kinder, da hat nicht der Osterhase ein paar Schokoeier versteckt ;)<\/p>\n<p><a href='http:\/\/extra.inmontanis.info\/d\/63395-2\/DSC01332.jpg'><img src=http:\/\/extra.inmontanis.info\/d\/63394-3\/DSC01332.jpg \/><\/a><br \/>\n^ Das Schneefeld ist doch eine sch\u00f6ne Ausrede, nicht mehr weiter zu gehen, sondern umzukehren.<\/p>\n<p><a href='http:\/\/extra.inmontanis.info\/d\/63399-2\/DSC01333.jpg'><img src=http:\/\/extra.inmontanis.info\/d\/63398-3\/DSC01333.jpg \/><\/a><br \/>\n^ Da w\u00fcrde man echt zu sehr einsinken. N\u00f6n\u00f6, da geh ich nicht dr\u00fcber. Hei\u00dft aber auch, dass der Schnee zum Skifahren auch nicht  gut w\u00e4re.<\/p>\n<p><a href='http:\/\/extra.inmontanis.info\/d\/63403-2\/DSC01334.jpg'><img src=http:\/\/extra.inmontanis.info\/d\/63402-3\/DSC01334.jpg \/><\/a><br \/>\n^ Ich ging seitw\u00e4rts noch zu einer kleinen Lichtung rauf und fotografierte nochmal richtung hinauf ..\t<\/p>\n<p><a href='http:\/\/extra.inmontanis.info\/d\/63407-2\/DSC01335.jpg'><img src=http:\/\/extra.inmontanis.info\/d\/63406-3\/DSC01335.jpg \/><\/a><br \/>\n^ .. und von der Lichtung talw\u00e4rts<\/p>\n<p><a href='http:\/\/extra.inmontanis.info\/d\/63411-2\/DSC01336.jpg'><img src=http:\/\/extra.inmontanis.info\/d\/63410-3\/DSC01336.jpg \/><\/a><br \/>\n^ Von der Lichtung talw\u00e4rts<\/p>\n<p><a href='http:\/\/extra.inmontanis.info\/d\/63415-2\/DSC01339.jpg'><img src=http:\/\/extra.inmontanis.info\/d\/63414-3\/DSC01339.jpg \/><\/a><br \/>\n^ Der Kungsleden (Weitwanderweg Abisko-Hemavan, ca. 450km) ist nur bis hierhin zur Stra\u00dfe eingezeichnet, erst viel weiter s\u00fcd\u00f6stlich geht er dann weiter nach S\u00fcden. Wie man dort hin kommt, bleibt etwas fraglich &#8211; evtl. mit dem Schiff im Sommer?! Der Staudamm darf ja nicht betreten werden ..<\/p>\n<p><a href='http:\/\/extra.inmontanis.info\/d\/63419-2\/DSC01340.jpg'><img src=http:\/\/extra.inmontanis.info\/d\/63418-3\/DSC01340.jpg \/><\/a><br \/>\n^ Wanderwegtafel<\/p>\n<p><a href='http:\/\/extra.inmontanis.info\/d\/63423-2\/DSC01341.jpg'><img src=http:\/\/extra.inmontanis.info\/d\/63422-3\/DSC01341.jpg \/><\/a><br \/>\n^ Der Parkplatz war um kurz vor 12 Uhr so leer wie in der Fr\u00fch.<\/p>\n<p><a href='http:\/\/extra.inmontanis.info\/d\/63427-2\/DSC01343.jpg'><img src=http:\/\/extra.inmontanis.info\/d\/63426-3\/DSC01343.jpg \/><\/a><br \/>\n^ Weiter vor in Richtung Porjus<\/p>\n<p><a href='http:\/\/extra.inmontanis.info\/d\/63431-2\/DSC01346.jpg'><img src=http:\/\/extra.inmontanis.info\/d\/63430-3\/DSC01346.jpg \/><\/a><br \/>\n^ Hier ging mal eine Mure auf die Stra\u00dfe<\/p>\n<p><a href='http:\/\/extra.inmontanis.info\/d\/63435-2\/DSC01348.jpg'><img src=http:\/\/extra.inmontanis.info\/d\/63434-3\/DSC01348.jpg \/><\/a><br \/>\n^ Und dort ein kapitaler Fels auf der Stra\u00dfe, die dann anscheinend verlegt wurde.<\/p>\n<p><a href='http:\/\/extra.inmontanis.info\/d\/63439-2\/DSC01350.jpg'><img src=http:\/\/extra.inmontanis.info\/d\/63438-3\/DSC01350.jpg \/><\/a><br \/>\n^ Da wird man wohl hin sein, wenn einem das aufs Auto f\u00e4llt.<\/p>\n<p><a href='http:\/\/extra.inmontanis.info\/d\/63443-2\/DSC01353.jpg'><img src=http:\/\/extra.inmontanis.info\/d\/63442-3\/DSC01353.jpg \/><\/a><br \/>\n^ Wasserfall<\/p>\n<p><a href='http:\/\/extra.inmontanis.info\/d\/63447-2\/DSC01354.jpg'><img src=http:\/\/extra.inmontanis.info\/d\/63446-3\/DSC01354.jpg \/><\/a><br \/>\n^ Weiter vor in Richtung Porjus<\/p>\n<p><a href='http:\/\/extra.inmontanis.info\/d\/63451-2\/DSC01363.jpg'><img src=http:\/\/extra.inmontanis.info\/d\/63450-3\/DSC01363.jpg \/><\/a><br \/>\n^ Hier (ca. auf dem halben Weg) gibts \u00fcbrigens doch eine Tankstelle. Derartige Container-Tankstellen findet man in Schweden mittlerweile hin und wieder.<\/p>\n<p><a href='http:\/\/extra.inmontanis.info\/d\/63455-2\/DSC01366.jpg'><img src=http:\/\/extra.inmontanis.info\/d\/63454-3\/DSC01366.jpg \/><\/a><br \/>\n^ H\u00fctte am Parkplatz, wo ich f\u00fcr die Nacht stand. Hm, ein W\u00e4rmeraum oder ein WC?<\/p>\n<p><a href='http:\/\/extra.inmontanis.info\/d\/63459-2\/DSC01365.jpg'><img src=http:\/\/extra.inmontanis.info\/d\/63458-3\/DSC01365.jpg \/><\/a><br \/>\n^ .. doch nur ein Plumpsklo :) Etwas \u00fcbertrieben gro\u00df geraten, die H\u00fctte?! Naja, schaut noch nicht ganz fertig aus..<\/p>\n<p><a href='http:\/\/extra.inmontanis.info\/d\/63463-2\/DSC01367.jpg'><img src=http:\/\/extra.inmontanis.info\/d\/63462-3\/DSC01367.jpg \/><\/a><br \/>\n^ Nebendran ist ein rei\u00dfender Fluss<\/p>\n<p><a href='http:\/\/extra.inmontanis.info\/d\/63467-2\/DSC01370.jpg'><img src=http:\/\/extra.inmontanis.info\/d\/63466-3\/DSC01370.jpg \/><\/a><br \/>\n^ Fluss richtung See<\/p>\n<p><a href='http:\/\/extra.inmontanis.info\/d\/63471-2\/DSC01372.jpg'><img src=http:\/\/extra.inmontanis.info\/d\/63470-3\/DSC01372.jpg \/><\/a><br \/>\n^ Fluss<\/p>\n<p>Abends fing es leicht zu regnen an&#8230;<\/p>\n","protected":false},"excerpt":{"rendered":"<p>30.5.2021 &#8211; Ritsem Teil 3 (Reisetag Nr. 150)<\/p>\n<p> ^ <\/p>\n<p> ^ Komischer Schneekoppenberg ;)<\/p>\n<p> ^ R\u00fcckfahrt Ritsem-Porjus<\/p>\n<p> ^ R\u00fcckfahrt Ritsem-Porjus<\/p>\n<p> ^ Diese H\u00fctte (gestern fotografiert) liegt mal wieder am Kungsleden-Weitwanderweg. Heute wollte ich hier parken und mal ein bisschen wandern gehen.<\/p>\n<p> ^ Dachte ja erst, das seien Toiletten, aber <a href=\"http:\/\/blog.inmontanis.info\/?p=6845\">[&#8230;]<\/a><\/p>\n","protected":false},"author":1,"featured_media":0,"comment_status":"closed","ping_status":"closed","sticky":false,"template":"","format":"standard","meta":{"footnotes":""},"categories":[184,19,30],"tags":[90,45,86],"class_list":["post-6845","post","type-post","status-publish","format-standard","hentry","category-2021-01-skandinavien","category-schwedensweden","category-wandern","tag-infrarot","tag-see","tag-wasserfall","odd"],"_links":{"self":[{"href":"http:\/\/blog.inmontanis.info\/index.php?rest_route=\/wp\/v2\/posts\/6845","targetHints":{"allow":["GET"]}}],"collection":[{"href":"http:\/\/blog.inmontanis.info\/index.php?rest_route=\/wp\/v2\/posts"}],"about":[{"href":"http:\/\/blog.inmontanis.info\/index.php?rest_route=\/wp\/v2\/types\/post"}],"author":[{"embeddable":true,"href":"http:\/\/blog.inmontanis.info\/index.php?rest_route=\/wp\/v2\/users\/1"}],"replies":[{"embeddable":true,"href":"http:\/\/blog.inmontanis.info\/index.php?rest_route=%2Fwp%2Fv2%2Fcomments&post=6845"}],"version-history":[{"count":3,"href":"http:\/\/blog.inmontanis.info\/index.php?rest_route=\/wp\/v2\/posts\/6845\/revisions"}],"predecessor-version":[{"id":6848,"href":"http:\/\/blog.inmontanis.info\/index.php?rest_route=\/wp\/v2\/posts\/6845\/revisions\/6848"}],"wp:attachment":[{"href":"http:\/\/blog.inmontanis.info\/index.php?rest_route=%2Fwp%2Fv2%2Fmedia&parent=6845"}],"wp:term":[{"taxonomy":"category","embeddable":true,"href":"http:\/\/blog.inmontanis.info\/index.php?rest_route=%2Fwp%2Fv2%2Fcategories&post=6845"},{"taxonomy":"post_tag","embeddable":true,"href":"http:\/\/blog.inmontanis.info\/index.php?rest_route=%2Fwp%2Fv2%2Ftags&post=6845"}],"curies":[{"name":"wp","href":"https:\/\/api.w.org\/{rel}","templated":true}]}}