{"id":6842,"date":"2021-05-29T18:02:00","date_gmt":"2021-05-29T16:02:00","guid":{"rendered":"http:\/\/blog.inmontanis.info\/?p=6842"},"modified":"2021-06-01T18:13:46","modified_gmt":"2021-06-01T16:13:46","slug":"ritsem-teil-2-29-5-2021","status":"publish","type":"post","link":"http:\/\/blog.inmontanis.info\/?p=6842","title":{"rendered":"Ritsem Teil 2, 29.5.2021"},"content":{"rendered":"<p><strong>29.5.2021<\/strong> &#8211; Ritsem Teil 2<\/p>\n<p>Die Stra\u00dfe weiter nach Ritsem wurde alsbald sehr cool und erinnerte landschaftlich eher an Norwegen. Sp\u00e4ter wurde sie allerdings wieder etwas langweiliger und endete in Ritsem, das quasi irgendwo mitten am See entlang liegt. Die Stra\u00dfe ginge eigentlich noch nach rechts ab in die Berge zu einem anderen See, w\u00e4re vielleicht vor ein paar Jahren auch noch fahrbar gewesen. Leider nirgends Skitourenm\u00f6glichkeiten. Schnee liegt hier s\u00fcdseitig fast nur noch am Seerand.<\/p>\n<p><a href='http:\/\/extra.inmontanis.info\/d\/63143-2\/DSC01171.jpg'><img src=http:\/\/extra.inmontanis.info\/d\/63142-3\/DSC01171.jpg \/><\/a><br \/>\n^ Gesperrte Einfahrt ..<\/p>\n<p><a href='http:\/\/extra.inmontanis.info\/d\/63147-2\/DSC01173.jpg'><img src=http:\/\/extra.inmontanis.info\/d\/63146-3\/DSC01173.jpg \/><\/a><br \/>\n^ .. aber die Spuren schauen nicht so alt aus?!<\/p>\n<p><a href='http:\/\/extra.inmontanis.info\/d\/63151-2\/DSC01175.jpg'><img src=http:\/\/extra.inmontanis.info\/d\/63150-3\/DSC01175.jpg \/><\/a><br \/>\n^ Ein St\u00fcck hinauf gibts einen sch\u00f6nen Aussichtsplatz<\/p>\n<p><a href='http:\/\/extra.inmontanis.info\/d\/63155-2\/DSC01176.jpg'><img src=http:\/\/extra.inmontanis.info\/d\/63154-3\/DSC01176.jpg \/><\/a><br \/>\n^ See links ungefroren und rechts gefroren<\/p>\n<p><a href='http:\/\/extra.inmontanis.info\/d\/63159-2\/DSC01178.jpg'><img src=http:\/\/extra.inmontanis.info\/d\/63158-3\/DSC01178.jpg \/><\/a><br \/>\n^ Am Ende dieses Wegs gibts diese Absperrung<\/p>\n<p><a href='http:\/\/extra.inmontanis.info\/d\/63163-2\/DSC01180.jpg'><img src=http:\/\/extra.inmontanis.info\/d\/63162-3\/DSC01180.jpg \/><\/a><br \/>\n^ .. mit einem Loch im Berg. Entweder nur ein Abfluss f\u00fcr&#8217;s Wasser zu irgendeinem Kraftwerk oder eine ehemalige Stra\u00dfe irgendwo kraftwerksbedingt in den Berg hinein?<\/p>\n<p><a href='http:\/\/extra.inmontanis.info\/d\/63167-2\/DSC01182.jpg'><img src=http:\/\/extra.inmontanis.info\/d\/63166-3\/DSC01182.jpg \/><\/a><br \/>\n^ Tunnel\/Loch<\/p>\n<p><a href='http:\/\/extra.inmontanis.info\/d\/63171-2\/DSC01179.jpg'><img src=http:\/\/extra.inmontanis.info\/d\/63170-3\/DSC01179.jpg \/><\/a><br \/>\n^ Ex-Zufahrt<\/p>\n<p><a href='http:\/\/extra.inmontanis.info\/d\/63175-2\/DSC01183.jpg'><img src=http:\/\/extra.inmontanis.info\/d\/63174-3\/DSC01183.jpg \/><\/a><br \/>\n^ Die Steine lassen sich wohl hier umfahren ;)<\/p>\n<p><a href='http:\/\/extra.inmontanis.info\/d\/63179-2\/DSC01186.jpg'><img src=http:\/\/extra.inmontanis.info\/d\/63178-3\/DSC01186.jpg \/><\/a><br \/>\n^ Kurz sp\u00e4ter kommt nochmal eine Abzweigung, diesmal aber k\u00fcrzer<\/p>\n<p><a href='http:\/\/extra.inmontanis.info\/d\/63183-2\/DSC01187.jpg'><img src=http:\/\/extra.inmontanis.info\/d\/63182-3\/DSC01187.jpg \/><\/a><br \/>\n^ .. aber anscheinend auch wieder mit so einem Loch \/ Tunnel im Berg, nur ist hier der Platz davor mit Wasser gef\u00fcllt.<\/p>\n<p><a href='http:\/\/extra.inmontanis.info\/d\/63187-2\/DSC01189.jpg'><img src=http:\/\/extra.inmontanis.info\/d\/63186-3\/DSC01189.jpg \/><\/a><br \/>\n^ Stra\u00dfe weiter in Richtung Ritsem<\/p>\n<p><a href='http:\/\/extra.inmontanis.info\/d\/63191-2\/DSC01190.jpg'><img src=http:\/\/extra.inmontanis.info\/d\/63190-3\/DSC01190.jpg \/><\/a><br \/>\n^ <\/p>\n<p><a href='http:\/\/extra.inmontanis.info\/d\/63195-2\/DSC01191.jpg'><img src=http:\/\/extra.inmontanis.info\/d\/63194-3\/DSC01191.jpg \/><\/a><br \/>\n^ Staumauer<\/p>\n<p><a href='http:\/\/extra.inmontanis.info\/d\/63199-2\/DSC01194.jpg'><img src=http:\/\/extra.inmontanis.info\/d\/63198-3\/DSC01194.jpg \/><\/a><br \/>\n^ .. diese Staumauer ist leider gro\u00dffl\u00e4chig mit Zaun abgesperrt, so dass man nicht mal dr\u00fcbergehen kann :(<\/p>\n<p><a href='http:\/\/extra.inmontanis.info\/d\/63203-2\/DSC01198.jpg'><img src=http:\/\/extra.inmontanis.info\/d\/63202-3\/DSC01198.jpg \/><\/a><br \/>\n^ Stra\u00dfe weiter in Richtung Ritsem erinnert hier an Norwegen<\/p>\n<p><a href='http:\/\/extra.inmontanis.info\/d\/63207-2\/DSC01200.jpg'><img src=http:\/\/extra.inmontanis.info\/d\/63206-3\/DSC01200.jpg \/><\/a><br \/>\n^ Stra\u00dfe weiter in Richtung Ritsem<\/p>\n<p><a href='http:\/\/extra.inmontanis.info\/d\/63211-2\/DSC01203.jpg'><img src=http:\/\/extra.inmontanis.info\/d\/63210-3\/DSC01203.jpg \/><\/a><br \/>\n^ Stra\u00dfe weiter in Richtung Ritsem erinnert hier an Norwegen<\/p>\n<p><a href='http:\/\/extra.inmontanis.info\/d\/63215-2\/DSC01206.jpg'><img src=http:\/\/extra.inmontanis.info\/d\/63214-3\/DSC01206.jpg \/><\/a><br \/>\n^ Stra\u00dfe weiter in Richtung Ritsem<\/p>\n<p><a href='http:\/\/extra.inmontanis.info\/d\/63219-2\/DSC01210.jpg'><img src=http:\/\/extra.inmontanis.info\/d\/63218-3\/DSC01210.jpg \/><\/a><br \/>\n^ An einem Parkplatz<\/p>\n<p><a href='http:\/\/extra.inmontanis.info\/d\/63223-2\/DSC01217.jpg'><img src=http:\/\/extra.inmontanis.info\/d\/63222-3\/DSC01217.jpg \/><\/a><br \/>\n^ Nette Gebirgsformation da hinten<\/p>\n<p><a href='http:\/\/extra.inmontanis.info\/d\/63227-2\/DSC01221.jpg'><img src=http:\/\/extra.inmontanis.info\/d\/63226-3\/DSC01221.jpg \/><\/a><br \/>\n^ Weitere interessante Berge<\/p>\n<p><a href='http:\/\/extra.inmontanis.info\/d\/63231-2\/DSC01235.jpg'><img src=http:\/\/extra.inmontanis.info\/d\/63230-3\/DSC01235.jpg \/><\/a><br \/>\n^ Ankunft in Ritsem, hier am Flugplatz (Heli, rechts, nicht im Bild) mit Blick zum Campingplatz<\/p>\n<p><a href='http:\/\/extra.inmontanis.info\/d\/63235-2\/DSC01236.jpg'><img src=http:\/\/extra.inmontanis.info\/d\/63234-3\/DSC01236.jpg \/><\/a><br \/>\n^ Die coole Bergformation. W\u00e4r ein sch\u00f6nes Gel\u00e4nde f\u00fcr ein Skigebiet ;)<\/p>\n<p><a href='http:\/\/extra.inmontanis.info\/d\/63239-2\/DSC01237.jpg'><img src=http:\/\/extra.inmontanis.info\/d\/63238-3\/DSC01237.jpg \/><\/a><br \/>\n^ Der See geht ja noch weiter als nur bis Ritsem<\/p>\n<p><a href='http:\/\/extra.inmontanis.info\/d\/63243-2\/DSC01239.jpg'><img src=http:\/\/extra.inmontanis.info\/d\/63242-3\/DSC01239.jpg \/><\/a><br \/>\n^ <\/p>\n<p><a href='http:\/\/extra.inmontanis.info\/d\/63247-2\/DSC01243.jpg'><img src=http:\/\/extra.inmontanis.info\/d\/63246-3\/DSC01243.jpg \/><\/a><br \/>\n^ <\/p>\n<p><a href='http:\/\/extra.inmontanis.info\/d\/63251-2\/DSC01244.jpg'><img src=http:\/\/extra.inmontanis.info\/d\/63250-3\/DSC01244.jpg \/><\/a><br \/>\n^ <\/p>\n<p><a href='http:\/\/extra.inmontanis.info\/d\/63255-2\/DSC01245.jpg'><img src=http:\/\/extra.inmontanis.info\/d\/63254-3\/DSC01245.jpg \/><\/a><br \/>\n^ <\/p>\n<p><a href='http:\/\/extra.inmontanis.info\/d\/63259-2\/DSC01246.jpg'><img src=http:\/\/extra.inmontanis.info\/d\/63258-3\/DSC01246.jpg \/><\/a><br \/>\n^ <\/p>\n<p><a href='http:\/\/extra.inmontanis.info\/d\/63263-2\/DSC01250.jpg'><img src=http:\/\/extra.inmontanis.info\/d\/63262-3\/DSC01250.jpg \/><\/a><br \/>\n^ Hinweis zur Stra\u00dfensperre, irgendwelche Wasserrechtsstreitigkeiten oder so?!<\/p>\n<p><a href='http:\/\/extra.inmontanis.info\/d\/63267-2\/DSC01252.jpg'><img src=http:\/\/extra.inmontanis.info\/d\/63266-3\/DSC01252.jpg \/><\/a><br \/>\n^ Immerhin hat man von hier oben nochmal einen sch\u00f6nen Ausblick<\/p>\n<p><a href='http:\/\/extra.inmontanis.info\/d\/63271-2\/DSC01253.jpg'><img src=http:\/\/extra.inmontanis.info\/d\/63270-3\/DSC01253.jpg \/><\/a><br \/>\n^ Einfahrt zum Kraftwerk<\/p>\n<p><a href='http:\/\/extra.inmontanis.info\/d\/63275-2\/DSC01254.jpg'><img src=http:\/\/extra.inmontanis.info\/d\/63274-3\/DSC01254.jpg \/><\/a><br \/>\n^ Pano von dort in der N\u00e4he<\/p>\n<p><a href='http:\/\/extra.inmontanis.info\/d\/63279-2\/DSC01261.jpg'><img src=http:\/\/extra.inmontanis.info\/d\/63278-3\/DSC01261.jpg \/><\/a><br \/>\n^ Tunnelportal von oben<\/p>\n<p>Hab mir dann das Fliegennetz montiert. Fix installiert kommt ja eigentlich nur ein einziges Fenster in Frage: hinten rechts. Aus den vorderen will ich mir die Aussicht nicht versperren und ja auch fotografieren. Und hinten links will ich ebenfalls die Aussicht beim abendlichen Sitzen nicht st\u00f6ren.<\/p>\n<p>F\u00fcr die Minim\u00fccken aka Midges sind die L\u00fccken im Netz sicherlich viel zu gro\u00df. Da k\u00f6nnte man es zwar doppelt legen, m\u00fcsste aber aufpassen, dass es versetzt \u00fcbereinander ist&#8230;.und selbst dann fraglich, ob es engmaschig genug ist. Naja, muss ich halt ggf. beim n\u00e4chsten UK-Besuch mal was feinmaschigeres suchen.<\/p>\n<p>Wobei, in den letzten Tagen hatte ich weniger Fliegen\/M\u00fccken als Hummeln, die an meinem Auto rumschwirrten. Mindestens eine Hummel kam fast immer, wenn ich mal f\u00fcr 2 Minuten gestanden bin..<\/p>\n<p><a href='http:\/\/extra.inmontanis.info\/d\/63303-2\/DSC01265.jpg'><img src=http:\/\/extra.inmontanis.info\/d\/63302-3\/DSC01265.jpg \/><\/a><br \/>\n^ Das eine Fliegennetz hab ich nun fix am rechten R\u00fcckfenster montiert<\/p>\n<p><a href='http:\/\/extra.inmontanis.info\/d\/63307-2\/DSC01270.jpg'><img src=http:\/\/extra.inmontanis.info\/d\/63306-3\/DSC01270.jpg \/><\/a><br \/>\n^ Das andere Fliegennetz auf der Fahrerseite hab ich nur unten am Klettband fixiert, an den anderen 3 Seiten klemm ich das einfach durch die T\u00fcr ein, beim Stehen, wenn n\u00f6tig &#8211; ansonsten h\u00e4ngt das innen runter.<\/p>\n<p><a href='http:\/\/extra.inmontanis.info\/d\/63283-2\/DSC01268.jpg'><img src=http:\/\/extra.inmontanis.info\/d\/63282-3\/DSC01268.jpg \/><\/a><br \/>\n^ Blieb einige Zeit am Parkplatz stehen und wartete auf ein wolkenloses Wetter, aber daraus wurde nicht ganz was.<\/p>\n<p><a href='http:\/\/extra.inmontanis.info\/d\/63287-2\/DSC04267.jpg'><img src=http:\/\/extra.inmontanis.info\/d\/63286-3\/DSC04267.jpg \/><\/a><br \/>\n^ IR-Foto zu der interessanten Bergformation<\/p>\n<p><a href='http:\/\/extra.inmontanis.info\/d\/63291-2\/DSC04273.jpg'><img src=http:\/\/extra.inmontanis.info\/d\/63290-3\/DSC04273.jpg \/><\/a><br \/>\n^ .. und aus einer anderen Perspekive wieder ein paar km auf dem R\u00fcckweg<\/p>\n<p><a href='http:\/\/extra.inmontanis.info\/d\/63295-2\/DSC01278.jpg'><img src=http:\/\/extra.inmontanis.info\/d\/63294-3\/DSC01278.jpg \/><\/a><\/p>\n<p><a href='http:\/\/extra.inmontanis.info\/d\/63299-2\/DSC04275.jpg'><img src=http:\/\/extra.inmontanis.info\/d\/63298-3\/DSC04275.jpg \/><\/a><br \/>\n^ IR-Foto zu den anderen Bergen<\/p>\n<p><a href='http:\/\/extra.inmontanis.info\/d\/63311-2\/DSC01281.jpg'><img src=http:\/\/extra.inmontanis.info\/d\/63310-3\/DSC01281.jpg \/><\/a><br \/>\n^ Heut probierte ich mal diese Pastasauce aus. War ganz ok, etwas s\u00fc\u00dflich, aber auch etwas fad. Werd ich morgen mal mit  Sojasauce und Tahin vermischen, was das dann wird&#8230;<\/p>\n<p>(Fortsetzung vom 3. Tag diese Abstechers nach Ritsem folgt.)<\/p>\n","protected":false},"excerpt":{"rendered":"<p>29.5.2021 &#8211; Ritsem Teil 2<\/p>\n<p>Die Stra\u00dfe weiter nach Ritsem wurde alsbald sehr cool und erinnerte landschaftlich eher an Norwegen. Sp\u00e4ter wurde sie allerdings wieder etwas langweiliger und endete in Ritsem, das quasi irgendwo mitten am See entlang liegt. Die Stra\u00dfe ginge eigentlich noch nach rechts ab in die Berge zu einem anderen See, w\u00e4re <a href=\"http:\/\/blog.inmontanis.info\/?p=6842\">[&#8230;]<\/a><\/p>\n","protected":false},"author":1,"featured_media":0,"comment_status":"closed","ping_status":"closed","sticky":false,"template":"","format":"standard","meta":{"footnotes":""},"categories":[184,19],"tags":[90,45],"class_list":["post-6842","post","type-post","status-publish","format-standard","hentry","category-2021-01-skandinavien","category-schwedensweden","tag-infrarot","tag-see","odd"],"_links":{"self":[{"href":"http:\/\/blog.inmontanis.info\/index.php?rest_route=\/wp\/v2\/posts\/6842","targetHints":{"allow":["GET"]}}],"collection":[{"href":"http:\/\/blog.inmontanis.info\/index.php?rest_route=\/wp\/v2\/posts"}],"about":[{"href":"http:\/\/blog.inmontanis.info\/index.php?rest_route=\/wp\/v2\/types\/post"}],"author":[{"embeddable":true,"href":"http:\/\/blog.inmontanis.info\/index.php?rest_route=\/wp\/v2\/users\/1"}],"replies":[{"embeddable":true,"href":"http:\/\/blog.inmontanis.info\/index.php?rest_route=%2Fwp%2Fv2%2Fcomments&post=6842"}],"version-history":[{"count":2,"href":"http:\/\/blog.inmontanis.info\/index.php?rest_route=\/wp\/v2\/posts\/6842\/revisions"}],"predecessor-version":[{"id":6844,"href":"http:\/\/blog.inmontanis.info\/index.php?rest_route=\/wp\/v2\/posts\/6842\/revisions\/6844"}],"wp:attachment":[{"href":"http:\/\/blog.inmontanis.info\/index.php?rest_route=%2Fwp%2Fv2%2Fmedia&parent=6842"}],"wp:term":[{"taxonomy":"category","embeddable":true,"href":"http:\/\/blog.inmontanis.info\/index.php?rest_route=%2Fwp%2Fv2%2Fcategories&post=6842"},{"taxonomy":"post_tag","embeddable":true,"href":"http:\/\/blog.inmontanis.info\/index.php?rest_route=%2Fwp%2Fv2%2Ftags&post=6842"}],"curies":[{"name":"wp","href":"https:\/\/api.w.org\/{rel}","templated":true}]}}