{"id":6839,"date":"2021-05-28T18:17:26","date_gmt":"2021-05-28T16:17:26","guid":{"rendered":"http:\/\/blog.inmontanis.info\/?p=6839"},"modified":"2023-08-05T12:23:39","modified_gmt":"2023-08-05T10:23:39","slug":"ritsem-teil-1-28-5-2021","status":"publish","type":"post","link":"http:\/\/blog.inmontanis.info\/?p=6839","title":{"rendered":"Ritsem Teil 1, 28.5.2021"},"content":{"rendered":"<p><strong>28.5.2021<\/strong> &#8211; Ritsem Teil 1<\/p>\n<p>Generell war heute wieder sehr starker Wind &#8211; da kommt man sich an den Seen gleich vor wie an der Nordatlantikk\u00fcste &#8230;<\/p>\n<p><a href='http:\/\/extra.inmontanis.info\/d\/63119-2\/DSC01097.jpg'><img src=http:\/\/extra.inmontanis.info\/d\/63118-3\/DSC01097.jpg \/><\/a><br \/>\n^ Morgens um 7 Uhr an meinem \u00dcbernachtungsplatz<\/p>\n<p><a href='http:\/\/extra.inmontanis.info\/d\/63123-2\/DSC01098.jpg'><img src=http:\/\/extra.inmontanis.info\/d\/63122-3\/DSC01098.jpg \/><\/a><br \/>\n^ Stausee bei Porjus<\/p>\n<p><a href='http:\/\/extra.inmontanis.info\/d\/63127-2\/DSC01099.jpg'><img src=http:\/\/extra.inmontanis.info\/d\/63126-3\/DSC01099.jpg \/><\/a><\/p>\n<p><a href='http:\/\/extra.inmontanis.info\/d\/63131-2\/DSC01100.jpg'><img src=http:\/\/extra.inmontanis.info\/d\/63130-3\/DSC01100.jpg \/><\/a><br \/>\n^ Porjus Stausee<\/p>\n<p><a href='http:\/\/extra.inmontanis.info\/d\/63135-2\/DSC01101.jpg'><img src=http:\/\/extra.inmontanis.info\/d\/63134-3\/DSC01101.jpg \/><\/a><br \/>\n^ Hier gabs neben 95 und 98 Oktan auch mal 96 Oktan .. wozu das denn?!<\/p>\n<p><a href='http:\/\/extra.inmontanis.info\/d\/63019-2\/DSC01103.jpg'><img src=http:\/\/extra.inmontanis.info\/d\/63017-3\/DSC01103.jpg \/><\/a><br \/>\n^ Hier zweigt die Stra\u00dfe nach Ritsem ab, 142 km ohne sonderlich viel Infrastruktur ..<\/p>\n<p><a href='http:\/\/extra.inmontanis.info\/d\/63023-2\/DSC01107.jpg'><img src=http:\/\/extra.inmontanis.info\/d\/63022-3\/DSC01107.jpg \/><\/a><br \/>\n^ Wenigstens sieht man mehr von den Seen, solang einige B\u00e4ume noch keine Bl\u00e4tter haben&#8230;<\/p>\n<p><a href='http:\/\/extra.inmontanis.info\/d\/63027-2\/DSC01110.jpg'><img src=http:\/\/extra.inmontanis.info\/d\/63026-3\/DSC01110.jpg \/><\/a><br \/>\n^ Richtung Ritsem<\/p>\n<p><a href='http:\/\/extra.inmontanis.info\/d\/63031-2\/DSC01118.jpg'><img src=http:\/\/extra.inmontanis.info\/d\/63030-3\/DSC01118.jpg \/><\/a><br \/>\n^ Wer will schon mit Maske in den Alpen Sommerskifahren, wenn man stattdessen einsam und ruhig Rentiere an einem tiefblauen See zusehen kann? :)<\/p>\n<p><a href='http:\/\/extra.inmontanis.info\/d\/63035-2\/DSC01119.jpg'><img src=http:\/\/extra.inmontanis.info\/d\/63034-3\/DSC01119.jpg \/><\/a><br \/>\n^ Auf dem See kann man im Sommer auch mit dem Schiff fahren<\/p>\n<p><a href='http:\/\/extra.inmontanis.info\/d\/63039-2\/DSC01120.jpg'><img src=http:\/\/extra.inmontanis.info\/d\/63038-3\/DSC01120.jpg \/><\/a><br \/>\n^ See mit Eisresten<\/p>\n<p><a href='http:\/\/extra.inmontanis.info\/d\/63043-2\/DSC01121.jpg'><img src=http:\/\/extra.inmontanis.info\/d\/63042-3\/DSC01121.jpg \/><\/a><br \/>\n^ Bevor das Wasser gestaut wurde, gab es hier wohl interessante Wasserf\u00e4lle.<\/p>\n<p><a href='http:\/\/extra.inmontanis.info\/d\/63047-2\/DSC01124.jpg'><img src=http:\/\/extra.inmontanis.info\/d\/63046-3\/DSC01124.jpg \/><\/a><br \/>\n^ Wasser mit Eisresten<\/p>\n<p><a href='http:\/\/extra.inmontanis.info\/d\/63051-2\/DSC01127.jpg'><img src=http:\/\/extra.inmontanis.info\/d\/63050-3\/DSC01127.jpg \/><\/a><br \/>\n^ Zwischen Berg und Stra\u00dfe verl\u00e4uft immer der See\/Fluss<\/p>\n<p><a href='http:\/\/extra.inmontanis.info\/d\/63055-2\/DSC01132.jpg'><img src=http:\/\/extra.inmontanis.info\/d\/63054-3\/DSC01132.jpg \/><\/a><br \/>\n^ Abschnittsweise ist der See gefrorener<\/p>\n<p><a href='http:\/\/extra.inmontanis.info\/d\/63059-2\/DSC01135.jpg'><img src=http:\/\/extra.inmontanis.info\/d\/63058-3\/DSC01135.jpg \/><\/a><br \/>\n^ Fu\u00dfweg zum Naturum<\/p>\n<p><a href='http:\/\/extra.inmontanis.info\/d\/63063-2\/DSC01136.jpg'><img src=http:\/\/extra.inmontanis.info\/d\/63062-3\/DSC01136.jpg \/><\/a><br \/>\n^ Naturum Laponia<\/p>\n<p><a href='http:\/\/extra.inmontanis.info\/d\/63067-2\/DSC01140.jpg'><img src=http:\/\/extra.inmontanis.info\/d\/63066-3\/DSC01140.jpg \/><\/a><br \/>\n^ Blick auf den See von ebendort<\/p>\n<p><a href='http:\/\/extra.inmontanis.info\/d\/63071-2\/DSC01141.jpg'><img src=http:\/\/extra.inmontanis.info\/d\/63070-3\/DSC01141.jpg \/><\/a><\/p>\n<p><a href='http:\/\/extra.inmontanis.info\/d\/63075-2\/DSC01142.jpg'><img src=http:\/\/extra.inmontanis.info\/d\/63074-3\/DSC01142.jpg \/><\/a><br \/>\n^ Naturum Laponia<\/p>\n<p>Dieses Naturum-Museum\/Visitor-Center w\u00e4re sogar ge\u00f6ffnet gewesen. Keine Ahnung, ob das was kostet oder nicht, glaub eher nicht, dass mich das sonderlich interessieren w\u00fcrde. Im Caf\u00e9 h\u00e4tte ich mir aber evtl. was &#8220;kuchiges&#8221; gekauft. Aber da der Eintritt zu beidem nur ohne Schuhe erlaubt war und mir das zu bl\u00f6d\/umst\u00e4ndlich ist, bin ich nicht rein.<\/p>\n<p><a href='http:\/\/extra.inmontanis.info\/d\/63079-2\/DSC01143.jpg'><img src=http:\/\/extra.inmontanis.info\/d\/63078-3\/DSC01143.jpg \/><\/a><br \/>\n^ Naturum Laponia<\/p>\n<p><a href='http:\/\/extra.inmontanis.info\/d\/63083-2\/DSC01145.jpg'><img src=http:\/\/extra.inmontanis.info\/d\/63082-3\/DSC01145.jpg \/><\/a><\/p>\n<p><a href='http:\/\/extra.inmontanis.info\/d\/63087-2\/DSC01147.jpg'><img src=http:\/\/extra.inmontanis.info\/d\/63086-3\/DSC01147.jpg \/><\/a><br \/>\n^ Eine Seitenstra\u00dfe f\u00fchrt etwas hinauf<\/p>\n<p><a href='http:\/\/extra.inmontanis.info\/d\/63091-2\/DSC01149.jpg'><img src=http:\/\/extra.inmontanis.info\/d\/63090-3\/DSC01149.jpg \/><\/a><\/p>\n<p><a href='http:\/\/extra.inmontanis.info\/d\/63095-2\/DSC01150.jpg'><img src=http:\/\/extra.inmontanis.info\/d\/63094-3\/DSC01150.jpg \/><\/a><br \/>\n^ .. und bietet diesen Ausblick<\/p>\n<p><a href='http:\/\/extra.inmontanis.info\/d\/63099-2\/DSC01153.jpg'><img src=http:\/\/extra.inmontanis.info\/d\/63098-3\/DSC01153.jpg \/><\/a><br \/>\n^ Kleine Seen am Stra\u00dfenrand<\/p>\n<p><a href='http:\/\/extra.inmontanis.info\/d\/63103-2\/DSC01155.jpg'><img src=http:\/\/extra.inmontanis.info\/d\/63102-3\/DSC01155.jpg \/><\/a><\/p>\n<p><a href='http:\/\/extra.inmontanis.info\/d\/63107-2\/DSC01157.jpg'><img src=http:\/\/extra.inmontanis.info\/d\/63106-3\/DSC01157.jpg \/><\/a><br \/>\n^ Richtung Ritsem, aber f\u00fcr heute bin ich genug gefahren.<\/p>\n<p><a href='http:\/\/extra.inmontanis.info\/d\/63139-2\/DSC01160.jpg'><img src=http:\/\/extra.inmontanis.info\/d\/63138-3\/DSC01160.jpg \/><\/a><br \/>\n^ Mal schaun, ob sich damit was schmackhaftes zubereiten l\u00e4sst..<\/p>\n<p>Etwas zu viel von der Sojasauce und dem Tahin erwischt, besonders letzteres sorgte wohl f\u00fcr einen mir etwas zu bitteren Geschmack. Womit k\u00f6nnte man das sinnvoll s\u00fc\u00dfen? Honig? <\/p>\n<p><a href='http:\/\/extra.inmontanis.info\/d\/63111-2\/DSC01164.jpg'><img src=http:\/\/extra.inmontanis.info\/d\/63110-3\/DSC01164.jpg \/><\/a><br \/>\n^ Abendliches Fensterpano um 20:48 Uhr, zwar etwas nah an der Stra\u00dfe, daf\u00fcr aber mehr Sicht<\/p>\n<p><a href='http:\/\/extra.inmontanis.info\/d\/63115-2\/DSC01169.jpg'><img src=http:\/\/extra.inmontanis.info\/d\/63114-3\/DSC01169.jpg \/><\/a><br \/>\n^ .. und um 22:30 Uhr<\/p>\n<p>(Fortsetzung vom teils noch sch\u00f6nerem 2. und 3. Tag diese Abstechers nach Ritsem folgen.)<\/p>\n","protected":false},"excerpt":{"rendered":"<p>28.5.2021 &#8211; Ritsem Teil 1<\/p>\n<p>Generell war heute wieder sehr starker Wind &#8211; da kommt man sich an den Seen gleich vor wie an der Nordatlantikk\u00fcste &#8230;<\/p>\n<p> ^ Morgens um 7 Uhr an meinem \u00dcbernachtungsplatz<\/p>\n<p> ^ Stausee bei Porjus<\/p>\n<\/p>\n<p> ^ Porjus Stausee<\/p>\n<p> ^ Hier gabs neben 95 und 98 Oktan <a href=\"http:\/\/blog.inmontanis.info\/?p=6839\">[&#8230;]<\/a><\/p>\n","protected":false},"author":1,"featured_media":0,"comment_status":"closed","ping_status":"closed","sticky":false,"template":"","format":"standard","meta":{"footnotes":""},"categories":[184,638,19],"tags":[45],"class_list":["post-6839","post","type-post","status-publish","format-standard","hentry","category-2021-01-skandinavien","category-porjus","category-schwedensweden","tag-see","odd"],"_links":{"self":[{"href":"http:\/\/blog.inmontanis.info\/index.php?rest_route=\/wp\/v2\/posts\/6839","targetHints":{"allow":["GET"]}}],"collection":[{"href":"http:\/\/blog.inmontanis.info\/index.php?rest_route=\/wp\/v2\/posts"}],"about":[{"href":"http:\/\/blog.inmontanis.info\/index.php?rest_route=\/wp\/v2\/types\/post"}],"author":[{"embeddable":true,"href":"http:\/\/blog.inmontanis.info\/index.php?rest_route=\/wp\/v2\/users\/1"}],"replies":[{"embeddable":true,"href":"http:\/\/blog.inmontanis.info\/index.php?rest_route=%2Fwp%2Fv2%2Fcomments&post=6839"}],"version-history":[{"count":2,"href":"http:\/\/blog.inmontanis.info\/index.php?rest_route=\/wp\/v2\/posts\/6839\/revisions"}],"predecessor-version":[{"id":6841,"href":"http:\/\/blog.inmontanis.info\/index.php?rest_route=\/wp\/v2\/posts\/6839\/revisions\/6841"}],"wp:attachment":[{"href":"http:\/\/blog.inmontanis.info\/index.php?rest_route=%2Fwp%2Fv2%2Fmedia&parent=6839"}],"wp:term":[{"taxonomy":"category","embeddable":true,"href":"http:\/\/blog.inmontanis.info\/index.php?rest_route=%2Fwp%2Fv2%2Fcategories&post=6839"},{"taxonomy":"post_tag","embeddable":true,"href":"http:\/\/blog.inmontanis.info\/index.php?rest_route=%2Fwp%2Fv2%2Ftags&post=6839"}],"curies":[{"name":"wp","href":"https:\/\/api.w.org\/{rel}","templated":true}]}}