{"id":6836,"date":"2021-05-27T18:41:44","date_gmt":"2021-05-27T16:41:44","guid":{"rendered":"http:\/\/blog.inmontanis.info\/?p=6836"},"modified":"2023-08-05T13:22:02","modified_gmt":"2023-08-05T11:22:02","slug":"dundret-gipfel-skitour-27-5-2021","status":"publish","type":"post","link":"http:\/\/blog.inmontanis.info\/?p=6836","title":{"rendered":"Dundret Gipfel-Skitour, 27.5.2021"},"content":{"rendered":"<p><strong>27.5.2021<\/strong> &#8211; Gipfel-Skitour Dundret<\/p>\n<p>Da ich die n\u00e4chsten Tage die lange Stra\u00dfe nach Ritsem fahren m\u00f6chte, wo es lt. GMaps auf 147km keine Tankstelle und auf 180km keinen Supermarkt \/ Lebensmittelladen gibt (und retour muss man ja dann auch!), sollte ich heute in G\u00e4llivare mal etwas mehr einkaufen.<\/p>\n<p>Bei der Gelegenheit k\u00f6nnte man mal wieder in einen Frasses oder Sibylla gehen&#8230; und nat\u00fcrlich schauen, ob man am Dundret eine Skitour machen kann, entweder nur was kleines, wenn die Stra\u00dfe bis rauf ger\u00e4umt sein sollte, oder halt was im Skigebiet oder ehemaligen Skigebiet, wobei ich eigentlich ja mal zum hinteren (Haupt-) Gipfel wollte, was mir im M\u00e4rz ja zu windig, kalt und schneem\u00e4\u00dfig zu ungem\u00fctlich war.<\/p>\n<p>Praktischerweise gab&#8217;s heut bei Sibylla genau den Burger als verg\u00fcnstigten Dagens Lunch, den ich mir letztes Mal hier schon f\u00fcr einen zweiten Besuch ausgesucht hatte: den Sour Cream Bacon Burger:<\/p>\n<p><a href='http:\/\/extra.inmontanis.info\/d\/63005-2\/IMG_20210527_124001.jpg'><img src=http:\/\/extra.inmontanis.info\/d\/63004-3\/IMG_20210527_124001.jpg \/><\/a><br \/>\n^ Sour Cream Bacon Burger, Sibylla G\u00e4llivare, heute zuf\u00e4llig als Dagens Lanch und daher etwas g\u00fcnstiger (ca. 7,60 \u20ac)<\/p>\n<p>Die Stra\u00dfe rauf zum Dundret-Hochplateau war zwar schon offen, aber nicht ger\u00e4umt. Es gab zwar eine getaute Reifenspur, aber als ich die zweite derartige Stelle an der Kurve sah, war ich mir schon nicht mehr sicher, ob ich das noch weiter versuchen sollte. Gesetz den Fall,  da gehts irgendwann nicht mehr weiter und ich m\u00fcsste r\u00fcckw\u00e4rts runter (oder weil einer entgegen kommt), w\u00fcrde ich da ja sicherlich einen Abflug in den Graben machen :) Zudem, meine Erfahrungen bei schneebedeckten Bergstra\u00dfen sagen: weiter rauf wirds eigentlich immer schlimmer als besser.<\/p>\n<p>Also dann zur Talstation der 6KSB und die rechte Au\u00dfenrumabfahrt aufgestiegen. Paar schneelose Stellen, aber da kann man mit den Fellen gut dr\u00fcber. Geht sogar kraftschonender, mit den Fellen \u00fcber Schotter und Moos\/Geb\u00fcsch zu gehen als auf dem pappigen, einsinkenden Nasschnee. Die ersten 200 H\u00f6henmeter machte ich in unter 1h, was f\u00fcr mich schon recht gut ist.<\/p>\n<p>Wie weiter zum Gipfel? Viele gr\u00f6\u00dfere, schneelose Stellen. Ging aber doch irgendwie. Abw\u00e4rts nat\u00fcrlich etwas Schieben im oberen Bereich. <\/p>\n<p>Insgesamt waren es dann ca. 400 hm, mit Gegenanstiegen ca. 420 hm lt. Tracker, ca. 5km Aufstieg und 3,8km Abfahrt, wobe ich da auch ein St\u00fcck zu Fu\u00df gegangen bin. Ob sich da in den n\u00e4chsten 2 Wochen noch so viel Skitouren ausgehen werden, darf bei der nun rasch schwindenden Schneelage doch etwas bezweifelt werden..<\/p>\n<p><a href='http:\/\/ski.inmontanis.info\/d\/295227-2\/DSC01081.jpg'><img src=http:\/\/ski.inmontanis.info\/d\/295226-3\/DSC01081.jpg \/><\/a><br \/>\n^ Blick ins Skigebiet Dundret links, sowie rechts der ehemalige SL<\/p>\n<p><a href='http:\/\/ski.inmontanis.info\/d\/295231-2\/DSC01083.jpg'><img src=http:\/\/ski.inmontanis.info\/d\/295230-3\/DSC01083.jpg \/><\/a><br \/>\n^ Die Stra\u00dfe nach oben zur Bergstation ist zwischen 1.11. und 2.5. gesperrt, lag aber sp\u00e4ter doch noch Schnee, wurde also nicht ger\u00e4umt.<\/p>\n<p><a href='http:\/\/ski.inmontanis.info\/d\/295235-2\/DSC01089.jpg'><img src=http:\/\/ski.inmontanis.info\/d\/295234-3\/DSC01089.jpg \/><\/a><br \/>\n^ KSB-Trasse und H\u00e4nge, noch genug Schnee f\u00fcr eine Skitour<\/p>\n<p><a href='http:\/\/ski.inmontanis.info\/d\/295239-2\/IMG_20210527_141725.jpg'><img src=http:\/\/ski.inmontanis.info\/d\/295238-3\/IMG_20210527_141725.jpg \/><\/a><br \/>\n^ Ich ging die rechte Au\u00dfenrumabfahrt hinauf ..<\/p>\n<p><a href='http:\/\/ski.inmontanis.info\/d\/295243-2\/IMG_20210527_143654.jpg'><img src=http:\/\/ski.inmontanis.info\/d\/295242-3\/IMG_20210527_143654.jpg \/><\/a><br \/>\n^ .. die hatte hin und wieder ein paar apere Stellen<\/p>\n<p><a href='http:\/\/ski.inmontanis.info\/d\/295247-2\/IMG_20210527_150959.jpg'><img src=http:\/\/ski.inmontanis.info\/d\/295246-3\/IMG_20210527_150959.jpg \/><\/a><br \/>\n^ Blick runter nach G\u00e4llivare<\/p>\n<p><a href='http:\/\/ski.inmontanis.info\/d\/295251-2\/IMG_20210527_151003.jpg'><img src=http:\/\/ski.inmontanis.info\/d\/295250-3\/IMG_20210527_151003.jpg \/><\/a><br \/>\n^ Der Graben, den ich im Winter so gern gefahren bin &#8230;<\/p>\n<p><a href='http:\/\/ski.inmontanis.info\/d\/295255-2\/IMG_20210527_151005.jpg'><img src=http:\/\/ski.inmontanis.info\/d\/295254-3\/IMG_20210527_151005.jpg \/><\/a><br \/>\n^ Hinauf auf der rechten Au\u00dfenrumabfahrt<\/p>\n<p><a href='http:\/\/ski.inmontanis.info\/d\/295259-2\/IMG_20210527_152706.jpg'><img src=http:\/\/ski.inmontanis.info\/d\/295258-3\/IMG_20210527_152706.jpg \/><\/a><br \/>\n^ Mittlerweile bin ich abgezweigt, da ich ja nicht zur Bergstation wollte, sondern zum Gipfel.<\/p>\n<p><a href='http:\/\/ski.inmontanis.info\/d\/295263-2\/IMG_20210527_153059.jpg'><img src=http:\/\/ski.inmontanis.info\/d\/295262-3\/IMG_20210527_153059.jpg \/><\/a><br \/>\n^ Blick zum stillgelegten SL<\/p>\n<p><a href='http:\/\/ski.inmontanis.info\/d\/295267-2\/IMG_20210527_153407.jpg'><img src=http:\/\/ski.inmontanis.info\/d\/295266-3\/IMG_20210527_153407.jpg \/><\/a><br \/>\n^ Auf der Hochebene gab es auch schon gr\u00f6\u00dfere, schneefreie St\u00fccke.<\/p>\n<p><a href='http:\/\/ski.inmontanis.info\/d\/295271-2\/IMG_20210527_154636.jpg'><img src=http:\/\/ski.inmontanis.info\/d\/295270-3\/IMG_20210527_154636.jpg \/><\/a><br \/>\n^ Retour werd ich zu Fu\u00df zur 6KSB-Bergstation gehen m\u00fcssen, wenn ich die direkte, steile Abfahrt fahren m\u00f6chte.<\/p>\n<p><a href='http:\/\/ski.inmontanis.info\/d\/295275-2\/IMG_20210527_154750.jpg'><img src=http:\/\/ski.inmontanis.info\/d\/295274-3\/IMG_20210527_154750.jpg \/><\/a><br \/>\n^ Neben der Stra\u00dfe entlang..<\/p>\n<p><a href='http:\/\/ski.inmontanis.info\/d\/295279-2\/IMG_20210527_155707.jpg'><img src=http:\/\/ski.inmontanis.info\/d\/295278-3\/IMG_20210527_155707.jpg \/><\/a><br \/>\n^ Aha, ganz hinauf ist die Stra\u00dfe also noch nicht befahrbar.<\/p>\n<p><a href='http:\/\/ski.inmontanis.info\/d\/295283-2\/IMG_20210527_160153.jpg'><img src=http:\/\/ski.inmontanis.info\/d\/295282-3\/IMG_20210527_160153.jpg \/><\/a><br \/>\n^ An einem See entlang ..<\/p>\n<p><a href='http:\/\/ski.inmontanis.info\/d\/295287-2\/IMG_20210527_160252.jpg'><img src=http:\/\/ski.inmontanis.info\/d\/295286-3\/IMG_20210527_160252.jpg \/><\/a><br \/>\n^ .. das war n\u00e4sser als erwartet.<\/p>\n<p><a href='http:\/\/ski.inmontanis.info\/d\/295291-2\/IMG_20210527_160735.jpg'><img src=http:\/\/ski.inmontanis.info\/d\/295290-3\/IMG_20210527_160735.jpg \/><\/a><br \/>\n^ Da werd ich retour einiges zu Fu\u00df gehen m\u00fcssen.<\/p>\n<p><a href='http:\/\/ski.inmontanis.info\/d\/295295-2\/IMG_20210527_161325.jpg'><img src=http:\/\/ski.inmontanis.info\/d\/295294-3\/IMG_20210527_161325.jpg \/><\/a><br \/>\n^ In der Senke verl\u00e4uft die Stra\u00dfe.<\/p>\n<p><a href='http:\/\/ski.inmontanis.info\/d\/295299-2\/IMG_20210527_161513.jpg'><img src=http:\/\/ski.inmontanis.info\/d\/295298-3\/IMG_20210527_161513.jpg \/><\/a><br \/>\n^ W\u00e4re ich die Stra\u00dfe weiter hinauf gefahren, w\u00e4re ich vmtl. weiter unten stehen geblieben und w\u00e4re auf den rechten Gipfel im Bild gegangen. So ist mein Ziel links, nicht zu sehen<\/p>\n<p><a href='http:\/\/ski.inmontanis.info\/d\/295303-2\/IMG_20210527_161626.jpg'><img src=http:\/\/ski.inmontanis.info\/d\/295302-3\/IMG_20210527_161626.jpg \/><\/a><br \/>\n^ .. weiter hinauf..<\/p>\n<p><a href='http:\/\/ski.inmontanis.info\/d\/295307-2\/IMG_20210527_163251.jpg'><img src=http:\/\/ski.inmontanis.info\/d\/295306-3\/IMG_20210527_163251.jpg \/><\/a><br \/>\n^ .. endlich mein Ziel, der Gipfel mit der H\u00fctte in Sicht<\/p>\n<p><a href='http:\/\/ski.inmontanis.info\/d\/295311-2\/IMG_20210527_164808.jpg'><img src=http:\/\/ski.inmontanis.info\/d\/295310-3\/IMG_20210527_164808.jpg \/><\/a><br \/>\n^ Gipfelpano<\/p>\n<p><a href='http:\/\/ski.inmontanis.info\/d\/295315-2\/IMG_20210527_164811.jpg'><img src=http:\/\/ski.inmontanis.info\/d\/295314-3\/IMG_20210527_164811.jpg \/><\/a><br \/>\n^ Gipfelpano R\u00fcckseite<\/p>\n<p><a href='http:\/\/ski.inmontanis.info\/d\/295319-2\/IMG_20210527_164814.jpg'><img src=http:\/\/ski.inmontanis.info\/d\/295318-3\/IMG_20210527_164814.jpg \/><\/a><br \/>\n^ Gipfelpano R\u00fcckseite<\/p>\n<p><a href='http:\/\/ski.inmontanis.info\/d\/295323-2\/IMG_20210527_164816.jpg'><img src=http:\/\/ski.inmontanis.info\/d\/295322-3\/IMG_20210527_164816.jpg \/><\/a><br \/>\n^ Gipfelpano<\/p>\n<p><a href='http:\/\/ski.inmontanis.info\/d\/295327-2\/IMG_20210527_164926.jpg'><img src=http:\/\/ski.inmontanis.info\/d\/295326-3\/IMG_20210527_164926.jpg \/><\/a><br \/>\n^ Rechts das Toilettenh\u00e4uschen, in der Mitte ein kleiner W\u00e4rmeraum und links die gr\u00f6\u00dfere H\u00fctte<\/p>\n<p><a href='http:\/\/ski.inmontanis.info\/d\/295331-2\/IMG_20210527_165105.jpg'><img src=http:\/\/ski.inmontanis.info\/d\/295330-3\/IMG_20210527_165105.jpg \/><\/a><br \/>\n^ Gipfelpano<\/p>\n<p><a href='http:\/\/ski.inmontanis.info\/d\/295335-2\/IMG_20210527_165326.jpg'><img src=http:\/\/ski.inmontanis.info\/d\/295334-3\/IMG_20210527_165326.jpg \/><\/a><br \/>\n^ Gipfelpano zur Senke, wo die Stra\u00dfe verl\u00e4uft. Die mit einem Abzweig \u00fcbrigens auch auf den Gipfel in Bildmitte f\u00fchrt. Das St\u00fcck bin ich damals aber nicht gefahren ..<\/p>\n<p><a href='http:\/\/ski.inmontanis.info\/d\/295339-2\/IMG_20210527_165450.jpg'><img src=http:\/\/ski.inmontanis.info\/d\/295338-3\/IMG_20210527_165450.jpg \/><\/a><br \/>\n^ Noble Toilette mit Styropor-Sitz (weich und warm) und Toilettenpapier und sogar Desinfektionsmittel. Solche oder \u00e4hnliche Styropor-Sitze gibts mittlerweile recht h\u00e4ufig bei den Plumpsklos an den Stra\u00dfen-Rastpl\u00e4tzen.<\/p>\n<p><a href='http:\/\/ski.inmontanis.info\/d\/295343-2\/IMG_20210527_170122.jpg'><img src=http:\/\/ski.inmontanis.info\/d\/295342-3\/IMG_20210527_170122.jpg \/><\/a><br \/>\n^ Die kleine H\u00fctte zum Aufw\u00e4rmen ..<\/p>\n<p><a href='http:\/\/ski.inmontanis.info\/d\/295347-2\/IMG_20210527_170156.jpg'><img src=http:\/\/ski.inmontanis.info\/d\/295346-3\/IMG_20210527_170156.jpg \/><\/a><br \/>\n^ .. h\u00e4tte sogar einen Ofen<\/p>\n<p><a href='http:\/\/ski.inmontanis.info\/d\/295351-2\/IMG_20210527_170302.jpg'><img src=http:\/\/ski.inmontanis.info\/d\/295350-3\/IMG_20210527_170302.jpg \/><\/a><br \/>\n^ Das Preiselbeerbrot mit K\u00e4se und Speck hab ich mir jetzt verdient<\/p>\n<p><a href='http:\/\/ski.inmontanis.info\/d\/295355-2\/IMG_20210527_171543.jpg'><img src=http:\/\/ski.inmontanis.info\/d\/295354-3\/IMG_20210527_171543.jpg \/><\/a><br \/>\n^ Die gr\u00f6\u00dfere H\u00fctte, da hab ich aber nicht geschaut, ob die auch offen ist.<\/p>\n<p><a href='http:\/\/ski.inmontanis.info\/d\/295359-2\/IMG_20210527_171602.jpg'><img src=http:\/\/ski.inmontanis.info\/d\/295358-3\/IMG_20210527_171602.jpg \/><\/a><br \/>\n^ Gipfelpano (6KSB-Bergstation m\u00fcsste da hinterm Wegweiser sein)<\/p>\n<p><a href='http:\/\/ski.inmontanis.info\/d\/295363-2\/IMG_20210527_171610.jpg'><img src=http:\/\/ski.inmontanis.info\/d\/295362-3\/IMG_20210527_171610.jpg \/><\/a><br \/>\n^ Gipfelpano<\/p>\n<p><a href='http:\/\/ski.inmontanis.info\/d\/295367-2\/IMG_20210527_173446.jpg'><img src=http:\/\/ski.inmontanis.info\/d\/295366-3\/IMG_20210527_173446.jpg \/><\/a><br \/>\n^ Retour gings auf dem oberen Teil in meiner Spur immerhin h\u00e4ufig ohne zu schieben<\/p>\n<p><a href='http:\/\/ski.inmontanis.info\/d\/295371-2\/IMG_20210527_180658.jpg'><img src=http:\/\/ski.inmontanis.info\/d\/295370-3\/IMG_20210527_180658.jpg \/><\/a><br \/>\n^ F\u00fcr den Aufstieg zur 6KSB-Bergstation hab ich die Ski auf meinem Einrad-Rucksack montiert.<\/p>\n<p><a href='http:\/\/ski.inmontanis.info\/d\/295375-2\/IMG_20210527_181131.jpg'><img src=http:\/\/ski.inmontanis.info\/d\/295374-3\/IMG_20210527_181131.jpg \/><\/a><br \/>\n^ 6KSB, SL und Ex-SL<\/p>\n<p><a href='http:\/\/ski.inmontanis.info\/d\/295379-2\/IMG_20210527_181332.jpg'><img src=http:\/\/ski.inmontanis.info\/d\/295378-3\/IMG_20210527_181332.jpg \/><\/a><\/p>\n<p><a href='http:\/\/ski.inmontanis.info\/d\/295383-2\/IMG_20210527_181520.jpg'><img src=http:\/\/ski.inmontanis.info\/d\/295382-3\/IMG_20210527_181520.jpg \/><\/a><br \/>\n^ R\u00fcckblick zum Gipfel (etwas rechts von der alten Bergstation)<\/p>\n<p><a href='http:\/\/ski.inmontanis.info\/d\/295387-2\/IMG_20210527_181540.jpg'><img src=http:\/\/ski.inmontanis.info\/d\/295386-3\/IMG_20210527_181540.jpg \/><\/a><br \/>\n^ Blick runter zum See und hinten die Berge<\/p>\n<p><a href='http:\/\/ski.inmontanis.info\/d\/295391-2\/IMG_20210527_181608.jpg'><img src=http:\/\/ski.inmontanis.info\/d\/295390-3\/IMG_20210527_181608.jpg \/><\/a><br \/>\n^ Schade, da muss man doch noch ein St\u00fcck absteigen, bis man die Ski endlich anschnallen kann.<\/p>\n<p><a href='http:\/\/ski.inmontanis.info\/d\/295395-2\/IMG_20210527_181653.jpg'><img src=http:\/\/ski.inmontanis.info\/d\/295394-3\/IMG_20210527_181653.jpg \/><\/a><br \/>\n^ Wenn ich jetzt w\u00fcsste, ob mich dieses Schneefeld auf die Abfahrt f\u00fchrt &#8211; im Nachhinein, vmtl. schon, h\u00e4tte ich wohl hier anschnallen k\u00f6nnen.<\/p>\n<p><a href='http:\/\/ski.inmontanis.info\/d\/295399-2\/IMG_20210527_181856.jpg'><img src=http:\/\/ski.inmontanis.info\/d\/295398-3\/IMG_20210527_181856.jpg \/><\/a><br \/>\n^ .. denn selbst nach der Kante musste ich noch ein kleines bisschen ..<\/p>\n<p><a href='http:\/\/ski.inmontanis.info\/d\/295403-2\/IMG_20210527_181858.jpg'><img src=http:\/\/ski.inmontanis.info\/d\/295402-3\/IMG_20210527_181858.jpg \/><\/a><br \/>\n^ .. bis ich endlich losfahren k\u00f6nnte ..<\/p>\n<p><a href='http:\/\/ski.inmontanis.info\/d\/295407-2\/IMG_20210527_182711.jpg'><img src=http:\/\/ski.inmontanis.info\/d\/295406-3\/IMG_20210527_182711.jpg \/><\/a><br \/>\n^ Die Abfahrt um 18:30 uhr war jedenfalls noch recht sch\u00f6n firnig, au\u00dfer an den schon l\u00e4nger im Schatten befindlichen Stellen.<\/p>\n<p><a href='http:\/\/ski.inmontanis.info\/d\/295411-2\/IMG_20210527_182824.jpg'><img src=http:\/\/ski.inmontanis.info\/d\/295410-3\/IMG_20210527_182824.jpg \/><\/a><br \/>\n^ Abfahrt<\/p>\n<p><a href='http:\/\/ski.inmontanis.info\/d\/295415-2\/IMG_20210527_183148.jpg'><img src=http:\/\/ski.inmontanis.info\/d\/295414-3\/IMG_20210527_183148.jpg \/><\/a><br \/>\n^ Abfahrt, der Teil war etwas angefrorener, ging aber auch noch.<\/p>\n<p><a href='http:\/\/ski.inmontanis.info\/d\/295419-2\/IMG_20210527_183305.jpg'><img src=http:\/\/ski.inmontanis.info\/d\/295418-3\/IMG_20210527_183305.jpg \/><\/a><br \/>\n^ Abfahrt, die nach 5 Minuten nat\u00fcrlich viel zu schnell vorbei war.<\/p>\n<p><a href='http:\/\/ski.inmontanis.info\/d\/295423-2\/IMG_20210527_183353.jpg'><img src=http:\/\/ski.inmontanis.info\/d\/295422-3\/IMG_20210527_183353.jpg \/><\/a><br \/>\n^ Der Campingplatz ist leerer als im Winter, w\u00e4re aber offen.<\/p>\n<p><a href='http:\/\/ski.inmontanis.info\/d\/295427-2\/ge20210527a.jpg'><img src=http:\/\/ski.inmontanis.info\/d\/295426-3\/ge20210527a.jpg \/><\/a><br \/>\n^ GPS-Track aller meiner bisherigen Besuche hier, die heutige Skitour vom 27.5.2021 ist in Wei\u00df, rechts in Rosa die Skitour vom 18.5.2020, der Rest waren die Tage im M\u00e4rz 2021.<\/p>\n<p>Bis ich dann gem\u00fctlich alles wieder einger\u00e4umt hat, waren ca. 5 Stunden vergangen und es war 19 Uhr. Zeit, einen Parkplatz zum Schlafen zu finden. Mein heutiger \u00dcbernachtungsplatz n\u00e4he Porjus ist zwar sch\u00f6n am See gelegen, aber auch nahe der Stra\u00dfe und da fahren doch recht viele LKWs vorbei. Auch der 4G-Empfang auf der schwedischen SIM ist hier sehr schlecht.<\/p>\n<p><a href='http:\/\/extra.inmontanis.info\/d\/63009-2\/DSC01093.jpg'><img src=http:\/\/extra.inmontanis.info\/d\/63008-3\/DSC01093.jpg \/><\/a><br \/>\n^ Mein heutiger Nachtplatz am See. Leider hinter mir etwas erh\u00f6ht gleich die Stra\u00dfe, wo durchaus immer mal wieder LKW vorbeigefahren sind.<\/p>\n<p><a href='http:\/\/extra.inmontanis.info\/d\/63013-2\/DSC01095.jpg'><img src=http:\/\/extra.inmontanis.info\/d\/63012-3\/DSC01095.jpg \/><\/a><br \/>\n^ M\u00fcckennetz um ca. 2,- \u20ac im Dollarstore &#8211; da hab ich f\u00fcr den Preis gleich 2 Packungen mitgenommen. Wobei mir ja vermutlich eines f\u00fcr 2 Autofenster reichen wird, aber vielleicht ist das Klettband nicht so lang  ..<\/p>\n<p>Ich h\u00e4tte ja daheim noch genug Reste gehabt, aber ich muss tags\u00fcber das Autofenster \u00f6ffnen k\u00f6nnen, wenn ich wo steh und die Sonne brennt. Und 2,- \u20ac find ich ja eigentlich eh zu g\u00fcnstig: Kartonverpackung, Plastikverpackung, das Fliegennetz, das Klettband, die Marge vom Dollarstore, die Lieferung von China nach Schweden und dann weiter zum jeweiligen Dollarstore &#8230; <\/p>\n","protected":false},"excerpt":{"rendered":"<p>27.5.2021 &#8211; Gipfel-Skitour Dundret<\/p>\n<p>Da ich die n\u00e4chsten Tage die lange Stra\u00dfe nach Ritsem fahren m\u00f6chte, wo es lt. GMaps auf 147km keine Tankstelle und auf 180km keinen Supermarkt \/ Lebensmittelladen gibt (und retour muss man ja dann auch!), sollte ich heute in G\u00e4llivare mal etwas mehr einkaufen.<\/p>\n<p>Bei der Gelegenheit k\u00f6nnte man mal wieder <a href=\"http:\/\/blog.inmontanis.info\/?p=6836\">[&#8230;]<\/a><\/p>\n","protected":false},"author":1,"featured_media":0,"comment_status":"closed","ping_status":"closed","sticky":false,"template":"","format":"standard","meta":{"footnotes":""},"categories":[184,682,19,28],"tags":[56,78,45,47],"class_list":["post-6836","post","type-post","status-publish","format-standard","hentry","category-2021-01-skandinavien","category-dundret","category-schwedensweden","category-skifahren-sommer","tag-6sb","tag-restschnee","tag-see","tag-sl","odd"],"_links":{"self":[{"href":"http:\/\/blog.inmontanis.info\/index.php?rest_route=\/wp\/v2\/posts\/6836","targetHints":{"allow":["GET"]}}],"collection":[{"href":"http:\/\/blog.inmontanis.info\/index.php?rest_route=\/wp\/v2\/posts"}],"about":[{"href":"http:\/\/blog.inmontanis.info\/index.php?rest_route=\/wp\/v2\/types\/post"}],"author":[{"embeddable":true,"href":"http:\/\/blog.inmontanis.info\/index.php?rest_route=\/wp\/v2\/users\/1"}],"replies":[{"embeddable":true,"href":"http:\/\/blog.inmontanis.info\/index.php?rest_route=%2Fwp%2Fv2%2Fcomments&post=6836"}],"version-history":[{"count":2,"href":"http:\/\/blog.inmontanis.info\/index.php?rest_route=\/wp\/v2\/posts\/6836\/revisions"}],"predecessor-version":[{"id":6838,"href":"http:\/\/blog.inmontanis.info\/index.php?rest_route=\/wp\/v2\/posts\/6836\/revisions\/6838"}],"wp:attachment":[{"href":"http:\/\/blog.inmontanis.info\/index.php?rest_route=%2Fwp%2Fv2%2Fmedia&parent=6836"}],"wp:term":[{"taxonomy":"category","embeddable":true,"href":"http:\/\/blog.inmontanis.info\/index.php?rest_route=%2Fwp%2Fv2%2Fcategories&post=6836"},{"taxonomy":"post_tag","embeddable":true,"href":"http:\/\/blog.inmontanis.info\/index.php?rest_route=%2Fwp%2Fv2%2Ftags&post=6836"}],"curies":[{"name":"wp","href":"https:\/\/api.w.org\/{rel}","templated":true}]}}