{"id":6832,"date":"2021-05-26T18:45:31","date_gmt":"2021-05-26T16:45:31","guid":{"rendered":"http:\/\/blog.inmontanis.info\/?p=6832"},"modified":"2021-05-28T18:55:29","modified_gmt":"2021-05-28T16:55:29","slug":"24-26-5-2021","status":"publish","type":"post","link":"http:\/\/blog.inmontanis.info\/?p=6832","title":{"rendered":"24.-26.5.2021"},"content":{"rendered":"<p><strong>24.5.2021<\/strong><\/p>\n<p>Ich w\u00e4re ja gewillt gewesen, mir heute Abend ein Zimmer in Kiruna zu nehmen, aber das g\u00fcnstigste w\u00e4re das Hotel gewesen, wo ich letztes Jahr einige Tage war und wo das Fr\u00fchst\u00fck inkludiert w\u00e4re, das ich morgen aber nicht schaffen w\u00fcrde, wenn ich gegen 8 Uhr in der Werkstatt sein soll. Warum hab ich da nicht gefragt, ob ich sp\u00e4ter kommen k\u00f6nnte&#8230;<\/p>\n<p>Naja, alternativ werden jetzt mal einige Kleidungsst\u00fccke gewechselt, wird ja nun auch w\u00e4rmer. Jeans statt Thermohose, d\u00fcnneres, langarmiges T-Shirt\/Sweatshirt statt dem aktuellen und schon etwas stinkenden&#8230; nope, da hab ich wohl sonst keines mehr dabei, das hier ist ja quasi schon das Fr\u00fchjahrs-Sweatshirt. Ansonsten hab ich nur noch ein kurzes T-Shirt dabei. Dann halt wenigstens auf die d\u00fcnnere Sommerskijacke umgestellt.<\/p>\n<p>War gestern die Vorhersageqn f\u00fcr heute noch leicht bew\u00f6lkt bis wolkenlos, war es heute morgen? Nat\u00fcrlich bedeckt. Und so blieb das. Aber egal, ich hatte heute ja nichts weiteres vor, au\u00dfer bis kurz vor Kiruna zu fahren.<\/p>\n<p><a href='http:\/\/extra.inmontanis.info\/d\/62905-2\/DSC01022.jpg'><img src=http:\/\/extra.inmontanis.info\/d\/62904-3\/DSC01022.jpg \/><\/a><br \/>\n^ Tornetr\u00e4sk \/ Lapporten<\/p>\n<p><a href='http:\/\/extra.inmontanis.info\/d\/62909-2\/DSC01023.jpg'><img src=http:\/\/extra.inmontanis.info\/d\/62908-3\/DSC01023.jpg \/><\/a><br \/>\n^ Hin und wieder muss so eine T\u00fcte mit Zimtschnecken sein ;) (Nat\u00fcrlich auf mehrere Tage aufgeteilt)<\/p>\n<p><a href='http:\/\/extra.inmontanis.info\/d\/62913-2\/DSC01027.jpg'><img src=http:\/\/extra.inmontanis.info\/d\/62912-3\/DSC01027.jpg \/><\/a><br \/>\n^ Tornetr\u00e4sk<\/p>\n<p><a href='http:\/\/extra.inmontanis.info\/d\/62917-2\/DSC01028.jpg'><img src=http:\/\/extra.inmontanis.info\/d\/62916-3\/DSC01028.jpg \/><\/a><\/p>\n<p>Heutiges Experiment: Unterw\u00e4sche waschen am Rastplatz-WC, ohne das Zeug irgendwo reinzulegen. Ging witzigerweise besser als gedacht. Jeweils erst mal nassmachen, gut Fl\u00fcssigwaschmittel dr\u00fcber, bissl verknoten und verreiben und wieder aussp\u00fclen. Im Auto w\u00fcrde das nat\u00fcrlich schneller trocknen, wenn die Sonne schiene. Oder man f\u00e4hrt und die Bel\u00fcftung hinrichten kann. <\/p>\n<p>L\u00e4ngere Sachen wie Schlafanz\u00fcge, Sweatshirts usw. gehen nat\u00fcrlich nicht, das hab ich ja in den Hostels\/B&#038;Bs gemerkt, da braucht man einen Abfluss, wo das abtropfen kann und wo man das immer wieder an den unteren Stellen auswringen kann.<\/p>\n<p>Mittlerweile sind auch wieder mehr Touristen unterwegs, ein Wohnmobil mit italienischem Kennzeichen stand am Parkplatz, sp\u00e4ter kam noch eines mit franz\u00f6sischem Kennzeichen. <\/p>\n<p><a href='http:\/\/extra.inmontanis.info\/d\/62921-2\/DSC01030.jpg'><img src=http:\/\/extra.inmontanis.info\/d\/62920-3\/DSC01030.jpg \/><\/a><br \/>\n^ Tornetr\u00e4sk<\/p>\n<p><a href='http:\/\/extra.inmontanis.info\/d\/62925-2\/DSC01032.jpg'><img src=http:\/\/extra.inmontanis.info\/d\/62924-3\/DSC01032.jpg \/><\/a><br \/>\n^ Tornetr\u00e4sk Bahnhof<\/p>\n<p><a href='http:\/\/extra.inmontanis.info\/d\/62929-2\/DSC01033.jpg'><img src=http:\/\/extra.inmontanis.info\/d\/62928-3\/DSC01033.jpg \/><\/a><br \/>\n^ Tornetr\u00e4sk Altes Bahnhofsgeb\u00e4ude<\/p>\n<p><a href='http:\/\/extra.inmontanis.info\/d\/62933-2\/DSC01035.jpg'><img src=http:\/\/extra.inmontanis.info\/d\/62932-3\/DSC01035.jpg \/><\/a><br \/>\n^ Tornetr\u00e4sk Bahnhof, der aktuelle Bahnhof ist dort hinten, wo das ca. rosane H\u00fcttchen steht<\/p>\n<p><a href='http:\/\/extra.inmontanis.info\/d\/62937-2\/DSC01036.jpg'><img src=http:\/\/extra.inmontanis.info\/d\/62936-3\/DSC01036.jpg \/><\/a><br \/>\n^ .. fr\u00fcher war das vielleicht mal das Bahnhofsgeb\u00e4ude? Aber gut, vor dem Stra\u00dfenbau hatte ja auch der Bahntourismus mehr Wert.<\/p>\n<p><a href='http:\/\/extra.inmontanis.info\/d\/62941-2\/DSC01037.jpg'><img src=http:\/\/extra.inmontanis.info\/d\/62940-3\/DSC01037.jpg \/><\/a><br \/>\n^ Bahnhof Tornetr\u00e4sk, 1464km von Stockholm, 393 Meter \u00fcber dem Meer<\/p>\n<p><a href='http:\/\/extra.inmontanis.info\/d\/62945-2\/DSC01039.jpg'><img src=http:\/\/extra.inmontanis.info\/d\/62944-3\/DSC01039.jpg \/><\/a><br \/>\n^ Mit ca. 70-75 km\/h kann man lange Zeit neben dem Zug her fahren.<\/p>\n<p><a href='http:\/\/extra.inmontanis.info\/d\/62949-2\/DSC01042.jpg'><img src=http:\/\/extra.inmontanis.info\/d\/62948-3\/DSC01042.jpg \/><\/a><br \/>\n^ Endlich mal den Rest dieser komischen Mini-Nudeln da wegbekommen, mal schauen, ob das was wird. Glaub ich hatte zu viel Milch erwischt.<\/p>\n<p><strong>25.5.2021<\/strong><\/p>\n<p>Heute fr\u00fch kam eine E-Mail, dass die Teile f\u00fcrs Service leider nicht gekommen sind &#8230; also entweder verschieben oder nur den Rest machen? Entschied mich f\u00fcr letzteres. Er sagt, er h\u00e4tte wohl nicht mal eine Best\u00e4tigung f\u00fcr die Bestelllung, also unwahrscheinlich, dass die Teile in den n\u00e4chsten Tagen kommen. Ausgemacht h\u00e4tten wir den Termim ja bereits am 11.5., also vor 2 Wochen, also wer wei\u00df, ob der die \u00fcberhaupt bestellt hat?! So was bl\u00f6des .. Also \u00d6lwechsel\/Bremsfl\u00fcssigkeit und Checks kann er machen, aber Z\u00fcndkerzen und irgendeinen Luftfilter und ein paar Dichtungen eben nicht. Das war dann in ca. 1h fertig. Da h\u00e4tte ich auch nicht so fr\u00fch dran sein m\u00fcssen..<\/p>\n<p><a href='http:\/\/extra.inmontanis.info\/d\/62953-2\/DSC01046.jpg'><img src=http:\/\/extra.inmontanis.info\/d\/62952-3\/DSC01046.jpg \/><\/a><br \/>\n^ Skigebiet bei Kiruna<\/p>\n<p><a href='http:\/\/ski.inmontanis.info\/d\/295219-2\/DSC01047.jpg'><img src=http:\/\/ski.inmontanis.info\/d\/295218-3\/DSC01047.jpg \/><\/a><br \/>\n^ Zwar noch genug Schnee, aber selbiger sah nicht sehr sch\u00f6n aus.<\/p>\n<p><a href='http:\/\/ski.inmontanis.info\/d\/295223-2\/DSC01048.jpg'><img src=http:\/\/ski.inmontanis.info\/d\/295222-3\/DSC01048.jpg \/><\/a><br \/>\n^ Daf\u00fcr, dass man letzten Mittwoch oder so bereits wegen Schneemangels geschlossen hat, liegt ja eigentlich noch genug Schnee..<\/p>\n<p>So, und wohin dann nun heute und in n\u00e4chster Zeit?  Durch die nicht mehr ge\u00f6ffneten Skigebiete hab ich prinzipiell nat\u00fcrlich nun Zeit ohne Termindruck. Wobei ich ein paar Sachen noch anfahren m\u00f6chte, in der Hoffnung, dort noch Schneereste f\u00fcr eine Skitour zu finden. Also tendenziell in den leereren Bergregionen bleiben statt am volleren Meer, wo man brauchbare Pl\u00e4tze, um selbiges zu sehen, stark suchen muss. Verglichen mit der Westk\u00fcste in Norwegen oder auch der Westk\u00fcste Schottlands, ist die Ostk\u00fcste hier in Schweden ja eh recht langweilig. <\/p>\n<p>Die Stra\u00dfe rauf noch bis zur finnischen Grenze und an selbiger entlang, bin ich letztes Jahr gefahren, war unspektakul\u00e4r, nur Wald, intereressanter wird&#8217;s dann erst weiter n\u00f6rdlich in Finnland bzw. Norwegen. Die sind aber beide nach wie vor nicht erreichbar. <\/p>\n<p>Die Stra\u00dfe von Kiruna richtung Kebnekaise bin ich auch letztes Jahr gefahren, war in meiner Erinnerung auch nicht sonderlich wiederholenswert. Ein St\u00fcck s\u00fcdlich (aber erst unter G\u00e4llivare abzweigend) gibt&#8217;s noch so eine ewig lange Stra\u00dfe in ein &#8220;Tal&#8221; hinein bis  in die Berge, die kenn ich noch nicht und hatte ich mir schon lang mal noch vorgenommen. Wobei ich jetzt gelesen hab, das landschaftlich vielleicht interessanteste, hinterste St\u00fcck der Stra\u00dfe darf nicht mehr befahren werden&#8230;<\/p>\n<p>Bis G\u00e4llivare k\u00f6nnte man aber etwas umwegig fahren, eine Stra\u00dfe, die ich vmtl. noch nie gefahren bin.<\/p>\n<p>Man gew\u00f6hnt sich an die Leere und Ruhe der einsamen Landschaften, so dass man schon froh ist, wieder aus dem kleinen St\u00e4dtchen Kiruna und den &#8220;volleren&#8221; Stra\u00dfen in der Umgebung drau\u00dfen ist.  Allzuweit bin ich aber nicht mehr gefahren, da ich den WC-Rastplatz hinter Kiruna f\u00fcr morgen Vormittag nehmen wollte. Ungeteerte Seitenstra\u00dfe danach reingefahren und es kam bald ein gr\u00f6\u00dferer, geschotterter Platz. Da w\u00e4r ich hinten, wo es ungeschottert war, fast stecken geblieben (sah aber zuvor unproblematisch aus), da hatte wohl schon mind. 1 Rad etwas durchgedreht, weil das ESP o.\u00e4. beim Gasgeben runtergeregelt hat.  <\/p>\n<p>Zu Abend gabs heut endlich die &#8220;Bradw\u00f6schdla&#8221;, weil ich im Supermarkt mal frische Semmeln sah. Und da ich momentan etwas mehr unterwegs bin, hab ich etwas mehr Strom geopfert und sie l\u00e4nger in der Pfanne gelassen.<\/p>\n<p><a href='http:\/\/extra.inmontanis.info\/d\/62957-2\/DSC01051.jpg'><img src=http:\/\/extra.inmontanis.info\/d\/62956-3\/DSC01051.jpg \/><\/a><br \/>\n^ Da w\u00e4r ich ja fast noch stecken geblieben, als ich da ganz langsam rumgefahren bin ..<\/p>\n<p><a href='http:\/\/extra.inmontanis.info\/d\/62961-2\/DSC01052.jpg'><img src=http:\/\/extra.inmontanis.info\/d\/62960-3\/DSC01052.jpg \/><\/a><br \/>\n^ Zwar kein so sch\u00f6nes Pano, aber daf\u00fcr sehr ruhig, weil die Stra\u00dfe so gut wie nicht befahren wurde. Einmal kam eine Frau auf einem Gef\u00e4hrt, die sich von zwei Schlittenhunden ziehen lie\u00df &#8230; zumindest bergab, nicht mehr bergauf.<\/p>\n<p><a href='http:\/\/extra.inmontanis.info\/d\/62965-2\/DSC01053.jpg'><img src=http:\/\/extra.inmontanis.info\/d\/62964-3\/DSC01053.jpg \/><\/a><br \/>\n^ Pano hinterm Parkplatz<\/p>\n<p><a href='http:\/\/extra.inmontanis.info\/d\/62969-2\/DSC01054.jpg'><img src=http:\/\/extra.inmontanis.info\/d\/62968-3\/DSC01054.jpg \/><\/a><br \/>\n^ Abendessen<\/p>\n<p><strong>26.5.2021<\/strong><\/p>\n<p><a href='http:\/\/extra.inmontanis.info\/d\/62973-2\/DSC01057.jpg'><img src=http:\/\/extra.inmontanis.info\/d\/62972-3\/DSC01057.jpg \/><\/a><br \/>\n^ Computerplatz am Lenkrad<\/p>\n<p>Weiter in Richtung G\u00e4llivare gefahren, die kleine Umwegstrecke ..<\/p>\n<p><a href='http:\/\/extra.inmontanis.info\/d\/62977-2\/DSC01060.jpg'><img src=http:\/\/extra.inmontanis.info\/d\/62976-3\/DSC01060.jpg \/><\/a><br \/>\n^ Zuf\u00e4llig an einem Ponylift vorbeigekommen, den ich noch nicht auf der Karte hatte. (Masugnsbyn) Aber fraglich, ob der noch in Betrieb ist.<\/p>\n<p><a href='http:\/\/extra.inmontanis.info\/d\/62981-2\/DSC01067.jpg'><img src=http:\/\/extra.inmontanis.info\/d\/62980-3\/DSC01067.jpg \/><\/a><br \/>\n^ Irgendwann wurde die geteerte Stra\u00dfe in Richtung G\u00e4llivare leider  eine sehr l\u00f6chrige Naturstra\u00dfe. Hier im Bild nat\u00fcrlich ein besseres St\u00fcck.<\/p>\n<p><a href='http:\/\/extra.inmontanis.info\/d\/62985-2\/DSC01071.jpg'><img src=http:\/\/extra.inmontanis.info\/d\/62984-3\/DSC01071.jpg \/><\/a><br \/>\n^ Abzweigung, die zu einem Berg rauf gehen sollte &#8211; sah mir aber nach einem Fahrverbotsschild aus, auch wenn es kaum noch erkennbar ist, daher lieber nicht gefahren.<\/p>\n<p><a href='http:\/\/extra.inmontanis.info\/d\/62989-2\/DSC01073.jpg'><img src=http:\/\/extra.inmontanis.info\/d\/62988-3\/DSC01073.jpg \/><\/a><br \/>\n^ Auf dem Parkplatz blieb ich dann stehen. Die Stra\u00dfe zwar etwas mehr befahren, aber wer wei\u00df, ob auf der wesentlich volleren E-Stra\u00dfe noch was besseres kommt..<\/p>\n<p><a href='http:\/\/extra.inmontanis.info\/d\/62993-2\/DSC01074.jpg'><img src=http:\/\/extra.inmontanis.info\/d\/62992-3\/DSC01074.jpg \/><\/a><br \/>\n^ Der Fluss \u00fcbert\u00f6nt auch zu einem gewissen Ma\u00df die Stra\u00dfe dann.<\/p>\n<p><a href='http:\/\/extra.inmontanis.info\/d\/62997-2\/DSC01078.jpg'><img src=http:\/\/extra.inmontanis.info\/d\/62996-3\/DSC01078.jpg \/><\/a><br \/>\n^ Mal schaun, ob das was wird &#8211; glaub, ich hab wieder zu viel Milch erwischt.<\/p>\n<p><a href='http:\/\/extra.inmontanis.info\/d\/63001-2\/DSC01079.jpg'><img src=http:\/\/extra.inmontanis.info\/d\/63000-3\/DSC01079.jpg \/><\/a><br \/>\n^ .. So\u00dfe schmeckte eher lasch und zu sehr nach Milch. Vielleicht haben auch nur die Preisselbeeren gefehlt.<\/p>\n<p>Morgen m\u00f6chte ich dann am Dundret eine Skitour machen.<\/p>\n","protected":false},"excerpt":{"rendered":"<p>24.5.2021<\/p>\n<p>Ich w\u00e4re ja gewillt gewesen, mir heute Abend ein Zimmer in Kiruna zu nehmen, aber das g\u00fcnstigste w\u00e4re das Hotel gewesen, wo ich letztes Jahr einige Tage war und wo das Fr\u00fchst\u00fck inkludiert w\u00e4re, das ich morgen aber nicht schaffen w\u00fcrde, wenn ich gegen 8 Uhr in der Werkstatt sein soll. Warum hab ich <a href=\"http:\/\/blog.inmontanis.info\/?p=6832\">[&#8230;]<\/a><\/p>\n","protected":false},"author":1,"featured_media":0,"comment_status":"closed","ping_status":"closed","sticky":false,"template":"","format":"standard","meta":{"footnotes":""},"categories":[184,19],"tags":[45],"class_list":["post-6832","post","type-post","status-publish","format-standard","hentry","category-2021-01-skandinavien","category-schwedensweden","tag-see","odd"],"_links":{"self":[{"href":"http:\/\/blog.inmontanis.info\/index.php?rest_route=\/wp\/v2\/posts\/6832","targetHints":{"allow":["GET"]}}],"collection":[{"href":"http:\/\/blog.inmontanis.info\/index.php?rest_route=\/wp\/v2\/posts"}],"about":[{"href":"http:\/\/blog.inmontanis.info\/index.php?rest_route=\/wp\/v2\/types\/post"}],"author":[{"embeddable":true,"href":"http:\/\/blog.inmontanis.info\/index.php?rest_route=\/wp\/v2\/users\/1"}],"replies":[{"embeddable":true,"href":"http:\/\/blog.inmontanis.info\/index.php?rest_route=%2Fwp%2Fv2%2Fcomments&post=6832"}],"version-history":[{"count":3,"href":"http:\/\/blog.inmontanis.info\/index.php?rest_route=\/wp\/v2\/posts\/6832\/revisions"}],"predecessor-version":[{"id":6835,"href":"http:\/\/blog.inmontanis.info\/index.php?rest_route=\/wp\/v2\/posts\/6832\/revisions\/6835"}],"wp:attachment":[{"href":"http:\/\/blog.inmontanis.info\/index.php?rest_route=%2Fwp%2Fv2%2Fmedia&parent=6832"}],"wp:term":[{"taxonomy":"category","embeddable":true,"href":"http:\/\/blog.inmontanis.info\/index.php?rest_route=%2Fwp%2Fv2%2Fcategories&post=6832"},{"taxonomy":"post_tag","embeddable":true,"href":"http:\/\/blog.inmontanis.info\/index.php?rest_route=%2Fwp%2Fv2%2Ftags&post=6832"}],"curies":[{"name":"wp","href":"https:\/\/api.w.org\/{rel}","templated":true}]}}