{"id":683,"date":"2008-02-16T18:00:37","date_gmt":"2008-02-16T16:00:37","guid":{"rendered":"http:\/\/blog.inmontanis.info\/?p=683"},"modified":"2023-08-04T18:23:19","modified_gmt":"2023-08-04T16:23:19","slug":"caldirola-16-2-2008-ast-tag-1-teil-2","status":"publish","type":"post","link":"http:\/\/blog.inmontanis.info\/?p=683","title":{"rendered":"Caldirola, 16.2.2008 (AST Tag 1 Teil 2)"},"content":{"rendered":"<p><em>[_de]Bilder anklicken zum Vergr\u00f6\u00dfern[\/_de]\u2028[_en]Click photos to enlarge[\/_en]<\/em><br \/>\n<strong>Caldirola (Appennin Nord)\tAppennin-S\u00fcdalpen-Tour 2008, 1. Tag Sa, 16.2.2008, Teil 2<br \/>\n<\/strong><br \/>\n<em>War zwar ganz nett, aber nach 6x fahren (knapp 2h) war es soweit: Auf zum n\u00e4chsten Ziel&#8230;<\/em>: Caldirola. <\/p>\n<p>Auch hier war der SL unten geschlossen und nur der ESL in Betrieb &#8211; ein Marchisio, der Anfang der 90er von Marchisio-Doppelmayr auf den neusten Stand gebracht wurde &#8211; aber die alten Sessel ohne Fu\u00dfraster hatte man gelassen&#8230; Einerseits find ich die ja toll, aber ohne Fu\u00dfraster ist das schon immer verdammt beschwerlich. <\/p>\n<p>Die im Plan eingezeichnete schwarze Abfahrt gibt&#8217;s wohl nicht mehr, die anderen sind teilweise ziemlich versteckt, die ganz linke Gr\u00fcne ist sehr urig-schmal und weit weg &#8211; gefiel mir. <\/p>\n<p>Auch hier hatte ich aber nach 6x fahren (knapp 2h) genug und so wollte ich noch nach Santo Stefano d&#8217;Aveto, das quasi auf dem Weg lag&#8230; <\/p>\n<p><img src=http:\/\/ski.inmontanis.info\/d\/51691-3\/Karte3.jpg \/><br \/>\n^ B. Caldirola: 1 ESL (Marchisio-Doppelmayr) <\/p>\n<p><a href='http:\/\/ski.inmontanis.info\/d\/51792-1\/P1220876.JPG'><img src=http:\/\/ski.inmontanis.info\/d\/51794-3\/P1220876.JPG \/><\/a><br \/>\n^ Pistenplan. Dem Plan nach k\u00f6nnte man meinen, der ESL sei fr\u00fcher weiter nach rechts gegangen und nicht so weit hinauf &#8211; evtl. in der anderen Schneise wie am Sat-Bild zu sehen? Dagegen spricht: die alten St\u00fctzen auf der aktuellen Trasse&#8230; <\/p>\n<p><a href='http:\/\/ski.inmontanis.info\/d\/51797-1\/gps_caldirola.jpg'><img src=http:\/\/ski.inmontanis.info\/d\/51799-3\/gps_caldirola.jpg \/><\/a><br \/>\n^ GPS-Track. Die Schneise rechts vom ESL? War da mal was? Die schwarze Abfahrt scheint ziemlich verwachsen zu sein .. <\/p>\n<p><a href='http:\/\/ski.inmontanis.info\/d\/51801-1\/P1220877.JPG'><img src=http:\/\/ski.inmontanis.info\/d\/51803-3\/P1220877.JPG \/><\/a><br \/>\n^ ESL-Talstation und untere Strecke <\/p>\n<p><a href='http:\/\/ski.inmontanis.info\/d\/51805-1\/P1220878.JPG'><img src=http:\/\/ski.inmontanis.info\/d\/51807-3\/P1220878.JPG \/><\/a><br \/>\n^ Im ESL. Talstation neu, aber noch die alten Sessel ohne Fu\u00dfraster und gr\u00f6\u00dftenteils die alten St\u00fctzen. <\/p>\n<p><a href='http:\/\/ski.inmontanis.info\/d\/51809-1\/P1220899.JPG'><img src=http:\/\/ski.inmontanis.info\/d\/51811-3\/P1220899.JPG \/><\/a><br \/>\n^ ESL mittlerer Teil, hier m\u00fcsste einst die schwarze Abfahrt gewesen sein ?! <\/p>\n<p><a href='http:\/\/ski.inmontanis.info\/d\/51813-1\/P1220879.JPG'><img src=http:\/\/ski.inmontanis.info\/d\/51815-3\/P1220879.JPG \/><\/a><br \/>\n^ ESL oberer Teil und Abfahrten. Die St\u00fctzen weiter oben sind keine Fachwerkst\u00fctzen mehr&#8230; <\/p>\n<p><a href='http:\/\/ski.inmontanis.info\/d\/51817-1\/P1220881.JPG'><img src=http:\/\/ski.inmontanis.info\/d\/51819-3\/P1220881.JPG \/><\/a><br \/>\n^ ESL-Bergstation <\/p>\n<p><a href='http:\/\/ski.inmontanis.info\/d\/51821-1\/P1220883.JPG'><img src=http:\/\/ski.inmontanis.info\/d\/51823-3\/P1220883.JPG \/><\/a><br \/>\n^ Rote oder blaue Abfahrt <\/p>\n<p><a href='http:\/\/ski.inmontanis.info\/d\/51825-1\/P1220884.JPG'><img src=http:\/\/ski.inmontanis.info\/d\/51827-3\/P1220884.JPG \/><\/a><br \/>\n^ Gemeinsamer Abfahrtsteil aller Abfahrten, unten im Wald die Bergstation des SL <\/p>\n<p><a href='http:\/\/ski.inmontanis.info\/d\/51829-1\/P1220885.JPG'><img src=http:\/\/ski.inmontanis.info\/d\/51831-3\/P1220885.JPG \/><\/a><br \/>\n^ SL-Bergstation. Ein kurioses Teil, wer ist da der Hersteller? <\/p>\n<p><a href='http:\/\/ski.inmontanis.info\/d\/51833-1\/P1220886.JPG'><img src=http:\/\/ski.inmontanis.info\/d\/51835-3\/P1220886.JPG \/><\/a><br \/>\n^ Talstationen <\/p>\n<p><a href='http:\/\/ski.inmontanis.info\/d\/51837-1\/P1220887.JPG'><img src=http:\/\/ski.inmontanis.info\/d\/51839-3\/P1220887.JPG \/><\/a><br \/>\n^ ESL-Talstation, mit Marchisio-Doppelmayr gelabelt! <\/p>\n<p><a href='http:\/\/ski.inmontanis.info\/d\/51841-1\/P1220888.JPG'><img src=http:\/\/ski.inmontanis.info\/d\/51843-3\/P1220888.JPG \/><\/a><br \/>\n^ SL-Strecke und Abfahrt <\/p>\n<p><a href='http:\/\/ski.inmontanis.info\/d\/51845-1\/P1220889.JPG'><img src=http:\/\/ski.inmontanis.info\/d\/51847-3\/P1220889.JPG \/><\/a><br \/>\n^ Talstation SL mit kurioser 6-Bein-Portalst\u00fctze?! Hersteller? Keine Ahnung. <\/p>\n<p><a href='http:\/\/ski.inmontanis.info\/d\/51849-1\/P1220893.JPG'><img src=http:\/\/ski.inmontanis.info\/d\/51851-3\/P1220893.JPG \/><\/a><br \/>\n^ Pano an der Bergstation. <\/p>\n<p><a href='http:\/\/ski.inmontanis.info\/d\/51853-1\/P1220894.JPG'><img src=http:\/\/ski.inmontanis.info\/d\/51855-3\/P1220894.JPG \/><\/a><br \/>\n^ ESL-Bergstation <\/p>\n<p><a href='http:\/\/ski.inmontanis.info\/d\/51857-1\/P1220895.JPG'><img src=http:\/\/ski.inmontanis.info\/d\/51859-3\/P1220895.JPG \/><\/a><br \/>\n^ Gr\u00fcne Abfahrt <\/p>\n<p><a href='http:\/\/ski.inmontanis.info\/d\/51861-1\/P1220897.JPG'><img src=http:\/\/ski.inmontanis.info\/d\/51863-3\/P1220897.JPG \/><\/a><br \/>\n^ Gr\u00fcne Abfahrt. Schl\u00e4ngelt sich eng durch den Wald &#8211; gef\u00e4llt mir!<\/p>\n","protected":false},"excerpt":{"rendered":"<p>Auch hier war der SL unten geschlossen und nur der ESL in Betrieb &#8211; ein Marchisio, der Anfang der 90er von Marchisio-Doppelmayr auf den neusten Stand gebracht wurde &#8211; aber die alten Sessel ohne Fu\u00dfraster hatte man gelassen&#8230;  <a href=\"http:\/\/blog.inmontanis.info\/?p=683\">[&#8230;]<\/a><\/p>\n","protected":false},"author":1,"featured_media":0,"comment_status":"open","ping_status":"closed","sticky":false,"template":"","format":"standard","meta":{"footnotes":""},"categories":[68,519,15,59,27],"tags":[35,47],"class_list":["post-683","post","type-post","status-publish","format-standard","hentry","category-68","category-caldirola","category-italienitaly","category-nostalgie","category-skifahren-winterskiing-winter","tag-esl","tag-sl","odd"],"_links":{"self":[{"href":"http:\/\/blog.inmontanis.info\/index.php?rest_route=\/wp\/v2\/posts\/683","targetHints":{"allow":["GET"]}}],"collection":[{"href":"http:\/\/blog.inmontanis.info\/index.php?rest_route=\/wp\/v2\/posts"}],"about":[{"href":"http:\/\/blog.inmontanis.info\/index.php?rest_route=\/wp\/v2\/types\/post"}],"author":[{"embeddable":true,"href":"http:\/\/blog.inmontanis.info\/index.php?rest_route=\/wp\/v2\/users\/1"}],"replies":[{"embeddable":true,"href":"http:\/\/blog.inmontanis.info\/index.php?rest_route=%2Fwp%2Fv2%2Fcomments&post=683"}],"version-history":[{"count":6,"href":"http:\/\/blog.inmontanis.info\/index.php?rest_route=\/wp\/v2\/posts\/683\/revisions"}],"predecessor-version":[{"id":9049,"href":"http:\/\/blog.inmontanis.info\/index.php?rest_route=\/wp\/v2\/posts\/683\/revisions\/9049"}],"wp:attachment":[{"href":"http:\/\/blog.inmontanis.info\/index.php?rest_route=%2Fwp%2Fv2%2Fmedia&parent=683"}],"wp:term":[{"taxonomy":"category","embeddable":true,"href":"http:\/\/blog.inmontanis.info\/index.php?rest_route=%2Fwp%2Fv2%2Fcategories&post=683"},{"taxonomy":"post_tag","embeddable":true,"href":"http:\/\/blog.inmontanis.info\/index.php?rest_route=%2Fwp%2Fv2%2Ftags&post=683"}],"curies":[{"name":"wp","href":"https:\/\/api.w.org\/{rel}","templated":true}]}}