{"id":6827,"date":"2021-05-23T19:12:48","date_gmt":"2021-05-23T17:12:48","guid":{"rendered":"http:\/\/blog.inmontanis.info\/?p=6827"},"modified":"2023-08-05T13:28:46","modified_gmt":"2023-08-05T11:28:46","slug":"riksgransen-23-5-2021-bjorkliden-22-5-2021","status":"publish","type":"post","link":"http:\/\/blog.inmontanis.info\/?p=6827","title":{"rendered":"Riksgr\u00e4nsen, 23.5.2021 \/ + Bj\u00f6rkliden, 22.5.2021"},"content":{"rendered":"<p><strong>22.5.2021<\/strong><\/p>\n<p>Wetter heute Morgen? Bedeckt, aber nebelfrei und so soll es lt. Vorhersaagen auch bis ca. 14\/16 Uhr bleiben, danach etwas sonniger und morgen Sonntag sehr sonnig. <\/p>\n<p>Lt. Schneebericht haben die k\u00e4lteren Temperaturen die Schneedecke durchfrieren lassen:<br \/>\n&#8220;During the night there has been a proper redeuit in the snow cover, so be sure to have proper edges on the skis, the slopes are icy and off-piste messy.&#8221;<\/p>\n<p>Wer wei\u00df, wie lang das ohne Sonne heute brauchen w\u00fcrde, bis das angenehmer w\u00fcrde. Hab also heute darauf verzichtet.<\/p>\n<p>Da es an der 3SB und dem Kurvenlift keine Skipassleser gibt, k\u00f6nnte man ja Einzelfahrten und 3h-Karten etwas verl\u00e4ngern. Aber preislich ist die 3h-Karte eh nur ca. 2,- \u20ac g\u00fcnstiger als die Tageskarte (ca. 39,- stat ca. 41,- \u20ac). Einzelfahrt kostet ca. 13,50. <\/p>\n<p>Bin nur das St\u00fcck nach Bj\u00f6rkliden rauf gefahren. Sonne heute Fehlanzeige.<\/p>\n<p><a href='http:\/\/ski.inmontanis.info\/d\/295195-2\/DSC00986.jpg'><img src=http:\/\/ski.inmontanis.info\/d\/295194-3\/DSC00986.jpg \/><\/a><br \/>\n^ Parkplatz in Bj\u00f6rkliden, Camping verboten<\/p>\n<p><a href='http:\/\/ski.inmontanis.info\/d\/295199-2\/DSC00988.jpg'><img src=http:\/\/ski.inmontanis.info\/d\/295198-3\/DSC00988.jpg \/><\/a><br \/>\n^ Der kurze, abseitige \u00dcbungslift, den ich im M\u00e4rz nicht gefahren bin<\/p>\n<p><a href='http:\/\/ski.inmontanis.info\/d\/295203-2\/DSC00989.jpg'><img src=http:\/\/ski.inmontanis.info\/d\/295202-3\/DSC00989.jpg \/><\/a><br \/>\n^ Der kurze \u00dcbungslift, den ich im M\u00e4rz nicht gefahren bin<\/p>\n<p><a href='http:\/\/ski.inmontanis.info\/d\/295207-2\/DSC00991.jpg'><img src=http:\/\/ski.inmontanis.info\/d\/295206-3\/DSC00991.jpg \/><\/a><br \/>\n^ Der kurze \u00dcbungslift, den ich im M\u00e4rz nicht gefahren bin<\/p>\n<p><a href='http:\/\/ski.inmontanis.info\/d\/295211-2\/DSC00992.jpg'><img src=http:\/\/ski.inmontanis.info\/d\/295210-3\/DSC00992.jpg \/><\/a><br \/>\n^ Nein, hab nicht die Ski rausgeholt ;)<\/p>\n<p><a href='http:\/\/extra.inmontanis.info\/d\/62881-2\/DSC00993.jpg'><img src=http:\/\/extra.inmontanis.info\/d\/62880-3\/DSC00993.jpg \/><\/a><br \/>\n^ Nach wie vor gefrorener Tornetr\u00e4sk vom h\u00f6her gelegenen Hotel in Bj\u00f6rkliden<\/p>\n<p><strong>23.5.2021<\/strong><\/p>\n<p>Saisonskitag Nr. 100, davon 93 in Schweden seit 10.1. (und 7 im Herbst am Hintertuxer). Die Nacht verlief kalt, am Morgen war es windig, aber auch recht sonnig, insbesondere bereits in Riksgr\u00e4nsen. Der Schneebericht meldete f\u00fcr den letzten Saisontag wieder vereiste Pisten und keine Pr\u00e4parierung an den Liften an der R\u00fcckseite. Aber immerhin war der untere KSSL noch in Betrieb.<\/p>\n<p>Offpiste am KSSL war bei der ersten Fahrt noch kompakt gefroren, also erst mal eine runde Sessel. Aus der einen Runde wurden 3, weil eine gro\u00dfe Wolke die Sonne verdeckt hatte und somit kein Auffirnen stattfinden w\u00fcrde. Die Abfahrten gingen morgens ganz gut, aber der starke, kalte Wind k\u00fchlte mich sehr aus. Unsch\u00f6n, dann lieber Matsch, aber warm.<\/p>\n<p>Um 12:20 hatte ich&#8217;s am KSSL aufgegeben &#8211; ist ja heuer nur bis 13 Uhr in Betrieb und w\u00fcrde wohl nicht mehr auffirnen. Also wieder die Sessellifte. Um 13:30 mal die anderen SL probiert &#8211; nope, offpiste auch auf dieser Seite noch zu vergessen. <\/p>\n<p>Um 15:30 gab ich die Hoffnung ganz auf und fuhr erstmals an diesen 7 Tagen eine halbe Stunde vor Liftschluss runter zum Auto &#8211; trotz etwas besserem Sonnenschein. Spa\u00dffaktor war heut f\u00fcr mich leider nahe Null. Zu wenig Sonne, zu kalte Temperaturen, offpiste nur gefrorener Sulz &#8211; und ich hab auch die ganze Zeit gefroren. <\/p>\n<p><a href='http:\/\/extra.inmontanis.info\/d\/62885-2\/DSC00995.jpg'><img src=http:\/\/extra.inmontanis.info\/d\/62884-3\/DSC00995.jpg \/><\/a><br \/>\n^ Endlich mehr blauer Himmel heute, Blick ins Skigebiet von Riksgr\u00e4nsen<\/p>\n<p><a href='http:\/\/ski.inmontanis.info\/d\/295163-2\/DSC00997.jpg'><img src=http:\/\/ski.inmontanis.info\/d\/295162-3\/DSC00997.jpg \/><\/a><br \/>\n^ Aber nein, es war im Skigebiet nicht sonnig, trotz des vielen blauen Himmels.<\/p>\n<p><a href='http:\/\/ski.inmontanis.info\/d\/295167-2\/DSC01001.jpg'><img src=http:\/\/ski.inmontanis.info\/d\/295166-3\/DSC01001.jpg \/><\/a><br \/>\n^ 1,5h sp\u00e4ter war es westlich, also in Norwegen, schon sehr sonnig. Aber weiterhin nicht hier im Skigebiet von Riksgr\u00e4nsen.<\/p>\n<p><a href='http:\/\/ski.inmontanis.info\/d\/295171-2\/DSC01002.jpg'><img src=http:\/\/ski.inmontanis.info\/d\/295170-3\/DSC01002.jpg \/><\/a><br \/>\n^ Eindreiviertelstunden sp\u00e4ter kramte ich die Cam wieder raus, weil es endlich sonnig war, kaum hatte ich die Cam in der Hand und abgedr\u00fcckt, war auch schon wieder eine Wolke da. Und die vermehrte sich &#8230;<\/p>\n<p><a href='http:\/\/ski.inmontanis.info\/d\/295175-2\/DSC01003.jpg'><img src=http:\/\/ski.inmontanis.info\/d\/295174-3\/DSC01003.jpg \/><\/a><br \/>\n^ .. 11 Minuten sp\u00e4ter sah es so aus.<\/p>\n<p><a href='http:\/\/ski.inmontanis.info\/d\/295179-2\/DSC01005.jpg'><img src=http:\/\/ski.inmontanis.info\/d\/295178-3\/DSC01005.jpg \/><\/a><br \/>\n^ Um 15:37, der Schnee offpiste war nach wie vor unfahrbar gefroren und die Sonne weiterhin nicht gut genug sichtbar, um den Schnee aufzuweichen. Ich gebs auf. Hier offpiste rechts vom unteren KSSL<\/p>\n<p><a href='http:\/\/ski.inmontanis.info\/d\/295183-2\/DSC01007.jpg'><img src=http:\/\/ski.inmontanis.info\/d\/295182-3\/DSC01007.jpg \/><\/a><br \/>\n^ Containerz\u00fcge sieht man hier eher selten<\/p>\n<p><a href='http:\/\/ski.inmontanis.info\/d\/295187-2\/DSC01009.jpg'><img src=http:\/\/ski.inmontanis.info\/d\/295186-3\/DSC01009.jpg \/><\/a><br \/>\n^ Blick ins Skigebiet, also DSB und ihre Offpisteh\u00e4nge, von weiter unterhalb.<\/p>\n<p><a href='http:\/\/ski.inmontanis.info\/d\/295191-2\/ge20210523e-ges-riks.jpg'><img src=http:\/\/ski.inmontanis.info\/d\/295190-3\/ge20210523e-ges-riks.jpg \/><\/a><br \/>\n^ GPS-Track 14.-23.5. (7 Tage) in T\u00fcrkis, vorherige Besuche in Orange und der Ex-Korblift in Rot. Reichsgrenze zu Norwegen ist Gelb.<\/p>\n<p>W\u00e4hrend in den Alpen einige Skigebiete erst jetzt Ende Mai versp\u00e4tet in die Wintersaison starten, war das in Schweden das Ende des liftunterst\u00fctzen Skifahrens f\u00fcr diese Saison. Mal schauen, ob ich mich noch f\u00fcr Skitouren die n\u00e4chsten Tage\/Wochen aufraffen kann (so sich Gelegenheiten ergeben sollten). Mein Fazit f\u00fcr diese Saison? Sehr windig, sehr kalt, fast nie guten Firn, da hatte ich doch prozentual schon mehrere, bessere Skitage in den vergangenen Fr\u00fchjahren in Schweden gehabt?! <\/p>\n<p>Um 18:30 Uhr des 143. Tour-Tages begab ich mich nun endg\u00fcltig auf die R\u00fcckreise .. <\/p>\n<p><a href='http:\/\/extra.inmontanis.info\/d\/62889-2\/DSC01012.jpg'><img src=http:\/\/extra.inmontanis.info\/d\/62888-3\/DSC01012.jpg \/><\/a><br \/>\n^ Zwischen Riksgr\u00e4nsen und Bj\u00f6rkliden &#8211; der finale R\u00fcckweg dieser Tour hat gestartet<\/p>\n<p><a href='http:\/\/extra.inmontanis.info\/d\/62893-2\/DSC01014.jpg'><img src=http:\/\/extra.inmontanis.info\/d\/62892-3\/DSC01014.jpg \/><\/a><br \/>\n^ Riksgr\u00e4nsen-Bj\u00f6rkliden<\/p>\n<p><a href='http:\/\/extra.inmontanis.info\/d\/62897-2\/DSC01016.jpg'><img src=http:\/\/extra.inmontanis.info\/d\/62896-3\/DSC01016.jpg \/><\/a><br \/>\n^ Riksgr\u00e4nsen-Bj\u00f6rkliden<\/p>\n<p>\u00c4rgerlicherweise stand heute an meinem zumeist gen\u00fctzten \u00dcbernachtungsparklpatz ein LKW, nat\u00fcrlich mit klimatisiertem Laderaum, also konnte ich hier nicht \u00fcbernachten. Auch am anderen Parkplatz (der Rastplatz Tornehamn) stand heute ausnahmsweiese ein LKW. Die ganze Woche waren an beiden Parkpl\u00e4tzen nie LKW?! W\u00e4r ich doch in Riksgr\u00e4nsen geblieben, da waren die Parkpl\u00e4tze alle viel leerer&#8230;<\/p>\n<p><a href='http:\/\/extra.inmontanis.info\/d\/62901-2\/DSC01017.jpg'><img src=http:\/\/extra.inmontanis.info\/d\/62900-3\/DSC01017.jpg \/><\/a><br \/>\n^ Paprikawurst bekommt man in Schweden leider sehr, sehr selten &#8211; aber die vegetarische Paprikawurst sieht man h\u00e4ufiger. Dann probier ich die halt mal, meine erste vegetarische Wurst \u00fcberhaupt. Schmeckte auch gar nicht mal so viel anders. Allerdings bin ich mir nicht sicher, ob ich das nicht etwas pervers finden soll, wenn vegetarische Gerichte mit vielen Zusatzstoffen versuchen wollen, wie Fleisch auszusehen und zu schmecken&#8230; <\/p>\n<p><a href='http:\/\/ski.inmontanis.info\/d\/295215-2\/DSC01021.jpg'><img src=http:\/\/ski.inmontanis.info\/d\/295214-3\/DSC01021.jpg \/><\/a><br \/>\n^ Blick ins Skigebiet von Bj\u00f6rkliden von meinem heutigen \u00dcbernachtungsplatz aus (22:48 Uhr)<\/p>\n","protected":false},"excerpt":{"rendered":"<p>22.5.2021<\/p>\n<p>Wetter heute Morgen? Bedeckt, aber nebelfrei und so soll es lt. Vorhersaagen auch bis ca. 14\/16 Uhr bleiben, danach etwas sonniger und morgen Sonntag sehr sonnig. <\/p>\n<p>Lt. Schneebericht haben die k\u00e4lteren Temperaturen die Schneedecke durchfrieren lassen: &#8220;During the night there has been a proper redeuit in the snow cover, so be sure to <a href=\"http:\/\/blog.inmontanis.info\/?p=6827\">[&#8230;]<\/a><\/p>\n","protected":false},"author":1,"featured_media":0,"comment_status":"closed","ping_status":"closed","sticky":false,"template":"","format":"standard","meta":{"footnotes":""},"categories":[184,689,636,19,27],"tags":[55,38,45,47],"class_list":["post-6827","post","type-post","status-publish","format-standard","hentry","category-2021-01-skandinavien","category-bjorkliden","category-riksgransen","category-schwedensweden","category-skifahren-winterskiing-winter","tag-3sb","tag-dsb","tag-see","tag-sl","odd"],"_links":{"self":[{"href":"http:\/\/blog.inmontanis.info\/index.php?rest_route=\/wp\/v2\/posts\/6827","targetHints":{"allow":["GET"]}}],"collection":[{"href":"http:\/\/blog.inmontanis.info\/index.php?rest_route=\/wp\/v2\/posts"}],"about":[{"href":"http:\/\/blog.inmontanis.info\/index.php?rest_route=\/wp\/v2\/types\/post"}],"author":[{"embeddable":true,"href":"http:\/\/blog.inmontanis.info\/index.php?rest_route=\/wp\/v2\/users\/1"}],"replies":[{"embeddable":true,"href":"http:\/\/blog.inmontanis.info\/index.php?rest_route=%2Fwp%2Fv2%2Fcomments&post=6827"}],"version-history":[{"count":3,"href":"http:\/\/blog.inmontanis.info\/index.php?rest_route=\/wp\/v2\/posts\/6827\/revisions"}],"predecessor-version":[{"id":6830,"href":"http:\/\/blog.inmontanis.info\/index.php?rest_route=\/wp\/v2\/posts\/6827\/revisions\/6830"}],"wp:attachment":[{"href":"http:\/\/blog.inmontanis.info\/index.php?rest_route=%2Fwp%2Fv2%2Fmedia&parent=6827"}],"wp:term":[{"taxonomy":"category","embeddable":true,"href":"http:\/\/blog.inmontanis.info\/index.php?rest_route=%2Fwp%2Fv2%2Fcategories&post=6827"},{"taxonomy":"post_tag","embeddable":true,"href":"http:\/\/blog.inmontanis.info\/index.php?rest_route=%2Fwp%2Fv2%2Ftags&post=6827"}],"curies":[{"name":"wp","href":"https:\/\/api.w.org\/{rel}","templated":true}]}}