{"id":6824,"date":"2021-05-21T19:44:34","date_gmt":"2021-05-21T17:44:34","guid":{"rendered":"http:\/\/blog.inmontanis.info\/?p=6824"},"modified":"2023-08-05T12:11:16","modified_gmt":"2023-08-05T10:11:16","slug":"riksgransen-21-5-2021","status":"publish","type":"post","link":"http:\/\/blog.inmontanis.info\/?p=6824","title":{"rendered":"Riksgr\u00e4nsen, 21.5.2021"},"content":{"rendered":"<p><strong>21.5.2021<\/strong><\/p>\n<p>Da ich davon ausging, heute Ski zu fahren, fuhr ich morgens nach Riksgr\u00e4nsen. W\u00e4hrend es zwischen Bj\u00f6rkliden und Riksgr\u00e4nsen etwas blauen Himmel gab, war es in Riksgr\u00e4nsen mal wieder neblig an der Mittelstation, aber auch recht blau an der Bergstation, bevor der Nebel wenig sp\u00e4ter aufstieg.<\/p>\n<p>Die Wettervorhersagen melden nun wieder Temperaturen unter 0\u00b0 f\u00fcr die n\u00e4chsten N\u00e4chte, ob das gut oder schlecht f\u00fcr den Schnee sein wird, wird sich zeigen.<\/p>\n<p>Die Abfahrten auf der SL-Seite (an allen 3 SL, au\u00dfer der Abfahrt zur DSB) hat man jetzt wohl ganz aufgegeben und sie nur noch als Offpiste deklariert.<\/p>\n<p>An der 3SB flogen heute mindestens zwei M\u00f6wen rum. Hat man in einem Skigebiet auch nicht alle Tage&#8230;<\/p>\n<p>Der Schnee wurde im Laufe des Nachmittages offpiste wieder recht nett weich und weniger bremsend. Bestes Wetter war aber mal wieder erst gegen und nach 16 Uhr.<\/p>\n<p><a href='http:\/\/extra.inmontanis.info\/d\/62877-2\/DSC00962.jpg'><img src=http:\/\/extra.inmontanis.info\/d\/62876-3\/DSC00962.jpg \/><\/a><br \/>\n^ Das Kabel der linken Skischuhheizungseinlage ist kaputt &#8211; wie das wohl passiert ist?! Aufgefallen ist es mir morgens, als ich den Akku ranstecken wollte &#8211; am vorherigen Skitag d\u00fcrfte es also nachmittags noch ganz gewesen sein. Somit m\u00fcsste es irgendwie beim Verstauen oder Raustun der Skischuhe passiert sein, irgendwo h\u00e4ngengeblieben?! Tja, musste ich halt eine Einlage von den Stra\u00dfenschuhen nehmen. Die linke hab ich in letzter Zeit eh nicht mehr ben\u00f6tigt. M\u00fcsste eh noch Ersatzeinlagen haben, zumindest daheim, evtl. sogar dabei.<\/p>\n<p><a href='http:\/\/ski.inmontanis.info\/d\/295135-2\/DSC00969.jpg'><img src=http:\/\/ski.inmontanis.info\/d\/295134-3\/DSC00969.jpg \/><\/a><br \/>\n^ In Norwegen scheint schon die Sonne, aber hier ist es mal wieder lange neblig-wolkig geblieben (aus der DSB fotografiert)<\/p>\n<p><a href='http:\/\/ski.inmontanis.info\/d\/295139-2\/DSC00974.jpg'><img src=http:\/\/ski.inmontanis.info\/d\/295138-3\/DSC00974.jpg \/><\/a><br \/>\n^ Da es keinen Funpark gibt, wird halt imporvisiert.<\/p>\n<p><a href='http:\/\/ski.inmontanis.info\/d\/295143-2\/DSC00975.jpg'><img src=http:\/\/ski.inmontanis.info\/d\/295142-3\/DSC00975.jpg \/><\/a><br \/>\n^ Ungef\u00e4hres Vergleichsbild zu dem einen Foto mit dem ehemaligen gro\u00dfen Bahnhofsgeb\u00e4ude:<\/p>\n<p><a href='https:\/\/picryl.com\/media\/vy-over-riksgransen-65f450?zoom=true'>https:\/\/picryl.com\/media\/vy-over-riksgransen-65f450?zoom=true<\/a><\/p>\n<p><a href='http:\/\/ski.inmontanis.info\/d\/295147-2\/DSC00981.jpg'><img src=http:\/\/ski.inmontanis.info\/d\/295146-3\/DSC00981.jpg \/><\/a><br \/>\n^ Gipfelpano, so sonnig war es erst gegen 16 Uhr.<\/p>\n<p><a href='http:\/\/ski.inmontanis.info\/d\/295151-2\/DSC00982.jpg'><img src=http:\/\/ski.inmontanis.info\/d\/295150-3\/DSC00982.jpg \/><\/a><br \/>\n^ Unter der 3SB-Umlenkscheibe d\u00fcrfte sich das Betonfundament der Vorg\u00e4nger-Sesselbahn-Bergstation befinden<\/p>\n<p><a href='http:\/\/ski.inmontanis.info\/d\/295155-2\/DSC00984.jpg'><img src=http:\/\/ski.inmontanis.info\/d\/295154-3\/DSC00984.jpg \/><\/a><br \/>\n^ Offpiste rechts vom Katterj\u00e5kk-KSSL, der heuer ja leider immer nur von 9-13 Uhr in Betrieb ist.<\/p>\n<p><a href='http:\/\/ski.inmontanis.info\/d\/295159-2\/DSC00985.jpg'><img src=http:\/\/ski.inmontanis.info\/d\/295158-3\/DSC00985.jpg \/><\/a><br \/>\n^ Weg vom Katterj\u00e5kk-KSSL zum Parkplatz, wird auch langsam knapp mit dem Schnee<\/p>\n<p>In Riksgr\u00e4nsen waren wegen des Wochenendes abends wieder viel mehr junge Leute unterwegs, also Skifahrer\/Border. K\u00f6nnte morgen also wieder voller werden. Und: nachts lauter, also wohl keine gute Idee, heute am Parkplatz nahe des Supermarkts zu n\u00e4chtigen, zumal es ja abends auch noch Skibetrieb geben k\u00f6nnte. <\/p>\n<p>Um 2 Uhr (also nach Sonnenaufgang) kam am kleinen Parkplatz vor Bj\u00f6rkliden noch so ein bl\u00f6der Camper oder Kleintransporter aus Serbien an, der l\u00e4nger und direkt um mich herum nach einem geeigneten Standplatz rumfahren musste und den Motor danach noch einige Zeit laufen lassen musste und mich damit nat\u00fcrlich aufweckte :(<\/p>\n","protected":false},"excerpt":{"rendered":"<p>21.5.2021<\/p>\n<p>Da ich davon ausging, heute Ski zu fahren, fuhr ich morgens nach Riksgr\u00e4nsen. W\u00e4hrend es zwischen Bj\u00f6rkliden und Riksgr\u00e4nsen etwas blauen Himmel gab, war es in Riksgr\u00e4nsen mal wieder neblig an der Mittelstation, aber auch recht blau an der Bergstation, bevor der Nebel wenig sp\u00e4ter aufstieg.<\/p>\n<p>Die Wettervorhersagen melden nun wieder Temperaturen unter 0\u00b0 <a href=\"http:\/\/blog.inmontanis.info\/?p=6824\">[&#8230;]<\/a><\/p>\n","protected":false},"author":1,"featured_media":0,"comment_status":"closed","ping_status":"closed","sticky":false,"template":"","format":"standard","meta":{"footnotes":""},"categories":[184,636,19,27],"tags":[],"class_list":["post-6824","post","type-post","status-publish","format-standard","hentry","category-2021-01-skandinavien","category-riksgransen","category-schwedensweden","category-skifahren-winterskiing-winter","odd"],"_links":{"self":[{"href":"http:\/\/blog.inmontanis.info\/index.php?rest_route=\/wp\/v2\/posts\/6824","targetHints":{"allow":["GET"]}}],"collection":[{"href":"http:\/\/blog.inmontanis.info\/index.php?rest_route=\/wp\/v2\/posts"}],"about":[{"href":"http:\/\/blog.inmontanis.info\/index.php?rest_route=\/wp\/v2\/types\/post"}],"author":[{"embeddable":true,"href":"http:\/\/blog.inmontanis.info\/index.php?rest_route=\/wp\/v2\/users\/1"}],"replies":[{"embeddable":true,"href":"http:\/\/blog.inmontanis.info\/index.php?rest_route=%2Fwp%2Fv2%2Fcomments&post=6824"}],"version-history":[{"count":2,"href":"http:\/\/blog.inmontanis.info\/index.php?rest_route=\/wp\/v2\/posts\/6824\/revisions"}],"predecessor-version":[{"id":6826,"href":"http:\/\/blog.inmontanis.info\/index.php?rest_route=\/wp\/v2\/posts\/6824\/revisions\/6826"}],"wp:attachment":[{"href":"http:\/\/blog.inmontanis.info\/index.php?rest_route=%2Fwp%2Fv2%2Fmedia&parent=6824"}],"wp:term":[{"taxonomy":"category","embeddable":true,"href":"http:\/\/blog.inmontanis.info\/index.php?rest_route=%2Fwp%2Fv2%2Fcategories&post=6824"},{"taxonomy":"post_tag","embeddable":true,"href":"http:\/\/blog.inmontanis.info\/index.php?rest_route=%2Fwp%2Fv2%2Ftags&post=6824"}],"curies":[{"name":"wp","href":"https:\/\/api.w.org\/{rel}","templated":true}]}}