{"id":6820,"date":"2021-05-20T20:37:20","date_gmt":"2021-05-20T18:37:20","guid":{"rendered":"http:\/\/blog.inmontanis.info\/?p=6820"},"modified":"2023-08-05T13:36:16","modified_gmt":"2023-08-05T11:36:16","slug":"abiskojakka-20-5-2021","status":"publish","type":"post","link":"http:\/\/blog.inmontanis.info\/?p=6820","title":{"rendered":"Abiskoj\u00e5kka, 20.5.2021"},"content":{"rendered":"<p><strong>20.5.2021<\/strong><\/p>\n<p>Leider keine gute Nacht heute gewesen. War an dem Rastplatz nahe Bj\u00f6rkliden, aber heute st\u00f6rte nicht nur Wind und LKW-Verkehr, sondern insbesondere viele Z\u00fcge, die man 5-10x tuten h\u00f6rte pro Fahrt, obwohl hier die Zugstrecke sogar recht weit entfernt ist :( <\/p>\n<p>Morgens hier bew\u00f6lkter Himmel, im Skigebiet lt. Webcam Nebel. Status um 11 Uhr: Weiterhin Nebel auf Mittel- und Bergstations-Webcam. Dann werd ich heute mal auslassen und auf besseres Wetter morgen hoffen. <\/p>\n<p>Bin stattdessen in die andere Richtung gefahren, nach Abisko, da sollte es eine nette Schlucht geben, die ich mir mal anschauen k\u00f6nnte. Bis ich dort war (nach Supermarktbesuch und Handyspielen, in der Hoffnug auf besseres Wetter nachmittags), war es zwar 16 Uhr, aber nach wie vor kaum Sonne.<\/p>\n<p><a href='http:\/\/extra.inmontanis.info\/d\/62717-2\/DSC00889.jpg'><img src=http:\/\/extra.inmontanis.info\/d\/62716-3\/DSC00889.jpg \/><\/a><br \/>\n^ Grenzverteidigungsmuseum in Abisko, hatte ich mir nicht n\u00e4her angesehen. Es wurde aber auch der Bau der Stra\u00dfe thematisiert, die ja erst Anfang der 1980er fertig wurde. Das Milit\u00e4r war damals mit dem Bau nur einverstanden, wenn sie neben dem Zug gebaut w\u00fcrde, damit man beides zusammen leichter verteidigen kann.<\/p>\n<p><a href='http:\/\/extra.inmontanis.info\/d\/62721-2\/DSC00890.jpg'><img src=http:\/\/extra.inmontanis.info\/d\/62720-3\/DSC00890.jpg \/><\/a><br \/>\n^ Grenzverteidigungsmuseum in Abisko<\/p>\n<p><a href='http:\/\/extra.inmontanis.info\/d\/62725-2\/DSC00893.jpg'><img src=http:\/\/extra.inmontanis.info\/d\/62724-3\/DSC00893.jpg \/><\/a><br \/>\n^ Schlucht am Abiskoj\u00e5kka<\/p>\n<p><a href='http:\/\/extra.inmontanis.info\/d\/62729-2\/DSC00895.jpg'><img src=http:\/\/extra.inmontanis.info\/d\/62728-3\/DSC00895.jpg \/><\/a><br \/>\n^ Enige Zeit geht ein Weg die Schlucht entlang, an dem es auch Winterdienst gibt<\/p>\n<p><a href='http:\/\/extra.inmontanis.info\/d\/62733-2\/DSC00899.jpg'><img src=http:\/\/extra.inmontanis.info\/d\/62732-3\/DSC00899.jpg \/><\/a><br \/>\n^ Der Fluss unterquert die Stra\u00dfe durch einen Tunnel&#8230;<\/p>\n<p><a href='http:\/\/extra.inmontanis.info\/d\/62737-2\/DSC00898.jpg'><img src=http:\/\/extra.inmontanis.info\/d\/62736-3\/DSC00898.jpg \/><\/a><br \/>\n^ .. der Tunnel wurde aber beim Bau der Eisenbahn gebaut, damit man sich die Br\u00fccke einspart. D.h. also wohl, dass der Zug fr\u00fcher dort fuhr, wo jetzt die Stra\u00dfe ist.<\/p>\n<p><a href='http:\/\/extra.inmontanis.info\/d\/62741-2\/DSC00900.jpg'><img src=http:\/\/extra.inmontanis.info\/d\/62740-3\/DSC00900.jpg \/><\/a><br \/>\n^ Auch ein kleines Wasserkraftwerk gab es hier mal<\/p>\n<p><a href='http:\/\/extra.inmontanis.info\/d\/62745-2\/DSC00901.jpg'><img src=http:\/\/extra.inmontanis.info\/d\/62744-3\/DSC00901.jpg \/><\/a><br \/>\n^ \u00dcberreste des Wasserkraftwerks<\/p>\n<p><a href='http:\/\/extra.inmontanis.info\/d\/62749-2\/DSC00903.jpg'><img src=http:\/\/extra.inmontanis.info\/d\/62748-3\/DSC00903.jpg \/><\/a><br \/>\n^ Abisko Nationalpark mit Blick zum Skigebiet<\/p>\n<p><a href='http:\/\/extra.inmontanis.info\/d\/62753-2\/DSC00904.jpg'><img src=http:\/\/extra.inmontanis.info\/d\/62752-3\/DSC00904.jpg \/><\/a><br \/>\n^ Ende des Winterwegs, ich ging noch bis zur Br\u00fccke und rechts auf den H\u00fcgel<\/p>\n<p><a href='http:\/\/extra.inmontanis.info\/d\/62757-2\/DSC00906.jpg'><img src=http:\/\/extra.inmontanis.info\/d\/62756-3\/DSC00906.jpg \/><\/a><br \/>\n^ Hier kann man dann direkt an die Schlucht gehen und runterfallen<\/p>\n<p><a href='http:\/\/extra.inmontanis.info\/d\/62761-2\/DSC00908.jpg'><img src=http:\/\/extra.inmontanis.info\/d\/62760-3\/DSC00908.jpg \/><\/a><br \/>\n^ Abiskoj\u00e5kka<\/p>\n<p><a href='http:\/\/extra.inmontanis.info\/d\/62765-2\/DSC00912.jpg'><img src=http:\/\/extra.inmontanis.info\/d\/62764-3\/DSC00912.jpg \/><\/a><br \/>\n^ <\/p>\n<p><a href='http:\/\/extra.inmontanis.info\/d\/62769-2\/DSC00914.jpg'><img src=http:\/\/extra.inmontanis.info\/d\/62768-3\/DSC00914.jpg \/><\/a><br \/>\n^ <\/p>\n<p><a href='http:\/\/extra.inmontanis.info\/d\/62773-2\/DSC00916.jpg'><img src=http:\/\/extra.inmontanis.info\/d\/62772-3\/DSC00916.jpg \/><\/a><br \/>\n^ <\/p>\n<p><a href='http:\/\/extra.inmontanis.info\/d\/62777-2\/DSC00918.jpg'><img src=http:\/\/extra.inmontanis.info\/d\/62776-3\/DSC00918.jpg \/><\/a><br \/>\n^ <\/p>\n<p><a href='http:\/\/extra.inmontanis.info\/d\/62781-2\/DSC00920.jpg'><img src=http:\/\/extra.inmontanis.info\/d\/62780-3\/DSC00920.jpg \/><\/a><br \/>\n^ Der Schaum zeichnete wie Nordlichter laufend interessante Motive ins Wasser. Ja, Nordlichter kamen etwas zu kurz auf meiner Tour. Da ist Herbst doch die angenehmere Jahreszeit &#8211; noch nicht gar so kalt wie im Winter. <\/p>\n<p><a href='http:\/\/extra.inmontanis.info\/d\/62785-2\/DSC00921.jpg'><img src=http:\/\/extra.inmontanis.info\/d\/62784-3\/DSC00921.jpg \/><\/a><br \/>\n^ Die Fu\u00dfg\u00e4ngerbr\u00fccke<\/p>\n<p><a href='http:\/\/extra.inmontanis.info\/d\/62789-2\/DSC00924.jpg'><img src=http:\/\/extra.inmontanis.info\/d\/62788-3\/DSC00924.jpg \/><\/a><br \/>\n^ Wasserstandsmessung<\/p>\n<p><a href='http:\/\/extra.inmontanis.info\/d\/62793-2\/DSC00925.jpg'><img src=http:\/\/extra.inmontanis.info\/d\/62792-3\/DSC00925.jpg \/><\/a><br \/>\n^ Die Fu\u00dfg\u00e4ngerbr\u00fccke<\/p>\n<p><a href='http:\/\/extra.inmontanis.info\/d\/62797-2\/DSC00926.jpg'><img src=http:\/\/extra.inmontanis.info\/d\/62796-3\/DSC00926.jpg \/><\/a><br \/>\n^ Schlucht bergw\u00e4rts<\/p>\n<p><a href='http:\/\/extra.inmontanis.info\/d\/62801-2\/DSC00927.jpg'><img src=http:\/\/extra.inmontanis.info\/d\/62800-3\/DSC00927.jpg \/><\/a><br \/>\n^ Schlucht talw\u00e4rts<\/p>\n<p><a href='http:\/\/extra.inmontanis.info\/d\/62805-2\/DSC00928.jpg'><img src=http:\/\/extra.inmontanis.info\/d\/62804-3\/DSC00928.jpg \/><\/a><br \/>\n^ Br\u00fccke und Skigebiet<\/p>\n<p><a href='http:\/\/extra.inmontanis.info\/d\/62809-2\/DSC00931.jpg'><img src=http:\/\/extra.inmontanis.info\/d\/62808-3\/DSC00931.jpg \/><\/a><br \/>\n^ Abiskoj\u00e5kka und Tornetr\u00e4sk<\/p>\n<p><a href='http:\/\/extra.inmontanis.info\/d\/62813-2\/DSC00932.jpg'><img src=http:\/\/extra.inmontanis.info\/d\/62812-3\/DSC00932.jpg \/><\/a><br \/>\n^ <\/p>\n<p><a href='http:\/\/extra.inmontanis.info\/d\/62817-2\/DSC00933.jpg'><img src=http:\/\/extra.inmontanis.info\/d\/62816-3\/DSC00933.jpg \/><\/a><br \/>\n^ Abiskoj\u00e5kka und Tornetr\u00e4sk<\/p>\n<p><a href='http:\/\/extra.inmontanis.info\/d\/62821-2\/DSC00936.jpg'><img src=http:\/\/extra.inmontanis.info\/d\/62820-3\/DSC00936.jpg \/><\/a><br \/>\n^ In Riksgr\u00e4nsen f\u00e4llt pro Jahr 3x so viel Niederschlag. Das hab ich an den Schneemengen heuer locker gesehen. Und am meist schlechteren Wetter in Riksgr\u00e4nsen auch.<\/p>\n<p><a href='http:\/\/extra.inmontanis.info\/d\/62825-2\/DSC00937.jpg'><img src=http:\/\/extra.inmontanis.info\/d\/62824-3\/DSC00937.jpg \/><\/a><br \/>\n^ Von dem kleinen Aussichtsh\u00fcgel<\/p>\n<p><a href='http:\/\/extra.inmontanis.info\/d\/62829-2\/DSC00938.jpg'><img src=http:\/\/extra.inmontanis.info\/d\/62828-3\/DSC00938.jpg \/><\/a><br \/>\n^ Fu\u00dfg\u00e4ngerunterf\u00fchrung unter der Stra\u00dfe<\/p>\n<p><a href='http:\/\/extra.inmontanis.info\/d\/62833-2\/DSC00941.jpg'><img src=http:\/\/extra.inmontanis.info\/d\/62832-3\/DSC00941.jpg \/><\/a><br \/>\n^ Hier ist der Fluss ganz sch\u00f6n kraftvoll, wenn er in den Tunnel reingeht.<\/p>\n<p><a href='http:\/\/extra.inmontanis.info\/d\/62837-2\/DSC00942.jpg'><img src=http:\/\/extra.inmontanis.info\/d\/62836-3\/DSC00942.jpg \/><\/a><br \/>\n^ Der Zug hat mittlerweile eine Br\u00fccke bekommen<\/p>\n<p><a href='http:\/\/extra.inmontanis.info\/d\/62841-2\/DSC00943.jpg'><img src=http:\/\/extra.inmontanis.info\/d\/62840-3\/DSC00943.jpg \/><\/a><br \/>\n^ Was das mal war, wird aber hier nirgends erkl\u00e4rt.<\/p>\n<p><a href='http:\/\/extra.inmontanis.info\/d\/62845-2\/DSC00945.jpg'><img src=http:\/\/extra.inmontanis.info\/d\/62844-3\/DSC00945.jpg \/><\/a><br \/>\n^ .. vielleicht eine Fu\u00dfg\u00e4ngerbr\u00fccke aus Zeiten vor der Eisenbahn?<\/p>\n<p><a href='http:\/\/extra.inmontanis.info\/d\/62849-2\/DSC00948.jpg'><img src=http:\/\/extra.inmontanis.info\/d\/62848-3\/DSC00948.jpg \/><\/a><br \/>\n^ Br\u00fccken<\/p>\n<p><a href='http:\/\/extra.inmontanis.info\/d\/62853-2\/DSC00949.jpg'><img src=http:\/\/extra.inmontanis.info\/d\/62852-3\/DSC00949.jpg \/><\/a><br \/>\n^ Hier bin ich nicht mehr weiter, sondern wieder umgekehrt.<\/p>\n<p><a href='http:\/\/extra.inmontanis.info\/d\/62857-2\/DSC00952.jpg'><img src=http:\/\/extra.inmontanis.info\/d\/62856-3\/DSC00952.jpg \/><\/a><br \/>\n^ Die vielleicht mittelalterliche Br\u00fccke oder Wasserentnahme oder auch nur ein Schei\u00dfhaus, wer wei\u00df ;)<\/p>\n<p><a href='http:\/\/extra.inmontanis.info\/d\/62861-2\/DSC00954.jpg'><img src=http:\/\/extra.inmontanis.info\/d\/62860-3\/DSC00954.jpg \/><\/a><br \/>\n^ Abiskoj\u00e5kka, Tunnel, Br\u00fccken (die erste geht zur DSB) und Tornetr\u00e4sk<\/p>\n<p><a href='http:\/\/extra.inmontanis.info\/d\/62865-2\/DSC00955.jpg'><img src=http:\/\/extra.inmontanis.info\/d\/62864-3\/DSC00955.jpg \/><\/a><br \/>\n^ Gr\u00f6\u00dfenunterschied zweier Camper ;) Hier darf man allerdings nicht \u00fcbernachten. Naja, neben dem Bahnhof ists eh nicht so angenehm.<\/p>\n<p>\u00dcbernachtet wird diesmal wieder am kleinen Parkplatz nach dem Rastplatz zwischen Bj\u00f6rkliden und Riksgr\u00e4nsen, da stand heute ein schweizer Wohnmobil &#8211; vorhin in Abisko war ein deutscher Camper, wie auch (ein anderes, auch Deutsche) am gestrigen Platz war. Mittlerweile sind doch wieder mehr Touristen in Schweden unterwegs.<\/p>\n<p><a href='http:\/\/extra.inmontanis.info\/d\/62869-2\/DSC00956.jpg'><img src=http:\/\/extra.inmontanis.info\/d\/62868-3\/DSC00956.jpg \/><\/a><br \/>\n^ Abendessen; die Tikka-Masala-Sauce war mir gestern (mit der Elchwurst und Nudeln) etwas zu scharf, Reis braucht zu lang zum Kochen, also probierte ich es mal mit Reisnudeln und K\u00f6ttbullar, also Hackfleischb\u00e4llchen. Etwas weniger Sauce genommen und dann gings besser.<\/p>\n<p><a href='http:\/\/extra.inmontanis.info\/d\/62873-2\/DSC00961.jpg'><img src=http:\/\/extra.inmontanis.info\/d\/62872-3\/DSC00961.jpg \/><\/a><br \/>\n^ Am \u00dcbernachtungsparkplatz um 22:25 Uhr, Sonnenuntergang soll heute um 23:42 Uhr sein, ab 25.5. offiziell kein Sonnenuntergang mehr, wei\u00df aber nicht, inwieweit die Berge dabei ber\u00fccksichtigt werden.<\/p>\n","protected":false},"excerpt":{"rendered":"<p>20.5.2021<\/p>\n<p>Leider keine gute Nacht heute gewesen. War an dem Rastplatz nahe Bj\u00f6rkliden, aber heute st\u00f6rte nicht nur Wind und LKW-Verkehr, sondern insbesondere viele Z\u00fcge, die man 5-10x tuten h\u00f6rte pro Fahrt, obwohl hier die Zugstrecke sogar recht weit entfernt ist :( <\/p>\n<p>Morgens hier bew\u00f6lkter Himmel, im Skigebiet lt. Webcam Nebel. Status um 11 <a href=\"http:\/\/blog.inmontanis.info\/?p=6820\">[&#8230;]<\/a><\/p>\n","protected":false},"author":1,"featured_media":0,"comment_status":"closed","ping_status":"closed","sticky":false,"template":"","format":"standard","meta":{"footnotes":""},"categories":[184,695,19,30],"tags":[45,86],"class_list":["post-6820","post","type-post","status-publish","format-standard","hentry","category-2021-01-skandinavien","category-abisko","category-schwedensweden","category-wandern","tag-see","tag-wasserfall","odd"],"_links":{"self":[{"href":"http:\/\/blog.inmontanis.info\/index.php?rest_route=\/wp\/v2\/posts\/6820","targetHints":{"allow":["GET"]}}],"collection":[{"href":"http:\/\/blog.inmontanis.info\/index.php?rest_route=\/wp\/v2\/posts"}],"about":[{"href":"http:\/\/blog.inmontanis.info\/index.php?rest_route=\/wp\/v2\/types\/post"}],"author":[{"embeddable":true,"href":"http:\/\/blog.inmontanis.info\/index.php?rest_route=\/wp\/v2\/users\/1"}],"replies":[{"embeddable":true,"href":"http:\/\/blog.inmontanis.info\/index.php?rest_route=%2Fwp%2Fv2%2Fcomments&post=6820"}],"version-history":[{"count":3,"href":"http:\/\/blog.inmontanis.info\/index.php?rest_route=\/wp\/v2\/posts\/6820\/revisions"}],"predecessor-version":[{"id":6823,"href":"http:\/\/blog.inmontanis.info\/index.php?rest_route=\/wp\/v2\/posts\/6820\/revisions\/6823"}],"wp:attachment":[{"href":"http:\/\/blog.inmontanis.info\/index.php?rest_route=%2Fwp%2Fv2%2Fmedia&parent=6820"}],"wp:term":[{"taxonomy":"category","embeddable":true,"href":"http:\/\/blog.inmontanis.info\/index.php?rest_route=%2Fwp%2Fv2%2Fcategories&post=6820"},{"taxonomy":"post_tag","embeddable":true,"href":"http:\/\/blog.inmontanis.info\/index.php?rest_route=%2Fwp%2Fv2%2Ftags&post=6820"}],"curies":[{"name":"wp","href":"https:\/\/api.w.org\/{rel}","templated":true}]}}