{"id":6817,"date":"2021-05-19T18:10:19","date_gmt":"2021-05-19T16:10:19","guid":{"rendered":"http:\/\/blog.inmontanis.info\/?p=6817"},"modified":"2023-08-05T12:11:21","modified_gmt":"2023-08-05T10:11:21","slug":"riksgransen-19-5-2021","status":"publish","type":"post","link":"http:\/\/blog.inmontanis.info\/?p=6817","title":{"rendered":"Riksgr\u00e4nsen, 19.5.2021"},"content":{"rendered":"<p><strong>19.5.2021<\/strong><\/p>\n<p>Wetter heute Morgen? Aufgelockert bew\u00f6lkt. Also nat\u00fcrlich Skitag heute. War etwas weniger bremsend als gestern. Aber erstmal nur onpiste, offpiste umgekehrt?!<\/p>\n<p>Im Laufe des Nachmittags wurde es offpiste doch noch sch\u00f6ner, also weich, aber weniger pappig und so blieb ich heute fast nur an den Sesselbahnen.<\/p>\n<p>W\u00e4hrend ich mir zu Mittag dachte, morgen egal bei welchem Wetter eine Pause einzulegen, bin ich mir nachmittags nicht mehr so sicher &#8211; war ja doch wieder ganz nett und Nicht-Skifahren kann man auch ab n\u00e4chster Woche noch oft genug &#8230;<\/p>\n<p>Um 15 Uhr sah ich von der DSB aus einen Bediensteten an der vermeintlich ehemaligen Mittelstation oder Ex-Talstation oder Ex-Bergstation und bin hin gefahren und hab gefragt, ob da irgendwelche Reste eines ehemaligen Lifts drin zu finden w\u00e4ren, was er verneinte: Es sei dies fr\u00fcher mal eine Pistenmaschinen-Garage gewesen &#8211; und aktuell nur noch ein Lagerraum. Schade :( Bl\u00f6derweise hab ich nicht nachgefragt, ob vielleicht an der Talstation noch Reste vom Korblift vorhanden w\u00e4ren &#8211; aber da kann man vermutlich davon ausgehen, dass das auch nicht der Fall sein wird.<\/p>\n<p>Durch die vermehrten Wolken zog der Schne um 15 Uhr etwas an. Nene, das w\u00fcrde morgen Abend mit dem Mitternachtskifahren wohl keinen Spa\u00df machen. Nachmittags waren an der Katterj\u00e5kk-KSSL-Abfahrt die Pistenbegrenzungen schon wegger\u00e4umt &#8211; ein schlechtes Omen f\u00fcr dessen Offenbleiben in den n\u00e4chsten Tagen? (Spoiler: Nein.)<\/p>\n<p><a href='http:\/\/ski.inmontanis.info\/d\/295087-2\/DSC00860.jpg'><img src=http:\/\/ski.inmontanis.info\/d\/295086-3\/DSC00860.jpg \/><\/a><br \/>\n^ Katterj\u00e5kk-KSSL<\/p>\n<p><a href='http:\/\/ski.inmontanis.info\/d\/295091-2\/DSC00864.jpg'><img src=http:\/\/ski.inmontanis.info\/d\/295090-3\/DSC00864.jpg \/><\/a><br \/>\n^ Zur DSB, links die steilen Offpistebereiche<\/p>\n<p><a href='http:\/\/ski.inmontanis.info\/d\/295095-2\/DSC00865.jpg'><img src=http:\/\/ski.inmontanis.info\/d\/295094-3\/DSC00865.jpg \/><\/a><br \/>\n^ Am oberen Nordals-KSSL hat sich ein See gebildet, daher wurde die Abfahrt zum Tellerlift umgeleitet. Hatte aber nicht den Eindruck, die Abfahrt w\u00e4re heute frisch pr\u00e4pariert gewesen.<\/p>\n<p><a href='http:\/\/ski.inmontanis.info\/d\/295099-2\/DSC00866.jpg'><img src=http:\/\/ski.inmontanis.info\/d\/295098-3\/DSC00866.jpg \/><\/a><br \/>\n^ <\/p>\n<p><a href='http:\/\/ski.inmontanis.info\/d\/295103-2\/DSC00870.jpg'><img src=http:\/\/ski.inmontanis.info\/d\/295102-3\/DSC00870.jpg \/><\/a><br \/>\n^ ZwiDeSe quasi ;)<\/p>\n<p><a href='http:\/\/ski.inmontanis.info\/d\/295107-2\/DSC00872.jpg'><img src=http:\/\/ski.inmontanis.info\/d\/295106-3\/DSC00872.jpg \/><\/a><br \/>\n^ <\/p>\n<p><a href='http:\/\/ski.inmontanis.info\/d\/295111-2\/DSC00875.jpg'><img src=http:\/\/ski.inmontanis.info\/d\/295110-3\/DSC00875.jpg \/><\/a><br \/>\n^ <\/p>\n<p><a href='http:\/\/ski.inmontanis.info\/d\/295115-2\/DSC00878.jpg'><img src=http:\/\/ski.inmontanis.info\/d\/295114-3\/DSC00878.jpg \/><\/a><br \/>\n^ <\/p>\n<p><a href='http:\/\/ski.inmontanis.info\/d\/295119-2\/DSC00879.jpg'><img src=http:\/\/ski.inmontanis.info\/d\/295118-3\/DSC00879.jpg \/><\/a><br \/>\n^ Kleiner Wasserfall<\/p>\n<p><a href='http:\/\/ski.inmontanis.info\/d\/295123-2\/DSC00880.jpg'><img src=http:\/\/ski.inmontanis.info\/d\/295122-3\/DSC00880.jpg \/><\/a><br \/>\n^ <\/p>\n<p><a href='http:\/\/ski.inmontanis.info\/d\/295127-2\/DSC00885.jpg'><img src=http:\/\/ski.inmontanis.info\/d\/295126-3\/DSC00885.jpg \/><\/a><br \/>\n^ <\/p>\n<p><a href='http:\/\/ski.inmontanis.info\/d\/295131-2\/DSC00886.jpg'><img src=http:\/\/ski.inmontanis.info\/d\/295130-3\/DSC00886.jpg \/><\/a><br \/>\n^ In der Unterf\u00fchrung vom KSSL zum Parkplatz hat sich auch ein See gebildet<\/p>\n<p>Das kleine Skigebiet in Kiruna hatte heute \u00fcbrigens seinen letzten Tag &#8211; mit gratis Skibetrieb von 16-20h. Auch dort war die Schneeschmelze also zu stark die letzten Tage. <\/p>\n","protected":false},"excerpt":{"rendered":"<p>19.5.2021<\/p>\n<p>Wetter heute Morgen? Aufgelockert bew\u00f6lkt. Also nat\u00fcrlich Skitag heute. War etwas weniger bremsend als gestern. Aber erstmal nur onpiste, offpiste umgekehrt?!<\/p>\n<p>Im Laufe des Nachmittags wurde es offpiste doch noch sch\u00f6ner, also weich, aber weniger pappig und so blieb ich heute fast nur an den Sesselbahnen.<\/p>\n<p>W\u00e4hrend ich mir zu Mittag dachte, morgen egal <a href=\"http:\/\/blog.inmontanis.info\/?p=6817\">[&#8230;]<\/a><\/p>\n","protected":false},"author":1,"featured_media":0,"comment_status":"closed","ping_status":"closed","sticky":false,"template":"","format":"standard","meta":{"footnotes":""},"categories":[184,636,19,27],"tags":[48,45],"class_list":["post-6817","post","type-post","status-publish","format-standard","hentry","category-2021-01-skandinavien","category-riksgransen","category-schwedensweden","category-skifahren-winterskiing-winter","tag-kssl","tag-see","odd"],"_links":{"self":[{"href":"http:\/\/blog.inmontanis.info\/index.php?rest_route=\/wp\/v2\/posts\/6817","targetHints":{"allow":["GET"]}}],"collection":[{"href":"http:\/\/blog.inmontanis.info\/index.php?rest_route=\/wp\/v2\/posts"}],"about":[{"href":"http:\/\/blog.inmontanis.info\/index.php?rest_route=\/wp\/v2\/types\/post"}],"author":[{"embeddable":true,"href":"http:\/\/blog.inmontanis.info\/index.php?rest_route=\/wp\/v2\/users\/1"}],"replies":[{"embeddable":true,"href":"http:\/\/blog.inmontanis.info\/index.php?rest_route=%2Fwp%2Fv2%2Fcomments&post=6817"}],"version-history":[{"count":2,"href":"http:\/\/blog.inmontanis.info\/index.php?rest_route=\/wp\/v2\/posts\/6817\/revisions"}],"predecessor-version":[{"id":6819,"href":"http:\/\/blog.inmontanis.info\/index.php?rest_route=\/wp\/v2\/posts\/6817\/revisions\/6819"}],"wp:attachment":[{"href":"http:\/\/blog.inmontanis.info\/index.php?rest_route=%2Fwp%2Fv2%2Fmedia&parent=6817"}],"wp:term":[{"taxonomy":"category","embeddable":true,"href":"http:\/\/blog.inmontanis.info\/index.php?rest_route=%2Fwp%2Fv2%2Fcategories&post=6817"},{"taxonomy":"post_tag","embeddable":true,"href":"http:\/\/blog.inmontanis.info\/index.php?rest_route=%2Fwp%2Fv2%2Ftags&post=6817"}],"curies":[{"name":"wp","href":"https:\/\/api.w.org\/{rel}","templated":true}]}}