{"id":6813,"date":"2021-05-18T21:10:41","date_gmt":"2021-05-18T19:10:41","guid":{"rendered":"http:\/\/blog.inmontanis.info\/?p=6813"},"modified":"2023-08-05T12:11:35","modified_gmt":"2023-08-05T10:11:35","slug":"riksgransen-18-5-2021","status":"publish","type":"post","link":"http:\/\/blog.inmontanis.info\/?p=6813","title":{"rendered":"Riksgr\u00e4nsen, 18.5.2021"},"content":{"rendered":"<p><strong>18.5.2021<\/strong><\/p>\n<p>Die Nacht \u00fcber und am Morgen regnete es und morgens h\u00f6rte ich ein paar M\u00f6wen am Parkplatz hier in der N\u00e4he von Bj\u00f6rkliden.<\/p>\n<p>Aber alle 3 Wetterberichte (NO+SE+FI) meldeten ab 10 Uhr wolkenlosen Sonnenschein in Riksgr\u00e4nsen, also dann hoff ich halt mal, dass es diesmal stimmt. Um 10 Uhr am Katterj\u00e5kk-KSSL angekommen, war es bereits recht sonnig, aber auch recht windig. Der Schnee war leider nass und bremsend, hatte wohl auch hier geregnet.<\/p>\n<p>Die Abfahrt am Katterj\u00e5kk-KSSL hat auch bald schneearme Stellen, mal gespannt, ob der noch bis Sonntag offen bleiben wird&#8230;<\/p>\n<p>Hier und da gabs aber doch noch recht brauchbare Verh\u00e4ltnisse und jedenfalls war es heute tats\u00e4chlich mal etwas sonniger. Auch wenn zeitweise l\u00e4nger gr\u00f6\u00dfere Wolken die Sonne abschirmten. Also &#8220;wolkenlos&#8221; geht anders.<\/p>\n<p><a href='http:\/\/ski.inmontanis.info\/d\/294975-2\/DSC00794.jpg'><img src=http:\/\/ski.inmontanis.info\/d\/294974-3\/DSC00794.jpg \/><\/a><br \/>\n^ Endlich mal blauer Himmel<\/p>\n<p><a href='http:\/\/ski.inmontanis.info\/d\/294979-2\/DSC00795.jpg'><img src=http:\/\/ski.inmontanis.info\/d\/294978-3\/DSC00795.jpg \/><\/a><br \/>\n^ Ex-Korblift-Talstation und Strecke<\/p>\n<p><a href='http:\/\/ski.inmontanis.info\/d\/294983-2\/DSC00803.jpg'><img src=http:\/\/ski.inmontanis.info\/d\/294982-3\/DSC00803.jpg \/><\/a><br \/>\n^ Offpiste rechts der 3SB<\/p>\n<p><a href='http:\/\/ski.inmontanis.info\/d\/294987-2\/DSC00805.jpg'><img src=http:\/\/ski.inmontanis.info\/d\/294986-3\/DSC00805.jpg \/><\/a><br \/>\n^ Offpiste rechts der DSB<\/p>\n<p><a href='http:\/\/ski.inmontanis.info\/d\/294991-2\/DSC00816.jpg'><img src=http:\/\/ski.inmontanis.info\/d\/294990-3\/DSC00816.jpg \/><\/a><br \/>\n^ Blick durchs Fenster an der Ex-Korblift-Bergstation oder was das auch immer war<\/p>\n<p><a href='http:\/\/ski.inmontanis.info\/d\/294995-2\/DSC00818.jpg'><img src=http:\/\/ski.inmontanis.info\/d\/294994-3\/DSC00818.jpg \/><\/a><br \/>\n^ Bereich Ex-Korblift-Bergstation mit Fundament<\/p>\n<p><a href='http:\/\/ski.inmontanis.info\/d\/294999-2\/DSC00820.jpg'><img src=http:\/\/ski.inmontanis.info\/d\/294998-3\/DSC00820.jpg \/><\/a><br \/>\n^ Blick zur 3SB<\/p>\n<p><a href='http:\/\/ski.inmontanis.info\/d\/295003-2\/DSC00821.jpg'><img src=http:\/\/ski.inmontanis.info\/d\/295002-3\/DSC00821.jpg \/><\/a><br \/>\n^ Offpistebereich Branten<\/p>\n<p><a href='http:\/\/ski.inmontanis.info\/d\/295007-2\/DSC00822.jpg'><img src=http:\/\/ski.inmontanis.info\/d\/295006-3\/DSC00822.jpg \/><\/a><br \/>\n^ Offpiste links der DSB<\/p>\n<p><a href='http:\/\/ski.inmontanis.info\/d\/295011-2\/DSC00823.jpg'><img src=http:\/\/ski.inmontanis.info\/d\/295010-3\/DSC00823.jpg \/><\/a><br \/>\n^ Auf dem Eis der Seen liegt nun ein weiterer See vom Regen und dem schmelzenden Schnee<\/p>\n<p><a href='http:\/\/ski.inmontanis.info\/d\/295015-2\/DSC00826.jpg'><img src=http:\/\/ski.inmontanis.info\/d\/295014-3\/DSC00826.jpg \/><\/a><br \/>\n^ Offpiste links der 3SB<\/p>\n<p><a href='http:\/\/ski.inmontanis.info\/d\/295019-2\/DSC00827.jpg'><img src=http:\/\/ski.inmontanis.info\/d\/295018-3\/DSC00827.jpg \/><\/a><br \/>\n^ Offpiste links der DSB<\/p>\n<p><a href='http:\/\/ski.inmontanis.info\/d\/295023-2\/DSC00828.jpg'><img src=http:\/\/ski.inmontanis.info\/d\/295022-3\/DSC00828.jpg \/><\/a><br \/>\n^ Unter der Ex-Korblift-Talstation liegt was&#8230;<\/p>\n<p><a href='http:\/\/ski.inmontanis.info\/d\/295027-2\/DSC00829.jpg'><img src=http:\/\/ski.inmontanis.info\/d\/295026-3\/DSC00829.jpg \/><\/a><br \/>\n^ .. und zwar ein alter DSB-Sessel mit Seitw\u00e4rtsschlie\u00dfb\u00fcgel. Na sowas. Evtl. ehemalige Sessel der DSB Sektion 1 oder war das der 3SB-Vorg\u00e4nger im oberen Bereich?<\/p>\n<p><a href='http:\/\/ski.inmontanis.info\/d\/295031-2\/DSC00831.jpg'><img src=http:\/\/ski.inmontanis.info\/d\/295030-3\/DSC00831.jpg \/><\/a><br \/>\n^ Mit leichter Versp\u00e4tung komme ich nun Gerrits Wunsch nach Schlittenhundfotos nach ..<\/p>\n<p><a href='http:\/\/ski.inmontanis.info\/d\/295035-2\/DSC00832.jpg'><img src=http:\/\/ski.inmontanis.info\/d\/295034-3\/DSC00832.jpg \/><\/a><br \/>\n^ .. und noch eines.<\/p>\n<p><a href='http:\/\/ski.inmontanis.info\/d\/295039-2\/DSC00833.jpg'><img src=http:\/\/ski.inmontanis.info\/d\/295038-3\/DSC00833.jpg \/><\/a><br \/>\n^ Mehr oder weniger zuf\u00e4llig erwischte ich heute auch endlich mal den goldenen Sessel<\/p>\n<p><a href='http:\/\/ski.inmontanis.info\/d\/295043-2\/DSC00834.jpg'><img src=http:\/\/ski.inmontanis.info\/d\/295042-3\/DSC00834.jpg \/><\/a><br \/>\n^ lt. Google Translate: Viel Spa\u00df, denn Sie sitzen auf dem Goldenen Stuhl<\/p>\n<p><a href='http:\/\/ski.inmontanis.info\/d\/295047-2\/DSC00835.jpg'><img src=http:\/\/ski.inmontanis.info\/d\/295046-3\/DSC00835.jpg \/><\/a><br \/>\n^ lt. Google Translate: Der goldene Stuhl ist so sch\u00f6n wie selten. Niemand wei\u00df, wann es dort h\u00e4ngen und sich auf der oberen Sitzschiene nach Riksgr\u00e4nsen drehen wird. Aber wenn es so ist, dann wissen Sie, dass es ein guter Tag wird, egal bei welchem \u200b\u200bWetter.<\/p>\n<p><a href='http:\/\/ski.inmontanis.info\/d\/295051-2\/DSC00836.jpg'><img src=http:\/\/ski.inmontanis.info\/d\/295050-3\/DSC00836.jpg \/><\/a><br \/>\n^ lt. Google Translate: Wussten Sie, dass &#8230; Eine Umarmung bedeutet mehr als einen H\u00e4ndedruck. Umarmungen mehr.<\/p>\n<p><a href='http:\/\/ski.inmontanis.info\/d\/295055-2\/DSC00837.jpg'><img src=http:\/\/ski.inmontanis.info\/d\/295054-3\/DSC00837.jpg \/><\/a><br \/>\n^ Pano mit Goldsessel<\/p>\n<p><a href='http:\/\/ski.inmontanis.info\/d\/295059-2\/DSC00839.jpg'><img src=http:\/\/ski.inmontanis.info\/d\/295058-3\/DSC00839.jpg \/><\/a><br \/>\n^ Offpistebereiche links der DSB<\/p>\n<p><a href='http:\/\/ski.inmontanis.info\/d\/295063-2\/DSC00840.jpg'><img src=http:\/\/ski.inmontanis.info\/d\/295062-3\/DSC00840.jpg \/><\/a><br \/>\n^ Beide Sessellifte.<\/p>\n<p><a href='http:\/\/ski.inmontanis.info\/d\/295067-2\/DSC00842.jpg'><img src=http:\/\/ski.inmontanis.info\/d\/295066-3\/DSC00842.jpg \/><\/a><br \/>\n^ KSSL, Tellerlift und Kurvenlift<\/p>\n<p><a href='http:\/\/ski.inmontanis.info\/d\/295071-2\/DSC00843.jpg'><img src=http:\/\/ski.inmontanis.info\/d\/295070-3\/DSC00843.jpg \/><\/a><br \/>\n^ Am Kurvenlift ist diesmal quasi nur die diagonale Abfahrt offen<\/p>\n<p><a href='http:\/\/ski.inmontanis.info\/d\/295075-2\/DSC00848.jpg'><img src=http:\/\/ski.inmontanis.info\/d\/295074-3\/DSC00848.jpg \/><\/a><br \/>\n^ Schneevergleich mit Vorjahr ..<\/p>\n<p>.. 17.5.2020, offizielle Schneeh\u00f6henangaben 5,5m und daher 3m mehr wie heuer:<br \/>\n<a href='http:\/\/ski.inmontanis.info\/d\/279843-3\/DSC09118.jpg'><img src=http:\/\/ski.inmontanis.info\/d\/279842-4\/DSC09118.jpg \/><\/a><br \/>\n^ 17.5.2020<\/p>\n<p>&#8212;<\/p>\n<p><a href='http:\/\/ski.inmontanis.info\/d\/295079-2\/DSC00854.jpg'><img src=http:\/\/ski.inmontanis.info\/d\/295078-3\/DSC00854.jpg \/><\/a><br \/>\n^ Sch\u00f6n firnig am Tellerlift<\/p>\n<p><a href='http:\/\/ski.inmontanis.info\/d\/295083-2\/DSC00857.jpg'><img src=http:\/\/ski.inmontanis.info\/d\/295082-3\/DSC00857.jpg \/><\/a><br \/>\n^ auch hier im Kinderbereich sch\u00f6n firnig. Die 2 Spuren waren von mir und eine dritte folgte noch.<\/p>\n<p>Die weiteren Wettervorhersagen melden auch f\u00fcr die n\u00e4chsten 2 Tage recht sonnig. Die Temperaturen sind ja Tag wie Nacht immer nicht so unterschiedlich (vielleicht so 5\u00b0 Unterschied) und es ist momentan recht warm derzeit um die max. 7-10\u00b0, also auch nachts \u00fcber 0\u00b0.<\/p>\n<p>Der K\u00fchlschrank musste bei dem sonnigen Wetter heute nat\u00fcrlich \u00f6fters tags\u00fcber laufen. Was man sich bei der Standheizung an Strom einspart, braucht man daf\u00fcr mit dem K\u00fchlschrank mehr. F\u00fcr die Nacht hatte ich es nochmals am Parkplatz in Riksgr\u00e4nsen versucht, aber da sind zu viele junge St\u00f6renfriede. Wobei, nach 23 Uhr war es doch recht ruhig.<\/p>\n<p><a href='http:\/\/extra.inmontanis.info\/d\/62713-2\/DSC00858.jpg'><img src=http:\/\/extra.inmontanis.info\/d\/62712-3\/DSC00858.jpg \/><\/a><br \/>\n^ Heutiges Abendessen: Garnelen-Baguette<\/p>\n","protected":false},"excerpt":{"rendered":"<p>18.5.2021<\/p>\n<p>Die Nacht \u00fcber und am Morgen regnete es und morgens h\u00f6rte ich ein paar M\u00f6wen am Parkplatz hier in der N\u00e4he von Bj\u00f6rkliden.<\/p>\n<p>Aber alle 3 Wetterberichte (NO+SE+FI) meldeten ab 10 Uhr wolkenlosen Sonnenschein in Riksgr\u00e4nsen, also dann hoff ich halt mal, dass es diesmal stimmt. Um 10 Uhr am Katterj\u00e5kk-KSSL angekommen, war es <a href=\"http:\/\/blog.inmontanis.info\/?p=6813\">[&#8230;]<\/a><\/p>\n","protected":false},"author":1,"featured_media":0,"comment_status":"closed","ping_status":"closed","sticky":false,"template":"","format":"standard","meta":{"footnotes":""},"categories":[184,636,19,27],"tags":[55,38,48,45,47],"class_list":["post-6813","post","type-post","status-publish","format-standard","hentry","category-2021-01-skandinavien","category-riksgransen","category-schwedensweden","category-skifahren-winterskiing-winter","tag-3sb","tag-dsb","tag-kssl","tag-see","tag-sl","odd"],"_links":{"self":[{"href":"http:\/\/blog.inmontanis.info\/index.php?rest_route=\/wp\/v2\/posts\/6813","targetHints":{"allow":["GET"]}}],"collection":[{"href":"http:\/\/blog.inmontanis.info\/index.php?rest_route=\/wp\/v2\/posts"}],"about":[{"href":"http:\/\/blog.inmontanis.info\/index.php?rest_route=\/wp\/v2\/types\/post"}],"author":[{"embeddable":true,"href":"http:\/\/blog.inmontanis.info\/index.php?rest_route=\/wp\/v2\/users\/1"}],"replies":[{"embeddable":true,"href":"http:\/\/blog.inmontanis.info\/index.php?rest_route=%2Fwp%2Fv2%2Fcomments&post=6813"}],"version-history":[{"count":3,"href":"http:\/\/blog.inmontanis.info\/index.php?rest_route=\/wp\/v2\/posts\/6813\/revisions"}],"predecessor-version":[{"id":6816,"href":"http:\/\/blog.inmontanis.info\/index.php?rest_route=\/wp\/v2\/posts\/6813\/revisions\/6816"}],"wp:attachment":[{"href":"http:\/\/blog.inmontanis.info\/index.php?rest_route=%2Fwp%2Fv2%2Fmedia&parent=6813"}],"wp:term":[{"taxonomy":"category","embeddable":true,"href":"http:\/\/blog.inmontanis.info\/index.php?rest_route=%2Fwp%2Fv2%2Fcategories&post=6813"},{"taxonomy":"post_tag","embeddable":true,"href":"http:\/\/blog.inmontanis.info\/index.php?rest_route=%2Fwp%2Fv2%2Ftags&post=6813"}],"curies":[{"name":"wp","href":"https:\/\/api.w.org\/{rel}","templated":true}]}}