{"id":6810,"date":"2021-05-17T18:46:38","date_gmt":"2021-05-17T16:46:38","guid":{"rendered":"http:\/\/blog.inmontanis.info\/?p=6810"},"modified":"2021-05-20T11:56:06","modified_gmt":"2021-05-20T09:56:06","slug":"silverfallet-17-5-2021","status":"publish","type":"post","link":"http:\/\/blog.inmontanis.info\/?p=6810","title":{"rendered":"Silverfallet, 17.5.2021"},"content":{"rendered":"<p><strong>17.5.2021<\/strong><\/p>\n<p>Morgens war es &#8211; ja, nicht sonnig, sondern neblig. Wettervorhersagen? Sp\u00e4testens nachmittags sonnig, auch die n\u00e4chsten 2 Tage. <\/p>\n<p>Der Nebel geht anscheinend von etwas \u00fcber der Talstation bis etwas \u00fcber die Mittelstation, weiter oben ist es lockerer bew\u00f6lkt. Nat\u00fcrlich wurde der Nebel geringer und ich stand wieder vor der Qual der Wahl &#8211; w\u00fcrde es heute besser sein als am Ende der Woche, dann w\u00fcrd ich ja lieber heute fahren wollen. Zur Not muss ich halt nochmal eine Tageskarte oder so kaufen ..<\/p>\n<p>10:00 &#8211; das Nebels\u00fcppchen h\u00e4lt sich hartn\u00e4ckig unter der 3SB, dar\u00fcber auch ein recht bedeckter Himmel.<br \/>\n11:00 &#8211; nicht viel anders, allerdings mal ist der Nebel mal unter, mal \u00fcber der 3SB-Talstation, die Bergstation zeigt weiterhin bedeckten Himmel.<\/p>\n<p>Auch die Wettervorhersagen sind wieder anders, heute nur noch wenig Sonne und auch morgen nun weniger Sonne und daf\u00fcr mehr Wind.<\/p>\n<p>11:30 der Nebel steigt auf, an der Bergstation aber nun blauerer Himmel<\/p>\n<p>Was den USB-Ventilator angeht &#8211; der zieht sch\u00f6n wenig Strom, aber macht schon einen ziemlichen Wind. 2 M\u00f6glichkeiten: Die Luft von oben nach unten blasen oder von unten nach oben blasen. In beiden F\u00e4llen f\u00fchlt sich der Windstrom etwas k\u00fchl an im Fu\u00dfbereich, aber wenn man den Ventilator mal ausschaltet, merkt man schon, dass der Kaltluftsee weg ist.<\/p>\n<p>12:00 &#8211; der Nebel ist wieder unterhalb der 3SB-Talstation. An der Bergstation nun sehr blauer Himmel.<\/p>\n<p>Naja, ich denke, das war&#8217;s, das werde ich heute nicht versuchen. Vorhersagen-Update: Der Wind f\u00fcr morgen ist wieder weg, daf\u00fcr sehr sonnig. Na vielleicht wird&#8217;s ja wirklich mal was .. <\/p>\n<p>Ich fuhr stattdessen also mal vor nach Bj\u00f6rkliden + Abisko, davor den Silverfallet besuchen, den ich im M\u00e4rz ja ausgelassen hatte. War zwar eine k\u00fcrzere Wanderung als gedacht (bis zum See runter h\u00e4tte keinen Sinn mehr gehabt), aber besser als nix. Und mit +7\u00b0 wirds mir bei Sonnenschein schon fast wieder zu warm f\u00fcr Wanderungen &#8230;<\/p>\n<p><a href='http:\/\/extra.inmontanis.info\/d\/62645-2\/DSC00749.jpg'><img src=http:\/\/extra.inmontanis.info\/d\/62644-3\/DSC00749.jpg \/><\/a><br \/>\n^ Obwohl Bj\u00f6rkliden und Riksgr\u00e4nsen nur 30km entfernt liegen, ist das Wetter oft besser, kaum hat man Riksgr\u00e4nsen hinter sich gelassen, war der Nebel weg.<\/p>\n<p><a href='http:\/\/extra.inmontanis.info\/d\/62649-2\/DSC00752.jpg'><img src=http:\/\/extra.inmontanis.info\/d\/62648-3\/DSC00752.jpg \/><\/a><br \/>\n^ Rastplatz Tornehamn mit Infotafel. Hier gabs zum Bau der Eisenbahn 1898-1902 eine Siedlung<\/p>\n<p><a href='http:\/\/ski.inmontanis.info\/d\/294963-2\/DSC00754.jpg'><img src=http:\/\/ski.inmontanis.info\/d\/294962-3\/DSC00754.jpg \/><\/a><br \/>\n^ Blick ins Skigebiet von Bj\u00f6rkliden, das ja immer nur bis zum ersten Mai-Sonntag oder so offen ist und wo ich ja im M\u00e4rz ein paar sch\u00f6ne Skitage hatte.<\/p>\n<p><a href='http:\/\/extra.inmontanis.info\/d\/62653-2\/DSC00756.jpg'><img src=http:\/\/extra.inmontanis.info\/d\/62652-3\/DSC00756.jpg \/><\/a><br \/>\n^ Am Silverfallet unterhalb Bj\u00f6rkliden<\/p>\n<p><a href='http:\/\/extra.inmontanis.info\/d\/62657-2\/DSC00757.jpg'><img src=http:\/\/extra.inmontanis.info\/d\/62656-3\/DSC00757.jpg \/><\/a><br \/>\n^ Stra\u00dfenbr\u00fccke<\/p>\n<p><a href='http:\/\/extra.inmontanis.info\/d\/62661-2\/DSC00758.jpg'><img src=http:\/\/extra.inmontanis.info\/d\/62660-3\/DSC00758.jpg \/><\/a><br \/>\n^ Silverfallet<\/p>\n<p><a href='http:\/\/extra.inmontanis.info\/d\/62665-2\/DSC00761.jpg'><img src=http:\/\/extra.inmontanis.info\/d\/62664-3\/DSC00761.jpg \/><\/a><br \/>\n^ Zu diesem Br\u00fccklein konnte man noch halbwegs problemlos gehen, teils schneelos, teils weicher. Rutschig nur selten.<\/p>\n<p><a href='http:\/\/extra.inmontanis.info\/d\/62669-2\/DSC00770.jpg'><img src=http:\/\/extra.inmontanis.info\/d\/62668-3\/DSC00770.jpg \/><\/a><br \/>\n^ Silverfallet von der Br\u00fccke aus. Im M\u00e4rz h\u00e4tte man bis runter und hinter den vereisten Wasserfall gehen k\u00f6nnen<\/p>\n<p><a href='http:\/\/extra.inmontanis.info\/d\/62673-2\/DSC00775.jpg'><img src=http:\/\/extra.inmontanis.info\/d\/62672-3\/DSC00775.jpg \/><\/a><br \/>\n^ Einm\u00fcndung Tornetr\u00e4sk &#8211; See, hier ist viel Wasser auf dem Eis, h\u00e4tte also keinen Sinn gehabt, auf dem rutschigen Schnee irgendwie noch runter zu gehen.<\/p>\n<p><a href='http:\/\/extra.inmontanis.info\/d\/62677-2\/DSC00777.jpg'><img src=http:\/\/extra.inmontanis.info\/d\/62676-3\/DSC00777.jpg \/><\/a><br \/>\n^ Schlucht am Silverfallet<\/p>\n<p><a href='http:\/\/extra.inmontanis.info\/d\/62681-2\/DSC00778.jpg'><img src=http:\/\/extra.inmontanis.info\/d\/62680-3\/DSC00778.jpg \/><\/a><br \/>\n^ Silverfallet<\/p>\n<p><a href='http:\/\/extra.inmontanis.info\/d\/62685-2\/DSC00780.jpg'><img src=http:\/\/extra.inmontanis.info\/d\/62684-3\/DSC00780.jpg \/><\/a><br \/>\n^ Silverfallet &#8211; Infotafel<\/p>\n<p><a href='http:\/\/extra.inmontanis.info\/d\/62689-2\/DSC00781.jpg'><img src=http:\/\/extra.inmontanis.info\/d\/62688-3\/DSC00781.jpg \/><\/a><br \/>\n^ Unter der Stra\u00dfenbr\u00fccke<\/p>\n<p><a href='http:\/\/extra.inmontanis.info\/d\/62693-2\/DSC00782.jpg'><img src=http:\/\/extra.inmontanis.info\/d\/62692-3\/DSC00782.jpg \/><\/a><br \/>\n^ Oberhalb der Stra\u00dfenbr\u00fccke<\/p>\n<p><a href='http:\/\/extra.inmontanis.info\/d\/62697-2\/DSC00783.jpg'><img src=http:\/\/extra.inmontanis.info\/d\/62696-3\/DSC00783.jpg \/><\/a><br \/>\n^ Silverfallet \/ Stra\u00dfenbr\u00fccke \/ Tornetr\u00e4sk und Lapporten<\/p>\n<p><a href='http:\/\/ski.inmontanis.info\/d\/294967-2\/DSC00784.jpg'><img src=http:\/\/ski.inmontanis.info\/d\/294966-3\/DSC00784.jpg \/><\/a><br \/>\n^ Wartungsarbeiten an der DSB in Abisko<\/p>\n<p><a href='http:\/\/ski.inmontanis.info\/d\/294971-2\/DSC00785.jpg'><img src=http:\/\/ski.inmontanis.info\/d\/294970-3\/DSC00785.jpg \/><\/a><br \/>\n^ Wartungsarbeiten an der DSB in Abisko<\/p>\n<p>Auch in Riksgr\u00e4nsen w\u00e4re es lt. Webcam nun mittlerweile &#8211; 14 Uhr &#8211; noch recht sonnig geworden. Murphy halt.<\/p>\n<p>Zum Aufbrauchen des Gurkenwassers nahm ich den Tipp mit dem Schweizer Wurstsalat an. Wobei es streng genommen hei\u00dft, dass ich Abends das gleiche esse wie fr\u00fch\/mittags: Wurst, K\u00e4se und Brot :) Na, egal, irgendwann gibts auch mal wieder Hamburger. <\/p>\n<p>Wurst ist in Schweden nat\u00fcrlich so eine Sache, oft gibt&#8217;s nur diese Cognacs-Medwurst und Salami in Scheiben, evtl. mal eine Jagdwurst o.\u00e4., evtl. auch  mal eine dickere Wurst im Ganzen. Dicker im Vgl zu den vielen Grill- und Hotdog-W\u00fcrsteln. Die k\u00f6nnten evtl. ja auch passen. Also klassische Wiener\/Frankfurter, Chilli, Knoblauch, Grill, Elch oder Ren? Ich probierte mal die Elch-Grillw\u00fcrstel in der Hoffnung, dass man die auch sofort und kalt verzehren k\u00f6nnte und nicht erst kochen\/grillen m\u00fcsste. Schmeckte kalt auch nicht wirklich nach Wild, fand ich.<\/p>\n<p><a href='http:\/\/extra.inmontanis.info\/d\/62701-2\/DSC00786.jpg'><img src=http:\/\/extra.inmontanis.info\/d\/62700-3\/DSC00786.jpg \/><\/a><br \/>\n^ Elchw\u00fcrstel, K\u00e4se und Gurkenwasser ergeben ..<\/p>\n<p><a href='http:\/\/extra.inmontanis.info\/d\/62705-2\/DSC00787.jpg'><img src=http:\/\/extra.inmontanis.info\/d\/62704-3\/DSC00787.jpg \/><\/a><br \/>\n^ .. irgendeine Art von schwedisch-schweizerischem Wurstsalat<\/p>\n<p><a href='http:\/\/extra.inmontanis.info\/d\/62709-2\/DSC00790.jpg'><img src=http:\/\/extra.inmontanis.info\/d\/62708-3\/DSC00790.jpg \/><\/a><br \/>\n^ Wieder am Rastplatz Tornehamn, 21:35 Uhr, Himmel wieder bedeckt<\/p>\n<p>\u00dcbrigens, keine Standheizung heute Abend gebraucht, erstmals. Aber nachts wirds zum Gl\u00fcck noch kalt genug, dass man sich den Schlafsack \u00fcber den Kopf ziehen kann. Das fehlt mir im Sommer immer, wenn ich die Decke nicht mehr \u00fcber den Kopf ziehen kann, weil&#8217;s zu warm ist ..<\/p>\n","protected":false},"excerpt":{"rendered":"<p>17.5.2021<\/p>\n<p>Morgens war es &#8211; ja, nicht sonnig, sondern neblig. Wettervorhersagen? Sp\u00e4testens nachmittags sonnig, auch die n\u00e4chsten 2 Tage. <\/p>\n<p>Der Nebel geht anscheinend von etwas \u00fcber der Talstation bis etwas \u00fcber die Mittelstation, weiter oben ist es lockerer bew\u00f6lkt. Nat\u00fcrlich wurde der Nebel geringer und ich stand wieder vor der Qual der Wahl &#8211; <a href=\"http:\/\/blog.inmontanis.info\/?p=6810\">[&#8230;]<\/a><\/p>\n","protected":false},"author":1,"featured_media":0,"comment_status":"closed","ping_status":"closed","sticky":false,"template":"","format":"standard","meta":{"footnotes":""},"categories":[184,19,30],"tags":[38,45,86],"class_list":["post-6810","post","type-post","status-publish","format-standard","hentry","category-2021-01-skandinavien","category-schwedensweden","category-wandern","tag-dsb","tag-see","tag-wasserfall","odd"],"_links":{"self":[{"href":"http:\/\/blog.inmontanis.info\/index.php?rest_route=\/wp\/v2\/posts\/6810","targetHints":{"allow":["GET"]}}],"collection":[{"href":"http:\/\/blog.inmontanis.info\/index.php?rest_route=\/wp\/v2\/posts"}],"about":[{"href":"http:\/\/blog.inmontanis.info\/index.php?rest_route=\/wp\/v2\/types\/post"}],"author":[{"embeddable":true,"href":"http:\/\/blog.inmontanis.info\/index.php?rest_route=\/wp\/v2\/users\/1"}],"replies":[{"embeddable":true,"href":"http:\/\/blog.inmontanis.info\/index.php?rest_route=%2Fwp%2Fv2%2Fcomments&post=6810"}],"version-history":[{"count":2,"href":"http:\/\/blog.inmontanis.info\/index.php?rest_route=\/wp\/v2\/posts\/6810\/revisions"}],"predecessor-version":[{"id":6812,"href":"http:\/\/blog.inmontanis.info\/index.php?rest_route=\/wp\/v2\/posts\/6810\/revisions\/6812"}],"wp:attachment":[{"href":"http:\/\/blog.inmontanis.info\/index.php?rest_route=%2Fwp%2Fv2%2Fmedia&parent=6810"}],"wp:term":[{"taxonomy":"category","embeddable":true,"href":"http:\/\/blog.inmontanis.info\/index.php?rest_route=%2Fwp%2Fv2%2Fcategories&post=6810"},{"taxonomy":"post_tag","embeddable":true,"href":"http:\/\/blog.inmontanis.info\/index.php?rest_route=%2Fwp%2Fv2%2Ftags&post=6810"}],"curies":[{"name":"wp","href":"https:\/\/api.w.org\/{rel}","templated":true}]}}