{"id":6803,"date":"2021-05-15T18:50:10","date_gmt":"2021-05-15T16:50:10","guid":{"rendered":"http:\/\/blog.inmontanis.info\/?p=6803"},"modified":"2023-08-05T12:11:35","modified_gmt":"2023-08-05T10:11:35","slug":"riksgransen-14-15-5","status":"publish","type":"post","link":"http:\/\/blog.inmontanis.info\/?p=6803","title":{"rendered":"Riksgr\u00e4nsen, 14.+15.5.2021"},"content":{"rendered":"<p><strong>14.5.2021<\/strong><\/p>\n<p>Ganz vergessen zu erw\u00e4hnen: Um Arvidsjaur hatte es am Dienstag\/Mittwoch \u00fcber 10\u00b0, da h\u00e4tte ich was weniger warmes anziehen k\u00f6nnen&#8230;<\/p>\n<p>Die Landschaft heute fr\u00fch war etwas wei\u00df, auf den Stra\u00dfen gab es mit dem Schnee und den Temperaturen unter 0\u00b0 aber zum Gl\u00fcck keine Behinderungen.<\/p>\n<p>Auch vormittags blieb es bedeckt und leichter Schneefall, aber f\u00fcr Riksgr\u00e4nsen war es ja eigentlich besser und etwas sonnig gemeldet, zumindest noch vor 7 Uhr, als ich von vor Kiruna aus abfuhr &#8211; nicht mehr nach 8 Uhr.<\/p>\n<p>Hab mir dann trotzdem den 7-Tage-w\u00e4hrend-der-Saison-Skipass gekauft und war heute Skifahren. Mit den 5 Tagen im M\u00e4rz h\u00e4tte sich nun fast schon eine Saisonkarte gelohnt gehabt. Der Skipass f\u00fcr wahlfreie 7 Tage w\u00e4hrend der Saison erschien mir am sinnvollsten, denn der Aufpreis von den 6 Tagen wahlfrei ist nur ca. 21,- \u20ac und somit fast die H\u00e4lfte der Tageskarte (ca. 42,-), als wenn ich mir die 6 Tage kaufen w\u00fcrde und dann doch noch einen 7. Tag haben m\u00f6chte, weil es spontan noch sehr sonnig w\u00fcrde. Alternativ gibt es maximal 5 Tage hintereinander mit der Option auf tageweise Verl\u00e4ngerungen, wie auch immer das funktionieren soll. Jedenfalls w\u00e4re so ein 7-Tagespass teurer, k\u00f6nnte aber auch das Nachtskifahren inkludieren, das jetzt im Mai von ca. 22-24 Uhr ist. <\/p>\n<p>Bis zum Saisonschluss am Sonntag darauf w\u00e4ren es maximal 10 Tage, wobei man ggf. mal einen Tag (nur MO und FR) auch nur nachts fahren k\u00f6nnte, das w\u00e4re dann g\u00fcnstiger. Oder man w\u00fcrde sich nur eine Einzelfahrt kaufen und dann mit den Fellen zum Gipfel raufgehen. <\/p>\n<p>Wie letztes Jahr, stieg ich am Katterjokk-KSSL ein. Ob man da jetzt mehr oder weniger weit l\u00e4uft, ob das jetzt mehr oder weniger anstrengend ist, als an der DSB, keine Ahnung, kommt auch drauf an, wo man stehen kann und darf. Anfang M\u00e4rz, als die SL noch nicht offen waren, durfte man n\u00e4mlich weiter oben n\u00e4her an der DSB stehen als jetzt im Mai. Vorteil ist am KSSL, dass ich halt lieber f\u00fcr einen KSSL das St\u00fcck zu Fu\u00df gehe und man nachmittags bis zum Parkplatz runter fahren kann. <\/p>\n<p>Sonne gabs den ganzen Tag \u00fcber keine, aber zum Gl\u00fcck auch nicht so viel Wind im Skigebiet, so dass alles offen blieb &#8211; bis auf den oberen KSSL nat\u00fcrlich, der wie letztes Jahr wieder einmal seit einigen Wochen wegen eines technischen Defekts au\u00dfer Betrieb ist. Ob er nach meinem Besuch Anfang M\u00e4rz mal f\u00fcr wenige Wochen lief? Ich meine, ich h\u00e4tte einmal die Schneeberichte angesehen und er war in Betrieb &#8211; aber sicher bin ich mir nicht mehr. Seitdem ich mir vorgenommen hatte, nochmal nach Riksgr\u00e4nsen zu fahren, was irgendwann Anfang April war, seitdem ist er jedenfalls geschlossen.<\/p>\n<p>Aufgrund der eher schlechten Bodensicht (und es war auch nicht lohnenswert) fuhr ich nur 2x abseits der Pisten. In Summe wars aber schon recht nett heute.<\/p>\n<p><a href='http:\/\/extra.inmontanis.info\/d\/62633-3\/DSC00675.jpg'><img src=http:\/\/extra.inmontanis.info\/d\/62632-4\/DSC00675.jpg \/><\/a><br \/>\n^ Im Skigebiet Abisko liegt weniger Schnee als bei meinen Besuchen im M\u00e4rz<\/p>\n<p><a href='http:\/\/ski.inmontanis.info\/d\/294875-2\/DSC00680.jpg'><img src=http:\/\/ski.inmontanis.info\/d\/294874-3\/DSC00680.jpg \/><\/a><br \/>\n^ Im Vergleich zum Mai 2020 wurde der Nordalsliften zwar repariert, aber ist auch heuer wieder wegen eines technischen Problems seit Wochen geschlossen<\/p>\n<p><a href='http:\/\/ski.inmontanis.info\/d\/294879-2\/DSC00681.jpg'><img src=http:\/\/ski.inmontanis.info\/d\/294878-3\/DSC00681.jpg \/><\/a><br \/>\n^ Bergstation Vinkelliften, die Rollen links\/rechts sind beweglich auf einer Schiene montiert. Ob mir das wohl mal aufgefallen ist oder auffallen w\u00fcrde, wenn mich nicht letztens ATV im Sommerschi-Forum darauf aufmerksam gemacht h\u00e4tte?!<\/p>\n<p><a href='http:\/\/ski.inmontanis.info\/d\/294883-2\/DSC00684.jpg'><img src=http:\/\/ski.inmontanis.info\/d\/294882-3\/DSC00684.jpg \/><\/a><br \/>\n^ Zug und KSSL Katterj\u00e5kk. Meistens f\u00e4hrt die Lok aber mit 2 Waggons. <\/p>\n<p>War kein fotogener Tag heute.<\/p>\n<p>Abends auf den Stra\u00dfen war der Wind wesentlich st\u00e4rker. Der Parkplatz am KSSL ist sehr schr\u00e4g und es waren noch viele Autos mit H\u00e4nger f\u00fcr Motorschlitten da, die also abends noch geh\u00f6rig Krach machen k\u00f6nnten. Auf einem anderen Parkplatz eine &#8220;Ortschaft&#8221; weiter war der Parkplatz noch voller, so dass ich bis zum n\u00e4chsten an der Stra\u00dfe noch ca. 20km fahren musste &#8211; soweit h\u00e4tte ich ja nicht fahren wollen. Evtl. schau ich morgen mal, ob es in Riksgr\u00e4nsen noch was anderes gibt .. Einen ruhigen Platz wird man hier wohl kaum finden, entweder man ist nah an der Stra\u00dfe oder nah am Zug. Und der tutet mindestens an 5 Stellen. <\/p>\n<p>Sp\u00e4ter gab es noch viel Regen und ein Auto mit Dachzelt blieb neben mir stehen, so dass der kleine Parkplatz mit 3 \u00dcbernachtungsfahrzeugen recht voll war.<\/p>\n<p><strong>15.5.2021<\/strong><\/p>\n<p>Auf dem Weg hin zu Riksgr\u00e4nsen gab es etwas Sonne, aber das Skigebiet war oben im Nebel. Der Schnee war schon morgens etwas weich, auf den Pisten angenehm, offpiste weniger, wurde aber bis Nachmittag sch\u00f6n nass weich auch dort.<\/p>\n<p>Der Nebel blieb dagegen bis nach 14 Uhr, erst dann kam im SL-Bereich etwas die Sonne raus (die SB blieben neblig). Zudem viel los heute, da h\u00e4tte ich mal lieber den heutigen Tag auslassen sollen .. Aber die Wettervorhersagen waren ja mal wieder viel besser&#8230;<\/p>\n<p><a href='http:\/\/ski.inmontanis.info\/d\/294887-2\/DSC00690.jpg'><img src=http:\/\/ski.inmontanis.info\/d\/294886-3\/DSC00690.jpg \/><\/a><br \/>\n^ Die DSB ist von 1974, aber ob es damals schon eine DSB war, ist wohl fraglich. Die Bergstation wurde mal etwas nach oben versetzt, da sah ich im M\u00e4rz oben ein paar Fundamente.<\/p>\n<p><a href='http:\/\/ski.inmontanis.info\/d\/294891-2\/DSC00692.jpg'><img src=http:\/\/ski.inmontanis.info\/d\/294890-3\/DSC00692.jpg \/><\/a><br \/>\n^ Warteschlange an der DSB, sp\u00e4ter leider noch l\u00e4nger<\/p>\n<p><a href='http:\/\/extra.inmontanis.info\/d\/62637-3\/DSC00688.jpg'><img src=http:\/\/extra.inmontanis.info\/d\/62636-4\/DSC00688.jpg \/><\/a><br \/>\n^ Auf dem WC entdeckt, da sind ein paar weise Worte zu lesen.<\/p>\n<p><a href='http:\/\/ski.inmontanis.info\/d\/294895-2\/DSC00697.jpg'><img src=http:\/\/ski.inmontanis.info\/d\/294894-3\/DSC00697.jpg \/><\/a><br \/>\n^ Um 14:30 Uhr endlich blauer Himmel, am Vinkelliften<\/p>\n<p><a href='http:\/\/ski.inmontanis.info\/d\/294899-2\/DSC00698.jpg'><img src=http:\/\/ski.inmontanis.info\/d\/294898-3\/DSC00698.jpg \/><\/a><br \/>\n^ Der Solliften stand mal f\u00fcr l\u00e4ngere Zeit, war dann kurz in Betrieb und stand wieder. Schlecht, wenn man den KSSL ja auch nicht reparieren  will .. Daher fuhr ich ihn erst kurz vor 16 Uhr, als es leerer war. <\/p>\n<p><a href='http:\/\/ski.inmontanis.info\/d\/294903-3\/DSC00701.jpg'><img src=http:\/\/ski.inmontanis.info\/d\/294902-4\/DSC00701.jpg \/><\/a><br \/>\n^ Um 16:05 endlich mehr Sonnenschein &#8211; nur sind die Lifte jetzt geschlosen.<\/p>\n<p><a href='http:\/\/ski.inmontanis.info\/d\/294907-3\/DSC00702.jpg'><img src=http:\/\/ski.inmontanis.info\/d\/294906-4\/DSC00702.jpg \/><\/a><br \/>\n^ Nordalsliften und Solliften<\/p>\n<p>\u00dcbernachten probier ich heut mal in Riksgr\u00e4nsen n\u00e4he Supermarkt, die Parkpl\u00e4tze sind hier zwar allesamt recht voll und keine Ahnung wie lang die Schneemobilfahrer \u00fcberall noch L\u00e4rm machen .. dazu gab es abends wie morgens noch einige Labertaschen und Schreih\u00e4lse .. also zumindest in der Hochsaison nicht empfehlenswert&#8230;<\/p>\n<p><a href='http:\/\/extra.inmontanis.info\/d\/62641-3\/DSC00709.jpg'><img src=http:\/\/extra.inmontanis.info\/d\/62640-4\/DSC00709.jpg \/><\/a><br \/>\n^ Die 3-Minuten-Nudeln schmeckten mir nicht so, sind zwar schnell fertig, aber in meiner Kochweise (Wasser verkochen lassen bis die Nudeln durch sind) werden sie recht pampig. Dann lieber andere Nudeln l\u00e4nger kochen lassen. Oder vielleicht mal mit einer w\u00e4ssrigeren So\u00dfe probieren?!<\/p>\n","protected":false},"excerpt":{"rendered":"<p>14.5.2021<\/p>\n<p>Ganz vergessen zu erw\u00e4hnen: Um Arvidsjaur hatte es am Dienstag\/Mittwoch \u00fcber 10\u00b0, da h\u00e4tte ich was weniger warmes anziehen k\u00f6nnen&#8230;<\/p>\n<p>Die Landschaft heute fr\u00fch war etwas wei\u00df, auf den Stra\u00dfen gab es mit dem Schnee und den Temperaturen unter 0\u00b0 aber zum Gl\u00fcck keine Behinderungen.<\/p>\n<p>Auch vormittags blieb es bedeckt und leichter Schneefall, aber <a href=\"http:\/\/blog.inmontanis.info\/?p=6803\">[&#8230;]<\/a><\/p>\n","protected":false},"author":1,"featured_media":0,"comment_status":"closed","ping_status":"closed","sticky":false,"template":"","format":"standard","meta":{"footnotes":""},"categories":[184,636,19,27],"tags":[38,47],"class_list":["post-6803","post","type-post","status-publish","format-standard","hentry","category-2021-01-skandinavien","category-riksgransen","category-schwedensweden","category-skifahren-winterskiing-winter","tag-dsb","tag-sl","odd"],"_links":{"self":[{"href":"http:\/\/blog.inmontanis.info\/index.php?rest_route=\/wp\/v2\/posts\/6803","targetHints":{"allow":["GET"]}}],"collection":[{"href":"http:\/\/blog.inmontanis.info\/index.php?rest_route=\/wp\/v2\/posts"}],"about":[{"href":"http:\/\/blog.inmontanis.info\/index.php?rest_route=\/wp\/v2\/types\/post"}],"author":[{"embeddable":true,"href":"http:\/\/blog.inmontanis.info\/index.php?rest_route=\/wp\/v2\/users\/1"}],"replies":[{"embeddable":true,"href":"http:\/\/blog.inmontanis.info\/index.php?rest_route=%2Fwp%2Fv2%2Fcomments&post=6803"}],"version-history":[{"count":3,"href":"http:\/\/blog.inmontanis.info\/index.php?rest_route=\/wp\/v2\/posts\/6803\/revisions"}],"predecessor-version":[{"id":6806,"href":"http:\/\/blog.inmontanis.info\/index.php?rest_route=\/wp\/v2\/posts\/6803\/revisions\/6806"}],"wp:attachment":[{"href":"http:\/\/blog.inmontanis.info\/index.php?rest_route=%2Fwp%2Fv2%2Fmedia&parent=6803"}],"wp:term":[{"taxonomy":"category","embeddable":true,"href":"http:\/\/blog.inmontanis.info\/index.php?rest_route=%2Fwp%2Fv2%2Fcategories&post=6803"},{"taxonomy":"post_tag","embeddable":true,"href":"http:\/\/blog.inmontanis.info\/index.php?rest_route=%2Fwp%2Fv2%2Ftags&post=6803"}],"curies":[{"name":"wp","href":"https:\/\/api.w.org\/{rel}","templated":true}]}}