{"id":6799,"date":"2021-05-13T20:12:54","date_gmt":"2021-05-13T18:12:54","guid":{"rendered":"http:\/\/blog.inmontanis.info\/?p=6799"},"modified":"2023-08-05T12:53:42","modified_gmt":"2023-08-05T10:53:42","slug":"10-13-5-2021","status":"publish","type":"post","link":"http:\/\/blog.inmontanis.info\/?p=6799","title":{"rendered":"10.-13.5.2021"},"content":{"rendered":"<p><strong>10.5.2021<\/strong><\/p>\n<p>So, was gibt&#8217;s f\u00fcr M\u00f6glichkeiten? Riksgr\u00e4nsen hat noch 2 Wochen offen, Wettervorhersagen momentan lau. Das Skigebiet in Kiruna hat auch noch Schnee und offen, unter der Woche abends und ab Donnerstag bis zumindest Sonntag tags\u00fcber. <\/p>\n<p>Letztes Jahr gab es auch in Dundret Sonderfahrten f\u00fcr Langl\u00e4ufer im Mai, momentan gibts aber nach wie vor keine Info dazu.<\/p>\n<p>Beim Supermarkt ists mir nun schon zum mindestens dritten Mal an der Pfandretourmaschine passiert, dass jemand einen riesigen 100+Liter-M\u00fcllsack voller Dosen hat und somit ewig die Maschine besetzt. Ich mein, ich kapier ja sowieso nicht, warum man \u00fcberhaupt Getr\u00e4nkedosen kaufen muss, aber dann auch noch in so einer Menge?!<\/p>\n<p>Als \u00dcbernachtungsplatz hatte ich mir den quasi n\u00e4chsten Rastplatz mit WC ausgesucht, wobei ich meinte, da g\u00e4be es Wasser, so dass ich mein WC leeren (und die Haare waschen) k\u00f6nnte &#8211; leider hatte der Rastplatz doch nur ein Plumpsklo, hatte ich mir also falsch gemerkt und h\u00e4tte besser nachlesen sollen. Wollte aber auch nicht mehr weiterfahren, da ich schon lang unterwegs war.<\/p>\n<p><a href='http:\/\/extra.inmontanis.info\/d\/62545-2\/DSC00627.jpg'><img src=http:\/\/extra.inmontanis.info\/d\/62544-3\/DSC00627.jpg \/><\/a><br \/>\n^ Soviel zum Thema Schmutzf\u00e4nger mal wieder &#8230; Der Matsch tropfte von der schwarzen Leiste.<\/p>\n<p><a href='http:\/\/extra.inmontanis.info\/d\/62549-2\/DSC00628.jpg'><img src=http:\/\/extra.inmontanis.info\/d\/62548-3\/DSC00628.jpg \/><\/a><br \/>\n^ Hui, da gabs mal eine schmale Br\u00fccke auf dieser Stra\u00dfe, da hab ich gleich mal gehalten und mir die Beine vertreten<\/p>\n<p><a href='http:\/\/extra.inmontanis.info\/d\/62553-2\/DSC00630.jpg'><img src=http:\/\/extra.inmontanis.info\/d\/62552-3\/DSC00630.jpg \/><\/a><br \/>\n^ Sch\u00f6ne Schlucht<\/p>\n<p><a href='http:\/\/extra.inmontanis.info\/d\/62557-2\/DSC00633.jpg'><img src=http:\/\/extra.inmontanis.info\/d\/62556-3\/DSC00633.jpg \/><\/a><br \/>\n^ Alte und neue Br\u00fccke<\/p>\n<p><a href='http:\/\/extra.inmontanis.info\/d\/62561-2\/DSC00634.jpg'><img src=http:\/\/extra.inmontanis.info\/d\/62560-3\/DSC00634.jpg \/><\/a><br \/>\n^ Alte Br\u00fccke<\/p>\n<p><a href='http:\/\/extra.inmontanis.info\/d\/62565-2\/DSC00635.jpg'><img src=http:\/\/extra.inmontanis.info\/d\/62564-3\/DSC00635.jpg \/><\/a><br \/>\n^ Blick von der neuen Br\u00fccke aus<\/p>\n<p><a href='http:\/\/extra.inmontanis.info\/d\/62569-2\/DSC00637.jpg'><img src=http:\/\/extra.inmontanis.info\/d\/62568-3\/DSC00637.jpg \/><\/a><br \/>\n^ Alte Br\u00fccke<\/p>\n<p><a href='http:\/\/extra.inmontanis.info\/d\/62573-2\/DSC00641.jpg'><img src=http:\/\/extra.inmontanis.info\/d\/62572-3\/DSC00641.jpg \/><\/a><\/p>\n<p><a href='http:\/\/extra.inmontanis.info\/d\/62577-2\/DSC00643.jpg'><img src=http:\/\/extra.inmontanis.info\/d\/62576-3\/DSC00643.jpg \/><\/a><br \/>\n^ Alte und neue Br\u00fccke<\/p>\n<p><a href='http:\/\/extra.inmontanis.info\/d\/62581-2\/DSC00645.jpg'><img src=http:\/\/extra.inmontanis.info\/d\/62580-3\/DSC00645.jpg \/><\/a><br \/>\n^ Mal wieder eine alte Esso-Tankstelle<\/p>\n<p><a href='http:\/\/extra.inmontanis.info\/d\/62585-2\/DSC00646.jpg'><img src=http:\/\/extra.inmontanis.info\/d\/62584-3\/DSC00646.jpg \/><\/a><br \/>\n^ Am Rastplatz nahe Sorsele<\/p>\n<p>Vergleichsbild vom 26.3., wenn auch damals von der Br\u00fccke aus:<br \/>\n<a href='http:\/\/extra.inmontanis.info\/d\/61869-3\/DSC06691.jpg'><img src=http:\/\/extra.inmontanis.info\/d\/61868-4\/DSC06691.jpg \/><\/a><\/p>\n<p><strong>11.5.2021<\/strong><\/p>\n<p>Die Nacht verlief mit ein paar LKWs und Regenschauern leider nicht so ruhig wie die letzten N\u00e4chte.<\/p>\n<p>Heute Nachmittag wollt ich mich mit einem oder beiden Deutschen, die ich getrennt voneinander auf der Reise kennenlernte und die jetzt zuf\u00e4lligerweise Hausnachbarn sind, treffen. Es blieb dann bei dem einen, aber schon krass, was man hier in Schweden f\u00fcr ein tolles Haus um 30-35.000,- \u20ac bekommt, im leicht verbauten, kleinen Dorf, etwas erh\u00f6ht gelegen, mit Wald- &#038; etwas Seeblick, ca. 1.000 qm Grund, unterkellert, dar\u00fcber Holzhaus mit ausgebautem Dachgeschoss, m\u00f6bliert, neue Fenster 3-fach-verglast, Pellet-Warmasser\/Heizung, Doppelgarage&#8230;<\/p>\n<p>Der Nachbar, den ich am n\u00e4chsten Tag besuchte, hat einen etwas sch\u00f6neren Seeblick und das Haus ist anders aufgebaut und war ja auch etwas teurer, aber nat\u00fcrlich auch sehr sch\u00f6n f\u00fcr den Preis.<\/p>\n<p><a href='http:\/\/extra.inmontanis.info\/d\/62589-2\/DSC00647.jpg'><img src=http:\/\/extra.inmontanis.info\/d\/62588-3\/DSC00647.jpg \/><\/a><br \/>\n^ USB-Ventilator gekauft, braucht zwar Platz, aber m\u00f6chte testen, ob ich damit zumindest morgens bei Sonnenschein die K\u00e4lte etwas aus dem Fu\u00dfbereich bekomme, w\u00e4hrend ich obenrum fast schwitze<\/p>\n<p><a href='http:\/\/extra.inmontanis.info\/d\/62593-2\/DSC00669.jpg'><img src=http:\/\/extra.inmontanis.info\/d\/62592-3\/DSC00669.jpg \/><\/a><br \/>\n^ Baumwollblumenduft-Textilspray, riecht vielleicht mal etwas neutraler als mein anderes Spray, das ja langsam leer wird.<\/p>\n<p><a href='http:\/\/extra.inmontanis.info\/d\/62597-2\/IMG_20210511_160839.jpg'><img src=http:\/\/extra.inmontanis.info\/d\/62596-3\/IMG_20210511_160839.jpg \/><\/a><br \/>\n^ Chicken Shawarma, war lecker. Hatte ja erst letzte Woche einen Laxburger beim Frasses. Und die einzelnen Filialen haben ja meist einige eigenst\u00e4ndige Gerichte.<\/p>\n<p><a href='http:\/\/extra.inmontanis.info\/d\/62601-2\/DSC00648.jpg'><img src=http:\/\/extra.inmontanis.info\/d\/62600-3\/DSC00648.jpg \/><\/a><\/p>\n<p><a href='http:\/\/extra.inmontanis.info\/d\/62605-2\/DSC00649.jpg'><img src=http:\/\/extra.inmontanis.info\/d\/62604-3\/DSC00649.jpg \/><\/a><\/p>\n<p><strong>12.5.2021<\/strong><\/p>\n<p>Die Wettervorhersagen sind f\u00fcr morgen Donnerstag = Feiertag leider schlecht, auch in Kiruna. Das kleine Skigebiet h\u00e4tte ja ab morgen bis Sonntag tags\u00fcber offen, aber bei Regen macht das morgen nat\u00fcrlich auch keinen Sinn, also kann ich mir mit der Fahrt Zeit lassen. <\/p>\n<p>Ich kam auf dem Weg in K\u00e5bdalis vorbei, wo ich ja im M\u00e4rz einen Tag Skifahren war:<\/p>\n<p><a href='http:\/\/ski.inmontanis.info\/d\/294863-2\/DSC00653.jpg'><img src=http:\/\/ski.inmontanis.info\/d\/294862-3\/DSC00653.jpg \/><\/a><br \/>\n^ Wow, viele Schneedepots gibts in K\u00e5bdalis!<\/p>\n<p><a href='http:\/\/ski.inmontanis.info\/d\/294867-2\/DSC00655.jpg'><img src=http:\/\/ski.inmontanis.info\/d\/294866-3\/DSC00655.jpg \/><\/a><br \/>\n^ Gro\u00dfe Schneedepots, ich seh mindestens 2 unten, 2 oben und 1 langes in der MItte<\/p>\n<p><a href='http:\/\/ski.inmontanis.info\/d\/294871-2\/DSC00657.jpg'><img src=http:\/\/ski.inmontanis.info\/d\/294870-3\/DSC00657.jpg \/><\/a><br \/>\n^ Links der Kurvenlift war bis 2.5. offen<\/p>\n<p><a href='http:\/\/extra.inmontanis.info\/d\/62609-2\/DSC00661.jpg'><img src=http:\/\/extra.inmontanis.info\/d\/62608-3\/DSC00661.jpg \/><\/a><br \/>\n^ Mein heutiger, sch\u00f6ner \u00dcbernachtungsplatz an einem Stausee nahe Jokkmokk<\/p>\n<p><a href='http:\/\/extra.inmontanis.info\/d\/62613-2\/DSC00662.jpg'><img src=http:\/\/extra.inmontanis.info\/d\/62612-3\/DSC00662.jpg \/><\/a><br \/>\n^ Staumauer<\/p>\n<p><a href='http:\/\/extra.inmontanis.info\/d\/62617-2\/DSC00666.jpg'><img src=http:\/\/extra.inmontanis.info\/d\/62616-3\/DSC00666.jpg \/><\/a><br \/>\n^ Stausee<\/p>\n<p><a href='http:\/\/extra.inmontanis.info\/d\/62621-2\/DSC00665.jpg'><img src=http:\/\/extra.inmontanis.info\/d\/62620-3\/DSC00665.jpg \/><\/a><\/p>\n<p><a href='http:\/\/extra.inmontanis.info\/d\/62625-2\/DSC00671.jpg'><img src=http:\/\/extra.inmontanis.info\/d\/62624-3\/DSC00671.jpg \/><\/a><br \/>\n^ Abendpano aus dem Fenster ;)<\/p>\n<p>Abends regnete es teils kr\u00e4ftig.<\/p>\n<p><strong>13.5.2021<\/strong><\/p>\n<p>Auch am Morgen regnete es teils kr\u00e4ftig, nein, kein Wetter, um heute Skifahren zu wollen.<\/p>\n<p>Um 11 Uhr war ich in G\u00e4llivare, wollte einkaufen, regnete aber noch und so wartete ich einfach einige Zeit im Auto ab, hatte es ja nicht eilig. Ab 12:20 war es etwas trockner, nach dem Einkaufen regnete es wieder mehr. Hatte diesmal etwas mehr eingekauft, da es um Riksgr\u00e4nsen ja eher teurer ist.<\/p>\n<p><a href='http:\/\/extra.inmontanis.info\/d\/62629-2\/DSC00672.jpg'><img src=http:\/\/extra.inmontanis.info\/d\/62628-3\/DSC00672.jpg \/><\/a><br \/>\n^ Manchmal bekommt man im ICA-Supermarkt auch Th\u00fcringer und N\u00fcrnberger Bratw\u00fcrste. Mal testen .. Und die Gurken sind f\u00fcr die morgendlichen\/mitt\u00e4glichen Brote, hatte ich auch mal wieder Lust drauf.<\/p>\n<p>Ich fuhr noch bis kurz vor Kiruna und wollte morgen noch ein St\u00fcck weit richtung Riksgr\u00e4nsen fahren, falls das Wetter morgen brauchbar genug sein sollte, um dort Ski zu fahren.<\/p>\n","protected":false},"excerpt":{"rendered":"<p>10.5.2021<\/p>\n<p>So, was gibt&#8217;s f\u00fcr M\u00f6glichkeiten? Riksgr\u00e4nsen hat noch 2 Wochen offen, Wettervorhersagen momentan lau. Das Skigebiet in Kiruna hat auch noch Schnee und offen, unter der Woche abends und ab Donnerstag bis zumindest Sonntag tags\u00fcber. <\/p>\n<p>Letztes Jahr gab es auch in Dundret Sonderfahrten f\u00fcr Langl\u00e4ufer im Mai, momentan gibts aber nach wie vor <a href=\"http:\/\/blog.inmontanis.info\/?p=6799\">[&#8230;]<\/a><\/p>\n","protected":false},"author":1,"featured_media":0,"comment_status":"closed","ping_status":"closed","sticky":false,"template":"","format":"standard","meta":{"footnotes":""},"categories":[184,659,19],"tags":[55,45],"class_list":["post-6799","post","type-post","status-publish","format-standard","hentry","category-2021-01-skandinavien","category-kabdalis","category-schwedensweden","tag-3sb","tag-see","odd"],"_links":{"self":[{"href":"http:\/\/blog.inmontanis.info\/index.php?rest_route=\/wp\/v2\/posts\/6799","targetHints":{"allow":["GET"]}}],"collection":[{"href":"http:\/\/blog.inmontanis.info\/index.php?rest_route=\/wp\/v2\/posts"}],"about":[{"href":"http:\/\/blog.inmontanis.info\/index.php?rest_route=\/wp\/v2\/types\/post"}],"author":[{"embeddable":true,"href":"http:\/\/blog.inmontanis.info\/index.php?rest_route=\/wp\/v2\/users\/1"}],"replies":[{"embeddable":true,"href":"http:\/\/blog.inmontanis.info\/index.php?rest_route=%2Fwp%2Fv2%2Fcomments&post=6799"}],"version-history":[{"count":2,"href":"http:\/\/blog.inmontanis.info\/index.php?rest_route=\/wp\/v2\/posts\/6799\/revisions"}],"predecessor-version":[{"id":6801,"href":"http:\/\/blog.inmontanis.info\/index.php?rest_route=\/wp\/v2\/posts\/6799\/revisions\/6801"}],"wp:attachment":[{"href":"http:\/\/blog.inmontanis.info\/index.php?rest_route=%2Fwp%2Fv2%2Fmedia&parent=6799"}],"wp:term":[{"taxonomy":"category","embeddable":true,"href":"http:\/\/blog.inmontanis.info\/index.php?rest_route=%2Fwp%2Fv2%2Fcategories&post=6799"},{"taxonomy":"post_tag","embeddable":true,"href":"http:\/\/blog.inmontanis.info\/index.php?rest_route=%2Fwp%2Fv2%2Ftags&post=6799"}],"curies":[{"name":"wp","href":"https:\/\/api.w.org\/{rel}","templated":true}]}}