{"id":6796,"date":"2021-05-09T20:00:40","date_gmt":"2021-05-09T18:00:40","guid":{"rendered":"http:\/\/blog.inmontanis.info\/?p=6796"},"modified":"2023-08-05T12:44:51","modified_gmt":"2023-08-05T10:44:51","slug":"klimpfjall-8-9-5-2021","status":"publish","type":"post","link":"http:\/\/blog.inmontanis.info\/?p=6796","title":{"rendered":"Klimpfj\u00e4ll, 8.+9.5.2021"},"content":{"rendered":"<p><strong>8.5.2021<\/strong><\/p>\n<p>Na, dann halt mal wieder im reinen Naturschneeskigebiet Klimpfj\u00e4ll bissl Ski fahren. War ich vor einem Monat ja schon 2 Tage und gefiel mir abermals recht gut, nach den 3 Besuchen letztes Jahr im Mai, also warum nicht, besser als zu Fu\u00df rauflaufen w\u00e4r sowieso jeder Lift selbst bei schlechten Schneeverh\u00e4ltnissen.<\/p>\n<p>Heute sollte es halbwegs sonnig werden, morgen dagegen Schneefall m\u00f6glich und f\u00fcr Donnerstag-Sonntag wird auch keine Sonne gemeldet (daf\u00fcr w\u00e4rmere Temperaturen), somit w\u00fcrde es wohl nicht so lohnenswert sein, zu bleiben und auf eine Wieder\u00f6ffnung ab Donnerstag zu hoffen. Allzu sonnig war&#8217;s heute leider nicht.<\/p>\n<p>Die 2-Tageskarte kostete ca. 68,- \u20ac und am Parkplatz waren insgesamt 5 Autos vormittags &#8211; inkl. wohl 2 Bedienstete &#8211; also nicht sehr viel. Heuer auch keine Renntrainings. Das Restaurant hatte auch nicht offen &#8211; wollte mir kurz vor Mittag was kaufen, na dann besuch ich halt mal das Hotelrestaurant, damit sie noch ein bisschen was von mir verdienen, wenn ich schon nicht im Hotel schlaf..<\/p>\n<p>Der Sydliften wurde etwas vor Mittag eingeschaltet, weil eine gr\u00f6\u00dfere Gruppe mit vielen Kids am Funpark war &#8211; die etwas schneearmen Abfahrten waren zu Mittag toll aufgefirnt \/ sulzig, so dass ich an dem Lift bis ca. 15 Uhr blieb, trotz der Wartezeiten manchmal.<\/p>\n<p>Ansonsten, am Norrliften firnte es nur schlecht und wenig auf, somit der cm Neuschnee \u00fcber Nacht hier und da angenehm war.<\/p>\n<p>Fotos hatte ich ja schon genug gemacht hier, also hielt ich mich zur\u00fcck.<\/p>\n<p><a href='http:\/\/ski.inmontanis.info\/d\/294767-2\/DSC00574.jpg'><img src=http:\/\/ski.inmontanis.info\/d\/294766-3\/DSC00574.jpg \/><\/a><br \/>\n^ Schaut verlassen aus, aber der Lift l\u00e4uft ;)<\/p>\n<p><a href='http:\/\/ski.inmontanis.info\/d\/294771-2\/DSC00575.jpg'><img src=http:\/\/ski.inmontanis.info\/d\/294770-3\/DSC00575.jpg \/><\/a><br \/>\n^ Viel war nicht pr\u00e4pariert (so ca. 2,5 Abfahrten), aber netterweise wurde es heute Morgen gemacht, daher sch\u00f6n weich<\/p>\n<p><a href='http:\/\/ski.inmontanis.info\/d\/294775-2\/DSC00576.jpg'><img src=http:\/\/ski.inmontanis.info\/d\/294774-3\/DSC00576.jpg \/><\/a><br \/>\n^ Hier und da gab&#8217;s etwas Neuschnee \u00fcber Nacht, der ging ganz gut<\/p>\n<p><a href='http:\/\/ski.inmontanis.info\/d\/294779-2\/DSC00577.jpg'><img src=http:\/\/ski.inmontanis.info\/d\/294778-3\/DSC00577.jpg \/><\/a><br \/>\n^ Sydliften war erst irgendwann nach 11 Uhr in Betrieb<\/p>\n<p><a href='http:\/\/ski.inmontanis.info\/d\/294783-2\/DSC00581.jpg'><img src=http:\/\/ski.inmontanis.info\/d\/294782-3\/DSC00581.jpg \/><\/a><br \/>\n^ Am Sydliften waren die Jugendlichen und junggebliebenen Erwachsenen haupts\u00e4chlich wegen des Funparks und buddelten sich noch einen Wassergraben<\/p>\n<p><a href='http:\/\/ski.inmontanis.info\/d\/294787-2\/DSC00582.jpg'><img src=http:\/\/ski.inmontanis.info\/d\/294786-3\/DSC00582.jpg \/><\/a><br \/>\n^ Sydliften, eine der 3 Abfahrten, die hier hatte am wenigsten Schnee<\/p>\n<p><a href='http:\/\/ski.inmontanis.info\/d\/294791-2\/DSC00584.jpg'><img src=http:\/\/ski.inmontanis.info\/d\/294790-3\/DSC00584.jpg \/><\/a><br \/>\n^ Am Sydliften, sch\u00f6ner Firn \/ Sulz auf den Abfahrten<\/p>\n<p><a href='http:\/\/ski.inmontanis.info\/d\/294795-2\/DSC00585.jpg'><img src=http:\/\/ski.inmontanis.info\/d\/294794-3\/DSC00585.jpg \/><\/a><br \/>\n^ .. und auch im Wald<\/p>\n<p><a href='http:\/\/ski.inmontanis.info\/d\/294799-2\/DSC00588.jpg'><img src=http:\/\/ski.inmontanis.info\/d\/294798-3\/DSC00588.jpg \/><\/a><br \/>\n^ Auch die Rinne ging noch &#8211; nach einer eher abenteuerlichen Querung allerdings<\/p>\n<p><a href='http:\/\/ski.inmontanis.info\/d\/294803-2\/DSC00590.jpg'><img src=http:\/\/ski.inmontanis.info\/d\/294802-3\/DSC00590.jpg \/><\/a><br \/>\n^ Offpiste am Norrliften<\/p>\n<p><a href='http:\/\/ski.inmontanis.info\/d\/294807-2\/DSC00593.jpg'><img src=http:\/\/ski.inmontanis.info\/d\/294806-3\/DSC00593.jpg \/><\/a><br \/>\n^ Man beachte die vielen Tierspuren, Achtung Wildwechsel :)<\/p>\n<p><a href='http:\/\/ski.inmontanis.info\/d\/294811-2\/DSC00594.jpg'><img src=http:\/\/ski.inmontanis.info\/d\/294810-3\/DSC00594.jpg \/><\/a><br \/>\n^ <\/p>\n<p><a href='http:\/\/ski.inmontanis.info\/d\/294815-2\/DSC00597.jpg'><img src=http:\/\/ski.inmontanis.info\/d\/294814-3\/DSC00597.jpg \/><\/a><br \/>\n^ See-Blick von der K2-H\u00fctte, der Stern links ist abends beleuchtet, zumindest im April war er es, als es nachts noch dunkel wurde.<\/p>\n<p><a href='http:\/\/ski.inmontanis.info\/d\/294819-2\/DSC00600.jpg'><img src=http:\/\/ski.inmontanis.info\/d\/294818-3\/DSC00600.jpg \/><\/a><br \/>\n^ Klimpfj\u00e4ll Dorf, der Sydliften fuhr auch kurz nach 16 Uhr noch &#8211; keine Ahnung wie lang noch.<\/p>\n<p><a href='http:\/\/ski.inmontanis.info\/d\/294823-2\/DSC00601.jpg'><img src=http:\/\/ski.inmontanis.info\/d\/294822-3\/DSC00601.jpg \/><\/a><br \/>\n^ Erst Nachmittags das beste Wetter, hier am Norrliften<\/p>\n<p><a href='http:\/\/ski.inmontanis.info\/d\/294827-2\/DSC00602.jpg'><img src=http:\/\/ski.inmontanis.info\/d\/294826-3\/DSC00602.jpg \/><\/a><br \/>\n^ Um 21:07 Uhr<\/p>\n<p>Im Hotelrestaurant h\u00e4tte ich fast wieder die Kebappizza um ca. 13,- \u20ac genommen, dann mich aber f\u00fcr den Elchburger um ca. 17,- \u20ac entschieden, da man den in SB-Restaurants normalerweise auch nicht bekommt. Dazu das \u00fcbliche gratis Leitungswasser.<\/p>\n<p>Beim Warten aufs Essen ging ich die Prime Video App durch und lud mir ein paar Filme\/Serien runter, da ich die Woche \u00fcber ja wieder Zeit haben sollte. (Oder auch nicht ..) <\/p>\n<p><a href='http:\/\/extra.inmontanis.info\/d\/62537-3\/IMG_20210508_171706.jpg'><img src=http:\/\/extra.inmontanis.info\/d\/62536-3\/IMG_20210508_171706.jpg \/><\/a><br \/>\n^ Elchburger<\/p>\n<p><a href='http:\/\/extra.inmontanis.info\/d\/62541-3\/IMG_20210508_172604.jpg'><img src=http:\/\/extra.inmontanis.info\/d\/62540-3\/IMG_20210508_172604.jpg \/><\/a><br \/>\n^ Elchburger<\/p>\n<p>Der Burger samt Pommes war schon sehr viel, der Liter Wasssr ging auch drauf. Glaub ich war voller als vom Hamburger letztes WE in Kittelfj\u00e4ll. H\u00e4tte aber einen kr\u00e4ftigeren Geschmack erwartet, in Erinnerung an gek\u00fchlte Elchburger aus glaub Norwegen, die ich mir mal mit heim genommen hatte ..<\/p>\n<p><strong>9.5.2021<\/strong><\/p>\n<p>Der Tag begann sehr sonnig, es war ab Mittag Schneefall (bei Plusgraden) gemeldet, hielt aber gl\u00fccklicherweise l\u00e4nger durch, vormittags standen sogar die Windr\u00e4der still.<\/p>\n<p>Als ich um 9:30 zum Lift ging, waren noch 2 andere Autos da &#8211; aber Ski fahren hab ich keinen gesehen, waren also die Bediensteten. Na hoffentlich kommen noch welche, sonst wird der Lift noch ab Mittag abgestellt oder so&#8230;<\/p>\n<p>Um 10:45 &#8211; ich immer noch alleine im Skigebiet &#8211; fuhr das Auto, das bereits vor 8:30 hier war, wieder weg. Um 11 Uhr kam dann doch endlich noch jemand, ein Vater mit seinen 2 Kindern. Der Sydlift dagegen blieb geschlossen, die gestrige Gruppe war also nicht wieder hier. Dann leider keine sch\u00f6nen Sulzabfahrten, wobei es heute auch am Norrliften teilweise sch\u00f6n aufgefirnt ist. Pr\u00e4periert wurde auf heute (verst\u00e4ndlicherweise) nichts.<\/p>\n<p>Es dauerte zum Gl\u00fcck bis 14:45, bis es zum schneien anfing &#8211; die 3 anderen lie\u00dfen es dann gleich mal sein, ich fuhr noch einmal und h\u00f6rte somit kurz nach 15 Uhr auf, bevor mir die Kleidung zu nass werden w\u00fcrde, da es stark und nass geschneit hatte. Aber &#8220;nat\u00fcrlich&#8221; w\u00e4re es um 15:20 schon wieder etwas heller geworden und der Schneefall h\u00f6rte wenig sp\u00e4ter wieder auf. Auch der Lift w\u00e4re noch weiter gefahren (obwohl keiner mehr da war, aber das muss der\/die Bedienstete ja auch erst mal mitkriegen..), aber ich hatte die Ski bereits zerlegt und verstaut. Na, egal, der Neuschnee hatte eh schon f\u00fcr pappigere Verh\u00e4ltnisse gesorgt. Um 15:38 wurde der Lift eingestellt.<\/p>\n<p>Tja, schon sehr schade, dass das Angebot der Saisonverl\u00e4ngerung nicht besser angenommen wird. Andererseits ists schon sehr kurzfristig, wenn man erst am Freitag Mittag verk\u00fcndet, dass man am Wochenende aufsperrt. Da k\u00f6nnte man ja von vornherein auf der Website verk\u00fcnden &#8220;Wochenendbetrieb-Verl\u00e4ngerung je nach Schneeh\u00f6he&#8221; oder so..<\/p>\n<p><a href='http:\/\/ski.inmontanis.info\/d\/294831-2\/DSC00607.jpg'><img src=http:\/\/ski.inmontanis.info\/d\/294830-3\/DSC00607.jpg \/><\/a><br \/>\n^ Morgens viel blauer Himmel, hier an der Bergstation des Norrliften<\/p>\n<p><a href='http:\/\/ski.inmontanis.info\/d\/294835-2\/DSC00609.jpg'><img src=http:\/\/ski.inmontanis.info\/d\/294834-3\/DSC00609.jpg \/><\/a><br \/>\n^ Norrliften<\/p>\n<p><a href='http:\/\/ski.inmontanis.info\/d\/294839-2\/DSC00610.jpg'><img src=http:\/\/ski.inmontanis.info\/d\/294838-3\/DSC00610.jpg \/><\/a><br \/>\n^ Eins der drei Windr\u00e4der, standen vormittags ziemlich still<\/p>\n<p><a href='http:\/\/ski.inmontanis.info\/d\/294843-2\/DSC00612.jpg'><img src=http:\/\/ski.inmontanis.info\/d\/294842-3\/DSC00612.jpg \/><\/a><br \/>\n^ Offpiste am Norrliften, immer wieder sch\u00f6n hier im Wald<\/p>\n<p><a href='http:\/\/ski.inmontanis.info\/d\/294847-2\/DSC00614.jpg'><img src=http:\/\/ski.inmontanis.info\/d\/294846-3\/DSC00614.jpg \/><\/a><br \/>\n^ Glitzerschnee gabs auch<\/p>\n<p><a href='http:\/\/ski.inmontanis.info\/d\/294851-2\/DSC00618.jpg'><img src=http:\/\/ski.inmontanis.info\/d\/294850-3\/DSC00618.jpg \/><\/a><br \/>\n^ Safety Third &#8211; das Motto gef\u00e4llt mir, als Gegenpol zu dem teils \u00fcberzogenen Safety First in UK ..<\/p>\n<p><a href='http:\/\/ski.inmontanis.info\/d\/294855-2\/DSC00626.jpg'><img src=http:\/\/ski.inmontanis.info\/d\/294854-3\/DSC00626.jpg \/><\/a><br \/>\n^ Der nasse Schneefall um kurz vor 15 Uhr vertrieb die 3 Skifahrer vor mir &#8211; und mich dann auch.<\/p>\n<p><a href='http:\/\/ski.inmontanis.info\/d\/294859-2\/ge2021050809a.jpg'><img src=http:\/\/ski.inmontanis.info\/d\/294858-3\/ge2021050809a.jpg \/><\/a><br \/>\n^ Blau: 2+1 Besuche Mai 2020, zuf\u00e4lligerweise war mein erster Besuch hier letztes Jahr der 9.5.<br \/>\nMagenta: 1.+2.4.2021<br \/>\nGelb: 8.+9.5.2021, wie man sieht, nochmals einige neue Varianten<\/p>\n<p>Im Laufe des Abends regnete es auch ein wenig &#8211; naja, wird mein Auto vielleicht mal etwas sauberer. Bis zur n\u00e4chsten Naturstra\u00dfe &#8230;<\/p>\n<p>A propos sauber .. was mein W\u00e4sche-Experiment angeht .. Unterhosen werden nach 5-7 Tagen schon recht unangenehm und haben auch den Nachteil, dass sie schmutzig werden, was man mit dem Textilrefresherspray eben nicht wegbekommt, auch geruchm\u00e4\u00dfig nicht wirklich, die muss man dann mal zumindest per Hand waschen. Handw\u00e4sche ist in B&#038;B\/Hostels\/Hotels oder \u00f6ffentlichen WCs gar nicht mal so einfach in Schweden, da die Waschbecken h\u00e4ufig (und in \u00f6ffentlichen generell) keine Abflussverriegelung\/Propfen haben. So eine Mini-Camping-Waschmaschine, wo man au\u00dfer Unterw\u00e4sche maximal noch ein T-Shirt oder so reinbekommt, w\u00e4re also gar keine so schlechte Anschaffung, wenn man mehrere Wochen\/Monate Vanlife machen m\u00f6chte und Platz daf\u00fcr hat und nicht sonst einen kleinen Eimer oder so dabei hat. <\/p>\n<p>Wo ich dagegen nach wie vor \u00fcberrascht bin, wie unproblematisch Str\u00fcmpfe sein k\u00f6nnen &#8211; die werden ja nicht schmutzig, sondern neigen nur zum stinken &#8211; und das kann man mit einem Tropfen Lavendel\u00f6l, wie schon mehrfach gesagt, selbst bei den Skistr\u00fcmpfen und erst recht bei den normalen Str\u00fcmpfen, locker 2 Wochen oder mehr gut unter Kontrolle halten, so lang man jedenfalls nicht zu nass schwitzt in den Schuhen. Glaub das Lavendel\u00f6l wirkt auch etwas antibakteriell und die Bakterien sind ja das Problem beim Geruch. Bei den anderen Kleidungsst\u00fccken bringt das Lavendel\u00f6l dagegen nicht so viel, vmtl. weil es dann eher verdunstet oder nicht so intensiv in den Stoff \u00fcbergehen kann, wie es innerhalb der geschlossenen Schuhe auf Str\u00fcmpe (mit wesentlich kleinerer Fl\u00e4che) einwirken kann.<\/p>\n<p>Tiefk\u00fchlen soll ja auch gegen Geruch helfen, man k\u00f6nnte mal probieren, W\u00e4sche in den Vakuumbeutel zu tun und den f\u00fcr ne Nacht im Schnee zu vergraben :) Oder meine K\u00fchlbox auf -18\u00b0 stellen. <\/p>\n<p>Die n\u00e4chsten Tage war \u00fcberall nicht viel Sonne gemeldet, daher wollte ich langsam richtung Riksgr\u00e4nsen rauffahren. Spontan wurde dann am Dienstag oder so pl\u00f6tzlich f\u00fcr Mittwoch sonnig gemeldet, aber so schnell war ich nicht dort. Aber das mit den unzuverl\u00e4ssigen Wettervorhersagen in Schweden bin ich auf dieser Reise ja schon gewohnt ..<\/p>\n","protected":false},"excerpt":{"rendered":"<p>8.5.2021<\/p>\n<p>Na, dann halt mal wieder im reinen Naturschneeskigebiet Klimpfj\u00e4ll bissl Ski fahren. War ich vor einem Monat ja schon 2 Tage und gefiel mir abermals recht gut, nach den 3 Besuchen letztes Jahr im Mai, also warum nicht, besser als zu Fu\u00df rauflaufen w\u00e4r sowieso jeder Lift selbst bei schlechten Schneeverh\u00e4ltnissen.<\/p>\n<p>Heute sollte es <a href=\"http:\/\/blog.inmontanis.info\/?p=6796\">[&#8230;]<\/a><\/p>\n","protected":false},"author":1,"featured_media":0,"comment_status":"closed","ping_status":"closed","sticky":false,"template":"","format":"standard","meta":{"footnotes":""},"categories":[184,653,19,27],"tags":[78,45,47],"class_list":["post-6796","post","type-post","status-publish","format-standard","hentry","category-2021-01-skandinavien","category-klimpfjall","category-schwedensweden","category-skifahren-winterskiing-winter","tag-restschnee","tag-see","tag-sl","odd"],"_links":{"self":[{"href":"http:\/\/blog.inmontanis.info\/index.php?rest_route=\/wp\/v2\/posts\/6796","targetHints":{"allow":["GET"]}}],"collection":[{"href":"http:\/\/blog.inmontanis.info\/index.php?rest_route=\/wp\/v2\/posts"}],"about":[{"href":"http:\/\/blog.inmontanis.info\/index.php?rest_route=\/wp\/v2\/types\/post"}],"author":[{"embeddable":true,"href":"http:\/\/blog.inmontanis.info\/index.php?rest_route=\/wp\/v2\/users\/1"}],"replies":[{"embeddable":true,"href":"http:\/\/blog.inmontanis.info\/index.php?rest_route=%2Fwp%2Fv2%2Fcomments&post=6796"}],"version-history":[{"count":2,"href":"http:\/\/blog.inmontanis.info\/index.php?rest_route=\/wp\/v2\/posts\/6796\/revisions"}],"predecessor-version":[{"id":6798,"href":"http:\/\/blog.inmontanis.info\/index.php?rest_route=\/wp\/v2\/posts\/6796\/revisions\/6798"}],"wp:attachment":[{"href":"http:\/\/blog.inmontanis.info\/index.php?rest_route=%2Fwp%2Fv2%2Fmedia&parent=6796"}],"wp:term":[{"taxonomy":"category","embeddable":true,"href":"http:\/\/blog.inmontanis.info\/index.php?rest_route=%2Fwp%2Fv2%2Fcategories&post=6796"},{"taxonomy":"post_tag","embeddable":true,"href":"http:\/\/blog.inmontanis.info\/index.php?rest_route=%2Fwp%2Fv2%2Ftags&post=6796"}],"curies":[{"name":"wp","href":"https:\/\/api.w.org\/{rel}","templated":true}]}}