{"id":6792,"date":"2021-05-07T21:47:12","date_gmt":"2021-05-07T19:47:12","guid":{"rendered":"http:\/\/blog.inmontanis.info\/?p=6792"},"modified":"2021-05-09T22:00:55","modified_gmt":"2021-05-09T20:00:55","slug":"skitour-am-vildmarksvagen-7-5-2021","status":"publish","type":"post","link":"http:\/\/blog.inmontanis.info\/?p=6792","title":{"rendered":"Skitour am Vildmarksv\u00e4gen, 7.5.2021"},"content":{"rendered":"<p><strong>7.5.2021<\/strong><\/p>\n<p>Morgens hatte ich mal wieder mein WC verwendet, das nun aber recht voll w\u00e4re und bald mal geleert werden m\u00fcsste. Als ich vormittags nochmals (und sp\u00e4ter noch 2x) musste, probierte ich es also lieber doch mal mit dem Plumpsklo auf der verschneiten Seite des Parkplatzes (siehe Bild von gestern). Der Schnee war gl\u00fccklicherweise tragend, so dass man nicht einsank, sowie um die Holzh\u00fctte ein schneefreier Bereich, so dass man auch die T\u00fcr problemlos aufbekam. Gleich probieren sollen ..<\/p>\n<p>Auf den offiziellen Kan\u00e4len von Klimpfj\u00e4ll gab es zu Mittag nach wie vor keine Info, dass sie morgen \u00f6ffnen &#8211; also nochmals per E-Mail nachgefragt. Da ich von der einen (freien) Werkstatt keine R\u00fcckmeldung bekommen hatte, hab ich&#8217;s ja bei einer Suzuki-Werkstatt am Meer probiert, die haben mir mittlerweile geantwortet, aber erst \u00fcbern\u00e4chste Woche einen Termin frei (und das Service w\u00fcrde ca. 580,- \u20ac kosten, uff) -> da m\u00f6chte ich aber schon gern in Riksgr\u00e4nsen sein. Also werd ich wohl \u00fcberziehen m\u00fcssen und ggf. in Kiruna auf dem R\u00fcckweg halten. Hab aber erst nochmal 2 andere Werkst\u00e4tten angeschrieben (eine andere Suzuki-Werkstatt am Meer und die freie in Arvidsjaur \u00fcber einen anderen EMail-Account, die hatten jetzt aber auch erst ab 18.5. einen Termin frei &#8211; d. h. h\u00e4tten die mir am Montag schon geantwortet, h\u00e4tte es vmtl. n\u00e4chste Woche geklappt, bl\u00f6d.)<\/p>\n<p>Nach 4 erholsamen und ruhigen Tagen, war heute also wieder mehr los, wollte ja eine Skitour machen.<\/p>\n<p>Ich fuhr also bis zur Wintersperre des Vildmarksv\u00e4gen und \u00fcberlegte ein wenig und entschied mich eher f\u00fcr eine flachere, weitere Tour. Wurden dann ca. 4km und 290hm aufw\u00e4rts.  Abfahrtsm\u00e4\u00dfig nat\u00fcrlich fast nur queren, mit etwas schieben, aber daf\u00fcr war ich eben weiter entfernt. Also eher ein &#8220;Winterwandern Plus&#8221;, aber lieber einen sch\u00f6nen Aussichtspunkt mit Skiern erwandert und darauf folgender langweiliger Abfahrt, als 300hm ohne Aussicht nur der Abfahrt wegen. Es wird bei Tourengehern ja gerne unterteilt zwischen &#8220;Abfahrtsorientiert&#8221; und &#8220;Aufstiegsorientiert&#8221;. Ich bin dann wohl <em>&#8220;Aussichtsorientiert&#8221;<\/em> ;-))<\/p>\n<p>Am Parkplatz war es windig und kalt, weshalb ich doch nicht die d\u00fcnnere Jacke angezogen hatte (aber die d\u00fcnnere Regenhose anstatt der dickeren Skihose dr\u00fcber).  Unterwegs komm ich allerdings recht schnell ins Schwitzen &#8211; was halt ohne Duschm\u00f6glichkeit und Kleidertauschm\u00f6glichkeit suboptimal ist. Abends also etwas mehr Textilrefresherspray n\u00fctzen (da werd ich bald schauen m\u00fcssen, ob ich so&#8217;was in Schweden kaufen kann) und die &#8220;Katzenw\u00e4sche&#8221; mit etwas mehr Duschgel und Wasser durchf\u00fchren. (Funktioniert wie folgt: abends bisschen Duschgel hier und da hintupfen und mit dem feuchten Lappen dr\u00fcberwischen.) Vielleicht sollte man f\u00fcr Skitouren extra Kleidung verwenden .. <\/p>\n<p>W\u00e4hrend des Aufstiegs, so gegen 15 Uhr, sah ich auf die Uhr und dachte mir verpeilterweise &#8220;jetzt musst dich beeilen, Lifte schlie\u00dfen um 16 Uhr&#8221; &#8211; &#8220;\u00e4h, welcher Lift?!&#8221; :-)<\/p>\n<p><a href='http:\/\/extra.inmontanis.info\/d\/62517-3\/DSC00496.jpg'><img src=http:\/\/extra.inmontanis.info\/d\/62516-4\/DSC00496.jpg \/><\/a><br \/>\n^ Richtung Klimpfj\u00e4ll<\/p>\n<p><a href='http:\/\/extra.inmontanis.info\/d\/62521-3\/DSC00497.jpg'><img src=http:\/\/extra.inmontanis.info\/d\/62520-4\/DSC00497.jpg \/><\/a><br \/>\n^ N\u00e4he Saxn\u00e4s<\/p>\n<p><a href='http:\/\/extra.inmontanis.info\/d\/62525-3\/DSC00498.jpg'><img src=http:\/\/extra.inmontanis.info\/d\/62524-4\/DSC00498.jpg \/><\/a><br \/>\n^ N\u00e4he Saxn\u00e4s, die blauen Seen mit Schneeresten ergeben die sch\u00f6nsten Fr\u00fchlingsbilder in Schweden.<\/p>\n<p><a href='http:\/\/extra.inmontanis.info\/d\/62529-3\/DSC00499.jpg'><img src=http:\/\/extra.inmontanis.info\/d\/62528-4\/DSC00499.jpg \/><\/a><br \/>\n^ N\u00e4he Saxn\u00e4s<\/p>\n<p><a href='http:\/\/extra.inmontanis.info\/d\/62533-3\/DSC00503.jpg'><img src=http:\/\/extra.inmontanis.info\/d\/62532-4\/DSC00503.jpg \/><\/a><br \/>\n^ Vildmarksv\u00e4gen hinter Klimpfj\u00e4ll, ein St\u00fcck ist ja noch offiziell offen, bevor der Wintersperrenteil beginnt<\/p>\n<p><a href='http:\/\/ski.inmontanis.info\/d\/294647-2\/DSC00508.jpg'><img src=http:\/\/ski.inmontanis.info\/d\/294646-3\/DSC00508.jpg \/><\/a><br \/>\n^ Vildmarksv\u00e4gen, Wintersperre &#8211; ich ging einfach mal der Stra\u00dfe nach<\/p>\n<p><a href='http:\/\/ski.inmontanis.info\/d\/294651-2\/DSC00509.jpg'><img src=http:\/\/ski.inmontanis.info\/d\/294650-3\/DSC00509.jpg \/><\/a><br \/>\n^ Die Gipfel rechts (Westen) k\u00f6nnten schon in Norwegen sein<\/p>\n<p><a href='http:\/\/ski.inmontanis.info\/d\/294655-2\/DSC00511.jpg'><img src=http:\/\/ski.inmontanis.info\/d\/294654-3\/DSC00511.jpg \/><\/a><br \/>\n^ Sp\u00e4ter ging ich neben der Stra\u00dfe weiter<\/p>\n<p><a href='http:\/\/ski.inmontanis.info\/d\/294659-2\/DSC00513.jpg'><img src=http:\/\/ski.inmontanis.info\/d\/294658-3\/DSC00513.jpg \/><\/a><br \/>\n^ Ewig weiter der Stra\u00dfe nach macht ja auch wenig Sinn, wenn man nicht zur\u00fcckschieben will &#8211; also wollte ich auf einen der beiden &#8220;Gipfelchen&#8221; (der mit der W\u00e4chte oder der davor) rauf.<\/p>\n<p><a href='http:\/\/ski.inmontanis.info\/d\/294663-2\/DSC00514.jpg'><img src=http:\/\/ski.inmontanis.info\/d\/294662-3\/DSC00514.jpg \/><\/a><br \/>\n^ R\u00fcckblick zur Stra\u00dfe, die Matrix hat mir (schon letztes Jahr) auf der Stra\u00dfe so lang 1-2 Personen mit Hund entgegengeschickt, bis ich mir dessen bewusst wurde :)))<\/p>\n<p><a href='http:\/\/ski.inmontanis.info\/d\/294667-2\/DSC00520.jpg'><img src=http:\/\/ski.inmontanis.info\/d\/294666-3\/DSC00520.jpg \/><\/a><br \/>\n^ Da hinten tauchte ein neues Ziel auf, das mir nun lohnenswerter schien.<\/p>\n<p><a href='http:\/\/ski.inmontanis.info\/d\/294671-2\/DSC00523.jpg'><img src=http:\/\/ski.inmontanis.info\/d\/294670-3\/DSC00523.jpg \/><\/a><br \/>\n^ Links einige Z\u00e4une f\u00fcr Rentierherden<\/p>\n<p><a href='http:\/\/ski.inmontanis.info\/d\/294675-2\/DSC00525.jpg'><img src=http:\/\/ski.inmontanis.info\/d\/294674-3\/DSC00525.jpg \/><\/a><br \/>\n^ .. daneben unendliche wei\u00dfe Landschaft<\/p>\n<p><a href='http:\/\/ski.inmontanis.info\/d\/294679-2\/DSC00529.jpg'><img src=http:\/\/ski.inmontanis.info\/d\/294678-3\/DSC00529.jpg \/><\/a><br \/>\n^ Der folgende Graben machte einen weiteren Aufstieg zu dem Sendemasten allerdings nicht mehr lohnenswert, also h\u00f6rte ich hier auf<\/p>\n<p><a href='http:\/\/ski.inmontanis.info\/d\/294683-2\/DSC00543.jpg'><img src=http:\/\/ski.inmontanis.info\/d\/294682-3\/DSC00543.jpg \/><\/a><\/p>\n<p><a href='http:\/\/ski.inmontanis.info\/d\/294687-2\/DSC00531.jpg'><img src=http:\/\/ski.inmontanis.info\/d\/294686-3\/DSC00531.jpg \/><\/a><br \/>\n^ Blick richtung Stra\u00dfe<\/p>\n<p><a href='http:\/\/ski.inmontanis.info\/d\/294691-2\/DSC00532.jpg'><img src=http:\/\/ski.inmontanis.info\/d\/294690-3\/DSC00532.jpg \/><\/a><br \/>\n^ .. und richtung Norwegen<\/p>\n<p><a href='http:\/\/ski.inmontanis.info\/d\/294695-2\/DSC00541.jpg'><img src=http:\/\/ski.inmontanis.info\/d\/294694-3\/DSC00541.jpg \/><\/a><\/p>\n<p><a href='http:\/\/ski.inmontanis.info\/d\/294699-2\/DSC00533.jpg'><img src=http:\/\/ski.inmontanis.info\/d\/294698-3\/DSC00533.jpg \/><\/a><\/p>\n<p><a href='http:\/\/ski.inmontanis.info\/d\/294703-2\/DSC00535.jpg'><img src=http:\/\/ski.inmontanis.info\/d\/294702-3\/DSC00535.jpg \/><\/a><\/p>\n<p><a href='http:\/\/ski.inmontanis.info\/d\/294707-2\/DSC00538.jpg'><img src=http:\/\/ski.inmontanis.info\/d\/294706-3\/DSC00538.jpg \/><\/a><\/p>\n<p><a href='http:\/\/ski.inmontanis.info\/d\/294711-2\/DSC00547.jpg'><img src=http:\/\/ski.inmontanis.info\/d\/294710-3\/DSC00547.jpg \/><\/a><\/p>\n<p><a href='http:\/\/ski.inmontanis.info\/d\/294715-2\/DSC00548.jpg'><img src=http:\/\/ski.inmontanis.info\/d\/294714-3\/DSC00548.jpg \/><\/a><br \/>\n^ Unten sieht man die Stra\u00dfe (den ge\u00f6ffneten Teil)<\/p>\n<p><a href='http:\/\/ski.inmontanis.info\/d\/294719-2\/DSC00550.jpg'><img src=http:\/\/ski.inmontanis.info\/d\/294718-3\/DSC00550.jpg \/><\/a><br \/>\n^ Bin zum H\u00fcgel nebendran kurz rauf<\/p>\n<p><a href='http:\/\/ski.inmontanis.info\/d\/294723-2\/DSC00551.jpg'><img src=http:\/\/ski.inmontanis.info\/d\/294722-3\/DSC00551.jpg \/><\/a><\/p>\n<p><a href='http:\/\/ski.inmontanis.info\/d\/294727-2\/DSC00552.jpg'><img src=http:\/\/ski.inmontanis.info\/d\/294726-3\/DSC00552.jpg \/><\/a><br \/>\n^ Obwohl man die Stra\u00dfe wohl schon problemlos \u00f6ffnen k\u00f6nnte, wird sie das regelm\u00e4\u00dfig erst Anfang Juni<\/p>\n<p><a href='http:\/\/ski.inmontanis.info\/d\/294731-2\/DSC00557.jpg'><img src=http:\/\/ski.inmontanis.info\/d\/294730-3\/DSC00557.jpg \/><\/a><\/p>\n<p><a href='http:\/\/ski.inmontanis.info\/d\/294735-2\/DSC00562.jpg'><img src=http:\/\/ski.inmontanis.info\/d\/294734-3\/DSC00562.jpg \/><\/a><br \/>\n^ Aufstieg und Abfahrt<\/p>\n<p><a href='http:\/\/ski.inmontanis.info\/d\/294739-2\/DSC00564.jpg'><img src=http:\/\/ski.inmontanis.info\/d\/294738-3\/DSC00564.jpg \/><\/a><br \/>\n^ .. danach musste ich m\u00f6glichst oben queren, um mit wenig Schieben wieder zur\u00fcck zu kommen<\/p>\n<p><a href='http:\/\/ski.inmontanis.info\/d\/294743-2\/DSC00565.jpg'><img src=http:\/\/ski.inmontanis.info\/d\/294742-3\/DSC00565.jpg \/><\/a><br \/>\n^ Man h\u00e4tte auch diagonal fahren k\u00f6nnen, aber ich wusste ja nicht, wie weit die Z\u00e4une gehen und ob da was im Weg sein k\u00f6nnte..<\/p>\n<p><a href='http:\/\/ski.inmontanis.info\/d\/294747-3\/DSC00569.jpg'><img src=http:\/\/ski.inmontanis.info\/d\/294746-4\/DSC00569.jpg \/><\/a><br \/>\n^ Die Schneedecke erinnert an Schimmelk\u00e4se und ist teilweise ziemlich durchl\u00f6chert, da muss man etwas aufpassen, dass man nicht einsinkt.<\/p>\n<p><a href='http:\/\/ski.inmontanis.info\/d\/294751-3\/DSC00570.jpg'><img src=http:\/\/ski.inmontanis.info\/d\/294750-4\/DSC00570.jpg \/><\/a><br \/>\n^ Parkplatz in Sicht, nach der langen Querung kann ich noch ein, zwei Kurven machen.<\/p>\n<p><a href='http:\/\/ski.inmontanis.info\/d\/294755-3\/DSC00571.jpg'><img src=http:\/\/ski.inmontanis.info\/d\/294754-4\/DSC00571.jpg \/><\/a><br \/>\n^ Ende; der Fluss wird wohl auch ger\u00e4umt?!<\/p>\n<p><a href='http:\/\/ski.inmontanis.info\/d\/294759-3\/ge20210507a.jpg'><img src=http:\/\/ski.inmontanis.info\/d\/294758-4\/ge20210507a.jpg \/><\/a><br \/>\n^ GPS-Track Skitour 7.5.2021<\/p>\n<p><a href='http:\/\/ski.inmontanis.info\/d\/294763-3\/ge20210507b.jpg'><img src=http:\/\/ski.inmontanis.info\/d\/294762-4\/ge20210507b.jpg \/><\/a><br \/>\n^ Vildmarksv\u00e4gen, Wintersperrenteil und die beiden Skigebiete Blasj\u00f6n und Klimpfj\u00e4ll und die heutige Skitour<\/p>\n<p>Als ich zur\u00fcck am Auto war, war auch endlich die Info vom Klimpfj\u00e4ll auf deren Facebookseite: Heute Abendski von 17:30-19:30 und morgen und \u00fcbermorgen 9:30-16h ge\u00f6ffnet, sehr sch\u00f6n. Aber sehr kurzfristig, ob da heut Abend welche kommen?! Da ich heute schon auf Ski stand (und ich jetzt Hunger hatte und es schon nach 17 Uhr war), sparte ich es mir und werd mir stattdessen morgen nochmals eine 2-Tageskarte kaufen, parkte an einer Stra\u00dfenbucht auf dem Weg (Einfahrt zu einem Parkplatz, der aber nicht ger\u00e4umt war) und machte mir was zu essen: Rest der Champignon- und Bolognaise-Sauce und dem geriebenem K\u00e4se, so dass ich morgen Mittag im Skigebiet oder Abends im Hotel eine Pizza essen k\u00f6nnte. <\/p>\n<p>\u00c0 propos geriebener K\u00e4se, bei uns gibt&#8217;s ja geriebenen Parmesan in Dosen, der muss glaub ich auch offen nicht gek\u00fchlt werden und h\u00e4lt entsprechend l\u00e4nger. Muss ich mal aufpassen, ob ich so etwas in einem schwedischen Supermarkt auch finde, k\u00f6nnte praktisch sein .. <\/p>\n","protected":false},"excerpt":{"rendered":"<p>7.5.2021<\/p>\n<p>Morgens hatte ich mal wieder mein WC verwendet, das nun aber recht voll w\u00e4re und bald mal geleert werden m\u00fcsste. Als ich vormittags nochmals (und sp\u00e4ter noch 2x) musste, probierte ich es also lieber doch mal mit dem Plumpsklo auf der verschneiten Seite des Parkplatzes (siehe Bild von gestern). Der Schnee war gl\u00fccklicherweise tragend, <a href=\"http:\/\/blog.inmontanis.info\/?p=6792\">[&#8230;]<\/a><\/p>\n","protected":false},"author":1,"featured_media":0,"comment_status":"closed","ping_status":"closed","sticky":false,"template":"","format":"standard","meta":{"footnotes":""},"categories":[184,19,29],"tags":[45],"class_list":["post-6792","post","type-post","status-publish","format-standard","hentry","category-2021-01-skandinavien","category-schwedensweden","category-skitourenwalk-ski","tag-see","odd"],"_links":{"self":[{"href":"http:\/\/blog.inmontanis.info\/index.php?rest_route=\/wp\/v2\/posts\/6792","targetHints":{"allow":["GET"]}}],"collection":[{"href":"http:\/\/blog.inmontanis.info\/index.php?rest_route=\/wp\/v2\/posts"}],"about":[{"href":"http:\/\/blog.inmontanis.info\/index.php?rest_route=\/wp\/v2\/types\/post"}],"author":[{"embeddable":true,"href":"http:\/\/blog.inmontanis.info\/index.php?rest_route=\/wp\/v2\/users\/1"}],"replies":[{"embeddable":true,"href":"http:\/\/blog.inmontanis.info\/index.php?rest_route=%2Fwp%2Fv2%2Fcomments&post=6792"}],"version-history":[{"count":2,"href":"http:\/\/blog.inmontanis.info\/index.php?rest_route=\/wp\/v2\/posts\/6792\/revisions"}],"predecessor-version":[{"id":6794,"href":"http:\/\/blog.inmontanis.info\/index.php?rest_route=\/wp\/v2\/posts\/6792\/revisions\/6794"}],"wp:attachment":[{"href":"http:\/\/blog.inmontanis.info\/index.php?rest_route=%2Fwp%2Fv2%2Fmedia&parent=6792"}],"wp:term":[{"taxonomy":"category","embeddable":true,"href":"http:\/\/blog.inmontanis.info\/index.php?rest_route=%2Fwp%2Fv2%2Fcategories&post=6792"},{"taxonomy":"post_tag","embeddable":true,"href":"http:\/\/blog.inmontanis.info\/index.php?rest_route=%2Fwp%2Fv2%2Ftags&post=6792"}],"curies":[{"name":"wp","href":"https:\/\/api.w.org\/{rel}","templated":true}]}}