{"id":6787,"date":"2021-05-06T19:48:07","date_gmt":"2021-05-06T17:48:07","guid":{"rendered":"http:\/\/blog.inmontanis.info\/?p=6787"},"modified":"2023-08-05T16:00:57","modified_gmt":"2023-08-05T14:00:57","slug":"3-5-6-5-2021","status":"publish","type":"post","link":"http:\/\/blog.inmontanis.info\/?p=6787","title":{"rendered":"3.5.-6.5.2021"},"content":{"rendered":"<p>Erst noch den Monatsr\u00fcckblick von April:<\/p>\n<p>Mit Ausnahme 12.4. bin ich vom 26.3.-2.5. jetzt t\u00e4glich Ski gefahren. So viele Tage in so kurzer Zeit d\u00fcrfte ich wohl bisher auch noch nie Skifahren gewesen sein? Da kann einem dann schon pl\u00f6tzlich was fehlen.. Die Skip\u00e4sse f\u00fcr die bisher 79 Skitage in ca. 50 Skigebieten in Schweden (ohne den 4 Skitour-Tagen bisher) kosteten ca. 2.548,- \u20ac. Das sollte in den n\u00e4chsten Jahren in anderen L\u00e4ndern dann hoffentlich etwas g\u00fcnstiger im Schnitt werden&#8230;<\/p>\n<p>Aber immerhin sind durch die wenigen Hotel\u00fcbernachtungen nun die Kosten wieder etwas gesunken, die Kreditkartenabrechnung von April bel\u00e4uft sich auf 2.044,97 \u20ac, wobei da eine Bargeldabhebung iHv 169,92 (zzgl. 5,09 \u20ac Spesen) inkludiert ist, die ich bisher ja nicht ausgegeben habe. Ok, ich hatte eigentlich schon weniger erwartet..<\/p>\n<p>Wie nicht anders zu erwarten, war der April der sch\u00f6nste Monat, auch wenn er leider nicht ganz so firnig &#038; sulzig war, wie (auch aufgrund meines Besuches 2019) gehofft.<\/p>\n<p><a href='http:\/\/extra.inmontanis.info\/d\/62413-2\/ge202104-route10.jpg'><img src=http:\/\/extra.inmontanis.info\/d\/62412-3\/ge202104-route10.jpg \/><\/a><br \/>\n^ Orange: Fahrstrecke April, ca. 3.100 km, im Uhrzeigersinn<\/p>\n<p><a href='http:\/\/extra.inmontanis.info\/d\/62417-2\/ge202104-route8.jpg'><img src=http:\/\/extra.inmontanis.info\/d\/62416-3\/ge202104-route8.jpg \/><\/a><br \/>\n^ Orange: Strecke und POI im April, die Vormonate hab ich mal ausgeblendet<\/p>\n<p>A) Klimpfj\u00e4ll (das mit den 2 SL und vielen leichten Waldvarianten am Ende von der magenta-farbenen Stra\u00dfe), wo ich jetzt in der ersten Maiwoche auch wieder bin<br \/>\nB) Bl\u00e5sj\u00f6n (das mit dem KSSL oben)<br \/>\nC) Solberget (das Gebiet mit dem parallelen roten Graffer-SL, der ja leider nicht lief)<br \/>\nD) Bj\u00e4stabacken (mit dem roten Dreieckslift)<br \/>\nE) Skulebacken (mit der abgebauten roten Dreibeinst\u00fctzen-DSB)<br \/>\nF) Nolbybacken (mit dem Meerpano)<br \/>\nG) Hedebacken (mit den komischen St\u00fctzen)<br \/>\nH) Hassela (das mit dem langen SL und dem kurzen SL oben)<br \/>\nI) Gesundaberget (das mit der Graffer-DSB und dem Seeblick)<br \/>\nJ) Byr\u00e5sen (Abendbesuch am Graffer-SL)<br \/>\nK) Bran\u00e4s (mit der coolen Skibr\u00fccke)<br \/>\nL) N\u00e4sfj\u00e4llet (der einzelne SL im baumfreien)<br \/>\nM) Lindvallen (das Parallellift-Skigebiet Skistar S\u00e4len)<br \/>\nN) Tand\u00e5dalen-Hundfj\u00e4llet (das andere Skistar S\u00e4len mit dem Dreiecksst\u00fctzen-Kurvenlift)<br \/>\nO) St\u00f6ten (mit den 2 6KSB)<br \/>\nP) Mickeltemplets (der Aussichtsturm mit dem kurzen SL und den Sprungschanzen)<br \/>\nQ) T\u00e4nn\u00e4skr\u00f6ket (das mit der alten GMD-DSB und dem sch\u00f6nen Gratlift)<br \/>\nR) Ramundberget (mit den vielen 4SB-Varianten)<br \/>\nS) T\u00e4nndalen (das nicht mehr ganz offene Parallellift-Skigebiet)<br \/>\nT) Fun\u00e4sdalsberget (das nicht mehr offene mit der Gondel am steilen Felsen)<br \/>\nU) Kappruet (der nicht mehr offene KSSL)<br \/>\nV) \u00c5re (das mit den steilen Rinnen und Gr\u00e4ben)<br \/>\nW) Eds\u00e5sdalen (das mit dem Schneemobiltransport zum oberen Lift)<br \/>\nX) Gruvbacken (der KSSL auf der R\u00fcckseite von \u00c5re)<br \/>\nY) Duved-Tegefj\u00e4ll (das schon geschlossene Nebenskigebiet von \u00c5re)<br \/>\nZ) Kittelfj\u00e4ll (das mit den vielen unpr\u00e4parierten Varianten an 2 SL)<\/p>\n<p><strong>3.5.2021<\/strong><\/p>\n<p>Vormittags brannte die Sonne auf&#8217;s Auto und die verdunkelte Scheibe, wodurch es recht warm im oberen Bereich wurde, w\u00e4hrend meine F\u00fc\u00dfe selbst bei aktivierter Schuheizung auf Stufe 1 nicht warm genug blieben. Ich brauch da wohl im Sommer an mindestens 2 Fenstern Fliegennetze, damit ich die dann wenigstens \u00f6ffnen kann&#8230; Ok, man kann sich schattige Pl\u00e4tze suchen und ich fahr ja normalerweise eh nicht in Gegenden, wo es nur 30\u00b0 und mehr hat&#8230;<\/p>\n<p>Tjo, heute also nix zu tun nach der Arbeit. Ich fuhr langsam wieder zur\u00fcck nach Kittelfj\u00e4ll, Augen offenhaltend, ob es mir f\u00fcr eine Skitour sinnvoll erschien &#8211; was es eher nicht war. Und im Skigebiet wollte ich nat\u00fcrlich auch nicht raufgehen, wenn ich die letzten 3 Tage mit dem Lift raufgefahren bin. Also zum n\u00e4chsten Ort Dikan\u00e4s und die beiden kleinen Superm\u00e4rkte besucht. WCs gab&#8217;s leider nirgends und die Tankstellen sind hier ja auch nur Automatentankstellen. Und die Rastpl\u00e4tze mit eventuellem Trocken-WC waren nicht ger\u00e4umt. Dann werd ich wohl irgendwann meines im Auto n\u00fctzen m\u00fcssen. Hoffentlich reicht da der Platz noch bis ich an eine Entleerungsm\u00f6glichkeit komm ;)<\/p>\n<p>Einer der beiden Superm\u00e4rkte hatte eine Auslage mit -20% Artikel, weil abgelaufen &#8211; da waren Sachen dabei, die das Mindesthaltbarkeitsdatum schon im Dezember hatten :) Da m\u00fcsste der Rabatt schon h\u00f6her sein&#8230;<\/p>\n<p>Von wegen Prepaid-SIM-Karten hab ich nirgends etwas gelesen, aber auch nicht extra nachgefragt.<\/p>\n<p>Ein St\u00fcck noch richtung S\u00fcden (Stalon) gefahren kam ein Parkplatz direkt an der Stra\u00dfe mit sch\u00f6nem Blick auf einen (noch recht gefrorenem) See und Berge, da blieb ich dann, nachdem die Batterie mittlerweile wieder voll war, es war auch nach 14 Uhr und morgen soll es eh schneien, da f\u00e4llt eine Skitour auch aus.<\/p>\n<p><a href='http:\/\/extra.inmontanis.info\/d\/62421-2\/DSC00421.jpg'><img src=http:\/\/extra.inmontanis.info\/d\/62420-3\/DSC00421.jpg \/><\/a><br \/>\n^ Westlich von Kittelfj\u00e4ll<\/p>\n<p><a href='http:\/\/extra.inmontanis.info\/d\/62425-2\/DSC00422.jpg'><img src=http:\/\/extra.inmontanis.info\/d\/62424-3\/DSC00422.jpg \/><\/a><br \/>\n^ Westlich von Kittelfj\u00e4ll<\/p>\n<p><a href='http:\/\/extra.inmontanis.info\/d\/62429-2\/DSC00427.jpg'><img src=http:\/\/extra.inmontanis.info\/d\/62428-3\/DSC00427.jpg \/><\/a><br \/>\n^ Blick auf die Berge s\u00fcdwestlich von Kittelfj\u00e4ll, die man vom Skigebiet aus sieht<\/p>\n<p><a href='http:\/\/extra.inmontanis.info\/d\/62433-2\/DSC00429.jpg'><img src=http:\/\/extra.inmontanis.info\/d\/62432-3\/DSC00429.jpg \/><\/a><br \/>\n^ .. k\u00f6nnte gut sein, das die sch\u00f6nen H\u00e4nge da rechts f\u00fcr Heliski angeflogen werden<\/p>\n<p><a href='http:\/\/extra.inmontanis.info\/d\/62437-2\/DSC00431.jpg'><img src=http:\/\/extra.inmontanis.info\/d\/62436-3\/DSC00431.jpg \/><\/a><br \/>\n^ .. man kann sogar bis runter zum See fahren<\/p>\n<p><a href='http:\/\/extra.inmontanis.info\/d\/62441-2\/DSC00433.jpg'><img src=http:\/\/extra.inmontanis.info\/d\/62440-3\/DSC00433.jpg \/><\/a><br \/>\n^ Auf die hier relevanten Temperaturen reduziertes Thermometer ;-)<\/p>\n<p><a href='http:\/\/extra.inmontanis.info\/d\/62445-2\/DSC00434.jpg'><img src=http:\/\/extra.inmontanis.info\/d\/62444-3\/DSC00434.jpg \/><\/a><br \/>\n^ Stra\u00dfe zwischen Dikan\u00e4s und Stalon mit Blick auf die Berge vom Marsfj\u00e4ll<\/p>\n<p><a href='http:\/\/extra.inmontanis.info\/d\/62449-2\/DSC00438.jpg'><img src=http:\/\/extra.inmontanis.info\/d\/62448-3\/DSC00438.jpg \/><\/a><br \/>\n^ Stra\u00dfe zwischen Dikan\u00e4s und Stalon mit Blick auf die Berge vom Marsfj\u00e4ll<\/p>\n<p><a href='http:\/\/extra.inmontanis.info\/d\/62453-2\/DSC00440.jpg'><img src=http:\/\/extra.inmontanis.info\/d\/62452-3\/DSC00440.jpg \/><\/a><br \/>\n^ Aufpeppeln der Bolognaise-Sauce mit Gurken-Mayo-Salat (die H\u00e4lfte, die andere H\u00e4lfte schmierte ich mir morgen aufs Brot), etwas langweiligen Kartoffelchips und geriebenem K\u00e4se. War jetzt nicht ganz so geil, wohl zuviel Gruken-Mayo und K\u00e4se erwischt.<\/p>\n<p>Ich bin mir etwas unschl\u00fcssig, ob ich Klimpfj\u00e4ll fahren soll. Einerseits ja Hoffnung, dass sie, wie letztes Jahr, die Lifte an den WE im Mai wieder \u00f6ffnen. Da sie auf ihrer Facebook-Seite noch nichts dar\u00fcber geschrieben haben, hab ich heut mal per EMail nachgefragt. Au\u00dferdem g\u00e4be es noch hinten den wintergesperrten Teil des Vildmarksv\u00e4gen, wo ich letztes Jahr ja schon mindestens eine m\u00f6gliche kurze Skitour ortete. Andererseits ist das alles ca. 150km in die falsche Richtung und tendenziell wohl nirgends \u00f6ffentliche Toiletten.<\/p>\n<p><strong>4.5.2021<\/strong><\/p>\n<p>Die Antwort von Klimpfj\u00e4ll kam &#8211; man m\u00f6chte je nach Schneeschmelze noch die n\u00e4chsten 2 WE offen bleiben, yes! Dann bleib ich doch noch gerne hier bis zum WE :) (Die Woche drauf w\u00e4r ja Christ Himmelfahrt, da hatten sie glaub ich letztes Jahr auch schon ab Donnerstag offen, das k\u00f6nnte also fast noch ein Argument sein, hier zu bleiben und erst sp\u00e4ter nach Riksgr\u00e4nsen zu fahren? Dort n\u00e4mlich weiterhin winterlich und so einen g\u00fcnstigen 6=8-Tages-Skipass gibts dort auch nicht, also fraglich, ob ich mir 4 oder 5 Tage hintereinander nehme oder 5-6-7 wahlfreie Tage oder mal nur abends fahre oder &#8230;)<\/p>\n<p>Die eine Tankstelle\/Lebensmittelgesch\u00e4ft auf dem Weg hier in Stalon war leider nicht offen. Hm. Trotzdem hier in der N\u00e4he \u00fcbernachten, morgen im n\u00e4chsten Ort 35km taleinw\u00e4rts schauen, ob die Tankstelle offen h\u00e4tte? Wenn nicht, wird&#8217;s langsam eng, falls ich noch \u00fcbernachte (und wegen Standheizung und Batterienachladen mehr Sprit brauch) &#8211; dann g\u00e4be es noch die in Klimpfj\u00e4ll (falls nicht auch geschlossen), obwohl ich ja eigentlich dazwischen noch mal \u00fcbernachten wollte. Oder ich fahr gleich talausw\u00e4rts bis vor zur E45 f\u00fcr gr\u00f6\u00dfere Tankstellen, Essensm\u00f6glichkeiten und gr\u00f6\u00dferem Supermarkt und an der Tankstelle oder im Supermarkt sollte ich wohl auch eine Prepaid-Simkarte bekommen. Das sind dann aber ansonsten eher sinnlose 60km einfach, die ich wieder retour fahren muss. <\/p>\n<p>Auf dem Weg kam ich an einem netten, m\u00f6glichen \u00dcbernachtungsplatz an, der ger\u00e4umt war &#8211; und wer wei\u00df, ob es der n\u00e4chste auch noch sein w\u00fcrde &#8211; warum also nicht gleich hier bleiben und erst morgen nach Vilhelmina? Das Plumpsklo war etwas un\u00fcblicher, keine Grube oder ein gro\u00dfer Beh\u00e4lter, sondern eine Trockentrenntoilette mit nur einem 10- oder 20l-Eimer f\u00fcr &#8220;festes&#8221;.<\/p>\n<p><a href='http:\/\/extra.inmontanis.info\/d\/62457-2\/DSC00442.jpg'><img src=http:\/\/extra.inmontanis.info\/d\/62456-3\/DSC00442.jpg \/><\/a><br \/>\n^ Panorama am heutigen Schlafplatz, ein Auto mit italienischem Kennzeichen stand auch mal eine Zeit lang rum, fuhr dann aber wieder weiter.<\/p>\n<p><strong>5.5.2021<\/strong><\/p>\n<p>Heute fuhr ich also vor nach Vilhelmina und erst mal zum tanken und kaufte mir eine SIM-Karte an der Tankstelle, ich nahm die Halebop (Billiganbieter von Telia, dem gr\u00f6\u00dften Telekomunternehmen in Schweden und somit vermutlich mit der besten Netzabdeckung) und wollte dann via Internet (gratis WLAN im Ort!) 30 GB \/ 30 Tage um ca. 34 \u20ac laden (nicht gebrauchte GB kann man aber anscheinend ins n\u00e4chste Monat mitnehmen, so dass man da einen g\u00fcnstigeren Tarif evtl. nehmen k\u00f6nnte?!). Kam im Bestellprozess soweit, dass ich meine Visa-Kartennummer eingeben musste und auch zur 3D-Secure-Seite meiner Bank kam, dann brach die schwedische Halebop-Seite aber mit einem unspezifizierten Fehler ab. Vielleicht m\u00f6gen die keine ausl\u00e4ndischen Kreditkarten beim online bestellen? Also kaufte ich mir in der Tankstelle den entsprechenden Aufladecode, das hat dann soweit funktioniert. H\u00e4tt ichs gleich so gemacht, jetzt muss ich aufpassen, dass meine Kreditkarte nicht doppelt belastet wird&#8230;<\/p>\n<p>Leider hatte ich ja keinen Anbieter gefunden, der eSim unterst\u00fctzt h\u00e4tte &#8211; dann h\u00e4tte ich das parallel an einem meiner beiden Haupthandys aktivieren k\u00f6nnen, so muss halt jetzt die Magenta-SIM wieder ins iPhone (weil das auf Magenta\/T-Mobile Austria fixiert ist) und selbiges eingeschaltet bleiben.<\/p>\n<p>Im nebenliegendem Frasses-Schnellimbiss war bei der Gelegenheit mal wieder ein Laxburger f\u00e4llig ;) Und in den beiden Superm\u00e4rkten lag die Maskentragequote doch mal grob gesch\u00e4tzt bei \u00fcber 50%.<\/p>\n<p>Nachdem ich von der einen (freien) Werkstatt in Arvidsjaur innerhalb 3 Tagen keine Antwort erhalten hab, ob die n\u00e4chste Woche ein Service machen k\u00f6nnen und Zeit h\u00e4tten, hab ich nun einen der Suzuki-H\u00e4ndler an den gr\u00f6\u00dferen St\u00e4dten am Meer angemailt. Kann nat\u00fcrlich sein, dass die per se mehr ausgelastet sind und so kurzfristig jetzt nichts mehr haben (wenn ich daran denke, dass mein Arbeitgeber meist mehrere Wochen ausgelastet ist).. Ansonsten muss ich ein paar hundert km \u00fcberziehen und erst nach Riksgr\u00e4nsen eben zu dem Suzuki-H\u00e4ndler in Kiruna gehen, gegen Ende des Monats.<\/p>\n<p>In Vilhelmina fuhr ich noch kurz am nahen Skigebiet vorbei, die 5-10km machen das Kraut jetzt auch nicht mehr fett &#8211; damit das auch noch dokumentiert ist. <\/p>\n<p><a href='http:\/\/ski.inmontanis.info\/d\/294611-2\/DSC00449.jpg'><img src=http:\/\/ski.inmontanis.info\/d\/294609-3\/DSC00449.jpg \/><\/a><br \/>\n^ Skigebiet Granbergsbacken bei Vilhelmina<\/p>\n<p><a href='http:\/\/ski.inmontanis.info\/d\/294615-2\/DSC00450.jpg'><img src=http:\/\/ski.inmontanis.info\/d\/294614-3\/DSC00450.jpg \/><\/a><br \/>\n^ Rechte Abfahrt<\/p>\n<p><a href='http:\/\/ski.inmontanis.info\/d\/294619-2\/DSC00451.jpg'><img src=http:\/\/ski.inmontanis.info\/d\/294618-3\/DSC00451.jpg \/><\/a><br \/>\n^ Granbergsbacken<\/p>\n<p><a href='http:\/\/ski.inmontanis.info\/d\/294623-2\/DSC00452.jpg'><img src=http:\/\/ski.inmontanis.info\/d\/294622-3\/DSC00452.jpg \/><\/a><br \/>\n^ Talstation Skilift<\/p>\n<p><a href='http:\/\/ski.inmontanis.info\/d\/294627-2\/DSC00454.jpg'><img src=http:\/\/ski.inmontanis.info\/d\/294626-3\/DSC00454.jpg \/><\/a><br \/>\n^ Talstation Skilift<\/p>\n<p><a href='http:\/\/ski.inmontanis.info\/d\/294631-2\/DSC00455.jpg'><img src=http:\/\/ski.inmontanis.info\/d\/294630-3\/DSC00455.jpg \/><\/a><br \/>\n^ Strecke Skilift<\/p>\n<p><a href='http:\/\/ski.inmontanis.info\/d\/294635-2\/DSC00456.jpg'><img src=http:\/\/ski.inmontanis.info\/d\/294634-3\/DSC00456.jpg \/><\/a><br \/>\n^ Linke Abfahrt<\/p>\n<p><a href='http:\/\/ski.inmontanis.info\/d\/294639-2\/DSC00457.jpg'><img src=http:\/\/ski.inmontanis.info\/d\/294638-3\/DSC00457.jpg \/><\/a><br \/>\n^ Viele alte Sicherungen<\/p>\n<p><a href='http:\/\/ski.inmontanis.info\/d\/294643-2\/DSC00458.jpg'><img src=http:\/\/ski.inmontanis.info\/d\/294642-3\/DSC00458.jpg \/><\/a><br \/>\n^ Und die Tellergeh\u00e4nge<\/p>\n<p><a href='http:\/\/extra.inmontanis.info\/d\/62461-2\/DSC00461.jpg'><img src=http:\/\/extra.inmontanis.info\/d\/62460-3\/DSC00461.jpg \/><\/a><br \/>\n^ Panorama am heutigen Schlafplatz, wieder richtung Stalon, aber noch vor dem gestrigen Schlafplatz. Hier gibts gleich 2 Parkpl\u00e4tze nebeneinander (getrennte Einfahrt, eine vor, eine nach der Br\u00fccke) mit ebenfalls jeweils einem Plumpsklo. <\/p>\n<p><a href='http:\/\/extra.inmontanis.info\/d\/62465-2\/DSC00463.jpg'><img src=http:\/\/extra.inmontanis.info\/d\/62464-3\/DSC00463.jpg \/><\/a><br \/>\n^ .. und um 21:40 Uhr<\/p>\n<p><strong>6.5.2021<\/strong><\/p>\n<p>Wenn vormittags die Sonne scheint, wie die letzten Tage, brauch ich ja keine Heizung (au\u00dfer an den F\u00fc\u00dfen), aber wenn, wie heute, die Sonne irgendwann dauerhaft hinter Wolken ist, braucht man sie schon bald wieder.<\/p>\n<p>Bin in Stalon zum Aussichtspunkt am Berg raufgefahren (Stalonberget), komisches Gipfelplateau dort oben, schaut auch auf GE komisch aus,  evtl. ein Pumpspeicherkraftwerk mit einem unterirdischen See? Zum Gl\u00fcck war der Schnee kompakt, so dass man nicht einsank. <\/p>\n<p><a href='http:\/\/extra.inmontanis.info\/d\/62469-2\/DSC00468.jpg'><img src=http:\/\/extra.inmontanis.info\/d\/62468-3\/DSC00468.jpg \/><\/a><br \/>\n^ Am Stalon Utsiktsplats<\/p>\n<p><a href='http:\/\/extra.inmontanis.info\/d\/62473-2\/DSC00471.jpg'><img src=http:\/\/extra.inmontanis.info\/d\/62472-3\/DSC00471.jpg \/><\/a><br \/>\n^ Die Stra\u00dfe ist wegen des Kraftwerks ger\u00e4umt, es gibt mindestens 2 Einfahrten in den Berg (eine weiter unten)<\/p>\n<p><a href='http:\/\/extra.inmontanis.info\/d\/62477-2\/DSC00472.jpg'><img src=http:\/\/extra.inmontanis.info\/d\/62476-3\/DSC00472.jpg \/><\/a><br \/>\n^ Die zum Plateau rauf gehende Stra\u00dfe ist dagegen nicht ger\u00e4umt.<\/p>\n<p><a href='http:\/\/extra.inmontanis.info\/d\/62481-2\/DSC00475.jpg'><img src=http:\/\/extra.inmontanis.info\/d\/62480-3\/DSC00475.jpg \/><\/a><br \/>\n^ Da oben hats ein eigenartiges Plateau ..<\/p>\n<p><a href='http:\/\/extra.inmontanis.info\/d\/62485-2\/DSC00476.jpg'><img src=http:\/\/extra.inmontanis.info\/d\/62484-3\/DSC00476.jpg \/><\/a><br \/>\n^ .. und in die andere Richtung<\/p>\n<p>Da ich mir gestern im Supermarkt Papiert\u00fccher gekauft hatte, hab ich heut mal den K\u00fchlschrank etwas ausgewischt. Dass es nass ist, ist ja klar, es war allerdings etwas gelblich und klebrig, entweder durch aufgeweichte (verleimte) Papierverpackungen oder Reste am Senf, der aber eigentlich verschraubt ist, ebenso wie die Milchpackung, die hin und wieder drin ist &#8211; dann wirds wohl eher vom Curry-Ketchup kommen, da waren hin und wieder Reste am Verschluss.. Paar Sachen hab ich mal raus, ein paar andere m\u00fcssten zwar auch nicht drin sein, aber so ein K\u00fchlschrank arbeitet ja effektiver, wenn er voller ist. Der Geruch ist jetzt wenigstens wieder etwas angenehmer.<\/p>\n<p>Und unter dem Motto &#8220;pimp my ragu&#8221; gibt&#8217;s heute Champignons dazu.<\/p>\n<p><a href='http:\/\/extra.inmontanis.info\/d\/62489-2\/DSC00482.jpg'><img src=http:\/\/extra.inmontanis.info\/d\/62488-3\/DSC00482.jpg \/><\/a><br \/>\n^ Heutiger \u00dcbernachtungsplatz am Litsj\u00f6forsen, bin ein bisschen \u00fcber die Steine gegangen, damit ich nicht den ganzen Tag im Auto sitz (wegen Fahren + vorm Computer + am Handy spielen)<\/p>\n<p><a href='http:\/\/extra.inmontanis.info\/d\/62493-2\/DSC00486.jpg'><img src=http:\/\/extra.inmontanis.info\/d\/62492-3\/DSC00486.jpg \/><\/a><br \/>\n^ Litsj\u00f6forsen?<\/p>\n<p><a href='http:\/\/extra.inmontanis.info\/d\/62497-2\/DSC00483.jpg'><img src=http:\/\/extra.inmontanis.info\/d\/62496-3\/DSC00483.jpg \/><\/a><br \/>\n^ <\/p>\n<p><a href='http:\/\/extra.inmontanis.info\/d\/62501-2\/DSC00490.jpg'><img src=http:\/\/extra.inmontanis.info\/d\/62500-3\/DSC00490.jpg \/><\/a><br \/>\n^ Litsj\u00f6forsen?<\/p>\n<p><a href='http:\/\/extra.inmontanis.info\/d\/62505-2\/DSC00492.jpg'><img src=http:\/\/extra.inmontanis.info\/d\/62504-3\/DSC00492.jpg \/><\/a><br \/>\n^ Im unger\u00e4umten Teil des Parkplatzes st\u00fcnde ein Plumpsklo, das wird im morgigen Bericht noch thematisiert <\/p>\n<p><a href='http:\/\/extra.inmontanis.info\/d\/62509-2\/DSC00493.jpg'><img src=http:\/\/extra.inmontanis.info\/d\/62508-3\/DSC00493.jpg \/><\/a><br \/>\n^ Heute wird die Bolognaise mal mit einer halben Dose Champignons gepimpt (den Rest gibts dann morgen, einfach ins Bolognaise-Glas reingesch\u00fcttet, das reicht auch noch gerade f\u00fcr morgen). Bl\u00f6derweise hat man dann die Dose (und das Glas) als M\u00fcll, nicht so einfach zu verstauen wie Papier\/Plastik und auch manchmal nicht so einfach wegzuschmei\u00dfen. Frische Champignons zu kaufen w\u00e4re nat\u00fcrlich vom M\u00fcll her angenehmer, aber die m\u00fcssen ja dann erst mal gewaschen werden, oder? Und da hab ich eher schlechte M\u00f6glichkeiten &#8230;<\/p>\n<p><a href='http:\/\/extra.inmontanis.info\/d\/62513-2\/DSC00494.jpg'><img src=http:\/\/extra.inmontanis.info\/d\/62512-3\/DSC00494.jpg \/><\/a><br \/>\n^ .. und so sah das dann aus. Ja, geriebener K\u00e4se von der vorgestrigen Packung ist auch noch drin. Die sollte offen im K\u00fchlschrank nur 3 Tage aufbewahrt werden, hatte sie aber gut verschlossen und so auf 5 Tage verl\u00e4ngert.<\/p>\n","protected":false},"excerpt":{"rendered":"<p>Erst noch den Monatsr\u00fcckblick von April:<\/p>\n<p>Mit Ausnahme 12.4. bin ich vom 26.3.-2.5. jetzt t\u00e4glich Ski gefahren. So viele Tage in so kurzer Zeit d\u00fcrfte ich wohl bisher auch noch nie Skifahren gewesen sein? Da kann einem dann schon pl\u00f6tzlich was fehlen.. Die Skip\u00e4sse f\u00fcr die bisher 79 Skitage in ca. 50 Skigebieten in Schweden <a href=\"http:\/\/blog.inmontanis.info\/?p=6787\">[&#8230;]<\/a><\/p>\n","protected":false},"author":1,"featured_media":0,"comment_status":"closed","ping_status":"closed","sticky":false,"template":"","format":"standard","meta":{"footnotes":""},"categories":[184,19,773],"tags":[45,47],"class_list":["post-6787","post","type-post","status-publish","format-standard","hentry","category-2021-01-skandinavien","category-schwedensweden","category-vilhelmina","tag-see","tag-sl","odd"],"_links":{"self":[{"href":"http:\/\/blog.inmontanis.info\/index.php?rest_route=\/wp\/v2\/posts\/6787","targetHints":{"allow":["GET"]}}],"collection":[{"href":"http:\/\/blog.inmontanis.info\/index.php?rest_route=\/wp\/v2\/posts"}],"about":[{"href":"http:\/\/blog.inmontanis.info\/index.php?rest_route=\/wp\/v2\/types\/post"}],"author":[{"embeddable":true,"href":"http:\/\/blog.inmontanis.info\/index.php?rest_route=\/wp\/v2\/users\/1"}],"replies":[{"embeddable":true,"href":"http:\/\/blog.inmontanis.info\/index.php?rest_route=%2Fwp%2Fv2%2Fcomments&post=6787"}],"version-history":[{"count":4,"href":"http:\/\/blog.inmontanis.info\/index.php?rest_route=\/wp\/v2\/posts\/6787\/revisions"}],"predecessor-version":[{"id":6791,"href":"http:\/\/blog.inmontanis.info\/index.php?rest_route=\/wp\/v2\/posts\/6787\/revisions\/6791"}],"wp:attachment":[{"href":"http:\/\/blog.inmontanis.info\/index.php?rest_route=%2Fwp%2Fv2%2Fmedia&parent=6787"}],"wp:term":[{"taxonomy":"category","embeddable":true,"href":"http:\/\/blog.inmontanis.info\/index.php?rest_route=%2Fwp%2Fv2%2Fcategories&post=6787"},{"taxonomy":"post_tag","embeddable":true,"href":"http:\/\/blog.inmontanis.info\/index.php?rest_route=%2Fwp%2Fv2%2Ftags&post=6787"}],"curies":[{"name":"wp","href":"https:\/\/api.w.org\/{rel}","templated":true}]}}