{"id":6784,"date":"2021-05-02T19:26:48","date_gmt":"2021-05-02T17:26:48","guid":{"rendered":"http:\/\/blog.inmontanis.info\/?p=6784"},"modified":"2023-08-05T12:46:44","modified_gmt":"2023-08-05T10:46:44","slug":"kittelfjall-30-4-2-5-2021","status":"publish","type":"post","link":"http:\/\/blog.inmontanis.info\/?p=6784","title":{"rendered":"Kittelfj\u00e4ll, 30.4.-2.5.2021"},"content":{"rendered":"<p><strong>30.4.2021<\/strong><\/p>\n<p>Da ich heute noch etwas weiter zu fahren hatte, hab ich weniger gearbeitet, um davor und danach ca. 1,5-2h Auto zu fahren. Ich kaufte morgens online noch schnell den 3-Tages-Wochenend-Skipass (ist am WE etwas g\u00fcnstiger) um ca. 100,- \u20ac und leistete mir f\u00fcr 2 N\u00e4chte das Hotel &#8211; zwar nur die g\u00fcnstigen Zimmer mit Etagen-DU\/WC, daf\u00fcr mit Vollpension um ca. 60,- \u20ac pro Nacht. Kann man sich ja mal g\u00f6nnen ;-) (Den Sonderpreis haben sie auf ihrer Website g\u00fclitg seit Anfang April.)<\/p>\n<p>Allzuviel Fotos hab ich nicht gemacht, habe ja das Skigebiet an den 3 Besuchstagen im Februar bereits ausf\u00fchrlichst vorgestellt.<\/p>\n<p>Die folgenden 4 Fotos geh\u00f6ren zum gestrigen Abend &#8211; leider im \u00c5re-Bericht vergessen:<\/p>\n<p><a href='http:\/\/extra.inmontanis.info\/d\/62377-3\/DSC00348.jpg'><img src=http:\/\/extra.inmontanis.info\/d\/62376-4\/DSC00348.jpg \/><\/a><br \/>\n^ .. und Blick von selbiger (schmalen Br\u00fccke)<\/p>\n<p><a href='http:\/\/extra.inmontanis.info\/d\/62381-3\/DSC00349.jpg'><img src=http:\/\/extra.inmontanis.info\/d\/62380-4\/DSC00349.jpg \/><\/a><br \/>\n^ Andere Br\u00fccke, anderer Aggregatzustand des Wassers<\/p>\n<p><a href='http:\/\/extra.inmontanis.info\/d\/62385-3\/DSC00353.jpg'><img src=http:\/\/extra.inmontanis.info\/d\/62384-4\/DSC00353.jpg \/><\/a><br \/>\n^ Bei Str\u00f6msund<\/p>\n<p><a href='http:\/\/extra.inmontanis.info\/d\/62389-3\/DSC00354.jpg'><img src=http:\/\/extra.inmontanis.info\/d\/62388-4\/DSC00354.jpg \/><\/a><br \/>\n^ Bei Str\u00f6msund<\/p>\n<p>&#8212;<\/p>\n<p><a href='http:\/\/ski.inmontanis.info\/d\/294521-2\/DSC00366.jpg'><img src=http:\/\/ski.inmontanis.info\/d\/294520-3\/DSC00366.jpg \/><\/a><br \/>\n^ leicht firnig\/sulzig gut zu fahren<\/p>\n<p><a href='http:\/\/ski.inmontanis.info\/d\/294525-2\/DSC00367.jpg'><img src=http:\/\/ski.inmontanis.info\/d\/294524-3\/DSC00367.jpg \/><\/a><br \/>\n^ Die ganz linke Abfahrt war auch noch gut<\/p>\n<p><a href='http:\/\/ski.inmontanis.info\/d\/294529-2\/DSC00368.jpg'><img src=http:\/\/ski.inmontanis.info\/d\/294528-3\/DSC00368.jpg \/><\/a><br \/>\n^ <\/p>\n<p><a href='http:\/\/ski.inmontanis.info\/d\/294533-2\/DSC00370.jpg'><img src=http:\/\/ski.inmontanis.info\/d\/294532-3\/DSC00370.jpg \/><\/a><br \/>\n^ <\/p>\n<p><a href='http:\/\/ski.inmontanis.info\/d\/294537-2\/DSC00372.jpg'><img src=http:\/\/ski.inmontanis.info\/d\/294536-3\/DSC00372.jpg \/><\/a><br \/>\n^ Die Storgruva &#8211; Abfahrten waren wegen Schneemangel geschlossen<\/p>\n<p><a href='http:\/\/ski.inmontanis.info\/d\/294541-2\/DSC00373.jpg'><img src=http:\/\/ski.inmontanis.info\/d\/294540-3\/DSC00373.jpg \/><\/a><br \/>\n^ Auch erst heute entdeckt: ein omin\u00f6ser Zubringerlift ziemlich weit links, aber nicht im Plan, evtl. privat bzw. nur zu bestimmten Zeiten in Betrieb ..<\/p>\n<p>Hatte netterweise ein Waschbecken im Zimmer, somit ich etwas W\u00e4sche waschen konnte, wobei leider die Heizung nicht sehr warm wurde. Die Etagendusche ging derweil leider gar nicht: 2 Duschen mit seitlicher Abtrennung, mit fix installiertem Duschkopf, ohne Vorhang und ohne verschlie\u00dfbarer T\u00fcr. Tja, dann halt kein Duschen hier. Wozu hab ich mir dann ein Zimmer genommen?! Na vielleicht taugt ja das Essen hier.<\/p>\n<p>WLAN funktioniert am PC nicht, am Handy schon (bei dem einen besser, beim anderen schlechter), naja, das bin ich ja von anderen Unterk\u00fcnften auch schon gewohnt gewesen. Der kleine Schrank \/ die Kommode ist leider viel zu hoch, um von dem bequemen Sessel aus zu arbeiten. Alternative: auf dem Bett sitzen, das ist n\u00e4mlich h\u00f6her. <\/p>\n<p><a href='http:\/\/extra.inmontanis.info\/d\/62393-2\/DSC00377.jpg'><img src=http:\/\/extra.inmontanis.info\/d\/62392-3\/DSC00377.jpg \/><\/a><br \/>\n^ Hotelzimmer<\/p>\n<p><a href='http:\/\/extra.inmontanis.info\/d\/62397-2\/DSC00376.jpg'><img src=http:\/\/extra.inmontanis.info\/d\/62396-3\/DSC00376.jpg \/><\/a><br \/>\n^ Hotelzimmer, immerhin mit Waschbecken im Zimmer.<\/p>\n<p>Die Wahl beim inkludierten Abendessen war Burger oder Gnocchi &#8211; klar, dass ich endlich mal wieder einen Burger nehmen musste :)<\/p>\n<p><a href='http:\/\/extra.inmontanis.info\/d\/62401-2\/IMG_20210430_182151.jpg'><img src=http:\/\/extra.inmontanis.info\/d\/62400-3\/IMG_20210430_182151.jpg \/><\/a><br \/>\n^ Hamburger mit leider zu viel Petersilie<\/p>\n<p>(Man k\u00f6nnte auch was anderes von der Karte haben, dann w\u00fcrden einem ca. 17,- \u20ac angerechnet werden..)<\/p>\n<p>Die Flasche Leitungswasser gab&#8217;s auch gleich gratis dazu, also gar nicht erst nachgefragt, ob was anderes noch inkludiert w\u00e4re.<\/p>\n<p>Burger war dann &#8211; abgesehen von der \u00fcber die Pommes gro\u00dfz\u00fcgig dr\u00fcbergestreuten Petersilie &#8211; auch recht lecker und s\u00e4ttigend.<\/p>\n<p>Ich wartete noch ein wenig, ob wohl noch eine Nachspeise inkludiert w\u00e4re&#8230; oder ob ich einfach gehen k\u00f6nnte oder man irgendeine Unterschrift br\u00e4uchte. Da aber kein Nachtisch kam, bin ich halt gegangen.<\/p>\n<p><strong>1.5.2021<\/strong><\/p>\n<p>Das Fr\u00fchst\u00fccksbuffet war soweit in Ordnung, inkl. R\u00fchreier und Speck. A\u00df aber nicht zu viel, weil es ja mittags auch was gab ..<\/p>\n<p>Ging erst um 10 Uhr zum Lift, dank einigen Stunden Sonnenschein war es trotz der wieder k\u00e4lteren Temperaturen schon recht gut zu fahren.<\/p>\n<p>Weniger sch\u00f6n: ich bekam eine SMS von Magenta, dass ich gegen die Fair-Use-Policy versto\u00dfen w\u00fcrde. Jetzt hab ich mich extra f\u00fcr den teuersten Tarif mit &#8220;unlimitiert in \u00d6sterreich und 30 GB EU&#8221;, wo es sp\u00e4ter sogar 35 GB hie\u00df, entschieden. Da sollten die 30 GB also doch wohl zur G\u00e4nze verbraucht werden d\u00fcrfen? Zumal ich letzten Monat vielleicht nur 1\/2-2\/3 verbraucht hab. H\u00e4tte ich im Dezember in AT noch 2 TB verbrauchen sollen, damit ich ein h\u00f6heres Inlands-Volumen im Schnitt gehabt h\u00e4tte? So ein Schwachsinn mal wieder.<\/p>\n<p>Ist ja auch in der Anzeige getrennt, es gibt 2 Z\u00e4hler, einmal \u00d6sterreich (ohne Begrenzung), einmal EU (soundsoviel von 35 GB). Ansonsten brauch ich diesen teuren Tarif um 45 \u20ac nicht, wenn ich dann eh noch zus\u00e4tzlich 0,35 Cent \/ MB zahlen muss (3,60 \u20ac pro GB). Kostet halt 50 \u20ac Tarifwechselgeb\u00fchr, aber was will ich mit dem 48 \u20ac tarif dann. Da w\u00e4r ich mit meinem alten 12 \u20ac &#8211; Tarif sogar g\u00fcnstiger geblieben, denn optional kosten die Travel&#038;Surf-Pakete momentan 7,99 \u20ac f\u00fcr 7 Tage f\u00fcr 4,5 GB => f\u00fcr 4 Wochen (knappes Monat) also 32 \u20ac und 18 GB, sofern man sich nicht eine lokale, g\u00fcnstigere SIM-Wertkarte dann nimmt.<\/p>\n<p>Frage also: \u00e4nder  ich auf 15 \u20ac \/ 6 GB oder 22 \u20ac \/ 15 GB (f\u00fcr Inlandsnutzung in AT) oder 10 \u20ac \/ 10 GB  &#8211; letzteres h\u00f6rt sich gut an, ggf. kann man optional dann bei Bedarf mehr dazu buchen (10 GB um 15 \u20ac oder 22-08 Uhr unlimitiert um 10 \u20ac innerhalb \u00d6sterreich), oder ich nehm noch irgendeine andere g\u00fcnstige Simkarte dazu. Ist dann halt offiziell etwas langsamer, aber egal, meine Festnetzleitung war auch nicht schneller bisher. Ich entschied mich also f\u00fcr den 10 \u20ac &#8211; Tarif und dass ich demn\u00e4chst in Schweden eine eigene Wertkarten-SIM-Karte kaufe. Tja, selber Schuld Magenta, bekommt ihr halt wieder weniger Geld von mir.<\/p>\n<p>Zu Mittag gab es Spaghetti, leider wieder mit viel Petersilie. Morgen werd ich aber aufs Mittagessen verzichten (so es am Abreisetag \u00fcberhaupt inkludiert ist) und stattdessen mehr Ski fahren.<\/p>\n<p>Leider ab Mittag h\u00e4ufig Wolken, so dass es gegen 14 Uhr schon wieder teilweise unsch\u00f6n angefroren war :-(<\/p>\n<p><a href='http:\/\/ski.inmontanis.info\/d\/294545-2\/DSC00378.jpg'><img src=http:\/\/ski.inmontanis.info\/d\/294544-3\/DSC00378.jpg \/><\/a><br \/>\n^ Links vom Hotellift<\/p>\n<p><a href='http:\/\/ski.inmontanis.info\/d\/294549-2\/DSC00379.jpg'><img src=http:\/\/ski.inmontanis.info\/d\/294548-3\/DSC00379.jpg \/><\/a><br \/>\n^ Hotellift<\/p>\n<p><a href='http:\/\/ski.inmontanis.info\/d\/294553-2\/DSC00381.jpg'><img src=http:\/\/ski.inmontanis.info\/d\/294552-3\/DSC00381.jpg \/><\/a><br \/>\n^ pr\u00e4parierte Abfahrt am Hotellift<\/p>\n<p><a href='http:\/\/ski.inmontanis.info\/d\/294557-2\/DSC00385.jpg'><img src=http:\/\/ski.inmontanis.info\/d\/294556-3\/DSC00385.jpg \/><\/a><br \/>\n^ pr\u00e4parierte Abfahrt am Hotellift<\/p>\n<p><a href='http:\/\/ski.inmontanis.info\/d\/294561-2\/DSC00388.jpg'><img src=http:\/\/ski.inmontanis.info\/d\/294560-3\/DSC00388.jpg \/><\/a><br \/>\n^ Firnig oder leicht sulzig pr\u00e4sentierten sich bis zum fr\u00fchen Nachmittag die meisten Rinnen<\/p>\n<p><a href='http:\/\/ski.inmontanis.info\/d\/294565-2\/DSC00389.jpg'><img src=http:\/\/ski.inmontanis.info\/d\/294564-3\/DSC00389.jpg \/><\/a><br \/>\n^ <\/p>\n<p><a href='http:\/\/ski.inmontanis.info\/d\/294569-2\/DSC00392.jpg'><img src=http:\/\/ski.inmontanis.info\/d\/294568-3\/DSC00392.jpg \/><\/a><br \/>\n^ <\/p>\n<p><a href='http:\/\/ski.inmontanis.info\/d\/294573-2\/DSC00393.jpg'><img src=http:\/\/ski.inmontanis.info\/d\/294572-3\/DSC00393.jpg \/><\/a><br \/>\n^ Lillgruva<\/p>\n<p>Abends war die selbe Wahl wie gestern zwischen dem Burger und Gnocchi, also wieder Burger genommen, denn Gnocchi kann ich mir im Auto auch leicht selbst machen :)<\/p>\n<p><a href='http:\/\/extra.inmontanis.info\/d\/62405-2\/IMG_20210501_181608.jpg'><img src=http:\/\/extra.inmontanis.info\/d\/62404-3\/IMG_20210501_181608.jpg \/><\/a><br \/>\n^ Vielleicht hat der Koch alle Petersilie aufgebraucht, heut zum Gl\u00fcck keine ;-)<\/p>\n<p>Etwas Musikl\u00e4rm noch nach 00:30 zu h\u00f6ren und die Fenster, die man nicht gut genug abdunkeln kann &#8211; da freu ich mich doch gleich wieder auf die n\u00e4chsten N\u00e4chte im Auto&#8230;<\/p>\n<p><strong>2.5.2021<\/strong><\/p>\n<p>\u00dcber Nacht gab es leider etwas Neuschnee &#8211; wobei, war nicht komplett schlecht. Oben war er etwas pulvrig und verdeckte einige eisige Stellen (die leider die letzten Tage ganztags nicht weich wurden), mittig sorgte er f\u00fcr mehr und fr\u00fcheren Sulz, aber unten war er um die Mittagszeit sehr pappig. In Summe aber doch der beste Tag der dreien.<\/p>\n<p>Bin als letzter um 15:54 mit dem Hotellift zur Bergstation gefahren, am Jan Express war einer etwas sp\u00e4ter oben, der kurze \u00dcbungslift w\u00e4r wohl noch bis (mind.?) 16:30 gefahren, na egal.<\/p>\n<p><a href='http:\/\/ski.inmontanis.info\/d\/294577-2\/DSC00395.jpg'><img src=http:\/\/ski.inmontanis.info\/d\/294576-3\/DSC00395.jpg \/><\/a><br \/>\n^ Neuschnee war heut mal gut, mal schlecht.<\/p>\n<p><a href='http:\/\/ski.inmontanis.info\/d\/294581-2\/DSC00397.jpg'><img src=http:\/\/ski.inmontanis.info\/d\/294580-3\/DSC00397.jpg \/><\/a><br \/>\n^ <\/p>\n<p><a href='http:\/\/ski.inmontanis.info\/d\/294585-2\/DSC00399.jpg'><img src=http:\/\/ski.inmontanis.info\/d\/294584-3\/DSC00399.jpg \/><\/a><br \/>\n^ Rechts vom SL Jan Express<\/p>\n<p><a href='http:\/\/ski.inmontanis.info\/d\/294589-2\/DSC00400.jpg'><img src=http:\/\/ski.inmontanis.info\/d\/294588-3\/DSC00400.jpg \/><\/a><br \/>\n^ <\/p>\n<p><a href='http:\/\/ski.inmontanis.info\/d\/294593-2\/DSC00411.jpg'><img src=http:\/\/ski.inmontanis.info\/d\/294592-3\/DSC00411.jpg \/><\/a><br \/>\n^ <\/p>\n<p><a href='http:\/\/ski.inmontanis.info\/d\/294597-2\/DSC00404.jpg'><img src=http:\/\/ski.inmontanis.info\/d\/294596-3\/DSC00404.jpg \/><\/a><br \/>\n^ <\/p>\n<p><a href='http:\/\/ski.inmontanis.info\/d\/294601-2\/DSC00416.jpg'><img src=http:\/\/ski.inmontanis.info\/d\/294600-3\/DSC00416.jpg \/><\/a><br \/>\n^ Der kurze \u00dcbungslift lief anscheinend noch l\u00e4nger, mindestens bis 16:30 Uhr<\/p>\n<p><a href='http:\/\/ski.inmontanis.info\/d\/294605-2\/ge20210430-0502a.jpg'><img src=http:\/\/ski.inmontanis.info\/d\/294604-3\/ge20210430-0502a.jpg \/><\/a><br \/>\n^ GPS-Tracks, T\u00fcrkis: 20.4.2019<br \/>\nGelb: 9.-11.2.2021<br \/>\nRot: 30.4.-2.5.2021<\/p>\n<p>Schon eins der coolsten Skigebiete Schwedens.<\/p>\n<p>Ein sehr komisches Gef\u00fchl heute Nachmittag, wenn man nach 83 Skitagen in 4 Monaten wei\u00df, dass man jetzt nicht mehr mit dem Lift rauffahren kann, sondern zu Fu\u00df gehen m\u00fcsste, viel Anstrengung hat f\u00fcr nur eine einzige Abfahrt, statt heute 26.<\/p>\n<p>Ok, vielleicht geht in Klimpfj\u00e4ll n\u00e4chstes WE was. Und Riksgr\u00e4nsen hat ja dann auch noch bis 23.5. offen. Aber trotzdem werden die n\u00e4chsten Tage eher erholsamer sein, denk ich.<\/p>\n<p>Bin erst etwas \u00f6stlich gefahren, ob man da morgen eine Skitour in den Au\u00dferhalb-des-Skigebiets-Varianten machen k\u00f6nnte, aber da sind vom Tal aus raufw\u00e4rts einige H\u00e4user und Stra\u00dfen, also wohl nicht so angenehm. Allzuviel Schnee lag in dem unteren Bereich auch nicht mehr.<\/p>\n<p>Dann richtung Westen, also Norwegen, gefahren, aber der eine Parkplatz war nicht ger\u00e4umt, ein anderer besetzt, also ein St\u00fcck retour und wo geblieben, um mir Nudeln mit Ragu zu machen, auch wenn ich das ja erst gestern Mittag hatte (die Hackfleischsauce wurde in Italien produziert, das Fleisch stammt aber aus D\u00e4nemark. Und vertrieben in Schweden. Naja..)<\/p>\n<p><a href='http:\/\/extra.inmontanis.info\/d\/62409-2\/DSC00418.jpg'><img src=http:\/\/extra.inmontanis.info\/d\/62408-3\/DSC00418.jpg \/><\/a><br \/>\n^ Stra\u00dfe von Kittelfj\u00e4ll in  Richtung Norwegen<\/p>\n<p>Leider riecht auch mein K\u00fchlschrank immer unangnehemer. Fing an, als ich das TK-Gem\u00fcse drin hatte, obwohl ich die Verpackung verschlossen hatte, aber da kam wohl vermehrt Kondenswasser mit rein.<\/p>\n<p>Heute Abend hatte ich mir erstmals auf dieser Reise gedacht &#8220;jetzt k\u00f6nnte man eigentlich heimfahren&#8221; &#8211; aber wegen der Coronasituation bleib ich das Monat halt noch.<\/p>\n<p>(Monatsr\u00fcckblick April folgt im n\u00e4chsten Beitrag.)<\/p>\n","protected":false},"excerpt":{"rendered":"<p>30.4.2021<\/p>\n<p>Da ich heute noch etwas weiter zu fahren hatte, hab ich weniger gearbeitet, um davor und danach ca. 1,5-2h Auto zu fahren. Ich kaufte morgens online noch schnell den 3-Tages-Wochenend-Skipass (ist am WE etwas g\u00fcnstiger) um ca. 100,- \u20ac und leistete mir f\u00fcr 2 N\u00e4chte das Hotel &#8211; zwar nur die g\u00fcnstigen Zimmer mit <a href=\"http:\/\/blog.inmontanis.info\/?p=6784\">[&#8230;]<\/a><\/p>\n","protected":false},"author":1,"featured_media":0,"comment_status":"closed","ping_status":"closed","sticky":false,"template":"","format":"standard","meta":{"footnotes":""},"categories":[184,655,19,27],"tags":[78,47],"class_list":["post-6784","post","type-post","status-publish","format-standard","hentry","category-2021-01-skandinavien","category-kittelfjall","category-schwedensweden","category-skifahren-winterskiing-winter","tag-restschnee","tag-sl","odd"],"_links":{"self":[{"href":"http:\/\/blog.inmontanis.info\/index.php?rest_route=\/wp\/v2\/posts\/6784","targetHints":{"allow":["GET"]}}],"collection":[{"href":"http:\/\/blog.inmontanis.info\/index.php?rest_route=\/wp\/v2\/posts"}],"about":[{"href":"http:\/\/blog.inmontanis.info\/index.php?rest_route=\/wp\/v2\/types\/post"}],"author":[{"embeddable":true,"href":"http:\/\/blog.inmontanis.info\/index.php?rest_route=\/wp\/v2\/users\/1"}],"replies":[{"embeddable":true,"href":"http:\/\/blog.inmontanis.info\/index.php?rest_route=%2Fwp%2Fv2%2Fcomments&post=6784"}],"version-history":[{"count":2,"href":"http:\/\/blog.inmontanis.info\/index.php?rest_route=\/wp\/v2\/posts\/6784\/revisions"}],"predecessor-version":[{"id":6786,"href":"http:\/\/blog.inmontanis.info\/index.php?rest_route=\/wp\/v2\/posts\/6784\/revisions\/6786"}],"wp:attachment":[{"href":"http:\/\/blog.inmontanis.info\/index.php?rest_route=%2Fwp%2Fv2%2Fmedia&parent=6784"}],"wp:term":[{"taxonomy":"category","embeddable":true,"href":"http:\/\/blog.inmontanis.info\/index.php?rest_route=%2Fwp%2Fv2%2Fcategories&post=6784"},{"taxonomy":"post_tag","embeddable":true,"href":"http:\/\/blog.inmontanis.info\/index.php?rest_route=%2Fwp%2Fv2%2Ftags&post=6784"}],"curies":[{"name":"wp","href":"https:\/\/api.w.org\/{rel}","templated":true}]}}