{"id":6777,"date":"2021-04-29T16:58:24","date_gmt":"2021-04-29T14:58:24","guid":{"rendered":"http:\/\/blog.inmontanis.info\/?p=6777"},"modified":"2023-08-05T13:39:24","modified_gmt":"2023-08-05T11:39:24","slug":"are-teil-6-29-4-2021","status":"publish","type":"post","link":"http:\/\/blog.inmontanis.info\/?p=6777","title":{"rendered":"\u00c5re Teil 6:  29.4.2021 \/ Fazit: Sonne, Sulz, Steil &#8211; Geil!"},"content":{"rendered":"<p><strong>29.4.2021<\/strong> &#8211; \u00c5re Teil 6: Fazit: Sonne, Sulz, Steil &#8211; Geil!<\/p>\n<p>Um am letzten Tag hier in \u00c5re noch etwas mehr Ski fahren zu k\u00f6nnen, nahm ich mir heute und morgen ein bisschen frei (morgen, weil l\u00e4ngere Strecke mit dem Auto zu fahren, da Borgafj\u00e4ll nur noch die eine Seite offen hat wegen Schneemangel, werde ich doch Freitag bis Sonntag in Kittelfj\u00e4ll sein).<\/p>\n<p>Heute in \u00c5re etwas k\u00e4lter, windiger und voller und am Gipfel weniger Sonne = neblig zu Mittag. Schade, kein einziger lohnenswerter Tag, um zum Gipfel zu gehen &#8211; waren mir immer zu viel Wolken herum und die Fernsicht zu schlecht. Da ich sonst keine Wegweiser entdeckt hab, geh ich zudem davon aus, dass die im Gruvbacken-Bericht angesprochene R\u00fcckseiten-Abfahrt zu dem KSSL mit dem Skooter-R\u00fccktransport wohl vom Gipfel aus abgeht, d.h. da m\u00fcsste man auch nochmals ordentlich aufsteigen. <\/p>\n<p>Der Gipfel des \u00c5reskutan liegt lt. Wikipedia auf 1420m, w\u00e4hrend die EUB-Bergstation auf 1274m sein soll. Der H\u00f6henunterschied im Skigebiet soll ca. 890m sein und damit der h\u00f6chste der schwedischen Skigebiete, danach folgt das langweilige Hemavan mit 675m und \u00fcberrschanderweise Bj\u00f6rkliden mit 540m vor dem danebenliegenden Abisko mit 500m. (Angaben lt. freeride.se)<\/p>\n<p>Wegen der vielen Wolken vor der Sonne auch leider weniger z\u00fcgig aufgefirnt. Die beiden gro\u00dfen Gr\u00e4ben gingen nachmittags aber doch gut zu fahren. <\/p>\n<p>Gut, dass Duved &#038; Bj\u00f6rnen nicht offen war, sonst h\u00e4tte mir hier eine Woche nicht gereicht :) Wobei ich es auch noch bis Sonntag ausgehalten h\u00e4tte. Aber an der EUB k\u00f6nnt&#8217;s am WE nat\u00fcrlich nochmals voller werden. Insofern wohl auch gut, dass ich nicht schon die Woche nach Ostern hier war.<\/p>\n<p><a href='http:\/\/ski.inmontanis.info\/d\/294461-2\/DSC00313.jpg'><img src=http:\/\/ski.inmontanis.info\/d\/294460-3\/DSC00313.jpg \/><\/a><br \/>\n^ Sch\u00f6ner leichter Sulz auf der DSB-Buckelpiste<\/p>\n<p><a href='http:\/\/ski.inmontanis.info\/d\/294465-2\/DSC00316.jpg'><img src=http:\/\/ski.inmontanis.info\/d\/294464-3\/DSC00316.jpg \/><\/a><br \/>\n^ Man h\u00e4tte sich heut mit dem Schneemobil auf den Gipfel ziehen lassen k\u00f6nnen. Wurde aber bald wieder abgebaut, wohl weil das Wetter doch nicht mehr so wolkenlos war. Ich h\u00e4tte auch keine 80 SEK mehr gehabt (nur noch 72,- &#8212; daher bei n\u00e4chster Gelegenheit wieder Geld abgehoben.)<\/p>\n<p><a href='http:\/\/ski.inmontanis.info\/d\/294469-2\/DSC00318.jpg'><img src=http:\/\/ski.inmontanis.info\/d\/294468-3\/DSC00318.jpg \/><\/a><br \/>\n^ Offpiste Tv\u00e4r\u00e5valsliften <\/p>\n<p><a href='http:\/\/ski.inmontanis.info\/d\/294473-2\/DSC00319.jpg'><img src=http:\/\/ski.inmontanis.info\/d\/294472-3\/DSC00319.jpg \/><\/a><br \/>\n^ Offpiste Tv\u00e4r\u00e5valsliften. Auch der Bereich hat mich heuer leider nicht \u00fcberzeugt, da zumeist eisig. Aufgefirnt ist der Bereich im oberen Bereich auch \u00fcberhaupt nicht, egal in welcher Himmelsrichtung. Da man zudem von ausgehen muss, dass es hier sehr h\u00e4ufig Wind gibt, wird es wohl nur sehr selten guten Schnee geben?!<\/p>\n<p><a href='http:\/\/ski.inmontanis.info\/d\/294477-2\/DSC00323.jpg'><img src=http:\/\/ski.inmontanis.info\/d\/294476-3\/DSC00323.jpg \/><\/a><br \/>\n^ Nochmal in den gr\u00f6\u00dferen S\u00fcd-Graben eingefahren (diesmal etwas steiler)<\/p>\n<p><a href='http:\/\/ski.inmontanis.info\/d\/294481-2\/DSC00324.jpg'><img src=http:\/\/ski.inmontanis.info\/d\/294480-3\/DSC00324.jpg \/><\/a><br \/>\n^ Im Graben<\/p>\n<p><a href='http:\/\/ski.inmontanis.info\/d\/294485-2\/DSC00327.jpg'><img src=http:\/\/ski.inmontanis.info\/d\/294484-3\/DSC00327.jpg \/><\/a><br \/>\n^ .. und auch nochmals die \u00e4u\u00dfere Variante in den S\u00fcd-Graben<\/p>\n<p><a href='http:\/\/ski.inmontanis.info\/d\/294489-3\/DSC00330.jpg'><img src=http:\/\/ski.inmontanis.info\/d\/294488-4\/DSC00330.jpg \/><\/a><br \/>\n^ Sch\u00f6n und nicht sehr steil<\/p>\n<p><a href='http:\/\/ski.inmontanis.info\/d\/294493-3\/DSC00331.jpg'><img src=http:\/\/ski.inmontanis.info\/d\/294492-4\/DSC00331.jpg \/><\/a><br \/>\n^ .. ab in den S\u00fcd-Graben<\/p>\n<p><a href='http:\/\/ski.inmontanis.info\/d\/294497-3\/DSC00332.jpg'><img src=http:\/\/ski.inmontanis.info\/d\/294496-4\/DSC00332.jpg \/><\/a><br \/>\n^ Die l\u00e4ngste Warteschlage an diesen Tagen an der EUB<\/p>\n<p><a href='http:\/\/ski.inmontanis.info\/d\/294501-3\/DSC00337.jpg'><img src=http:\/\/ski.inmontanis.info\/d\/294500-4\/DSC00337.jpg \/><\/a><br \/>\n^ Mal testen, ob man von der Abfahrt 81 aus zur Bergstation der EUB queren kann &#8211; offiziell ja nicht &#8211; ging aber doch problemlos. Scheint wohl auch der Start f\u00fcr Skirennen zu sein.<\/p>\n<p><a href='http:\/\/ski.inmontanis.info\/d\/294505-3\/DSC00338.jpg'><img src=http:\/\/ski.inmontanis.info\/d\/294504-4\/DSC00338.jpg \/><\/a><br \/>\n^ Querung Abfahrt 81 zur EUB<\/p>\n<p><a href='http:\/\/ski.inmontanis.info\/d\/294509-3\/DSC00339.jpg'><img src=http:\/\/ski.inmontanis.info\/d\/294508-4\/DSC00339.jpg \/><\/a><br \/>\n^ Seeblick<\/p>\n<p><a href='http:\/\/ski.inmontanis.info\/d\/294513-3\/DSC00341.jpg'><img src=http:\/\/ski.inmontanis.info\/d\/294512-4\/DSC00341.jpg \/><\/a><br \/>\n^ Netterweise fuhr zuf\u00e4llig auch gerade die PB<\/p>\n<p><a href='http:\/\/ski.inmontanis.info\/d\/294517-3\/ge20210422-29a.jpg'><img src=http:\/\/ski.inmontanis.info\/d\/294516-4\/ge20210422-29a.jpg \/><\/a><br \/>\n^ GPS-Track 2016 in Blau und 22.-29.4.2021 in den anderen Farben von Gelb bis Lila<\/p>\n<p>Der Frasses in Krokom war leider klein und recht voll, daher nur ein L\u00f6vbit als Takeaway mitgenommen, noch den Supermarkt besucht und bis Str\u00f6msund gefahren.<\/p>\n<p><a href='http:\/\/extra.inmontanis.info\/d\/62369-3\/DSC00343.jpg'><img src=http:\/\/extra.inmontanis.info\/d\/62368-4\/DSC00343.jpg \/><\/a><br \/>\n^ Dann halt endlich mal das L\u00f6vbit probieren. Hamburger ist mir aber lieber.<\/p>\n<p><a href='http:\/\/extra.inmontanis.info\/d\/62373-3\/DSC00345.jpg'><img src=http:\/\/extra.inmontanis.info\/d\/62372-4\/DSC00345.jpg \/><\/a><br \/>\n^ Schmale Br\u00fccke<\/p>\n<p><a href='http:\/\/extra.inmontanis.info\/d\/62377-3\/DSC00348.jpg'><img src=http:\/\/extra.inmontanis.info\/d\/62376-4\/DSC00348.jpg \/><\/a><br \/>\n^ .. und Blick von selbiger (schmalen Br\u00fccke)<\/p>\n<p><a href='http:\/\/extra.inmontanis.info\/d\/62381-3\/DSC00349.jpg'><img src=http:\/\/extra.inmontanis.info\/d\/62380-4\/DSC00349.jpg \/><\/a><br \/>\n^ Andere Br\u00fccke, anderer Aggregatzustand des Wassers<\/p>\n<p><a href='http:\/\/extra.inmontanis.info\/d\/62385-3\/DSC00353.jpg'><img src=http:\/\/extra.inmontanis.info\/d\/62384-4\/DSC00353.jpg \/><\/a><br \/>\n^ Bei Str\u00f6msund<\/p>\n<p><a href='http:\/\/extra.inmontanis.info\/d\/62389-3\/DSC00354.jpg'><img src=http:\/\/extra.inmontanis.info\/d\/62388-4\/DSC00354.jpg \/><\/a><br \/>\n^ Bei Str\u00f6msund<\/p>\n","protected":false},"excerpt":{"rendered":"<p>29.4.2021 &#8211; \u00c5re Teil 6: Fazit: Sonne, Sulz, Steil &#8211; Geil!<\/p>\n<p>Um am letzten Tag hier in \u00c5re noch etwas mehr Ski fahren zu k\u00f6nnen, nahm ich mir heute und morgen ein bisschen frei (morgen, weil l\u00e4ngere Strecke mit dem Auto zu fahren, da Borgafj\u00e4ll nur noch die eine Seite offen hat wegen Schneemangel, werde <a href=\"http:\/\/blog.inmontanis.info\/?p=6777\">[&#8230;]<\/a><\/p>\n","protected":false},"author":1,"featured_media":0,"comment_status":"closed","ping_status":"closed","sticky":false,"template":"","format":"standard","meta":{"footnotes":""},"categories":[184,696,19,27],"tags":[38,52,45],"class_list":["post-6777","post","type-post","status-publish","format-standard","hentry","category-2021-01-skandinavien","category-are","category-schwedensweden","category-skifahren-winterskiing-winter","tag-dsb","tag-pb","tag-see","odd"],"_links":{"self":[{"href":"http:\/\/blog.inmontanis.info\/index.php?rest_route=\/wp\/v2\/posts\/6777","targetHints":{"allow":["GET"]}}],"collection":[{"href":"http:\/\/blog.inmontanis.info\/index.php?rest_route=\/wp\/v2\/posts"}],"about":[{"href":"http:\/\/blog.inmontanis.info\/index.php?rest_route=\/wp\/v2\/types\/post"}],"author":[{"embeddable":true,"href":"http:\/\/blog.inmontanis.info\/index.php?rest_route=\/wp\/v2\/users\/1"}],"replies":[{"embeddable":true,"href":"http:\/\/blog.inmontanis.info\/index.php?rest_route=%2Fwp%2Fv2%2Fcomments&post=6777"}],"version-history":[{"count":6,"href":"http:\/\/blog.inmontanis.info\/index.php?rest_route=\/wp\/v2\/posts\/6777\/revisions"}],"predecessor-version":[{"id":9137,"href":"http:\/\/blog.inmontanis.info\/index.php?rest_route=\/wp\/v2\/posts\/6777\/revisions\/9137"}],"wp:attachment":[{"href":"http:\/\/blog.inmontanis.info\/index.php?rest_route=%2Fwp%2Fv2%2Fmedia&parent=6777"}],"wp:term":[{"taxonomy":"category","embeddable":true,"href":"http:\/\/blog.inmontanis.info\/index.php?rest_route=%2Fwp%2Fv2%2Fcategories&post=6777"},{"taxonomy":"post_tag","embeddable":true,"href":"http:\/\/blog.inmontanis.info\/index.php?rest_route=%2Fwp%2Fv2%2Ftags&post=6777"}],"curies":[{"name":"wp","href":"https:\/\/api.w.org\/{rel}","templated":true}]}}