{"id":6772,"date":"2021-04-28T18:10:59","date_gmt":"2021-04-28T16:10:59","guid":{"rendered":"http:\/\/blog.inmontanis.info\/?p=6772"},"modified":"2023-08-05T13:39:28","modified_gmt":"2023-08-05T11:39:28","slug":"are-teil-5-weitere-steilhange-28-4-2021","status":"publish","type":"post","link":"http:\/\/blog.inmontanis.info\/?p=6772","title":{"rendered":"\u00c5re Teil 5:  weitere Steilh\u00e4nge, 28.4.2021"},"content":{"rendered":"<p><strong>28.4.2021<\/strong> &#8211; \u00c5re Teil 5: weitere Steilh\u00e4nge<\/p>\n<p>Wie gestern hatte es \u00fcber Nacht leicht geschneit, der matschige Parkplatz gefroren mit einer leichten Schneeschicht, die wieder Matsch erzeugen w\u00fcrde. Im Gegensatz zu gestern waren vor 8 Uhr weder andere Camper noch Langl\u00e4ufer da. Und auch vormittags schneite es noch abschnittsweise, wobei sp\u00e4testens ab Mittag recht sonnig gemeldet war. Also dass der Winter zu kurz w\u00e4re, dar\u00fcber kann man sich in Schweden nicht beschweren. Heuer aber auch hier wohl ein eher k\u00fchleres Fr\u00fchjahr, zumindest vor 2 Jahren war es Mitte\/Ende April ja doch weniger schneereich und w\u00e4rmer..<\/p>\n<p>Da ich gestern nicht mit dem Auto gefahren bin und auch keine volle Batterie hatte, war sie zu Mittag nicht mal mehr 1\/3 voll. Heut Abend also etwas mehr fahren oder im Stehen etwas den Motor laufen lassen. <\/p>\n<p>Vielleicht durch das schlechtere Wetter am Morgen, war auch im Skigebiet weniger los als die letzten Tage.<\/p>\n<p>Mangels Sonne am Vormittag war es zu Mittag jedoch noch nicht so sch\u00f6n aufgesulzt (teilweise aber sch\u00f6n firnig), so dass ich heute mal bissl anders gefahren bin, erst noch etwas im unteren Teil und auch ein paar SL mehr. Musste aber nat\u00fcrlich doch noch in den Offpistebereich rechts der Gondelbahnen rein &#8211; einfach geil dort&#8230; Diesmal den Steilhang des S\u00fcdost-Grabens von der Bergstation der 4SB aus reingefahren. Ordentlich steil, aber der Schnee griffig.<\/p>\n<p>Nachmittags wurde es auch an der EUB wieder etwas voller. (Und in der Talstation nicht immer genug Abstand gehalten.)<\/p>\n<p><a href='http:\/\/ski.inmontanis.info\/d\/294365-2\/DSC00251.jpg'><img src=http:\/\/ski.inmontanis.info\/d\/294364-3\/DSC00251.jpg \/><\/a><br \/>\n^ Loop im Funride, leider geschlossen &#8211; da h\u00e4tt ich gern mal zugeschaut :) (&#8230; und wie das ausschaut, wenn man es nicht schafft &#8230;)<\/p>\n<p><a href='http:\/\/ski.inmontanis.info\/d\/294369-2\/DSC00252.jpg'><img src=http:\/\/ski.inmontanis.info\/d\/294368-3\/DSC00252.jpg \/><\/a><br \/>\n^ 11EUB-8KSB<\/p>\n<p><a href='http:\/\/ski.inmontanis.info\/d\/294373-2\/DSC00254.jpg'><img src=http:\/\/ski.inmontanis.info\/d\/294372-3\/DSC00254.jpg \/><\/a><br \/>\n^ Offpiste am Nedre Tv\u00e4r\u00e5valsliften, leider schneem\u00e4\u00dfig nur an wenigen Stellen hier und da brauchbar.<\/p>\n<p><a href='http:\/\/ski.inmontanis.info\/d\/294377-2\/DSC00255.jpg'><img src=http:\/\/ski.inmontanis.info\/d\/294376-3\/DSC00255.jpg \/><\/a><br \/>\n^ Nedre Tv\u00e4r\u00e5valsliften<\/p>\n<p><a href='http:\/\/ski.inmontanis.info\/d\/294381-2\/DSC00257.jpg'><img src=http:\/\/ski.inmontanis.info\/d\/294380-3\/DSC00257.jpg \/><\/a><br \/>\n^ Abfahrt 35 Tv\u00e4r\u00e5valsliften &#8211; Ull\u00e5dalsliften<\/p>\n<p><a href='http:\/\/ski.inmontanis.info\/d\/294385-2\/DSC00259.jpg'><img src=http:\/\/ski.inmontanis.info\/d\/294384-3\/DSC00259.jpg \/><\/a><br \/>\n^ Offpiste am Ull\u00e5dalsliften, sch\u00f6n firnig<\/p>\n<p><a href='http:\/\/ski.inmontanis.info\/d\/294389-2\/DSC00264.jpg'><img src=http:\/\/ski.inmontanis.info\/d\/294388-3\/DSC00264.jpg \/><\/a><br \/>\n^ 11EUB mit eingeschneiten St\u00fctzen<\/p>\n<p><a href='http:\/\/ski.inmontanis.info\/d\/294393-2\/DSC00268.jpg'><img src=http:\/\/ski.inmontanis.info\/d\/294392-3\/DSC00268.jpg \/><\/a><br \/>\n^ Blick zu weiteren Einfahrm\u00f6glichkeiten in den S\u00fcdost- und S\u00fcd-Graben. Man kann quasi \u00fcberall reinfahren und h\u00e4tte zig M\u00f6glichkeiten.<\/p>\n<p><a href='http:\/\/ski.inmontanis.info\/d\/294397-2\/DSC00270.jpg'><img src=http:\/\/ski.inmontanis.info\/d\/294396-3\/DSC00270.jpg \/><\/a><br \/>\n^ Abfahrt 81 und Offpistegel\u00e4nde<\/p>\n<p><a href='http:\/\/ski.inmontanis.info\/d\/294401-2\/DSC00274.jpg'><img src=http:\/\/ski.inmontanis.info\/d\/294400-3\/DSC00274.jpg \/><\/a><br \/>\n^ PB-St\u00fctze<\/p>\n<p><a href='http:\/\/ski.inmontanis.info\/d\/294405-2\/DSC00278.jpg'><img src=http:\/\/ski.inmontanis.info\/d\/294404-3\/DSC00278.jpg \/><\/a><br \/>\n^ Talblick Abfahrt 80, 81 oder 82<\/p>\n<p><a href='http:\/\/ski.inmontanis.info\/d\/294409-2\/DSC00282.jpg'><img src=http:\/\/ski.inmontanis.info\/d\/294408-3\/DSC00282.jpg \/><\/a><br \/>\n^ Neben der 4SB-Bergstation kann man ja ebenfalls in den Graben queren (hinten der S\u00fcd-Graben mit den ganzen Variantenm\u00f6glichkeiten ..)<\/p>\n<p><a href='http:\/\/ski.inmontanis.info\/d\/294413-2\/DSC00283.jpg'><img src=http:\/\/ski.inmontanis.info\/d\/294412-3\/DSC00283.jpg \/><\/a><br \/>\n^ .. der Hang hier ist jedenfalls ordentlich steil, wenn man von der 4SB aus reinquert<\/p>\n<p><a href='http:\/\/ski.inmontanis.info\/d\/294417-2\/DSC00284.jpg'><img src=http:\/\/ski.inmontanis.info\/d\/294416-3\/DSC00284.jpg \/><\/a><br \/>\n^ Ab in den Graben<\/p>\n<p><a href='http:\/\/ski.inmontanis.info\/d\/294421-2\/DSC00286.jpg'><img src=http:\/\/ski.inmontanis.info\/d\/294420-3\/DSC00286.jpg \/><\/a><br \/>\n^ Schnee war aber recht gut hier (nein, nicht knollig)<\/p>\n<p><a href='http:\/\/ski.inmontanis.info\/d\/294425-2\/DSC00287.jpg'><img src=http:\/\/ski.inmontanis.info\/d\/294424-3\/DSC00287.jpg \/><\/a><br \/>\n^ Diese Steilh\u00e4nge in den S\u00fcdost-Graben bin ich nicht reingefahren &#8211; der Sulz in der Sohle war einfach zu sch\u00f6n<\/p>\n<p><a href='http:\/\/ski.inmontanis.info\/d\/294429-2\/DSC00288.jpg'><img src=http:\/\/ski.inmontanis.info\/d\/294428-3\/DSC00288.jpg \/><\/a><br \/>\n^ Blick zum vorherigen 4SB-Steilhang<\/p>\n<p><a href='http:\/\/ski.inmontanis.info\/d\/294433-2\/DSC00294.jpg'><img src=http:\/\/ski.inmontanis.info\/d\/294432-3\/DSC00294.jpg \/><\/a><br \/>\n^ \u00d6vre Tv\u00e4r\u00e5valsliften und EUB<\/p>\n<p><a href='http:\/\/ski.inmontanis.info\/d\/294437-2\/DSC00295.jpg'><img src=http:\/\/ski.inmontanis.info\/d\/294436-3\/DSC00295.jpg \/><\/a><br \/>\n^ Start Abfahrt 60<\/p>\n<p><a href='http:\/\/ski.inmontanis.info\/d\/294441-2\/DSC00298.jpg'><img src=http:\/\/ski.inmontanis.info\/d\/294440-3\/DSC00298.jpg \/><\/a><br \/>\n^ \u00d6vre Tv\u00e4r\u00e5valsliften<\/p>\n<p><a href='http:\/\/ski.inmontanis.info\/d\/294445-2\/DSC00299.jpg'><img src=http:\/\/ski.inmontanis.info\/d\/294444-3\/DSC00299.jpg \/><\/a><br \/>\n^ <\/p>\n<p><a href='http:\/\/ski.inmontanis.info\/d\/294449-2\/DSC00300.jpg'><img src=http:\/\/ski.inmontanis.info\/d\/294448-3\/DSC00300.jpg \/><\/a><br \/>\n^ EUB-Pano<\/p>\n<p><a href='http:\/\/ski.inmontanis.info\/d\/294453-2\/DSC00304.jpg'><img src=http:\/\/ski.inmontanis.info\/d\/294452-3\/DSC00304.jpg \/><\/a><br \/>\n^ EUB und Abfahrten, nachmittags doch auch offpiste sch\u00f6n firnig-sulzig hier<\/p>\n<p><a href='http:\/\/ski.inmontanis.info\/d\/294457-2\/DSC00308.jpg'><img src=http:\/\/ski.inmontanis.info\/d\/294456-3\/DSC00308.jpg \/><\/a><br \/>\n^ Gipfelblick von Bj\u00f6rnen. Man k\u00f6nnte vermutlich \u00fcber die Querung oben am Grat entlang zur Bergstation des geschlossenen Skigebietsteils kommen, aber .. die Gr\u00e4ben im Skigebiet waren auch am n\u00e4chsten Tag lohnenswerter als eine ewige Querung zu einer modellierten Abfahrt ;)<\/p>\n<p>Wollte mir im Supermarkt heute eines der g\u00fcnstigen Tiefk\u00fchlgerichte mitnehmen, waren hier aber viel teurer als \u00fcblich. Daher mal f\u00fcr Falafel (ca. 2,50 \u20ac) entschieden.<\/p>\n<p><a href='http:\/\/extra.inmontanis.info\/d\/62365-3\/DSC00310.jpg'><img src=http:\/\/extra.inmontanis.info\/d\/62364-4\/DSC00310.jpg \/><\/a><br \/>\n^ Heute mal vegane Falafel<\/p>\n","protected":false},"excerpt":{"rendered":"<p>28.4.2021 &#8211; \u00c5re Teil 5: weitere Steilh\u00e4nge<\/p>\n<p>Wie gestern hatte es \u00fcber Nacht leicht geschneit, der matschige Parkplatz gefroren mit einer leichten Schneeschicht, die wieder Matsch erzeugen w\u00fcrde. Im Gegensatz zu gestern waren vor 8 Uhr weder andere Camper noch Langl\u00e4ufer da. Und auch vormittags schneite es noch abschnittsweise, wobei sp\u00e4testens ab Mittag recht sonnig <a href=\"http:\/\/blog.inmontanis.info\/?p=6772\">[&#8230;]<\/a><\/p>\n","protected":false},"author":1,"featured_media":0,"comment_status":"closed","ping_status":"closed","sticky":false,"template":"","format":"standard","meta":{"footnotes":""},"categories":[184,696,19,27],"tags":[53,57,52,45,47],"class_list":["post-6772","post","type-post","status-publish","format-standard","hentry","category-2021-01-skandinavien","category-are","category-schwedensweden","category-skifahren-winterskiing-winter","tag-8eub","tag-8sb","tag-pb","tag-see","tag-sl","odd"],"_links":{"self":[{"href":"http:\/\/blog.inmontanis.info\/index.php?rest_route=\/wp\/v2\/posts\/6772","targetHints":{"allow":["GET"]}}],"collection":[{"href":"http:\/\/blog.inmontanis.info\/index.php?rest_route=\/wp\/v2\/posts"}],"about":[{"href":"http:\/\/blog.inmontanis.info\/index.php?rest_route=\/wp\/v2\/types\/post"}],"author":[{"embeddable":true,"href":"http:\/\/blog.inmontanis.info\/index.php?rest_route=\/wp\/v2\/users\/1"}],"replies":[{"embeddable":true,"href":"http:\/\/blog.inmontanis.info\/index.php?rest_route=%2Fwp%2Fv2%2Fcomments&post=6772"}],"version-history":[{"count":4,"href":"http:\/\/blog.inmontanis.info\/index.php?rest_route=\/wp\/v2\/posts\/6772\/revisions"}],"predecessor-version":[{"id":9138,"href":"http:\/\/blog.inmontanis.info\/index.php?rest_route=\/wp\/v2\/posts\/6772\/revisions\/9138"}],"wp:attachment":[{"href":"http:\/\/blog.inmontanis.info\/index.php?rest_route=%2Fwp%2Fv2%2Fmedia&parent=6772"}],"wp:term":[{"taxonomy":"category","embeddable":true,"href":"http:\/\/blog.inmontanis.info\/index.php?rest_route=%2Fwp%2Fv2%2Fcategories&post=6772"},{"taxonomy":"post_tag","embeddable":true,"href":"http:\/\/blog.inmontanis.info\/index.php?rest_route=%2Fwp%2Fv2%2Ftags&post=6772"}],"curies":[{"name":"wp","href":"https:\/\/api.w.org\/{rel}","templated":true}]}}