{"id":6768,"date":"2021-04-27T19:55:50","date_gmt":"2021-04-27T17:55:50","guid":{"rendered":"http:\/\/blog.inmontanis.info\/?p=6768"},"modified":"2023-08-05T13:39:31","modified_gmt":"2023-08-05T11:39:31","slug":"are-teil-4-weitere-offpiste-varianten-27-4-2021","status":"publish","type":"post","link":"http:\/\/blog.inmontanis.info\/?p=6768","title":{"rendered":"\u00c5re Teil 4: weitere Offpiste-Varianten, 27.4.2021"},"content":{"rendered":"<p><strong>27.4.2021<\/strong> &#8211; \u00c5re Teil 4: weitere Offpiste-Varianten<\/p>\n<p>Liftstatus heute Vormittag? EUB wegen Wind gesschlossen, aber die SL immerhin offen. Bis ich im Skigebiet war, lief die Gondelbahn aber schon, also gleich hin und um 12h keine 10min Wartezeit. Bei der 2. Fahrt weniger los, aber bei der 3. Fahrt um 14.15 hatte ich die l\u00e4ngste Wartezeit (fast 15min).<\/p>\n<p>Heute? Den kleineren S\u00fcd-Ost-Graben erkunden.<\/p>\n<p><a href='http:\/\/ski.inmontanis.info\/d\/294237-2\/DSC00163.jpg'><img src=http:\/\/ski.inmontanis.info\/d\/294236-3\/DSC00163.jpg \/><\/a><br \/>\n^ Br\u00e4ckeliften, schad, dass man da nicht dr\u00fcber fahren kann ;)<\/p>\n<p><a href='http:\/\/ski.inmontanis.info\/d\/294241-2\/DSC00164.jpg'><img src=http:\/\/ski.inmontanis.info\/d\/294240-3\/DSC00164.jpg \/><\/a><br \/>\n^ Funride-Abfahrt 54, geschlossen<\/p>\n<p><a href='http:\/\/ski.inmontanis.info\/d\/294245-2\/DSC00168.jpg'><img src=http:\/\/ski.inmontanis.info\/d\/294244-3\/DSC00168.jpg \/><\/a><br \/>\n^ 8KSB und 11EUB<\/p>\n<p><a href='http:\/\/ski.inmontanis.info\/d\/294249-2\/DSC00169.jpg'><img src=http:\/\/ski.inmontanis.info\/d\/294248-3\/DSC00169.jpg \/><\/a><br \/>\n^ Offpiste an den Tv\u00e4r\u00e5valsliften<\/p>\n<p><a href='http:\/\/ski.inmontanis.info\/d\/294253-2\/DSC00171.jpg'><img src=http:\/\/ski.inmontanis.info\/d\/294252-3\/DSC00171.jpg \/><\/a><br \/>\n^ Offpiste an den Tv\u00e4r\u00e5valsliften<\/p>\n<p><a href='http:\/\/ski.inmontanis.info\/d\/294257-3\/DSC00172.jpg'><img src=http:\/\/ski.inmontanis.info\/d\/294256-3\/DSC00172.jpg \/><\/a><br \/>\n^ Offpiste an den Tv\u00e4r\u00e5valsliften<\/p>\n<p><a href='http:\/\/ski.inmontanis.info\/d\/294261-2\/DSC00173.jpg'><img src=http:\/\/ski.inmontanis.info\/d\/294260-3\/DSC00173.jpg \/><\/a><br \/>\n^ Offpiste an den Tv\u00e4r\u00e5valsliften<\/p>\n<p><a href='http:\/\/ski.inmontanis.info\/d\/294265-2\/DSC00177.jpg'><img src=http:\/\/ski.inmontanis.info\/d\/294264-3\/DSC00177.jpg \/><\/a><br \/>\n^ Offpiste an den Tv\u00e4r\u00e5valsliften, leider nur sehr wenige Stellen, wo es mal etwas besseren Schnee gab<\/p>\n<p><a href='http:\/\/ski.inmontanis.info\/d\/294269-2\/DSC00181.jpg'><img src=http:\/\/ski.inmontanis.info\/d\/294268-3\/DSC00181.jpg \/><\/a><br \/>\n^ \u00d6vre Tv\u00e4r\u00e5valsliften<\/p>\n<p><a href='http:\/\/ski.inmontanis.info\/d\/294273-2\/DSC00183.jpg'><img src=http:\/\/ski.inmontanis.info\/d\/294272-3\/DSC00183.jpg \/><\/a><br \/>\n^ Nedre Tv\u00e4r\u00e5valsliften<\/p>\n<p><a href='http:\/\/ski.inmontanis.info\/d\/294277-2\/DSC00185.jpg'><img src=http:\/\/ski.inmontanis.info\/d\/294276-3\/DSC00185.jpg \/><\/a><br \/>\n^ Abfahrt 81<\/p>\n<p><a href='http:\/\/ski.inmontanis.info\/d\/294281-2\/DSC00186.jpg'><img src=http:\/\/ski.inmontanis.info\/d\/294280-3\/DSC00186.jpg \/><\/a><br \/>\n^ Ex-DSB-Talstation<\/p>\n<p><a href='http:\/\/ski.inmontanis.info\/d\/294285-2\/DSC00187.jpg'><img src=http:\/\/ski.inmontanis.info\/d\/294284-3\/DSC00187.jpg \/><\/a><br \/>\n^ Einfahrt in den kleineren S\u00fcdost-Graben<\/p>\n<p><a href='http:\/\/ski.inmontanis.info\/d\/294289-3\/DSC00191.jpg'><img src=http:\/\/ski.inmontanis.info\/d\/294288-3\/DSC00191.jpg \/><\/a><br \/>\n^ S\u00fcdost-Graben, wegen der S\u00fcdost-Ausrichtung schon fr\u00fcher angenehm aufgeweicht<\/p>\n<p><a href='http:\/\/ski.inmontanis.info\/d\/294293-3\/DSC00193.jpg'><img src=http:\/\/ski.inmontanis.info\/d\/294292-3\/DSC00193.jpg \/><\/a><br \/>\n^ S\u00fcdost-Graben<\/p>\n<p><a href='http:\/\/ski.inmontanis.info\/d\/294297-2\/DSC00197.jpg'><img src=http:\/\/ski.inmontanis.info\/d\/294296-3\/DSC00197.jpg \/><\/a><br \/>\n^ Graben im unteren Teil<\/p>\n<p><a href='http:\/\/ski.inmontanis.info\/d\/294301-3\/DSC00199.jpg'><img src=http:\/\/ski.inmontanis.info\/d\/294300-4\/DSC00199.jpg \/><\/a><br \/>\n^ Graben im unteren Teil<\/p>\n<p><a href='http:\/\/ski.inmontanis.info\/d\/294305-2\/DSC00201.jpg'><img src=http:\/\/ski.inmontanis.info\/d\/294304-3\/DSC00201.jpg \/><\/a><br \/>\n^ Ausfahrt aus dem Graben<\/p>\n<p><a href='http:\/\/ski.inmontanis.info\/d\/294309-2\/DSC00202.jpg'><img src=http:\/\/ski.inmontanis.info\/d\/294308-3\/DSC00202.jpg \/><\/a><br \/>\n^ SSB, der andere Wagen ist also in Blau.<\/p>\n<p><a href='http:\/\/ski.inmontanis.info\/d\/294313-2\/DSC00205.jpg'><img src=http:\/\/ski.inmontanis.info\/d\/294312-3\/DSC00205.jpg \/><\/a><br \/>\n^ Nochmal im S\u00fcdost-Graben, weils gar so sch\u00f6n war. Man kann auch die H\u00e4nge von rechts aus \u00fcberall reinfahren, wenn man es steiler haben will.<\/p>\n<p><a href='http:\/\/ski.inmontanis.info\/d\/294317-2\/DSC00206.jpg'><img src=http:\/\/ski.inmontanis.info\/d\/294316-3\/DSC00206.jpg \/><\/a><br \/>\n^ Dachte erst, das sei eine Werbung f\u00fcr Visa, aber nein, American Express :)<\/p>\n<p><a href='http:\/\/ski.inmontanis.info\/d\/294321-2\/DSC00210.jpg'><img src=http:\/\/ski.inmontanis.info\/d\/294320-3\/DSC00210.jpg \/><\/a><br \/>\n^ Oben von der EUB aus noch etwas weiter raus gequert diesmal, wird der Schnee besser<\/p>\n<p><a href='http:\/\/ski.inmontanis.info\/d\/294325-2\/DSC00212.jpg'><img src=http:\/\/ski.inmontanis.info\/d\/294324-3\/DSC00212.jpg \/><\/a><br \/>\n^ .. und auch eine andere Einfahrt in den gr\u00f6\u00dferen S\u00fcd-Graben zuf\u00e4llig gefunden<\/p>\n<p><a href='http:\/\/ski.inmontanis.info\/d\/294329-2\/DSC00213.jpg'><img src=http:\/\/ski.inmontanis.info\/d\/294328-3\/DSC00213.jpg \/><\/a><br \/>\n^ Offpiste neben dem S\u00fcd-Graben<\/p>\n<p><a href='http:\/\/ski.inmontanis.info\/d\/294333-2\/DSC00215.jpg'><img src=http:\/\/ski.inmontanis.info\/d\/294332-3\/DSC00215.jpg \/><\/a><br \/>\n^ .. und hier gehts dann in den S\u00fcd-Graben rein. Auch nett!<\/p>\n<p><a href='http:\/\/ski.inmontanis.info\/d\/294337-2\/DSC00218.jpg'><img src=http:\/\/ski.inmontanis.info\/d\/294336-3\/DSC00218.jpg \/><\/a><br \/>\n^ Blick r\u00fcber zu den Steilh\u00e4ngen am S\u00fcdost-Graben, da kann man entweder von der Abfahrt 81 gleich oben rein oder man quert von der Bergstation der 4SB (unterhalb des Mastens links im Bild, der rechts von der 4SB-Bergstation ist), das hab ich die Tage auch mal gemacht<\/p>\n<p><a href='http:\/\/ski.inmontanis.info\/d\/294341-2\/DSC00219.jpg'><img src=http:\/\/ski.inmontanis.info\/d\/294340-3\/DSC00219.jpg \/><\/a><br \/>\n^ Von hier aus kommt man problemlos in den S\u00fcd-Graben, auf der Gegenseite k\u00f6nnte man auch reinfahren<\/p>\n<p><a href='http:\/\/ski.inmontanis.info\/d\/294345-2\/DSC00224.jpg'><img src=http:\/\/ski.inmontanis.info\/d\/294344-3\/DSC00224.jpg \/><\/a><br \/>\n^ 6KSB und 4SB<\/p>\n<p><a href='http:\/\/ski.inmontanis.info\/d\/294349-2\/DSC00235.jpg'><img src=http:\/\/ski.inmontanis.info\/d\/294348-3\/DSC00235.jpg \/><\/a><br \/>\n^ Abfahrt an der 4SB<\/p>\n<p><a href='http:\/\/ski.inmontanis.info\/d\/294353-2\/DSC00241.jpg'><img src=http:\/\/ski.inmontanis.info\/d\/294352-3\/DSC00241.jpg \/><\/a><br \/>\n^ Abfahrt 59 an der EUB; erinnert mich hier etwas an den \u00c4tna<\/p>\n<p><a href='http:\/\/ski.inmontanis.info\/d\/294357-2\/DSC00242.jpg'><img src=http:\/\/ski.inmontanis.info\/d\/294356-3\/DSC00242.jpg \/><\/a><br \/>\n^ Abfahrt 59 an der EUB<\/p>\n<p><a href='http:\/\/ski.inmontanis.info\/d\/294361-2\/DSC00245.jpg'><img src=http:\/\/ski.inmontanis.info\/d\/294360-3\/DSC00245.jpg \/><\/a><br \/>\n^ Pistenplan, Ausschnitt was momentan offen ist (bis auf die rechten beiden Lifte und der daran anschlie\u00dfende Bj\u00f6rnen-Teil rechts)<\/p>\n<p>Abends schneite es wieder leicht, in der Nacht sind -6\u00b0 gemeldet. So ziemlich das \u00fcbliche also. Morgens nach dem Aufstehen waren es aber nur noch -1\u00b0 am Autothermometer zumindest.<\/p>\n<p><a href='http:\/\/extra.inmontanis.info\/d\/62361-3\/DSC00243.jpg'><img src=http:\/\/extra.inmontanis.info\/d\/62360-4\/DSC00243.jpg \/><\/a><br \/>\n^ .. ob man damit was anst\u00e4ndiges machen kann? War leider trotzdem noch recht scharf, die Erdnusssauce.<\/p>\n","protected":false},"excerpt":{"rendered":"<p>27.4.2021 &#8211; \u00c5re Teil 4: weitere Offpiste-Varianten<\/p>\n<p>Liftstatus heute Vormittag? EUB wegen Wind gesschlossen, aber die SL immerhin offen. Bis ich im Skigebiet war, lief die Gondelbahn aber schon, also gleich hin und um 12h keine 10min Wartezeit. Bei der 2. Fahrt weniger los, aber bei der 3. Fahrt um 14.15 hatte ich die l\u00e4ngste <a href=\"http:\/\/blog.inmontanis.info\/?p=6768\">[&#8230;]<\/a><\/p>\n","protected":false},"author":1,"featured_media":0,"comment_status":"closed","ping_status":"closed","sticky":false,"template":"","format":"standard","meta":{"footnotes":""},"categories":[184,696,19,27],"tags":[57,45,47,46],"class_list":["post-6768","post","type-post","status-publish","format-standard","hentry","category-2021-01-skandinavien","category-are","category-schwedensweden","category-skifahren-winterskiing-winter","tag-8sb","tag-see","tag-sl","tag-ssb","odd"],"_links":{"self":[{"href":"http:\/\/blog.inmontanis.info\/index.php?rest_route=\/wp\/v2\/posts\/6768","targetHints":{"allow":["GET"]}}],"collection":[{"href":"http:\/\/blog.inmontanis.info\/index.php?rest_route=\/wp\/v2\/posts"}],"about":[{"href":"http:\/\/blog.inmontanis.info\/index.php?rest_route=\/wp\/v2\/types\/post"}],"author":[{"embeddable":true,"href":"http:\/\/blog.inmontanis.info\/index.php?rest_route=\/wp\/v2\/users\/1"}],"replies":[{"embeddable":true,"href":"http:\/\/blog.inmontanis.info\/index.php?rest_route=%2Fwp%2Fv2%2Fcomments&post=6768"}],"version-history":[{"count":2,"href":"http:\/\/blog.inmontanis.info\/index.php?rest_route=\/wp\/v2\/posts\/6768\/revisions"}],"predecessor-version":[{"id":6770,"href":"http:\/\/blog.inmontanis.info\/index.php?rest_route=\/wp\/v2\/posts\/6768\/revisions\/6770"}],"wp:attachment":[{"href":"http:\/\/blog.inmontanis.info\/index.php?rest_route=%2Fwp%2Fv2%2Fmedia&parent=6768"}],"wp:term":[{"taxonomy":"category","embeddable":true,"href":"http:\/\/blog.inmontanis.info\/index.php?rest_route=%2Fwp%2Fv2%2Fcategories&post=6768"},{"taxonomy":"post_tag","embeddable":true,"href":"http:\/\/blog.inmontanis.info\/index.php?rest_route=%2Fwp%2Fv2%2Ftags&post=6768"}],"curies":[{"name":"wp","href":"https:\/\/api.w.org\/{rel}","templated":true}]}}