{"id":6762,"date":"2021-04-26T19:43:00","date_gmt":"2021-04-26T17:43:00","guid":{"rendered":"http:\/\/blog.inmontanis.info\/?p=6762"},"modified":"2023-08-05T13:39:34","modified_gmt":"2023-08-05T11:39:34","slug":"are-teil-3-endlich-den-oberen-teil-erkunden-26-4-2021","status":"publish","type":"post","link":"http:\/\/blog.inmontanis.info\/?p=6762","title":{"rendered":"\u00c5re Teil 3: endlich den oberen Teil &#038; gro\u00dfen Graben erkunden, 26.4.2021"},"content":{"rendered":"<p><strong>26.4.2021<\/strong> &#8211; \u00c5re Teil 3: endlich den oberen Teil erkunden<\/p>\n<p>Morgens hie\u00df es, der Wind h\u00e4tte nachgelassen und die Gipfellifte sind nun endlich wieder in Betrieb. Juhuuu.<\/p>\n<p>Am Parkplatz standen noch zwei andere \u00dcbernachtungsg\u00e4ste, ein Pick-Up mit einem Wohnmobil-Aufsatz und ein Caddy mit 2 Bewohnern, die diesen komischen klassischen Campingeinbau haben, wo man dann die ganzen Schubladen nur bei ge\u00f6ffneter Heckklappe hat und somit immer hinten offen haben muss, wenn man da hin oder kochen will &#8212; warum man das so haben will, werd ich wohl auch nie verstehen k\u00f6nnen. Regen, M\u00fccken &#8230; da kann man Hochdachkombis auch sinnvoller ausbauen. Selbst ich kann alles innerhalb des Autos machen und muss nicht rausgehen ;) Ok, ich hab ja auch nur einen Einpersonen-Ausbau, daf\u00fcr aber ja auch ein winziges Auto.<\/p>\n<p>Ja, also \u00c5re ist schon eine Klasse f\u00fcr sich in Skandinavien und erinnert mich vom Gel\u00e4nde her ja schon sehr an den \u00c4tna, auch was die Trassierung der EUB anbelangt, das Bleiben unterhalb des Gipfels, die Varianten mit den Rinnen, &#8230;<\/p>\n<p>Ich bleib heute, soweit m\u00f6glich, in der &#8220;H\u00f6gzone&#8221;, erst mal die beiden SL oben abgefahren. Um 14:12 an der 11EUB (momentan evtl. pandemiebedingt lt. Schild nur 8 Personen) angestellt &#8211; nur ca. 10 min Wartezeit, trotz keiner Gruppenvermischung (also Einzelfahrer = Einzelkabine) und eher langsamer Geschwindigkeit (ca. 15-20 sec. Gondelfolgezeit).<\/p>\n<p>So ein, zwei Mal im Jahr sieht man ja immer wieder mal einen mit Monoski. Heute hier in \u00c5re sogar schon einen zweiten gesehen, mit tailliertem Monoski im Sp\u00e4t-80er-Look mit Neongelb und Neonpink, dazu einen Overall mit ebenfalls neonpinken, neongelben und neongr\u00fcnen Elementen. D\u00fcrfte aber j\u00fcnger als ich gewesen sein.<\/p>\n<p>Diese Gruppe fuhr dann zuf\u00e4llig zeitgleich, wenn auch oben etwas anders, den gro\u00dfen Graben, den ich am Freitag entdeckt hatte &#8211; wohl ziemlich das krasseste, was ich je gefahren bin. Es gibt da ja 2 Gr\u00e4ben oder Rinnen, der rechte ist s\u00fcdlich ausgerichtet, also nenne ich ihn S\u00fcd-Graben, der linke ist s\u00fcd\u00f6stlich ausgerichtet, also nennen ich ihn S\u00fcdost-Graben. Beide vereinen sich hinter (unterhalb) der 6KSB-Bergstation.<\/p>\n<p>Danach via DSB (schneller als 6KSB+4SB, da die PB ja nicht f\u00e4hrt) zur 8KSB und dann ist man erst wieder an der EUB, wo ich um 16:15 ankam und 5min Wartezeit hatte &#8211; letzte Fahrt also heute (bis 16:30 offen).<\/p>\n<p><a href='http:\/\/ski.inmontanis.info\/d\/294029-2\/DSC00026.jpg'><img src=http:\/\/ski.inmontanis.info\/d\/294028-3\/DSC00026.jpg \/><\/a><br \/>\n^ Parkplatz R\u00f6dkullen<\/p>\n<p><a href='http:\/\/ski.inmontanis.info\/d\/294033-3\/DSC00031.jpg'><img src=http:\/\/ski.inmontanis.info\/d\/294032-3\/DSC00031.jpg \/><\/a><br \/>\n^ Blick zum Gipfelbereich von Bergstation SL R\u00f6dkulleliften, Schnee war leider in dem Bereich stehts abgeweht eisig -beschissen fahrbar<\/p>\n<p><a href='http:\/\/ski.inmontanis.info\/d\/294037-3\/DSC00036.jpg'><img src=http:\/\/ski.inmontanis.info\/d\/294036-3\/DSC00036.jpg \/><\/a><br \/>\n^ Stendalsliften, zu dem kommt man vom unteren Ull\u00e5dalsliften ja nur mit Schieben<\/p>\n<p><a href='http:\/\/ski.inmontanis.info\/d\/294041-2\/DSC00038.jpg'><img src=http:\/\/ski.inmontanis.info\/d\/294040-3\/DSC00038.jpg \/><\/a><br \/>\n^ Vom Stendalsliften zum Nedre Tv\u00e4r\u00e5valsliften gehts ebenfalls nicht ohne Schieben<\/p>\n<p><a href='http:\/\/ski.inmontanis.info\/d\/294045-2\/DSC00040.jpg'><img src=http:\/\/ski.inmontanis.info\/d\/294044-3\/DSC00040.jpg \/><\/a><br \/>\n^ Nedre Tv\u00e4r\u00e5valsliften<\/p>\n<p><a href='http:\/\/ski.inmontanis.info\/d\/294049-2\/DSC00041.jpg'><img src=http:\/\/ski.inmontanis.info\/d\/294048-3\/DSC00041.jpg \/><\/a><br \/>\n^ Nedre Tv\u00e4r\u00e5valsliften<\/p>\n<p><a href='http:\/\/ski.inmontanis.info\/d\/294053-3\/DSC00042.jpg'><img src=http:\/\/ski.inmontanis.info\/d\/294052-3\/DSC00042.jpg \/><\/a><br \/>\n^ Nedre Tv\u00e4r\u00e5valsliften<\/p>\n<p><a href='http:\/\/ski.inmontanis.info\/d\/294057-2\/DSC00062.jpg'><img src=http:\/\/ski.inmontanis.info\/d\/294056-3\/DSC00062.jpg \/><\/a><br \/>\n^ \u00d6vre Tv\u00e4r\u00e5valsliften<\/p>\n<p><a href='http:\/\/ski.inmontanis.info\/d\/294061-2\/DSC00063.jpg'><img src=http:\/\/ski.inmontanis.info\/d\/294060-3\/DSC00063.jpg \/><\/a><br \/>\n^ \u00d6vre Tv\u00e4r\u00e5valsliften und EUB<\/p>\n<p><a href='http:\/\/ski.inmontanis.info\/d\/294065-2\/DSC00065.jpg'><img src=http:\/\/ski.inmontanis.info\/d\/294064-3\/DSC00065.jpg \/><\/a><br \/>\n^ Offpiste Tv\u00e4r\u00e5valsliften<\/p>\n<p><a href='http:\/\/ski.inmontanis.info\/d\/294069-2\/DSC00067.jpg'><img src=http:\/\/ski.inmontanis.info\/d\/294068-3\/DSC00067.jpg \/><\/a><br \/>\n^ Offpiste Tv\u00e4r\u00e5valsliften<\/p>\n<p><a href='http:\/\/ski.inmontanis.info\/d\/294073-2\/DSC00068.jpg'><img src=http:\/\/ski.inmontanis.info\/d\/294072-3\/DSC00068.jpg \/><\/a><br \/>\n^ Offpiste Tv\u00e4r\u00e5valsliften<\/p>\n<p><a href='http:\/\/ski.inmontanis.info\/d\/294077-2\/DSC00076.jpg'><img src=http:\/\/ski.inmontanis.info\/d\/294076-3\/DSC00076.jpg \/><\/a><br \/>\n^ Nedre &#8211; \u00d6vre Tv\u00e4r\u00e5valsliften<\/p>\n<p><a href='http:\/\/ski.inmontanis.info\/d\/294081-2\/DSC00079.jpg'><img src=http:\/\/ski.inmontanis.info\/d\/294080-3\/DSC00079.jpg \/><\/a><br \/>\n^ Nedre Tv\u00e4r\u00e5valsliften<\/p>\n<p><a href='http:\/\/ski.inmontanis.info\/d\/294085-2\/DSC00080.jpg'><img src=http:\/\/ski.inmontanis.info\/d\/294084-3\/DSC00080.jpg \/><\/a><br \/>\n^ Nedre Tv\u00e4r\u00e5valsliften<\/p>\n<p><a href='http:\/\/ski.inmontanis.info\/d\/294089-2\/DSC00084.jpg'><img src=http:\/\/ski.inmontanis.info\/d\/294088-3\/DSC00084.jpg \/><\/a><br \/>\n^ EUB mit Abfahrt 59<\/p>\n<p><a href='http:\/\/ski.inmontanis.info\/d\/294093-2\/DSC00086.jpg'><img src=http:\/\/ski.inmontanis.info\/d\/294092-3\/DSC00086.jpg \/><\/a><br \/>\n^ Abfahrt 60 an der EUB<\/p>\n<p><a href='http:\/\/ski.inmontanis.info\/d\/294097-2\/DSC00087.jpg'><img src=http:\/\/ski.inmontanis.info\/d\/294096-3\/DSC00087.jpg \/><\/a><br \/>\n^ Abfahrt 60 an der EUB<\/p>\n<p><a href='http:\/\/ski.inmontanis.info\/d\/294101-2\/DSC00088.jpg'><img src=http:\/\/ski.inmontanis.info\/d\/294100-3\/DSC00088.jpg \/><\/a><br \/>\n^ <\/p>\n<p><a href='http:\/\/ski.inmontanis.info\/d\/294105-2\/DSC00090.jpg'><img src=http:\/\/ski.inmontanis.info\/d\/294104-3\/DSC00090.jpg \/><\/a><br \/>\n^ Abfahrt 59+60 an der EUB<\/p>\n<p><a href='http:\/\/ski.inmontanis.info\/d\/294109-2\/DSC00092.jpg'><img src=http:\/\/ski.inmontanis.info\/d\/294108-3\/DSC00092.jpg \/><\/a><br \/>\n^ Abfahrt 59 an der EUB<\/p>\n<p><a href='http:\/\/ski.inmontanis.info\/d\/294113-2\/DSC00093.jpg'><img src=http:\/\/ski.inmontanis.info\/d\/294112-3\/DSC00093.jpg \/><\/a><br \/>\n^ EUB Talstation<\/p>\n<p><a href='http:\/\/ski.inmontanis.info\/d\/294117-2\/DSC00096.jpg'><img src=http:\/\/ski.inmontanis.info\/d\/294116-3\/DSC00096.jpg \/><\/a><br \/>\n^ Offpiste an EUB\/PB, hier stand mal eine DSB<\/p>\n<p><a href='http:\/\/ski.inmontanis.info\/d\/294121-2\/DSC00099.jpg'><img src=http:\/\/ski.inmontanis.info\/d\/294120-3\/DSC00099.jpg \/><\/a><br \/>\n^ Abfahrt 59 an der EUB<\/p>\n<p><a href='http:\/\/ski.inmontanis.info\/d\/294125-2\/DSC00102.jpg'><img src=http:\/\/ski.inmontanis.info\/d\/294124-3\/DSC00102.jpg \/><\/a><br \/>\n^ Das ist also eine 11EUB<\/p>\n<p><a href='http:\/\/ski.inmontanis.info\/d\/294129-2\/DSC00105.jpg'><img src=http:\/\/ski.inmontanis.info\/d\/294128-3\/DSC00105.jpg \/><\/a><br \/>\n^ 2&#215;4 sitzend und 3 stehend dazwischen, breit genug w\u00e4r sie. Alternativ Sitze hochklappen zur vollen Belegung. Hab aber tats\u00e4chlich welche sitzen+stehen sehen die Tage.<\/p>\n<p><a href='http:\/\/ski.inmontanis.info\/d\/294133-2\/DSC00106.jpg'><img src=http:\/\/ski.inmontanis.info\/d\/294132-3\/DSC00106.jpg \/><\/a><br \/>\n^ Start Abfahrt 80\/81<\/p>\n<p><a href='http:\/\/ski.inmontanis.info\/d\/294137-2\/DSC00107.jpg'><img src=http:\/\/ski.inmontanis.info\/d\/294136-3\/DSC00107.jpg \/><\/a><br \/>\n^ Verkrustet<\/p>\n<p><a href='http:\/\/ski.inmontanis.info\/d\/294141-2\/DSC00108.jpg'><img src=http:\/\/ski.inmontanis.info\/d\/294140-3\/DSC00108.jpg \/><\/a><br \/>\n^ EUB-Bergstation<\/p>\n<p><a href='http:\/\/ski.inmontanis.info\/d\/294145-2\/DSC00112.jpg'><img src=http:\/\/ski.inmontanis.info\/d\/294144-3\/DSC00112.jpg \/><\/a><br \/>\n^ PB-Bergstation<\/p>\n<p><a href='http:\/\/ski.inmontanis.info\/d\/294149-2\/DSC00113.jpg'><img src=http:\/\/ski.inmontanis.info\/d\/294148-3\/DSC00113.jpg \/><\/a><br \/>\n^ PB-St\u00fctze<\/p>\n<p><a href='http:\/\/ski.inmontanis.info\/d\/294153-2\/DSC00114.jpg'><img src=http:\/\/ski.inmontanis.info\/d\/294152-3\/DSC00114.jpg \/><\/a><br \/>\n^ Ungef\u00e4hr Abfahrt 80, war offiziel gesperrt<\/p>\n<p><a href='http:\/\/ski.inmontanis.info\/d\/294157-2\/DSC00115.jpg'><img src=http:\/\/ski.inmontanis.info\/d\/294156-3\/DSC00115.jpg \/><\/a><br \/>\n^ H\u00e4nge an der PB\/EUB<\/p>\n<p><a href='http:\/\/ski.inmontanis.info\/d\/294161-2\/DSC00117.jpg'><img src=http:\/\/ski.inmontanis.info\/d\/294160-3\/DSC00117.jpg \/><\/a><br \/>\n^ Abfahrt 81, rechts der kleinere S\u00fcdost-Graben<\/p>\n<p><a href='http:\/\/ski.inmontanis.info\/d\/294165-2\/DSC00119.jpg'><img src=http:\/\/ski.inmontanis.info\/d\/294164-3\/DSC00119.jpg \/><\/a><br \/>\n^ PB-St\u00fctze<\/p>\n<p><a href='http:\/\/ski.inmontanis.info\/d\/294169-2\/DSC00123.jpg'><img src=http:\/\/ski.inmontanis.info\/d\/294168-3\/DSC00123.jpg \/><\/a><br \/>\n^ Querung von der EUB-Bergstation nach Osten<\/p>\n<p><a href='http:\/\/ski.inmontanis.info\/d\/294173-2\/DSC00129.jpg'><img src=http:\/\/ski.inmontanis.info\/d\/294172-3\/DSC00129.jpg \/><\/a><br \/>\n^ Man kann hier weit raus queren, sieht irgendwann einen See<\/p>\n<p><a href='http:\/\/ski.inmontanis.info\/d\/294177-2\/DSC00130.jpg'><img src=http:\/\/ski.inmontanis.info\/d\/294176-3\/DSC00130.jpg \/><\/a><br \/>\n^ .. und irgendwann wird der Schnee auch halbwegs fahrbar. Nun geht es runter und nach rechts in den gr\u00f6\u00dferen S\u00fcd-Graben<\/p>\n<p><a href='http:\/\/ski.inmontanis.info\/d\/294181-2\/DSC00132.jpg'><img src=http:\/\/ski.inmontanis.info\/d\/294180-3\/DSC00132.jpg \/><\/a><br \/>\n^ Manche queren weniger<\/p>\n<p><a href='http:\/\/ski.inmontanis.info\/d\/294185-2\/DSC00135.jpg'><img src=http:\/\/ski.inmontanis.info\/d\/294184-3\/DSC00135.jpg \/><\/a><br \/>\n^ Links und rechts von mir die beiden Haupteinfahrten in den gr\u00f6\u00dferen S\u00fcd-Graben, dahinter vor der PB-St\u00fctze dann der kleinere S\u00fcdost-Graben<\/p>\n<p><a href='http:\/\/ski.inmontanis.info\/d\/294189-2\/DSC00136.jpg'><img src=http:\/\/ski.inmontanis.info\/d\/294188-3\/DSC00136.jpg \/><\/a><br \/>\n^ Offpiste-Bereiche von oben her<\/p>\n<p><a href='http:\/\/ski.inmontanis.info\/d\/294193-2\/DSC00138.jpg'><img src=http:\/\/ski.inmontanis.info\/d\/294192-3\/DSC00138.jpg \/><\/a><br \/>\n^ Gibt noch mehrere M\u00f6glichkeiten, um in den Graben einzufahren<\/p>\n<p><a href='http:\/\/ski.inmontanis.info\/d\/294197-2\/DSC00139.jpg'><img src=http:\/\/ski.inmontanis.info\/d\/294196-3\/DSC00139.jpg \/><\/a><br \/>\n^ Im gr\u00f6\u00dferen S\u00fcd-Graben, Schnee war nachmittags somit recht firnig\/sulzig<\/p>\n<p><a href='http:\/\/ski.inmontanis.info\/d\/294201-2\/DSC00141.jpg'><img src=http:\/\/ski.inmontanis.info\/d\/294200-3\/DSC00141.jpg \/><\/a><br \/>\n^ Im gr\u00f6\u00dferen S\u00fcd-Graben<\/p>\n<p><a href='http:\/\/ski.inmontanis.info\/d\/294205-2\/DSC00143.jpg'><img src=http:\/\/ski.inmontanis.info\/d\/294204-3\/DSC00143.jpg \/><\/a><br \/>\n^ Im gr\u00f6\u00dferen S\u00fcd-Graben<\/p>\n<p><a href='http:\/\/ski.inmontanis.info\/d\/294209-2\/DSC00144.jpg'><img src=http:\/\/ski.inmontanis.info\/d\/294208-3\/DSC00144.jpg \/><\/a><br \/>\n^ Im gr\u00f6\u00dferen S\u00fcd-Graben, links zu sehen die 4SB<\/p>\n<p><a href='http:\/\/ski.inmontanis.info\/d\/294213-2\/DSC00145.jpg'><img src=http:\/\/ski.inmontanis.info\/d\/294212-3\/DSC00145.jpg \/><\/a><br \/>\n^ S\u00fcd-Graben, bevor er sich mit dem S\u00fcdost-Graben vereint<\/p>\n<p><a href='http:\/\/ski.inmontanis.info\/d\/294217-2\/DSC00146.jpg'><img src=http:\/\/ski.inmontanis.info\/d\/294216-3\/DSC00146.jpg \/><\/a><br \/>\n^ S\u00fcd-Graben<\/p>\n<p><a href='http:\/\/ski.inmontanis.info\/d\/294221-2\/DSC00148.jpg'><img src=http:\/\/ski.inmontanis.info\/d\/294220-3\/DSC00148.jpg \/><\/a><br \/>\n^ Der untere Teil des Grabens war kurz vor 16 Uhr nicht mehr so angenehm zu fahren, da er nun weniger Sonne abbgekommt<\/p>\n<p><a href='http:\/\/ski.inmontanis.info\/d\/294225-2\/DSC00151.jpg'><img src=http:\/\/ski.inmontanis.info\/d\/294224-3\/DSC00151.jpg \/><\/a><br \/>\n^ Zum Gipfel geht ein pr\u00e4parierter Weg, aber weite Strecke und f\u00fcr mich nicht lohnenswertes Fernsichtwetter<\/p>\n<p><a href='http:\/\/ski.inmontanis.info\/d\/294229-2\/DSC00152.jpg'><img src=http:\/\/ski.inmontanis.info\/d\/294228-3\/DSC00152.jpg \/><\/a><br \/>\n^ \u00d6vre Tv\u00e4r\u00e5valsliften<\/p>\n<p><a href='http:\/\/ski.inmontanis.info\/d\/294233-2\/DSC00155.jpg'><img src=http:\/\/ski.inmontanis.info\/d\/294232-3\/DSC00155.jpg \/><\/a><br \/>\n^ Links R\u00f6dkulleliften, rechts Ull\u00e5dalsliften<\/p>\n<p>Am Thai-Take-Away-Wagen neben dem Supermarkt \u00f6stlich von \u00c5re probierte ich es nochmals mit H\u00fchnchenspie\u00dfe mit Erdnussso\u00dfe um ca. 10,- \u20ac und bar zahlen m\u00fcssen, jetzt muss ich mal wieder Geld abheben, was ja leider immer recht teuer ist.<\/p>\n<p>Im Gegensatz zu manch anderen Gerichten hatte das hier kein &#8220;*\/***&#8221; am Ende stehen, also nahm ich an, dass es nicht so scharf w\u00e4re &#8230;  Die Sauce w\u00e4re geschmacklich auch gut gewesen aber.. so verdammt scharf, noch sch\u00e4rfer als die Hot BBQ Wings gestern. Ich a\u00df nur die halbe Sauce und \u00fcberlegte, sie zu verd\u00fcnnen und morgen zu Nudeln zu machen. <\/p>\n<p><a href='http:\/\/extra.inmontanis.info\/d\/62357-3\/DSC00156.jpg'><img src=http:\/\/extra.inmontanis.info\/d\/62356-4\/DSC00156.jpg \/><\/a><br \/>\n^ H\u00fchnchenspie\u00dfe mit Erdnusssauce vom Thai-Take-Away<\/p>\n<p>Als ich nach 19 Uhr am Ulladalen-SL war, sah ich, dass der in Betrieb war. Na sowas. Also wieder einen Parkplatz darunter gestellt. Den Tischaufbau konnte ich mir heute also sparen, da ich ja nix mehr kochen m\u00fcsste. Und morgen werd ich nur zwischen den Parkpl\u00e4tzen oben pendeln, da ich keinen Supermarkt brauch.<\/p>\n<p><strong>26.4.2021<\/strong> &#8211; \u00c5re Teil 3: endlich den oberen Teil erkunden<\/p>\n<p>Morgens hie\u00df es, der Wind h\u00e4tte nachgelassen und die Gipfellifte sind nun endlich wieder in Betrieb. Juhuuu.<\/p>\n<p>Am Parkplatz standen noch zwei andere \u00dcbernachtungsg\u00e4ste, ein Pick-Up mit einem Wohnmobil-Aufsatz und ein Caddy mit 2 Bewohnern, die diesen komischen klassischen Campingeinbau haben, wo man dann die ganzen Schubladen nur bei ge\u00f6ffneter Heckklappe hat und somit immer hinten offen haben muss, wenn man da hin oder kochen will &#8212; warum man das so haben will, werd ich wohl auch nie verstehen k\u00f6nnen. Regen, M\u00fccken &#8230; da kann man Hochdachkombis auch sinnvoller ausbauen. Selbst ich kann alles innerhalb des Autos machen und muss nicht rausgehen ;) Ok, ich hab ja auch nur einen Einpersonen-Ausbau, daf\u00fcr aber ja auch ein winziges Auto.<\/p>\n<p>Ja, also \u00c5re ist schon eine Klasse f\u00fcr sich in Skandinavien&#8230;<\/p>\n<p>Ich bleib heute, soweit m\u00f6glich, in der &#8220;H\u00f6gzone&#8221;, erst mal die beiden SL oben abgefahren. Um 14:12 an der 11EUB (momentan evtl. pandemiebedingt lt. Schild nur 8 Personen) angestellt &#8211; nur ca. 10 min Wartezeit, trotz keiner Gruppenvermischung (also Einzelfahrer = Einzelkabine) und eher langsamer Geschwindigkeit (ca. 15-20 sec. Gondelfolgezeit).<\/p>\n<p>So ein, zwei Mal im Jahr sieht man ja immer wieder mal einen mit Monoski. Heute hier in \u00c5re sogar schon einen zweiten gesehen, mit tailliertem Monoski im Sp\u00e4t-80er-Look mit Neongelb und Neonpink, dazu einen Overall mit ebenfalls neonpinken, neongelben und neongr\u00fcnen Elementen. D\u00fcrfte aber j\u00fcnger als ich gewesen sein.<\/p>\n<p>Diese Gruppe fuhr dann zuf\u00e4llig zeitgleich, wenn auch oben etwas anders, den gro\u00dfen Graben, den ich am Freitag entdeckt hatte &#8211; wohl ziemlich das krasseste, was ich je gefahren bin. Es gibt da ja 2 Gr\u00e4ben oder Rinnen, der rechte ist s\u00fcdlich ausgerichtet, also nenne ich ihn S\u00fcd-Graben, der linke ist s\u00fcd\u00f6stlich ausgerichtet, also nennen ich ihn S\u00fcdost-Graben. Beide vereinen sich hinter (unterhalb) der 6KSB-Bergstation.<\/p>\n<p>Danach via DSB (schneller als 6KSB+4SB, da die PB ja nicht f\u00e4hrt) zur 8KSB und dann ist man erst wieder an der EUB, wo ich um 16:15 ankam und 5min Wartezeit hatte &#8211; letzte Fahrt also heute (bis 16:30 offen).<\/p>\n<p><a href='http:\/\/ski.inmontanis.info\/d\/294029-2\/DSC00026.jpg'><img src=http:\/\/ski.inmontanis.info\/d\/294028-3\/DSC00026.jpg \/><\/a><br \/>\n^ Parkplatz R\u00f6dkullen<\/p>\n<p><a href='http:\/\/ski.inmontanis.info\/d\/294033-3\/DSC00031.jpg'><img src=http:\/\/ski.inmontanis.info\/d\/294032-3\/DSC00031.jpg \/><\/a><br \/>\n^ Blick zum Gipfelbereich von Bergstation SL R\u00f6dkulleliften, Schnee war leider in dem Bereich stehts abgeweht eisig -beschissen fahrbar<\/p>\n<p><a href='http:\/\/ski.inmontanis.info\/d\/294037-3\/DSC00036.jpg'><img src=http:\/\/ski.inmontanis.info\/d\/294036-3\/DSC00036.jpg \/><\/a><br \/>\n^ Stendalsliften, zu dem kommt man vom unteren Ull\u00e5dalsliften ja nur mit Schieben<\/p>\n<p><a href='http:\/\/ski.inmontanis.info\/d\/294041-2\/DSC00038.jpg'><img src=http:\/\/ski.inmontanis.info\/d\/294040-3\/DSC00038.jpg \/><\/a><br \/>\n^ Vom Stendalsliften zum Nedre Tv\u00e4r\u00e5valsliften gehts ebenfalls nicht ohne Schieben<\/p>\n<p><a href='http:\/\/ski.inmontanis.info\/d\/294045-2\/DSC00040.jpg'><img src=http:\/\/ski.inmontanis.info\/d\/294044-3\/DSC00040.jpg \/><\/a><br \/>\n^ Nedre Tv\u00e4r\u00e5valsliften<\/p>\n<p><a href='http:\/\/ski.inmontanis.info\/d\/294049-2\/DSC00041.jpg'><img src=http:\/\/ski.inmontanis.info\/d\/294048-3\/DSC00041.jpg \/><\/a><br \/>\n^ Nedre Tv\u00e4r\u00e5valsliften<\/p>\n<p><a href='http:\/\/ski.inmontanis.info\/d\/294053-3\/DSC00042.jpg'><img src=http:\/\/ski.inmontanis.info\/d\/294052-3\/DSC00042.jpg \/><\/a><br \/>\n^ Nedre Tv\u00e4r\u00e5valsliften<\/p>\n<p><a href='http:\/\/ski.inmontanis.info\/d\/294057-2\/DSC00062.jpg'><img src=http:\/\/ski.inmontanis.info\/d\/294056-3\/DSC00062.jpg \/><\/a><br \/>\n^ \u00d6vre Tv\u00e4r\u00e5valsliften<\/p>\n<p><a href='http:\/\/ski.inmontanis.info\/d\/294061-2\/DSC00063.jpg'><img src=http:\/\/ski.inmontanis.info\/d\/294060-3\/DSC00063.jpg \/><\/a><br \/>\n^ \u00d6vre Tv\u00e4r\u00e5valsliften und EUB<\/p>\n<p><a href='http:\/\/ski.inmontanis.info\/d\/294065-2\/DSC00065.jpg'><img src=http:\/\/ski.inmontanis.info\/d\/294064-3\/DSC00065.jpg \/><\/a><br \/>\n^ Offpiste Tv\u00e4r\u00e5valsliften<\/p>\n<p><a href='http:\/\/ski.inmontanis.info\/d\/294069-2\/DSC00067.jpg'><img src=http:\/\/ski.inmontanis.info\/d\/294068-3\/DSC00067.jpg \/><\/a><br \/>\n^ Offpiste Tv\u00e4r\u00e5valsliften<\/p>\n<p><a href='http:\/\/ski.inmontanis.info\/d\/294073-2\/DSC00068.jpg'><img src=http:\/\/ski.inmontanis.info\/d\/294072-3\/DSC00068.jpg \/><\/a><br \/>\n^ Offpiste Tv\u00e4r\u00e5valsliften<\/p>\n<p><a href='http:\/\/ski.inmontanis.info\/d\/294077-2\/DSC00076.jpg'><img src=http:\/\/ski.inmontanis.info\/d\/294076-3\/DSC00076.jpg \/><\/a><br \/>\n^ Nedre &#8211; \u00d6vre Tv\u00e4r\u00e5valsliften<\/p>\n<p><a href='http:\/\/ski.inmontanis.info\/d\/294081-2\/DSC00079.jpg'><img src=http:\/\/ski.inmontanis.info\/d\/294080-3\/DSC00079.jpg \/><\/a><br \/>\n^ Nedre Tv\u00e4r\u00e5valsliften<\/p>\n<p><a href='http:\/\/ski.inmontanis.info\/d\/294085-2\/DSC00080.jpg'><img src=http:\/\/ski.inmontanis.info\/d\/294084-3\/DSC00080.jpg \/><\/a><br \/>\n^ Nedre Tv\u00e4r\u00e5valsliften<\/p>\n<p><a href='http:\/\/ski.inmontanis.info\/d\/294089-2\/DSC00084.jpg'><img src=http:\/\/ski.inmontanis.info\/d\/294088-3\/DSC00084.jpg \/><\/a><br \/>\n^ EUB mit Abfahrt 59<\/p>\n<p><a href='http:\/\/ski.inmontanis.info\/d\/294093-2\/DSC00086.jpg'><img src=http:\/\/ski.inmontanis.info\/d\/294092-3\/DSC00086.jpg \/><\/a><br \/>\n^ Abfahrt 60 an der EUB<\/p>\n<p><a href='http:\/\/ski.inmontanis.info\/d\/294097-2\/DSC00087.jpg'><img src=http:\/\/ski.inmontanis.info\/d\/294096-3\/DSC00087.jpg \/><\/a><br \/>\n^ Abfahrt 60 an der EUB<\/p>\n<p><a href='http:\/\/ski.inmontanis.info\/d\/294101-2\/DSC00088.jpg'><img src=http:\/\/ski.inmontanis.info\/d\/294100-3\/DSC00088.jpg \/><\/a><br \/>\n^ <\/p>\n<p><a href='http:\/\/ski.inmontanis.info\/d\/294105-2\/DSC00090.jpg'><img src=http:\/\/ski.inmontanis.info\/d\/294104-3\/DSC00090.jpg \/><\/a><br \/>\n^ Abfahrt 59+60 an der EUB<\/p>\n<p><a href='http:\/\/ski.inmontanis.info\/d\/294109-2\/DSC00092.jpg'><img src=http:\/\/ski.inmontanis.info\/d\/294108-3\/DSC00092.jpg \/><\/a><br \/>\n^ Abfahrt 59 an der EUB<\/p>\n<p><a href='http:\/\/ski.inmontanis.info\/d\/294113-2\/DSC00093.jpg'><img src=http:\/\/ski.inmontanis.info\/d\/294112-3\/DSC00093.jpg \/><\/a><br \/>\n^ EUB Talstation<\/p>\n<p><a href='http:\/\/ski.inmontanis.info\/d\/294117-2\/DSC00096.jpg'><img src=http:\/\/ski.inmontanis.info\/d\/294116-3\/DSC00096.jpg \/><\/a><br \/>\n^ Offpiste an EUB\/PB, hier stand mal eine DSB<\/p>\n<p><a href='http:\/\/ski.inmontanis.info\/d\/294121-2\/DSC00099.jpg'><img src=http:\/\/ski.inmontanis.info\/d\/294120-3\/DSC00099.jpg \/><\/a><br \/>\n^ Abfahrt 59 an der EUB<\/p>\n<p><a href='http:\/\/ski.inmontanis.info\/d\/294125-2\/DSC00102.jpg'><img src=http:\/\/ski.inmontanis.info\/d\/294124-3\/DSC00102.jpg \/><\/a><br \/>\n^ Das ist also eine 11EUB<\/p>\n<p><a href='http:\/\/ski.inmontanis.info\/d\/294129-2\/DSC00105.jpg'><img src=http:\/\/ski.inmontanis.info\/d\/294128-3\/DSC00105.jpg \/><\/a><br \/>\n^ 2&#215;4 sitzend und 3 stehend dazwischen, breit genug w\u00e4r sie. Alternativ Sitze hochklappen zur vollen Belegung. Hab aber tats\u00e4chlich welche sitzen+stehen sehen die Tage.<\/p>\n<p><a href='http:\/\/ski.inmontanis.info\/d\/294133-2\/DSC00106.jpg'><img src=http:\/\/ski.inmontanis.info\/d\/294132-3\/DSC00106.jpg \/><\/a><br \/>\n^ Start Abfahrt 80\/81<\/p>\n<p><a href='http:\/\/ski.inmontanis.info\/d\/294137-2\/DSC00107.jpg'><img src=http:\/\/ski.inmontanis.info\/d\/294136-3\/DSC00107.jpg \/><\/a><br \/>\n^ Verkrustet<\/p>\n<p><a href='http:\/\/ski.inmontanis.info\/d\/294141-2\/DSC00108.jpg'><img src=http:\/\/ski.inmontanis.info\/d\/294140-3\/DSC00108.jpg \/><\/a><br \/>\n^ EUB-Bergstation<\/p>\n<p><a href='http:\/\/ski.inmontanis.info\/d\/294145-2\/DSC00112.jpg'><img src=http:\/\/ski.inmontanis.info\/d\/294144-3\/DSC00112.jpg \/><\/a><br \/>\n^ PB-Bergstation<\/p>\n<p><a href='http:\/\/ski.inmontanis.info\/d\/294149-2\/DSC00113.jpg'><img src=http:\/\/ski.inmontanis.info\/d\/294148-3\/DSC00113.jpg \/><\/a><br \/>\n^ PB-St\u00fctze<\/p>\n<p><a href='http:\/\/ski.inmontanis.info\/d\/294153-2\/DSC00114.jpg'><img src=http:\/\/ski.inmontanis.info\/d\/294152-3\/DSC00114.jpg \/><\/a><br \/>\n^ Ungef\u00e4hr Abfahrt 80, war offiziel gesperrt<\/p>\n<p><a href='http:\/\/ski.inmontanis.info\/d\/294157-2\/DSC00115.jpg'><img src=http:\/\/ski.inmontanis.info\/d\/294156-3\/DSC00115.jpg \/><\/a><br \/>\n^ H\u00e4nge an der PB\/EUB<\/p>\n<p><a href='http:\/\/ski.inmontanis.info\/d\/294161-2\/DSC00117.jpg'><img src=http:\/\/ski.inmontanis.info\/d\/294160-3\/DSC00117.jpg \/><\/a><br \/>\n^ Abfahrt 81, rechts der kleinere S\u00fcdost-Graben<\/p>\n<p><a href='http:\/\/ski.inmontanis.info\/d\/294165-2\/DSC00119.jpg'><img src=http:\/\/ski.inmontanis.info\/d\/294164-3\/DSC00119.jpg \/><\/a><br \/>\n^ PB-St\u00fctze<\/p>\n<p><a href='http:\/\/ski.inmontanis.info\/d\/294169-2\/DSC00123.jpg'><img src=http:\/\/ski.inmontanis.info\/d\/294168-3\/DSC00123.jpg \/><\/a><br \/>\n^ Querung von der EUB-Bergstation nach Osten<\/p>\n<p><a href='http:\/\/ski.inmontanis.info\/d\/294173-2\/DSC00129.jpg'><img src=http:\/\/ski.inmontanis.info\/d\/294172-3\/DSC00129.jpg \/><\/a><br \/>\n^ Man kann hier weit raus queren, sieht irgendwann einen See<\/p>\n<p><a href='http:\/\/ski.inmontanis.info\/d\/294177-2\/DSC00130.jpg'><img src=http:\/\/ski.inmontanis.info\/d\/294176-3\/DSC00130.jpg \/><\/a><br \/>\n^ .. und irgendwann wird der Schnee auch halbwegs fahrbar. Nun geht es runter und nach rechts in den gr\u00f6\u00dferen S\u00fcd-Graben<\/p>\n<p><a href='http:\/\/ski.inmontanis.info\/d\/294181-2\/DSC00132.jpg'><img src=http:\/\/ski.inmontanis.info\/d\/294180-3\/DSC00132.jpg \/><\/a><br \/>\n^ Manche queren weniger<\/p>\n<p><a href='http:\/\/ski.inmontanis.info\/d\/294185-2\/DSC00135.jpg'><img src=http:\/\/ski.inmontanis.info\/d\/294184-3\/DSC00135.jpg \/><\/a><br \/>\n^ Links und rechts von mir die beiden Haupteinfahrten in den gr\u00f6\u00dferen S\u00fcd-Graben, dahinter vor der PB-St\u00fctze dann der kleinere S\u00fcdost-Graben<\/p>\n<p><a href='http:\/\/ski.inmontanis.info\/d\/294189-2\/DSC00136.jpg'><img src=http:\/\/ski.inmontanis.info\/d\/294188-3\/DSC00136.jpg \/><\/a><br \/>\n^ Offpiste-Bereiche von oben her<\/p>\n<p><a href='http:\/\/ski.inmontanis.info\/d\/294193-2\/DSC00138.jpg'><img src=http:\/\/ski.inmontanis.info\/d\/294192-3\/DSC00138.jpg \/><\/a><br \/>\n^ Gibt noch mehrere M\u00f6glichkeiten, um in den Graben einzufahren<\/p>\n<p><a href='http:\/\/ski.inmontanis.info\/d\/294197-2\/DSC00139.jpg'><img src=http:\/\/ski.inmontanis.info\/d\/294196-3\/DSC00139.jpg \/><\/a><br \/>\n^ Im gr\u00f6\u00dferen S\u00fcd-Graben, Schnee war nachmittags somit recht firnig\/sulzig<\/p>\n<p><a href='http:\/\/ski.inmontanis.info\/d\/294201-2\/DSC00141.jpg'><img src=http:\/\/ski.inmontanis.info\/d\/294200-3\/DSC00141.jpg \/><\/a><br \/>\n^ Im gr\u00f6\u00dferen S\u00fcd-Graben<\/p>\n<p><a href='http:\/\/ski.inmontanis.info\/d\/294205-2\/DSC00143.jpg'><img src=http:\/\/ski.inmontanis.info\/d\/294204-3\/DSC00143.jpg \/><\/a><br \/>\n^ Im gr\u00f6\u00dferen S\u00fcd-Graben<\/p>\n<p><a href='http:\/\/ski.inmontanis.info\/d\/294209-2\/DSC00144.jpg'><img src=http:\/\/ski.inmontanis.info\/d\/294208-3\/DSC00144.jpg \/><\/a><br \/>\n^ Im gr\u00f6\u00dferen S\u00fcd-Graben, links zu sehen die 4SB<\/p>\n<p><a href='http:\/\/ski.inmontanis.info\/d\/294213-2\/DSC00145.jpg'><img src=http:\/\/ski.inmontanis.info\/d\/294212-3\/DSC00145.jpg \/><\/a><br \/>\n^ S\u00fcd-Graben, bevor er sich mit dem S\u00fcdost-Graben vereint<\/p>\n<p><a href='http:\/\/ski.inmontanis.info\/d\/294217-2\/DSC00146.jpg'><img src=http:\/\/ski.inmontanis.info\/d\/294216-3\/DSC00146.jpg \/><\/a><br \/>\n^ S\u00fcd-Graben<\/p>\n<p><a href='http:\/\/ski.inmontanis.info\/d\/294221-2\/DSC00148.jpg'><img src=http:\/\/ski.inmontanis.info\/d\/294220-3\/DSC00148.jpg \/><\/a><br \/>\n^ Der untere Teil des Grabens war kurz vor 16 Uhr nicht mehr so angenehm zu fahren, da er nun weniger Sonne abbgekommt<\/p>\n<p><a href='http:\/\/ski.inmontanis.info\/d\/294225-2\/DSC00151.jpg'><img src=http:\/\/ski.inmontanis.info\/d\/294224-3\/DSC00151.jpg \/><\/a><br \/>\n^ Zum Gipfel geht ein pr\u00e4parierter Weg, aber weite Strecke und f\u00fcr mich nicht lohnenswertes Fernsichtwetter<\/p>\n<p><a href='http:\/\/ski.inmontanis.info\/d\/294229-2\/DSC00152.jpg'><img src=http:\/\/ski.inmontanis.info\/d\/294228-3\/DSC00152.jpg \/><\/a><br \/>\n^ \u00d6vre Tv\u00e4r\u00e5valsliften<\/p>\n<p><a href='http:\/\/ski.inmontanis.info\/d\/294233-2\/DSC00155.jpg'><img src=http:\/\/ski.inmontanis.info\/d\/294232-3\/DSC00155.jpg \/><\/a><br \/>\n^ Links R\u00f6dkulleliften, rechts Ull\u00e5dalsliften<\/p>\n<p>Am Thai-Take-Away-Wagen neben dem Supermarkt \u00f6stlich von \u00c5re probierte ich es nochmals mit H\u00fchnchenspie\u00dfe mit Erdnussso\u00dfe um ca. 10,- \u20ac und bar zahlen m\u00fcssen, jetzt muss ich mal wieder Geld abheben, was ja leider immer recht teuer ist.<\/p>\n<p>Im Gegensatz zu manch anderen Gerichten hatte das hier kein &#8220;*\/***&#8221; am Ende stehen, also nahm ich an, dass es nicht so scharf war &#8230;  Die Sauce w\u00e4re geschmacklich auch gut gewesen aber.. so verdammt scharf, noch sch\u00e4rfer als die Hot BBQ Wings gestern. Ich a\u00df nur die halbe Sauce und \u00fcberlegte, sie zu verd\u00fcnnen und morgen zu Nudeln zu machen. Kaufte vorsichtshalber noch eine Trockensaucenportion Carbonara, die man mit Milch anr\u00fchren muss.<\/p>\n<p><a href='http:\/\/extra.inmontanis.info\/d\/62357-3\/DSC00156.jpg'><img src=http:\/\/extra.inmontanis.info\/d\/62356-4\/DSC00156.jpg \/><\/a><br \/>\n^ H\u00fchnchenspie\u00dfe mit Erdnusssauce vom Thai-Take-Away<\/p>\n<p>Als ich nach 19 Uhr am Ulladalen-SL war, sah ich, dass der in Betrieb war. Na sowas. Also wieder einen Parkplatz darunter gestellt. Den Tischaufbau konnte ich mir heute also sparen, da ich ja nix mehr kochen m\u00fcsste. Und morgen werd ich nur zwischen den Parkpl\u00e4tzen oben pendeln, da ich keinen Supermarkt brauch.<\/p>\n","protected":false},"excerpt":{"rendered":"<p>26.4.2021 &#8211; \u00c5re Teil 3: endlich den oberen Teil erkunden<\/p>\n<p>Morgens hie\u00df es, der Wind h\u00e4tte nachgelassen und die Gipfellifte sind nun endlich wieder in Betrieb. Juhuuu.<\/p>\n<p>Am Parkplatz standen noch zwei andere \u00dcbernachtungsg\u00e4ste, ein Pick-Up mit einem Wohnmobil-Aufsatz und ein Caddy mit 2 Bewohnern, die diesen komischen klassischen Campingeinbau haben, wo man dann die <a href=\"http:\/\/blog.inmontanis.info\/?p=6762\">[&#8230;]<\/a><\/p>\n","protected":false},"author":1,"featured_media":0,"comment_status":"closed","ping_status":"closed","sticky":false,"template":"","format":"standard","meta":{"footnotes":""},"categories":[184,696,19,27],"tags":[53,52,45,47],"class_list":["post-6762","post","type-post","status-publish","format-standard","hentry","category-2021-01-skandinavien","category-are","category-schwedensweden","category-skifahren-winterskiing-winter","tag-8eub","tag-pb","tag-see","tag-sl","odd"],"_links":{"self":[{"href":"http:\/\/blog.inmontanis.info\/index.php?rest_route=\/wp\/v2\/posts\/6762","targetHints":{"allow":["GET"]}}],"collection":[{"href":"http:\/\/blog.inmontanis.info\/index.php?rest_route=\/wp\/v2\/posts"}],"about":[{"href":"http:\/\/blog.inmontanis.info\/index.php?rest_route=\/wp\/v2\/types\/post"}],"author":[{"embeddable":true,"href":"http:\/\/blog.inmontanis.info\/index.php?rest_route=\/wp\/v2\/users\/1"}],"replies":[{"embeddable":true,"href":"http:\/\/blog.inmontanis.info\/index.php?rest_route=%2Fwp%2Fv2%2Fcomments&post=6762"}],"version-history":[{"count":5,"href":"http:\/\/blog.inmontanis.info\/index.php?rest_route=\/wp\/v2\/posts\/6762\/revisions"}],"predecessor-version":[{"id":6771,"href":"http:\/\/blog.inmontanis.info\/index.php?rest_route=\/wp\/v2\/posts\/6762\/revisions\/6771"}],"wp:attachment":[{"href":"http:\/\/blog.inmontanis.info\/index.php?rest_route=%2Fwp%2Fv2%2Fmedia&parent=6762"}],"wp:term":[{"taxonomy":"category","embeddable":true,"href":"http:\/\/blog.inmontanis.info\/index.php?rest_route=%2Fwp%2Fv2%2Fcategories&post=6762"},{"taxonomy":"post_tag","embeddable":true,"href":"http:\/\/blog.inmontanis.info\/index.php?rest_route=%2Fwp%2Fv2%2Ftags&post=6762"}],"curies":[{"name":"wp","href":"https:\/\/api.w.org\/{rel}","templated":true}]}}