{"id":6758,"date":"2021-04-25T07:13:17","date_gmt":"2021-04-25T05:13:17","guid":{"rendered":"http:\/\/blog.inmontanis.info\/?p=6758"},"modified":"2023-08-05T13:04:47","modified_gmt":"2023-08-05T11:04:47","slug":"gruvbacken-25-4-2021","status":"publish","type":"post","link":"http:\/\/blog.inmontanis.info\/?p=6758","title":{"rendered":"Gruvbacken, 25.4.2021"},"content":{"rendered":"<p><strong>25.4.2021<\/strong><\/p>\n<p>Zus\u00e4tzlich zu Eds\u00e5sdalen macht nun auch Gruvbacken nochmals dieses WE auf. Dorthin k\u00f6nnte man ja vom Gipfel in \u00c5re aus abfahren und k\u00f6nnte sich mit dem Schneemobil (gegen Entgelt, ca. 25 \u20ac) wieder ins Skigebiet \u00c5re bringen lassen. F\u00fcr den KSSL muss man nat\u00fcrlich extra zahlen. Da g\u00e4be es dann einige Fragezeichen &#8211; wenn man am Gruvbacken startet und nachmittags runter fahren will, wer wei\u00df, ob die Gipfellifte noch laufen wegen Wind? Umgekehrt, wenn man morgens von \u00c5re aus hinten runterf\u00e4hrt, einige Stunden am KSSL verbringt und sich dann raufbringen lassen will &#8211; muss auch erst mal der Stendals-SL noch laufen. Au\u00dferdem ist das schon sehr teuer und sehr weit und ein bisschen fraglich, ob das so lohnenswert w\u00e4re..<\/p>\n<p>Liftstatus \u00c5re 9:30?  Die oberen Lifte wegen Wind geschlossen, zum 4. Tag w\u00e4hrend meiner Anwesenheit. Damit h\u00e4tte sich diese \u00dcberlegung eh erledigt.<\/p>\n<p>Morgens hatte ich etwas Zeit, da der KSSL in Hus\u00e5\/Gruvbacken erst um 10 Uhr in Betrieb gehen soll, daher in J\u00e4rpen einen Tankstellenshop (Hotdog) und einen ICA-Supermarkt besucht.<\/p>\n<p>H\u00e4tte ja ncht gedacht, dass ich hier \u00fcberhaupt heuer noch fahren d\u00fcrfte, als ich mich zu Ostern entschied, die Route anderesrum zu machen. Und wer wei\u00df, evtl. der letzte Betriebstag des KSSL oder des Skigebiets generell, denn es steht zum Verkauf.<\/p>\n<p>Ich entschied mich f\u00fcr die Halbtageskarte (ca. 18,- statt ca. 23,- \u20ac), war aber doch alles besser als gedacht und h\u00e4tte auch den ganzen Tag bleiben k\u00f6nnen, das Skigebiet hat mir auch sehr gefallen, der KSSL, die 2 steilen altmodischen Abfahrten links und rechts, die Waldvarianten mit Pulverschnee, der schon teils aufgetaute See&#8230;<\/p>\n<p><a href='http:\/\/ski.inmontanis.info\/d\/293823-2\/DSC09907.jpg'><img src=http:\/\/ski.inmontanis.info\/d\/293821-3\/DSC09907.jpg \/><\/a><br \/>\n^ Parkplatz und KSSL<\/p>\n<p><a href='http:\/\/ski.inmontanis.info\/d\/293827-2\/DSC09909.jpg'><img src=http:\/\/ski.inmontanis.info\/d\/293826-3\/DSC09909.jpg \/><\/a><br \/>\n^ Pistenplan<\/p>\n<p><a href='http:\/\/ski.inmontanis.info\/d\/293831-2\/DSC09910.jpg'><img src=http:\/\/ski.inmontanis.info\/d\/293830-3\/DSC09910.jpg \/><\/a><br \/>\n^ Talstation KSSL, der alte Skidata-Leser ist allerdings nicht in Verwendung und blockiert nur die Zufahrt<\/p>\n<p><a href='http:\/\/ski.inmontanis.info\/d\/293835-2\/DSC09911.jpg'><img src=http:\/\/ski.inmontanis.info\/d\/293834-3\/DSC09911.jpg \/><\/a><br \/>\n^ Abfahrten<\/p>\n<p><a href='http:\/\/ski.inmontanis.info\/d\/293839-2\/DSC09912.jpg'><img src=http:\/\/ski.inmontanis.info\/d\/293838-3\/DSC09912.jpg \/><\/a><br \/>\n^ KSSL mittlerer Teil<\/p>\n<p><a href='http:\/\/ski.inmontanis.info\/d\/293843-2\/DSC09914.jpg'><img src=http:\/\/ski.inmontanis.info\/d\/293842-3\/DSC09914.jpg \/><\/a><br \/>\n^ KSSL Bergstation<\/p>\n<p><a href='http:\/\/ski.inmontanis.info\/d\/293847-2\/DSC09915.jpg'><img src=http:\/\/ski.inmontanis.info\/d\/293846-3\/DSC09915.jpg \/><\/a><br \/>\n^ Abfahrten und Seeblick<\/p>\n<p><a href='http:\/\/ski.inmontanis.info\/d\/293851-2\/DSC09917.jpg'><img src=http:\/\/ski.inmontanis.info\/d\/293850-3\/DSC09917.jpg \/><\/a><br \/>\n^ Steilere Abfahrt 6-7 direkt rechts vom KSSL<\/p>\n<p><a href='http:\/\/ski.inmontanis.info\/d\/293855-2\/DSC09918.jpg'><img src=http:\/\/ski.inmontanis.info\/d\/293854-3\/DSC09918.jpg \/><\/a><br \/>\n^ Abfahrt 7 direkt rechts am KSSL<\/p>\n<p><a href='http:\/\/ski.inmontanis.info\/d\/293859-2\/DSC09919.jpg'><img src=http:\/\/ski.inmontanis.info\/d\/293858-3\/DSC09919.jpg \/><\/a><br \/>\n^ Abfahrt 7 direkt rechts am KSSL<\/p>\n<p><a href='http:\/\/ski.inmontanis.info\/d\/293863-2\/DSC09921.jpg'><img src=http:\/\/ski.inmontanis.info\/d\/293862-3\/DSC09921.jpg \/><\/a><br \/>\n^ Abfahrt 7-8<\/p>\n<p><a href='http:\/\/ski.inmontanis.info\/d\/293867-2\/DSC09923.jpg'><img src=http:\/\/ski.inmontanis.info\/d\/293866-3\/DSC09923.jpg \/><\/a><br \/>\n^ KSSL Bergstation<\/p>\n<p><a href='http:\/\/ski.inmontanis.info\/d\/293871-2\/DSC09925.jpg'><img src=http:\/\/ski.inmontanis.info\/d\/293870-3\/DSC09925.jpg \/><\/a><br \/>\n^ Abfahrt 9-10-11<\/p>\n<p><a href='http:\/\/ski.inmontanis.info\/d\/293875-2\/DSC09927.jpg'><img src=http:\/\/ski.inmontanis.info\/d\/293874-3\/DSC09927.jpg \/><\/a><br \/>\n^ \u00c4u\u00dfere Abfahrt 12<\/p>\n<p><a href='http:\/\/ski.inmontanis.info\/d\/293879-2\/DSC09932.jpg'><img src=http:\/\/ski.inmontanis.info\/d\/293878-3\/DSC09932.jpg \/><\/a><br \/>\n^ Diverse Abfahrten<\/p>\n<p><a href='http:\/\/ski.inmontanis.info\/d\/293883-2\/DSC09933.jpg'><img src=http:\/\/ski.inmontanis.info\/d\/293882-3\/DSC09933.jpg \/><\/a><br \/>\n^ Diverse Abfahrten<\/p>\n<p><a href='http:\/\/ski.inmontanis.info\/d\/293887-2\/DSC09934.jpg'><img src=http:\/\/ski.inmontanis.info\/d\/293886-3\/DSC09934.jpg \/><\/a><br \/>\n^ Seeblick<\/p>\n<p><a href='http:\/\/ski.inmontanis.info\/d\/293891-2\/DSC09936.jpg'><img src=http:\/\/ski.inmontanis.info\/d\/293890-3\/DSC09936.jpg \/><\/a><br \/>\n^ Abfahrt 10 im obersten St\u00fcck<\/p>\n<p><a href='http:\/\/ski.inmontanis.info\/d\/293895-2\/DSC09937.jpg'><img src=http:\/\/ski.inmontanis.info\/d\/293894-3\/DSC09937.jpg \/><\/a><br \/>\n^ Abfahrt 9-10-11<\/p>\n<p><a href='http:\/\/ski.inmontanis.info\/d\/293899-2\/DSC09941.jpg'><img src=http:\/\/ski.inmontanis.info\/d\/293898-3\/DSC09941.jpg \/><\/a><br \/>\n^ Skigebiet steht zum Verkauf<\/p>\n<p><a href='http:\/\/ski.inmontanis.info\/d\/293903-2\/DSC09942.jpg'><img src=http:\/\/ski.inmontanis.info\/d\/293902-3\/DSC09942.jpg \/><\/a><br \/>\n^ Linke Abfahrt 3, war heut meine Lieblingsabfahrt, steiler, schm\u00e4ler, unmodellierter, altmodisch trassiert, ..<\/p>\n<p><a href='http:\/\/ski.inmontanis.info\/d\/293907-2\/DSC09943.jpg'><img src=http:\/\/ski.inmontanis.info\/d\/293906-3\/DSC09943.jpg \/><\/a><br \/>\n^ Linke Abfahrt 3<\/p>\n<p><a href='http:\/\/ski.inmontanis.info\/d\/293911-2\/DSC09944.jpg'><img src=http:\/\/ski.inmontanis.info\/d\/293910-3\/DSC09944.jpg \/><\/a><br \/>\n^ Linke Abfahrt 3<\/p>\n<p><a href='http:\/\/ski.inmontanis.info\/d\/293915-2\/DSC09945.jpg'><img src=http:\/\/ski.inmontanis.info\/d\/293914-3\/DSC09945.jpg \/><\/a><br \/>\n^ Linke Abfahrt 3<\/p>\n<p><a href='http:\/\/ski.inmontanis.info\/d\/293919-2\/DSC09946.jpg'><img src=http:\/\/ski.inmontanis.info\/d\/293918-3\/DSC09946.jpg \/><\/a><br \/>\n^ Linke Abfahrt 3<\/p>\n<p><a href='http:\/\/ski.inmontanis.info\/d\/293923-2\/DSC09947.jpg'><img src=http:\/\/ski.inmontanis.info\/d\/293922-3\/DSC09947.jpg \/><\/a><br \/>\n^ Linke Abfahrt 3<\/p>\n<p><a href='http:\/\/ski.inmontanis.info\/d\/293927-2\/DSC09948.jpg'><img src=http:\/\/ski.inmontanis.info\/d\/293926-3\/DSC09948.jpg \/><\/a><br \/>\n^ Abfahrt 2<\/p>\n<p><a href='http:\/\/ski.inmontanis.info\/d\/293931-2\/DSC09952.jpg'><img src=http:\/\/ski.inmontanis.info\/d\/293930-3\/DSC09952.jpg \/><\/a><br \/>\n^ im Wald<\/p>\n<p><a href='http:\/\/ski.inmontanis.info\/d\/293935-2\/DSC09953.jpg'><img src=http:\/\/ski.inmontanis.info\/d\/293934-3\/DSC09953.jpg \/><\/a><br \/>\n^ Offpiste gings hier auch sehr gut<\/p>\n<p><a href='http:\/\/ski.inmontanis.info\/d\/293939-2\/DSC09955.jpg'><img src=http:\/\/ski.inmontanis.info\/d\/293938-3\/DSC09955.jpg \/><\/a><br \/>\n^ Im Wald<\/p>\n<p><a href='http:\/\/ski.inmontanis.info\/d\/293947-2\/DSC09963.jpg'><img src=http:\/\/ski.inmontanis.info\/d\/293946-3\/DSC09963.jpg \/><\/a><br \/>\n^ Die beiden neueren Spuren links waren von mir<\/p>\n<p><a href='http:\/\/ski.inmontanis.info\/d\/293951-2\/DSC09966.jpg'><img src=http:\/\/ski.inmontanis.info\/d\/293950-3\/DSC09966.jpg \/><\/a><br \/>\n^ Nicht im Plan kann man die Abfahrt 3 noch verl\u00e4ngern um diesen Steilhang<\/p>\n<p><a href='http:\/\/ski.inmontanis.info\/d\/293943-2\/DSC09957.jpg'><img src=http:\/\/ski.inmontanis.info\/d\/293942-3\/DSC09957.jpg \/><\/a><br \/>\n^ Nicht im Plan kann man die Abfahrt 3 noch verl\u00e4ngern um diesen Steilhang ***<\/p>\n<p>***) selber Hang bei der zweiten Befahrung fotografiert, bevor es wieder hei\u00dft, es schaut auf meinen Bildern doch immer so flach aus, das ist nur eine Frage der Perspektive:<\/p>\n<p><a href='http:\/\/ski.inmontanis.info\/d\/293955-2\/DSC09968.jpg'><img src=http:\/\/ski.inmontanis.info\/d\/293954-3\/DSC09968.jpg \/><\/a><\/p>\n<p><a href='http:\/\/ski.inmontanis.info\/d\/293959-2\/DSC09972.jpg'><img src=http:\/\/ski.inmontanis.info\/d\/293958-3\/DSC09972.jpg \/><\/a><br \/>\n^ Halbtageskarte<\/p>\n<p><a href='http:\/\/ski.inmontanis.info\/d\/293963-2\/DSC09973.jpg'><img src=http:\/\/ski.inmontanis.info\/d\/293962-3\/DSC09973.jpg \/><\/a><br \/>\n^ Blick ins Skigebiet von der Stra\u00dfe aus<\/p>\n<p><a href='http:\/\/ski.inmontanis.info\/d\/293967-2\/ge20210425a.jpg'><img src=http:\/\/ski.inmontanis.info\/d\/293966-3\/ge20210425a.jpg \/><\/a><br \/>\n^ GPS-Track<\/p>\n<p><a href='http:\/\/ski.inmontanis.info\/d\/293971-2\/ge20210425b.jpg'><img src=http:\/\/ski.inmontanis.info\/d\/293970-3\/ge20210425b.jpg \/><\/a><br \/>\n^ links unten Husa\/Gruvbacken, mittig Are (von wo es irgendwie eine Abfahrt nach Husa\/Gruvbacken gibt) und oben Edsasdalen<\/p>\n<p>Nachmittags fuhr ich noch etwas nach \u00c5re, die Wochenkarte ausn\u00fctzen, was kamen mir die SL da langsam vor im Vergleich zum KSSL heute Vormittag! War aber leider nicht so sch\u00f6n weich aufgesulzt wie am Donnerstag\/Freitag,  eher hart aufgesulzt oder noch eisiger und im oberen unteren Bereich teilweise abgeweht. Keine lohnenswerten Fotos davon gemacht.<\/p>\n<p><a href='http:\/\/extra.inmontanis.info\/d\/62341-2\/DSC09974.jpg'><img src=http:\/\/extra.inmontanis.info\/d\/62340-3\/DSC09974.jpg \/><\/a><br \/>\n^ Zufahrt nach Husa nur auf Naturstra\u00dfen<\/p>\n<p><a href='http:\/\/extra.inmontanis.info\/d\/62345-2\/DSC09977.jpg'><img src=http:\/\/extra.inmontanis.info\/d\/62344-3\/DSC09977.jpg \/><\/a><br \/>\n^ Zwischen Husa und Are<\/p>\n<p><a href='http:\/\/ski.inmontanis.info\/d\/294021-2\/DSC09982.jpg'><img src=http:\/\/ski.inmontanis.info\/d\/294020-3\/DSC09982.jpg \/><\/a><br \/>\n^ Den Kurven-KSSL in Are\/Bj\u00f6rnen gibts auch noch, hat aber schon Saisonschluss<\/p>\n<p>Abends sah ich mir noch das zum Skipass geh\u00f6rende Nachbarskigebiet Duved-Tegefj\u00e4ll an, das ja schon zu hat.<\/p>\n<p><a href='http:\/\/ski.inmontanis.info\/d\/293977-2\/DSC09994.jpg'><img src=http:\/\/ski.inmontanis.info\/d\/293975-3\/DSC09994.jpg \/><\/a><br \/>\n^ Zwirbelkurven-SL in Duved<\/p>\n<p><a href='http:\/\/ski.inmontanis.info\/d\/293981-2\/DSC09999.jpg'><img src=http:\/\/ski.inmontanis.info\/d\/293980-3\/DSC09999.jpg \/><\/a><br \/>\n^ Alte DSB<\/p>\n<p><a href='http:\/\/ski.inmontanis.info\/d\/293985-2\/DSC00001.jpg'><img src=http:\/\/ski.inmontanis.info\/d\/293984-3\/DSC00001.jpg \/><\/a><br \/>\n^ Alte DSB<\/p>\n<p><a href='http:\/\/ski.inmontanis.info\/d\/293989-2\/DSC00002.jpg'><img src=http:\/\/ski.inmontanis.info\/d\/293988-3\/DSC00002.jpg \/><\/a><br \/>\n^ Alte DSB<\/p>\n<p><a href='http:\/\/ski.inmontanis.info\/d\/293993-2\/DSC00003.jpg'><img src=http:\/\/ski.inmontanis.info\/d\/293992-3\/DSC00003.jpg \/><\/a><br \/>\n^ Alte DSB Trasse<\/p>\n<p><a href='http:\/\/ski.inmontanis.info\/d\/293997-2\/DSC00004.jpg'><img src=http:\/\/ski.inmontanis.info\/d\/293996-3\/DSC00004.jpg \/><\/a><br \/>\n^ Alte DSB Talstation<\/p>\n<p><a href='http:\/\/ski.inmontanis.info\/d\/294001-2\/DSC00006.jpg'><img src=http:\/\/ski.inmontanis.info\/d\/294000-3\/DSC00006.jpg \/><\/a><br \/>\n^ Alte DSB Talstation<\/p>\n<p><a href='http:\/\/ski.inmontanis.info\/d\/294005-2\/DSC00008.jpg'><img src=http:\/\/ski.inmontanis.info\/d\/294004-3\/DSC00008.jpg \/><\/a><br \/>\n^ Alte DSB Talstation<\/p>\n<p><a href='http:\/\/ski.inmontanis.info\/d\/294009-2\/DSC00009.jpg'><img src=http:\/\/ski.inmontanis.info\/d\/294008-3\/DSC00009.jpg \/><\/a><br \/>\n^ KSB statt DSB<\/p>\n<p><a href='http:\/\/ski.inmontanis.info\/d\/294013-2\/DSC00010.jpg'><img src=http:\/\/ski.inmontanis.info\/d\/294012-3\/DSC00010.jpg \/><\/a><br \/>\n^ Alte DSB<\/p>\n<p><a href='http:\/\/ski.inmontanis.info\/d\/294017-2\/DSC00016.jpg'><img src=http:\/\/ski.inmontanis.info\/d\/294016-3\/DSC00016.jpg \/><\/a><br \/>\n^ Tegefj\u00e4ll<\/p>\n<p><a href='http:\/\/ski.inmontanis.info\/d\/294025-2\/DSC00019.jpg'><img src=http:\/\/ski.inmontanis.info\/d\/294024-3\/DSC00019.jpg \/><\/a><br \/>\n^ Are<\/p>\n<p><a href='http:\/\/extra.inmontanis.info\/d\/62349-2\/DSC00020.jpg'><img src=http:\/\/extra.inmontanis.info\/d\/62348-3\/DSC00020.jpg \/><\/a><br \/>\n^ Ja, da steht Hot BBQ drauf, es war leider viel zu scharf mariniert f\u00fcr mich. Die Sauce ging glaub ich. Mit ca. 5,60 \u20ac auch etwas teurer, war aber auch bisschen viel ..<\/p>\n<p>Seit einigen Tagen wollte ich mal probieren, den Abend vorm Computer anders zu verbringen und heute f\u00fchrte ich das aus, indem ich nach dem Essen den Tisch wieder unter das Bett packte und mit ausgestreckten Beinen auf dem Bett sa\u00df, mit Computer und Tastatur auf dem Scho\u00df. Dadurch sind die Beine sch\u00f6n warm in der Decke anstatt im kalten Fu\u00dfbodenbereich. Hat schon auch seine Vorteile so. Nachteil allerdings, dass ich z.B. nicht an den SD-Kartenslot (f\u00fcr die Cam-Karten oder die SD-Karte mit den Filmen\/Serien) oder den USB-Ports komme. Und unter der Decke und unterm Monitorpolster\/Tastatur sehr warm, eher nix f\u00fcr den Sommer. Nat\u00fcrlich ist der Fu\u00dfraum rechts von mir offen und die K\u00e4lte zieht hoch -> hab sp\u00e4ter noch den Schlafsack h\u00e4ngemattenm\u00e4\u00dfig dr\u00fcber gespannt, half auch etwas.<\/p>\n<p><a href='http:\/\/extra.inmontanis.info\/d\/62353-2\/DSC00025.jpg'><img src=http:\/\/extra.inmontanis.info\/d\/62352-3\/DSC00025.jpg \/><\/a><br \/>\n^ 3. Variante, um vor dem Computer zu sitzen<\/p>\n<p>\u00dcbernachtet wird wieder oben im Skigebiet von Are. Irgendwann im Laufe des Abends schien der Wind tats\u00e4chlich teilweise schw\u00e4cher zu werden &#8211; vielleicht komm ich morgen ja endlich zum Gipfel?  <\/p>\n","protected":false},"excerpt":{"rendered":"<p>25.4.2021<\/p>\n<p>Zus\u00e4tzlich zu Eds\u00e5sdalen macht nun auch Gruvbacken nochmals dieses WE auf. Dorthin k\u00f6nnte man ja vom Gipfel in \u00c5re aus abfahren und k\u00f6nnte sich mit dem Schneemobil (gegen Entgelt, ca. 25 \u20ac) wieder ins Skigebiet \u00c5re bringen lassen. F\u00fcr den KSSL muss man nat\u00fcrlich extra zahlen. Da g\u00e4be es dann einige Fragezeichen &#8211; wenn <a href=\"http:\/\/blog.inmontanis.info\/?p=6758\">[&#8230;]<\/a><\/p>\n","protected":false},"author":1,"featured_media":0,"comment_status":"closed","ping_status":"closed","sticky":false,"template":"","format":"standard","meta":{"footnotes":""},"categories":[184,669,19,27],"tags":[38,48,45,47],"class_list":["post-6758","post","type-post","status-publish","format-standard","hentry","category-2021-01-skandinavien","category-gruvbacken","category-schwedensweden","category-skifahren-winterskiing-winter","tag-dsb","tag-kssl","tag-see","tag-sl","odd"],"_links":{"self":[{"href":"http:\/\/blog.inmontanis.info\/index.php?rest_route=\/wp\/v2\/posts\/6758","targetHints":{"allow":["GET"]}}],"collection":[{"href":"http:\/\/blog.inmontanis.info\/index.php?rest_route=\/wp\/v2\/posts"}],"about":[{"href":"http:\/\/blog.inmontanis.info\/index.php?rest_route=\/wp\/v2\/types\/post"}],"author":[{"embeddable":true,"href":"http:\/\/blog.inmontanis.info\/index.php?rest_route=\/wp\/v2\/users\/1"}],"replies":[{"embeddable":true,"href":"http:\/\/blog.inmontanis.info\/index.php?rest_route=%2Fwp%2Fv2%2Fcomments&post=6758"}],"version-history":[{"count":2,"href":"http:\/\/blog.inmontanis.info\/index.php?rest_route=\/wp\/v2\/posts\/6758\/revisions"}],"predecessor-version":[{"id":6760,"href":"http:\/\/blog.inmontanis.info\/index.php?rest_route=\/wp\/v2\/posts\/6758\/revisions\/6760"}],"wp:attachment":[{"href":"http:\/\/blog.inmontanis.info\/index.php?rest_route=%2Fwp%2Fv2%2Fmedia&parent=6758"}],"wp:term":[{"taxonomy":"category","embeddable":true,"href":"http:\/\/blog.inmontanis.info\/index.php?rest_route=%2Fwp%2Fv2%2Fcategories&post=6758"},{"taxonomy":"post_tag","embeddable":true,"href":"http:\/\/blog.inmontanis.info\/index.php?rest_route=%2Fwp%2Fv2%2Ftags&post=6758"}],"curies":[{"name":"wp","href":"https:\/\/api.w.org\/{rel}","templated":true}]}}