{"id":6755,"date":"2021-04-24T19:51:32","date_gmt":"2021-04-24T17:51:32","guid":{"rendered":"http:\/\/blog.inmontanis.info\/?p=6755"},"modified":"2023-08-05T13:17:56","modified_gmt":"2023-08-05T11:17:56","slug":"edsasdalen-24-4-2021","status":"publish","type":"post","link":"http:\/\/blog.inmontanis.info\/?p=6755","title":{"rendered":"Eds\u00e5sdalen, 24.4.2021"},"content":{"rendered":"<p><strong>24.4.2021<\/strong><\/p>\n<p>Anstatt sonnig, wie gemeldet, war es morgens mal wieder bedeckt. Jaja. Trotzdem soll&#8217;s morgen Sonntag noch schlechter werden, also ging es heute nach Eds\u00e5sdalen, in der Hoffnung, der Sturm w\u00e4re nicht so stark.<\/p>\n<p>Ab 11 Uhr g\u00e4be es g\u00fcnstigere Skip\u00e4sse in Eds\u00e5sdalen (ca. 30,- \u20ac) &#8211;  und wetter- und schneem\u00e4\u00dfig schien man wohl nichts zu verpassen. Klar, man h\u00e4tte noch in \u00c5re etwas fahren k\u00f6nnen, aber naja .. der obere Bereich war eh wieder wegen Wind geschlossen. <\/p>\n<p>Zuf\u00e4lligerweise war ich heute exakt 3 Monate nach meinem ersten Besuch wieder hier: 24.1. und 24.4. :)<\/p>\n<p>Mittlerweile ist nur noch wochenends offen, und die linken beiden SL sind geschlossen. Aber, was am 24.1. ja noch nicht offen war, l\u00e4uft noch: Der obere Lift, den man nur mittels Schneemobiltransport erreicht. Und deshalb wollte ich hier nochmals hin.<\/p>\n<p>Der Schneemobiltransport ist momentan st\u00fcndlich zwischen 11 und 14 Uhr, wobei man die ca. 3km nur bergw\u00e4rts gezogen wird, talw\u00e4rts muss man selbst fahren und etwas schieben, ging aber. Alternativ kann man auch sitzend hin und retour transportiert werden, das kostet dann aber extra. Ich fuhr also mit dem n\u00e4chsten Transport um 12 Uhr, wo viele raufwollten und somit 2 Schneemobile ziehen mussten, am SL selbst fuhren aber wenig, die meisten gingen wohl in die H\u00fctte.<\/p>\n<p>Schon sehr cool, der SL hier oben, aber heute wenig Sonne und starker Wind und offpiste nur da tauglich, wo der Wind den Schnee hingeweht hatte. Ich fragte den Liftwart, ob es hier immer so windig sei, was er tats\u00e4chlich verneinte (meine Erfahrungen heuer in Schweden oberhalb der Waldgrenze sagen ja was anderes) und er erg\u00e4nzte, dass es letztes WE sonnig und ohne Wind war. Tja, verpasst. Aber sonst w\u00e4r ich nicht nach T\u00e4nn\u00e4skr\u00f6ket gekommen.<\/p>\n<p>Gegen 14:15 war mir der kalte Sturm oben doch zu st\u00f6rend und ich fuhr wieder runter in der Hoffnung, die unteren Pisten w\u00e4ren mittlerweile aufgeweicht &#8211; Pustekuchen, sie waren es nicht. Offpiste im Wald war der Neuschnee aber firnig-weich gut zu fahren und ich blieb bis ca. 16 Uhr.<\/p>\n<p><a href='http:\/\/ski.inmontanis.info\/d\/293665-3\/DSC09821.jpg'><img src=http:\/\/ski.inmontanis.info\/d\/293664-3\/DSC09821.jpg \/><\/a><br \/>\n^ Der \u00dcbungslift w\u00e4re auch in Betrieb, fuhr aber heut wohl so gut wie keiner. Man muss von seinem Ausstieg auch ein St\u00fcck rauf zur Stra\u00dfe gehen und ..<\/p>\n<p><a href='http:\/\/ski.inmontanis.info\/d\/293669-2\/DSC09822.jpg'><img src=http:\/\/ski.inmontanis.info\/d\/293668-3\/DSC09822.jpg \/><\/a><br \/>\n^ .. zum SL Ravinbanan muss man ja auch nochmal aufsteigen. Daher hab auch ich den \u00dcbungslift nicht besucht.<\/p>\n<p><a href='http:\/\/ski.inmontanis.info\/d\/293673-2\/DSC09826.jpg'><img src=http:\/\/ski.inmontanis.info\/d\/293672-3\/DSC09826.jpg \/><\/a><br \/>\n^ SL Ravinbanan, recht kurz, daf\u00fcr sch\u00f6n blaue St\u00fctzen<\/p>\n<p><a href='http:\/\/ski.inmontanis.info\/d\/293677-2\/DSC09828.jpg'><img src=http:\/\/ski.inmontanis.info\/d\/293676-3\/DSC09828.jpg \/><\/a><br \/>\n^ Abfahrt am SL Ravinbanan<\/p>\n<p><a href='http:\/\/ski.inmontanis.info\/d\/293681-2\/DSC09830.jpg'><img src=http:\/\/ski.inmontanis.info\/d\/293680-3\/DSC09830.jpg \/><\/a><br \/>\n^ Hier kann man sich von 11-14 Uhr alle Stunde mit dem Schneemobil zum oberen Renfj\u00e4llsliften ziehen lassen<\/p>\n<p><a href='http:\/\/ski.inmontanis.info\/d\/293685-2\/DSC09833.jpg'><img src=http:\/\/ski.inmontanis.info\/d\/293684-3\/DSC09833.jpg \/><\/a><br \/>\n^ Da zu viele gewartet haben, wurde am 2. Schneemobil (der mit den Sitzen, das kostet aber extra, au\u00dfer wohl f\u00fcr kleine Kinder,  und f\u00e4hrt vom Tal aus) auch ein Schleppseil angeh\u00e4ngt.<\/p>\n<p><a href='http:\/\/ski.inmontanis.info\/d\/293689-2\/DSC09834.jpg'><img src=http:\/\/ski.inmontanis.info\/d\/293688-3\/DSC09834.jpg \/><\/a><br \/>\n^ Nach ca. 3,1km hinter dem Schneemobil kommt man endlich am SL Renfj\u00e4llsliften an<\/p>\n<p><a href='http:\/\/ski.inmontanis.info\/d\/293693-2\/DSC09836.jpg'><img src=http:\/\/ski.inmontanis.info\/d\/293692-3\/DSC09836.jpg \/><\/a><br \/>\n^ SL Renfj\u00e4llsliften, ebenfalls blaue St\u00fctzen, aber noch etwas \u00e4lter (wohl ein Alimak-Lift?)<\/p>\n<p><a href='http:\/\/ski.inmontanis.info\/d\/293697-2\/DSC09840.jpg'><img src=http:\/\/ski.inmontanis.info\/d\/293696-3\/DSC09840.jpg \/><\/a><br \/>\n^ SL Renfj\u00e4llsliften<\/p>\n<p><a href='http:\/\/ski.inmontanis.info\/d\/293701-2\/DSC09841.jpg'><img src=http:\/\/ski.inmontanis.info\/d\/293700-3\/DSC09841.jpg \/><\/a><br \/>\n^ SL Renfj\u00e4llsliften<\/p>\n<p><a href='http:\/\/ski.inmontanis.info\/d\/293705-2\/DSC09842.jpg'><img src=http:\/\/ski.inmontanis.info\/d\/293704-3\/DSC09842.jpg \/><\/a><br \/>\n^ SL Renfj\u00e4llsliften, oberer Teil. Ist \u00fcbrigens der l\u00e4ngste Lift im Skigebiet<\/p>\n<p><a href='http:\/\/ski.inmontanis.info\/d\/293709-2\/DSC09843.jpg'><img src=http:\/\/ski.inmontanis.info\/d\/293708-3\/DSC09843.jpg \/><\/a><br \/>\n^ SL Renfj\u00e4llsliften, mit Totpunktausstieg<\/p>\n<p><a href='http:\/\/ski.inmontanis.info\/d\/293713-2\/DSC09844.jpg'><img src=http:\/\/ski.inmontanis.info\/d\/293712-3\/DSC09844.jpg \/><\/a><br \/>\n^ SL Renfj\u00e4llsliften Bergstation<\/p>\n<p><a href='http:\/\/ski.inmontanis.info\/d\/293717-2\/DSC09847.jpg'><img src=http:\/\/ski.inmontanis.info\/d\/293716-3\/DSC09847.jpg \/><\/a><br \/>\n^ Die \u00e4u\u00dfere linke Abfahrt am SL Renfj\u00e4llsliften<\/p>\n<p><a href='http:\/\/ski.inmontanis.info\/d\/293721-2\/DSC09851.jpg'><img src=http:\/\/ski.inmontanis.info\/d\/293720-3\/DSC09851.jpg \/><\/a><br \/>\n^ Die innere linke Abfahrt am SL Renfj\u00e4llsliften<\/p>\n<p><a href='http:\/\/ski.inmontanis.info\/d\/293725-2\/DSC09852.jpg'><img src=http:\/\/ski.inmontanis.info\/d\/293724-3\/DSC09852.jpg \/><\/a><br \/>\n^ SL Renfj\u00e4llsliften<\/p>\n<p><a href='http:\/\/ski.inmontanis.info\/d\/293729-2\/DSC09854.jpg'><img src=http:\/\/ski.inmontanis.info\/d\/293728-3\/DSC09854.jpg \/><\/a><br \/>\n^ SL Renfj\u00e4llsliften, offpiste rechts<\/p>\n<p><a href='http:\/\/ski.inmontanis.info\/d\/293733-2\/DSC09855.jpg'><img src=http:\/\/ski.inmontanis.info\/d\/293732-3\/DSC09855.jpg \/><\/a><br \/>\n^ SL Renfj\u00e4llsliften, offpiste rechts, teilweise war der Schnee brauchbar<\/p>\n<p><a href='http:\/\/ski.inmontanis.info\/d\/293737-2\/DSC09857.jpg'><img src=http:\/\/ski.inmontanis.info\/d\/293736-3\/DSC09857.jpg \/><\/a><br \/>\n^ Die \u00e4u\u00dfere linke Abfahrt am SL Renfj\u00e4llsliften<\/p>\n<p><a href='http:\/\/ski.inmontanis.info\/d\/293741-2\/DSC09858.jpg'><img src=http:\/\/ski.inmontanis.info\/d\/293740-3\/DSC09858.jpg \/><\/a><br \/>\n^ Offpiste etwas weiter links; wenn man sich auskennen w\u00fcrde, k\u00f6nnte man vmtl. von hier oder weiter links dann auch weiter runter (zur\u00fcck zu den unteren Liften) fahren<\/p>\n<p><a href='http:\/\/ski.inmontanis.info\/d\/293745-2\/DSC09861.jpg'><img src=http:\/\/ski.inmontanis.info\/d\/293744-3\/DSC09861.jpg \/><\/a><br \/>\n^ SL Renfj\u00e4llsliften, sch\u00f6n hier.<\/p>\n<p><a href='http:\/\/ski.inmontanis.info\/d\/293749-2\/DSC09864.jpg'><img src=http:\/\/ski.inmontanis.info\/d\/293748-3\/DSC09864.jpg \/><\/a><br \/>\n^ Offpiste am SL Renfj\u00e4llsliften<\/p>\n<p><a href='http:\/\/ski.inmontanis.info\/d\/293753-2\/DSC09866.jpg'><img src=http:\/\/ski.inmontanis.info\/d\/293752-3\/DSC09866.jpg \/><\/a><br \/>\n^ Offpiste am SL Renfj\u00e4llsliften<\/p>\n<p><a href='http:\/\/ski.inmontanis.info\/d\/293757-2\/DSC09869.jpg'><img src=http:\/\/ski.inmontanis.info\/d\/293756-3\/DSC09869.jpg \/><\/a><br \/>\n^ Offpiste rechts am SL Renfj\u00e4llsliften<\/p>\n<p><a href='http:\/\/ski.inmontanis.info\/d\/293761-2\/DSC09870.jpg'><img src=http:\/\/ski.inmontanis.info\/d\/293760-3\/DSC09870.jpg \/><\/a><br \/>\n^ SL Renfj\u00e4llsliften Talstation<\/p>\n<p><a href='http:\/\/ski.inmontanis.info\/d\/293765-2\/DSC09871.jpg'><img src=http:\/\/ski.inmontanis.info\/d\/293764-3\/DSC09871.jpg \/><\/a><br \/>\n^ SL Renfj\u00e4llsliften Talstation, komplett in Blau, cool ;)<\/p>\n<p><a href='http:\/\/ski.inmontanis.info\/d\/293769-2\/DSC09873.jpg'><img src=http:\/\/ski.inmontanis.info\/d\/293768-3\/DSC09873.jpg \/><\/a><br \/>\n^ SL Renfj\u00e4llsliften<\/p>\n<p><a href='http:\/\/ski.inmontanis.info\/d\/293773-2\/DSC09875.jpg'><img src=http:\/\/ski.inmontanis.info\/d\/293772-3\/DSC09875.jpg \/><\/a><br \/>\n^ SL Renfj\u00e4llsliften<\/p>\n<p><a href='http:\/\/ski.inmontanis.info\/d\/293777-2\/DSC09877.jpg'><img src=http:\/\/ski.inmontanis.info\/d\/293776-3\/DSC09877.jpg \/><\/a><br \/>\n^ Unterhalb des SL Renfj\u00e4llsliften gibts die H\u00fctte Vita Renen, wo man wohl auch \u00fcbernachten k\u00f6nnte.<\/p>\n<p><a href='http:\/\/ski.inmontanis.info\/d\/293781-2\/DSC09878.jpg'><img src=http:\/\/ski.inmontanis.info\/d\/293780-3\/DSC09878.jpg \/><\/a><br \/>\n^ Retour gehts auf Skiern den selben weg wie zuvor mit dem Schneemobil hinauf<\/p>\n<p><a href='http:\/\/ski.inmontanis.info\/d\/293785-2\/DSC09879.jpg'><img src=http:\/\/ski.inmontanis.info\/d\/293784-3\/DSC09879.jpg \/><\/a><br \/>\n^ Bei Pappschnee k\u00f6nnte das viel Schieben bedeuten, aber heute gab es nur 1 oder 2 kurze Schiebest\u00fccke<\/p>\n<p><a href='http:\/\/ski.inmontanis.info\/d\/293789-2\/DSC09885.jpg'><img src=http:\/\/ski.inmontanis.info\/d\/293788-3\/DSC09885.jpg \/><\/a><br \/>\n^ Blick retour, der SL Renfj\u00e4llsliften verl\u00e4uft oben links der hohen Gipfel, und zwar vom  linken vorderen Stecken nach oben verl\u00e4ngert gedacht<\/p>\n<p><a href='http:\/\/ski.inmontanis.info\/d\/293793-2\/DSC09886.jpg'><img src=http:\/\/ski.inmontanis.info\/d\/293792-3\/DSC09886.jpg \/><\/a><br \/>\n^ Blick retour zum SL Renfj\u00e4llsliften (Bildmitte)<\/p>\n<p><a href='http:\/\/ski.inmontanis.info\/d\/293797-2\/DSC09891.jpg'><img src=http:\/\/ski.inmontanis.info\/d\/293796-3\/DSC09891.jpg \/><\/a><br \/>\n^ Ein letzter Blick vom Verbindungsweg retour zum SL Renfj\u00e4llsliften, schon weit weg von hier aus.<\/p>\n<p><a href='http:\/\/ski.inmontanis.info\/d\/293801-2\/DSC09894.jpg'><img src=http:\/\/ski.inmontanis.info\/d\/293800-3\/DSC09894.jpg \/><\/a><br \/>\n^ <\/p>\n<p><a href='http:\/\/ski.inmontanis.info\/d\/293805-2\/DSC09896.jpg'><img src=http:\/\/ski.inmontanis.info\/d\/293804-3\/DSC09896.jpg \/><\/a><br \/>\n^ Paar Waldvarianten am SL Ravinbanan gingen noch gut zu fahren<\/p>\n<p><a href='http:\/\/ski.inmontanis.info\/d\/293809-2\/DSC09902.jpg'><img src=http:\/\/ski.inmontanis.info\/d\/293808-3\/DSC09902.jpg \/><\/a><br \/>\n^ .. und \u00fcber Wiesenh\u00e4nge zum Parkplatz.<\/p>\n<p><a href='http:\/\/ski.inmontanis.info\/d\/293813-2\/ge20210424a.jpg'><img src=http:\/\/ski.inmontanis.info\/d\/293812-3\/ge20210424a.jpg \/><\/a><br \/>\n^ GPS-Track 24.1.2021 in Rot und 24.4.2021 in Gelb<\/p>\n<p>Die heutige Nacht verlief an meinem \u00dcbernachtungsplatz windstill und st\u00f6rungsfrei und gef\u00fchlt weniger kalt als gestern, trotz \u00e4hnlicher Temperaturen drau\u00dfen und morgens innen im Bodenbereich.<\/p>\n","protected":false},"excerpt":{"rendered":"<p>24.4.2021<\/p>\n<p>Anstatt sonnig, wie gemeldet, war es morgens mal wieder bedeckt. Jaja. Trotzdem soll&#8217;s morgen Sonntag noch schlechter werden, also ging es heute nach Eds\u00e5sdalen, in der Hoffnung, der Sturm w\u00e4re nicht so stark.<\/p>\n<p>Ab 11 Uhr g\u00e4be es g\u00fcnstigere Skip\u00e4sse in Eds\u00e5sdalen (ca. 30,- \u20ac) &#8211; und wetter- und schneem\u00e4\u00dfig schien man wohl nichts <a href=\"http:\/\/blog.inmontanis.info\/?p=6755\">[&#8230;]<\/a><\/p>\n","protected":false},"author":1,"featured_media":0,"comment_status":"closed","ping_status":"closed","sticky":false,"template":"","format":"standard","meta":{"footnotes":""},"categories":[184,680,19,27],"tags":[47],"class_list":["post-6755","post","type-post","status-publish","format-standard","hentry","category-2021-01-skandinavien","category-edsasdalen","category-schwedensweden","category-skifahren-winterskiing-winter","tag-sl","odd"],"_links":{"self":[{"href":"http:\/\/blog.inmontanis.info\/index.php?rest_route=\/wp\/v2\/posts\/6755","targetHints":{"allow":["GET"]}}],"collection":[{"href":"http:\/\/blog.inmontanis.info\/index.php?rest_route=\/wp\/v2\/posts"}],"about":[{"href":"http:\/\/blog.inmontanis.info\/index.php?rest_route=\/wp\/v2\/types\/post"}],"author":[{"embeddable":true,"href":"http:\/\/blog.inmontanis.info\/index.php?rest_route=\/wp\/v2\/users\/1"}],"replies":[{"embeddable":true,"href":"http:\/\/blog.inmontanis.info\/index.php?rest_route=%2Fwp%2Fv2%2Fcomments&post=6755"}],"version-history":[{"count":2,"href":"http:\/\/blog.inmontanis.info\/index.php?rest_route=\/wp\/v2\/posts\/6755\/revisions"}],"predecessor-version":[{"id":6757,"href":"http:\/\/blog.inmontanis.info\/index.php?rest_route=\/wp\/v2\/posts\/6755\/revisions\/6757"}],"wp:attachment":[{"href":"http:\/\/blog.inmontanis.info\/index.php?rest_route=%2Fwp%2Fv2%2Fmedia&parent=6755"}],"wp:term":[{"taxonomy":"category","embeddable":true,"href":"http:\/\/blog.inmontanis.info\/index.php?rest_route=%2Fwp%2Fv2%2Fcategories&post=6755"},{"taxonomy":"post_tag","embeddable":true,"href":"http:\/\/blog.inmontanis.info\/index.php?rest_route=%2Fwp%2Fv2%2Ftags&post=6755"}],"curies":[{"name":"wp","href":"https:\/\/api.w.org\/{rel}","templated":true}]}}