{"id":6750,"date":"2021-04-23T19:23:04","date_gmt":"2021-04-23T17:23:04","guid":{"rendered":"http:\/\/blog.inmontanis.info\/?p=6750"},"modified":"2023-08-05T13:39:37","modified_gmt":"2023-08-05T11:39:37","slug":"are-teil-2-die-zentralen-sb-23-4-2021","status":"publish","type":"post","link":"http:\/\/blog.inmontanis.info\/?p=6750","title":{"rendered":"\u00c5re Teil 2: die zentralen SB, 23.4.2021"},"content":{"rendered":"<p><strong>23.4.2021<\/strong> &#8211; \u00c5re Teil 2: die zentralen SB<\/p>\n<p>Die Nacht verlief leider nicht ungest\u00f6rt &#8211; der Wind erzeugte wieder einmal Ger\u00e4usche an der Dachreling &#8211; und morgens dann etwas mehr Verkehr an meinem \u00dcbernachtungsplatz.<\/p>\n<p>Obwohl ja heute etwas weniger Wind gemeldet wurde, waren die oberen Lifte &#8211; ident zu gestern &#8211; wegen Sturm geschlossen. Da bin ich ja mal gespannt, ob ich mit meiner Wochenkarte wenigstens einmal zum Gipfel kommen werde ..<\/p>\n<p>Nach 11 Uhr wieder einmal st\u00e4rkerer Schneefall &#8211; obwohl f\u00fcr heute sehr sonnig gemeldet war. Es blieb dann bei einem stetigen Wechselspiel. Und irgendwo hatte ich gestern schon wieder den Pistenplan verloren &#8211; holte mir morgens einen neuen und am Nachmittag war auch der wieder weg. Grrr.. was ist denn da los?! Ich steck den wie sonst in die Jackeninnentasche! <\/p>\n<p>Jedenfalls bin ich heute den anderen unteren Teil, der noch offen ist, gefahren, also haupts\u00e4chlich die ganzen Sessellifte. An der 6KSB und der DSB war&#8217;s schneem\u00e4\u00dfig (sch\u00f6ne Sulzbuckel) on- und offpiste und auch windm\u00e4\u00dfig recht nett, an der 4SB und 8KSB dagegen eher unangenehm. SL bin ich erst zum Schluss noch 1,75x (wegen Wind freiwillig fr\u00fcher abgeb\u00fcgelt) gefahren, dann war eh Feierabend. <\/p>\n<p><a href='http:\/\/extra.inmontanis.info\/d\/62337-3\/DSC09704.jpg'><img src=http:\/\/extra.inmontanis.info\/d\/62336-4\/DSC09704.jpg \/><\/a><br \/>\n^ Vormittags&#8230;<\/p>\n<p><a href='http:\/\/ski.inmontanis.info\/d\/293497-2\/DSC09708.jpg'><img src=http:\/\/ski.inmontanis.info\/d\/293496-3\/DSC09708.jpg \/><\/a><br \/>\n^ Abfahrt 34 R\u00f6dkullen &#8211; 8KSB<\/p>\n<p><a href='http:\/\/ski.inmontanis.info\/d\/293501-2\/DSC09709.jpg'><img src=http:\/\/ski.inmontanis.info\/d\/293500-3\/DSC09709.jpg \/><\/a><br \/>\n^ Abfahrt zur 8KSB, der See ist leider noch gro\u00dffl\u00e4chig gefroren<\/p>\n<p><a href='http:\/\/ski.inmontanis.info\/d\/293505-2\/DSC09710.jpg'><img src=http:\/\/ski.inmontanis.info\/d\/293504-3\/DSC09710.jpg \/><\/a><br \/>\n^ Abfahrten an der 8KSB. Ausgerechnet die gesperrte Trainingspiste in der Mitte (links) ist h\u00fcgeliger und weniger modelliert als die normale offene Piste rechts daneben????<\/p>\n<p><a href='http:\/\/ski.inmontanis.info\/d\/293509-2\/DSC09711.jpg'><img src=http:\/\/ski.inmontanis.info\/d\/293508-3\/DSC09711.jpg \/><\/a><br \/>\n^ Piste und KSB f\u00fchren \u00fcber die Stra\u00dfe<\/p>\n<p><a href='http:\/\/ski.inmontanis.info\/d\/293513-2\/DSC09714.jpg'><img src=http:\/\/ski.inmontanis.info\/d\/293512-3\/DSC09714.jpg \/><\/a><br \/>\n^ Abfahrt 55 links der 8KSB<\/p>\n<p><a href='http:\/\/ski.inmontanis.info\/d\/293517-2\/DSC09715.jpg'><img src=http:\/\/ski.inmontanis.info\/d\/293516-3\/DSC09715.jpg \/><\/a><br \/>\n^ Abfahrt 55 links der 8KSB<\/p>\n<p><a href='http:\/\/ski.inmontanis.info\/d\/293521-2\/DSC09718.jpg'><img src=http:\/\/ski.inmontanis.info\/d\/293520-3\/DSC09718.jpg \/><\/a><br \/>\n^ Werbung an den Liften sind in Schweden allgegenw\u00e4rtig. Viel kann man sich ja mit Deutsch und Englisch zusammenreimen, aber bei dem Sujet vorne w\u00e4re das naheliegendste &#8220;Fickst du mit allen&#8221; wohl nicht richtig ;-)<\/p>\n<p><a href='http:\/\/ski.inmontanis.info\/d\/293525-2\/DSC09720.jpg'><img src=http:\/\/ski.inmontanis.info\/d\/293524-3\/DSC09720.jpg \/><\/a><br \/>\n^ Abfahrt 57 rechts der 8KSB<\/p>\n<p><a href='http:\/\/ski.inmontanis.info\/d\/293529-2\/DSC09725.jpg'><img src=http:\/\/ski.inmontanis.info\/d\/293528-3\/DSC09725.jpg \/><\/a><br \/>\n^ Pendelbahn, wegen Pandemie heuer nicht in Betrieb<\/p>\n<p><a href='http:\/\/ski.inmontanis.info\/d\/293533-2\/DSC09728.jpg'><img src=http:\/\/ski.inmontanis.info\/d\/293532-3\/DSC09728.jpg \/><\/a><br \/>\n^ Sch\u00f6n sulzige Abfahrt 71 an der DSB<\/p>\n<p><a href='http:\/\/ski.inmontanis.info\/d\/293537-2\/DSC09731.jpg'><img src=http:\/\/ski.inmontanis.info\/d\/293536-3\/DSC09731.jpg \/><\/a><br \/>\n^ Talstation 6KSB, DSB und PB<\/p>\n<p>\u00c5re d\u00fcrfte das einzige Skigebiet Schwedens mit einer PB sein. Evtl. sogar die einzige PB in ganz Schweden?<\/p>\n<p><a href='http:\/\/ski.inmontanis.info\/d\/293541-2\/DSC09732.jpg'><img src=http:\/\/ski.inmontanis.info\/d\/293540-3\/DSC09732.jpg \/><\/a><br \/>\n^ DSB Worldcupliften<\/p>\n<p><a href='http:\/\/ski.inmontanis.info\/d\/293545-2\/DSC09737.jpg'><img src=http:\/\/ski.inmontanis.info\/d\/293544-3\/DSC09737.jpg \/><\/a><br \/>\n^ Eine der Abfahrten zur 6KSB<\/p>\n<p><a href='http:\/\/ski.inmontanis.info\/d\/293549-2\/DSC09740.jpg'><img src=http:\/\/ski.inmontanis.info\/d\/293548-3\/DSC09740.jpg \/><\/a><br \/>\n^ Noch ein Werbesujet, das ich schon seit einigen Wochen fotografieren wollte &#8211; weil: &#8220;eller&#8221; klingt \u00e4hnlich &#8220;ili&#8221; im russischen und beides hei\u00dft &#8220;oder&#8221;. Ich frag mich, was ich fr\u00fcher wusste und warum mir das andere Wort daher immer so bekannt vorkam &#8211; aber so wirklich brachte mich erst diese Werbung darauf ..<\/p>\n<p><a href='http:\/\/ski.inmontanis.info\/d\/293553-2\/DSC09748.jpg'><img src=http:\/\/ski.inmontanis.info\/d\/293552-3\/DSC09748.jpg \/><\/a><br \/>\n^ 4SB Hummelliften und 6KSB<\/p>\n<p><a href='http:\/\/ski.inmontanis.info\/d\/293557-2\/DSC09751.jpg'><img src=http:\/\/ski.inmontanis.info\/d\/293556-3\/DSC09751.jpg \/><\/a><br \/>\n^ Offpistegel\u00e4nde, wegen geschlossener Lifte heute nicht erreichbar<\/p>\n<p><a href='http:\/\/ski.inmontanis.info\/d\/293561-2\/DSC09754.jpg'><img src=http:\/\/ski.inmontanis.info\/d\/293560-3\/DSC09754.jpg \/><\/a><br \/>\n^ Talblick nahe der 4SB-Bergstation<\/p>\n<p><a href='http:\/\/ski.inmontanis.info\/d\/293565-2\/DSC09755.jpg'><img src=http:\/\/ski.inmontanis.info\/d\/293564-3\/DSC09755.jpg \/><\/a><br \/>\n^ Auf der Gegenseite und dahinter ist schon Saisonschluss<\/p>\n<p><a href='http:\/\/ski.inmontanis.info\/d\/293569-2\/DSC09757.jpg'><img src=http:\/\/ski.inmontanis.info\/d\/293568-3\/DSC09757.jpg \/><\/a><br \/>\n^ Die 6KSB \u00fcberquert mehrere Rinnen, in die man auch fahren kann<\/p>\n<p><a href='http:\/\/ski.inmontanis.info\/d\/293573-2\/DSC09762.jpg'><img src=http:\/\/ski.inmontanis.info\/d\/293572-3\/DSC09762.jpg \/><\/a><br \/>\n^ Eine andere Abfahrt an der 6KSB<\/p>\n<p><a href='http:\/\/ski.inmontanis.info\/d\/293577-2\/DSC09763.jpg'><img src=http:\/\/ski.inmontanis.info\/d\/293576-3\/DSC09763.jpg \/><\/a><br \/>\n^ Hotel und SSB<\/p>\n<p><a href='http:\/\/ski.inmontanis.info\/d\/293581-2\/DSC09765.jpg'><img src=http:\/\/ski.inmontanis.info\/d\/293580-3\/DSC09765.jpg \/><\/a><br \/>\n^ SSB Bergstation, schaut nett aus<\/p>\n<p>\u00c5re d\u00fcrfte auch das einzige Skigebiet Schwedens mit einer SSB sein. Evtl. sogar die einzige \u00f6ffentliche SSB in ganz Schweden?<\/p>\n<p><a href='http:\/\/ski.inmontanis.info\/d\/293585-2\/DSC09767.jpg'><img src=http:\/\/ski.inmontanis.info\/d\/293584-3\/DSC09767.jpg \/><\/a><br \/>\n^ SSB Bergstation, die Bahn ist aber wegen Pandemie offiziell geschlossen<\/p>\n<p><a href='http:\/\/ski.inmontanis.info\/d\/293589-2\/DSC09768.jpg'><img src=http:\/\/ski.inmontanis.info\/d\/293588-3\/DSC09768.jpg \/><\/a><br \/>\n^ SSB Wagen<\/p>\n<p><a href='http:\/\/ski.inmontanis.info\/d\/293593-2\/DSC09769.jpg'><img src=http:\/\/ski.inmontanis.info\/d\/293592-3\/DSC09769.jpg \/><\/a><br \/>\n^ Das Museum in der Bergstation ist geschlossen, aber zum WC darf man<\/p>\n<p><a href='http:\/\/ski.inmontanis.info\/d\/293597-2\/DSC09770.jpg'><img src=http:\/\/ski.inmontanis.info\/d\/293596-3\/DSC09770.jpg \/><\/a><br \/>\n^ Naja, ein paar schnelle Fotos auf dem Weg zum WC ;-)<\/p>\n<p><a href='http:\/\/ski.inmontanis.info\/d\/293601-2\/DSC09772.jpg'><img src=http:\/\/ski.inmontanis.info\/d\/293600-3\/DSC09772.jpg \/><\/a><br \/>\n^ Schwedische Davos? Vom See her w\u00fcrde ja schwedisches St. Moritz besser passen ..<\/p>\n<p><a href='http:\/\/ski.inmontanis.info\/d\/293605-2\/DSC09774.jpg'><img src=http:\/\/ski.inmontanis.info\/d\/293604-3\/DSC09774.jpg \/><\/a><br \/>\n^ <\/p>\n<p><a href='http:\/\/ski.inmontanis.info\/d\/293609-2\/DSC09775.jpg'><img src=http:\/\/ski.inmontanis.info\/d\/293608-3\/DSC09775.jpg \/><\/a><br \/>\n^ <\/p>\n<p><a href='http:\/\/ski.inmontanis.info\/d\/293613-2\/DSC09778.jpg'><img src=http:\/\/ski.inmontanis.info\/d\/293612-3\/DSC09778.jpg \/><\/a><br \/>\n^ Rechts neben der 4SB (noch unterhalb der 6KSB Bergstation) gehen viele steile und schmale Rinnen runter, die man offpistem\u00e4\u00dfig befahren kann, somit ich da 2 oder 3 gefahren bin.<\/p>\n<p><a href='http:\/\/ski.inmontanis.info\/d\/293617-2\/DSC09779.jpg'><img src=http:\/\/ski.inmontanis.info\/d\/293616-3\/DSC09779.jpg \/><\/a><br \/>\n^ Offpiste-Rinne<\/p>\n<p><a href='http:\/\/ski.inmontanis.info\/d\/293621-2\/DSC09782.jpg'><img src=http:\/\/ski.inmontanis.info\/d\/293620-3\/DSC09782.jpg \/><\/a><br \/>\n^ Offpiste-Rinnen<\/p>\n<p><a href='http:\/\/ski.inmontanis.info\/d\/293625-2\/DSC09785.jpg'><img src=http:\/\/ski.inmontanis.info\/d\/293624-3\/DSC09785.jpg \/><\/a><br \/>\n^ Man landet dann im Bachgraben, wo man wieder im Bereich an der SSB-Bergstation rauskommt<\/p>\n<p><a href='http:\/\/ski.inmontanis.info\/d\/293629-2\/DSC09786.jpg'><img src=http:\/\/ski.inmontanis.info\/d\/293628-3\/DSC09786.jpg \/><\/a><br \/>\n^ Bachgraben<\/p>\n<p><a href='http:\/\/ski.inmontanis.info\/d\/293633-2\/DSC09791.jpg'><img src=http:\/\/ski.inmontanis.info\/d\/293632-3\/DSC09791.jpg \/><\/a><br \/>\n^ Eine andere Rinne neben der 4SB<\/p>\n<p><a href='http:\/\/ski.inmontanis.info\/d\/293637-2\/DSC09799.jpg'><img src=http:\/\/ski.inmontanis.info\/d\/293636-3\/DSC09799.jpg \/><\/a><br \/>\n^ Und auch die Rinne an der 6KSB wollte ich fahren<\/p>\n<p><a href='http:\/\/ski.inmontanis.info\/d\/293641-2\/DSC09802.jpg'><img src=http:\/\/ski.inmontanis.info\/d\/293640-3\/DSC09802.jpg \/><\/a><br \/>\n^ Von der 4SB Bergstation kann man (schon weiter oben) in diesen Steilhang reinqueren ..<\/p>\n<p><a href='http:\/\/ski.inmontanis.info\/d\/293645-2\/DSC09805.jpg'><img src=http:\/\/ski.inmontanis.info\/d\/293644-3\/DSC09805.jpg \/><\/a><br \/>\n^ .. ich entschied mich f\u00fcr diesen Bereich<\/p>\n<p><a href='http:\/\/ski.inmontanis.info\/d\/293649-2\/DSC09813.jpg'><img src=http:\/\/ski.inmontanis.info\/d\/293648-3\/DSC09813.jpg \/><\/a><br \/>\n^ Offiziell pandemiebedingt geschlossen, f\u00e4hrt die SSB aber doch hin und wieder f\u00fcr irgendwen wie es scheint. Vielleicht f\u00fcrs Hotel oder irgendein Personal.<\/p>\n<p><a href='http:\/\/ski.inmontanis.info\/d\/293653-3\/DSC09816.jpg'><img src=http:\/\/ski.inmontanis.info\/d\/293652-4\/DSC09816.jpg \/><\/a><br \/>\n^ Die EUB weiter rauf blieb auch heute wieder wegen Wind den ganzen Tag geschlossen und sollte das auch noch einige Tage.<\/p>\n<p><a href='http:\/\/ski.inmontanis.info\/d\/293657-3\/DSC09817.jpg'><img src=http:\/\/ski.inmontanis.info\/d\/293656-4\/DSC09817.jpg \/><\/a><br \/>\n^ Verbindung von der 8KSB-Bergstation zum R\u00f6dkulleliften bzw. Parkplatz<\/p>\n<p><a href='http:\/\/ski.inmontanis.info\/d\/293661-3\/DSC09818.jpg'><img src=http:\/\/ski.inmontanis.info\/d\/293660-4\/DSC09818.jpg \/><\/a><br \/>\n^ Noch eine Waldvariante am R\u00f6dkulle-SL<\/p>\n<p>Soweit war der Tag heute also auch ohne den oberen Bereich recht sch\u00f6n. Einige Autos mit niederl\u00e4ndischen Kennzeichen waren \u00fcbrigens auch da. Abends gab es Nudeln mit dem letzten Teil vom Gem\u00fcse und den ger\u00e4ucherten Schinkenstreifen, somit bleibt mir wieder Sauce \u00fcbrig, die ich morgen aufbrauchen muss &#8230; aber g\u00fcnstiger als so ein Fertiggericht um 2-2,50 \u20ac ist dieses Essen auch nicht&#8230;<\/p>\n<p>Der Wind nervt hier am Parkplatz oben nahe Ulladalslift heut Abend auch wieder ohne Unterbrechung, was die T\u00f6ne an der Dachreling angeht. Aber zumindest standheizungsm\u00e4\u00dfig passt die Windrichtung, ich bekomm keine Abgase rein. Wegen der Sturmb\u00f6en konnte ich dennoch nur sehr schlecht einschlafen, zudem kam mir die Nacht sehr kalt vor (was aber gar nicht stimmte von den Temperaturen her).<\/p>\n<p>Soweit ich das an den kostenpflichtigen Parkpl\u00e4tzen gesehen hab, sind die Stromtankstellen innerhalb derselbigen davon ausgenommen &#8211; also Elektroautos k\u00f6nnen evtl. gratis parken und (kostenpflichtig?) aufladen. Dabei kam mir ein Gedanke, allgemein betrachtet &#8230; n\u00e4mlich, dass man mit einem Elektro-Campervan ja an Ladestationen \u00fcbernachten k\u00f6nnte, dann wird das Auto \u00fcber Nacht geladen und man hat nachts Strom f\u00fcr die Heizung und hat statt weniger Reichweite am n\u00e4chsten Tag wieder einen vollen &#8220;Tank&#8221;? Somit k\u00f6nnten pl\u00f6tzlich E-Autos gar nicht mehr so unpassend f\u00fcr mich sein ..<\/p>\n","protected":false},"excerpt":{"rendered":"<p>23.4.2021 &#8211; \u00c5re Teil 2: die zentralen SB<\/p>\n<p>Die Nacht verlief leider nicht ungest\u00f6rt &#8211; der Wind erzeugte wieder einmal Ger\u00e4usche an der Dachreling &#8211; und morgens dann etwas mehr Verkehr an meinem \u00dcbernachtungsplatz.<\/p>\n<p>Obwohl ja heute etwas weniger Wind gemeldet wurde, waren die oberen Lifte &#8211; ident zu gestern &#8211; wegen Sturm geschlossen. Da <a href=\"http:\/\/blog.inmontanis.info\/?p=6750\">[&#8230;]<\/a><\/p>\n","protected":false},"author":1,"featured_media":0,"comment_status":"closed","ping_status":"closed","sticky":false,"template":"","format":"standard","meta":{"footnotes":""},"categories":[184,696,19,27],"tags":[49,56,57,38,52,45,46],"class_list":["post-6750","post","type-post","status-publish","format-standard","hentry","category-2021-01-skandinavien","category-are","category-schwedensweden","category-skifahren-winterskiing-winter","tag-4sb","tag-6sb","tag-8sb","tag-dsb","tag-pb","tag-see","tag-ssb","odd"],"_links":{"self":[{"href":"http:\/\/blog.inmontanis.info\/index.php?rest_route=\/wp\/v2\/posts\/6750","targetHints":{"allow":["GET"]}}],"collection":[{"href":"http:\/\/blog.inmontanis.info\/index.php?rest_route=\/wp\/v2\/posts"}],"about":[{"href":"http:\/\/blog.inmontanis.info\/index.php?rest_route=\/wp\/v2\/types\/post"}],"author":[{"embeddable":true,"href":"http:\/\/blog.inmontanis.info\/index.php?rest_route=\/wp\/v2\/users\/1"}],"replies":[{"embeddable":true,"href":"http:\/\/blog.inmontanis.info\/index.php?rest_route=%2Fwp%2Fv2%2Fcomments&post=6750"}],"version-history":[{"count":4,"href":"http:\/\/blog.inmontanis.info\/index.php?rest_route=\/wp\/v2\/posts\/6750\/revisions"}],"predecessor-version":[{"id":6754,"href":"http:\/\/blog.inmontanis.info\/index.php?rest_route=\/wp\/v2\/posts\/6750\/revisions\/6754"}],"wp:attachment":[{"href":"http:\/\/blog.inmontanis.info\/index.php?rest_route=%2Fwp%2Fv2%2Fmedia&parent=6750"}],"wp:term":[{"taxonomy":"category","embeddable":true,"href":"http:\/\/blog.inmontanis.info\/index.php?rest_route=%2Fwp%2Fv2%2Fcategories&post=6750"},{"taxonomy":"post_tag","embeddable":true,"href":"http:\/\/blog.inmontanis.info\/index.php?rest_route=%2Fwp%2Fv2%2Ftags&post=6750"}],"curies":[{"name":"wp","href":"https:\/\/api.w.org\/{rel}","templated":true}]}}