{"id":6747,"date":"2021-04-22T19:47:57","date_gmt":"2021-04-22T17:47:57","guid":{"rendered":"http:\/\/blog.inmontanis.info\/?p=6747"},"modified":"2023-08-05T13:40:56","modified_gmt":"2023-08-05T11:40:56","slug":"are-teil-1-die-linken-sl-22-4-2021","status":"publish","type":"post","link":"http:\/\/blog.inmontanis.info\/?p=6747","title":{"rendered":"\u00c5re Teil 1: die linken SL, 22.4.2021"},"content":{"rendered":"<p><strong>22.4.2021<\/strong> &#8211; \u00c5re Teil 1: die linken SL<\/p>\n<p>Vormittags war&#8217;s mal eine Zeit lang recht sonnig, brachte mir aber ja nicht viel.  Ab 11 Uhr wieder Schneefall.<\/p>\n<p>Ich kaufte online den Wochenpass f\u00fcr 6\/7\/8 Tage (227,50 \u20ac) und fuhr (mit Zwischenhalt zum Tanken samt Zimtschnecke statt Hotdog) zum h\u00f6chsten Parkplatz an den Ull\u00e5dals-SL, wo man gratis parken konnte (ging auch in einem Teil einen SL tiefer, aber ich wollte ja auch schauen, ob ich hier oder irgendwo auf dem Weg \u00fcbernachten k\u00f6nnte). Die Lifte im Gipfelbereich sollten zwar wegen Wind geschlossen sein, aber da ich ja eh l\u00e4nger da bin und es genug andere Lifte gibt, st\u00f6rte mich das nicht weiter. Man muss das Beste ja nicht immer gleich am ersten Tag haben ;-)<\/p>\n<p>Leider funktionierte die Champsaur-Axess-Keycard nicht &#8211; sie ging bei Skistar in S\u00e4len, aber machte schon Probleme in T\u00e4nn\u00e4skr\u00f6ket beim Laden, so dass der Pass auf meine andere (plain) Axess-Karte nochmals gebucht wurde. Beim ersten Lift hier durfte ich so durchfahren, danach in R\u00f6dkullen zum Skistar-Shop, wo derjenige meinte, als er die Keycard laden wollte, dass es in seinem System sehr eigenartig aussehe, als ob die Karte voll w\u00e4re oder irgendein Fehler w\u00e4re. Also dann auch hier den Skipass auf die andere Axess-Karte laden lassen, das hatte dann funktioniert&#8230;<\/p>\n<p>Es blieb bei einer Mischung aus Sonne, starkem Wind und Schneefall, st\u00e4rkster Schneefall gegen 16 Uhr, weshalb ich dann aufh\u00f6rte (Lifte 9-16.30 in Betrieb). Ich blieb zudem im linken Gebietsteil, also an den SL, auch weil ich mir den sch\u00f6nen Eindruck heute nicht mit modellierten, verfangz\u00e4unten Abfahrten und KSBen versauen wollte :) Aber ich wollte bei Sturm auch nicht im Ort unten stranden, es gibt evtl. nur zu den R\u00f6dkullen-SL einen Skibus (und nicht rauf bis Ull\u00e5dalen), somit ich die n\u00e4chsten Tage lieber in R\u00f6dkullen parken wollte.<\/p>\n<p><a href='http:\/\/extra.inmontanis.info\/d\/62321-2\/DSC09637.jpg'><img src=http:\/\/extra.inmontanis.info\/d\/62320-3\/DSC09637.jpg \/><\/a><br \/>\n^ Bereits um 5:30 Uhr auf dem Weg<\/p>\n<p><a href='http:\/\/extra.inmontanis.info\/d\/62325-2\/DSC09640.jpg'><img src=http:\/\/extra.inmontanis.info\/d\/62324-3\/DSC09640.jpg \/><\/a><br \/>\n^ Ein paar Seen sind mittlerweile gro\u00dffl\u00e4chig aufgetaut<\/p>\n<p><a href='http:\/\/ski.inmontanis.info\/d\/293429-2\/DSC09651.jpg'><img src=http:\/\/ski.inmontanis.info\/d\/293428-3\/DSC09651.jpg \/><\/a><br \/>\n^ \u00c514 Ull\u00e5dalsliftarna, der linke ist k\u00fcrzer<\/p>\n<p><a href='http:\/\/ski.inmontanis.info\/d\/293433-2\/DSC09653.jpg'><img src=http:\/\/ski.inmontanis.info\/d\/293432-3\/DSC09653.jpg \/><\/a><br \/>\n^ \u00c514 Ull\u00e5dalsliftarna<\/p>\n<p><a href='http:\/\/ski.inmontanis.info\/d\/293437-2\/DSC09654.jpg'><img src=http:\/\/ski.inmontanis.info\/d\/293436-3\/DSC09654.jpg \/><\/a><br \/>\n^ \u00c514 Ull\u00e5dalsliftarna, von der Bergstation kommt man mit etwas schieben+aufsteigen zum Stendalsliften<\/p>\n<p><a href='http:\/\/ski.inmontanis.info\/d\/293441-2\/DSC09658.jpg'><img src=http:\/\/ski.inmontanis.info\/d\/293440-3\/DSC09658.jpg \/><\/a><br \/>\n^ Verbindung Ull\u00e5dal-R\u00f6dkullen<\/p>\n<p><a href='http:\/\/ski.inmontanis.info\/d\/293445-2\/DSC09659.jpg'><img src=http:\/\/ski.inmontanis.info\/d\/293444-3\/DSC09659.jpg \/><\/a><br \/>\n^ \u00c519 R\u00f6dkulleliften<\/p>\n<p><a href='http:\/\/ski.inmontanis.info\/d\/293449-2\/DSC09661.jpg'><img src=http:\/\/ski.inmontanis.info\/d\/293448-3\/DSC09661.jpg \/><\/a><br \/>\n^ \u00c519 R\u00f6dkulleliften<\/p>\n<p><a href='http:\/\/ski.inmontanis.info\/d\/293453-2\/DSC09665.jpg'><img src=http:\/\/ski.inmontanis.info\/d\/293452-3\/DSC09665.jpg \/><\/a><br \/>\n^ Rechte Abfahrt am Ull\u00e5dals-SL<\/p>\n<p><a href='http:\/\/ski.inmontanis.info\/d\/293457-2\/DSC09675.jpg'><img src=http:\/\/ski.inmontanis.info\/d\/293456-3\/DSC09675.jpg \/><\/a><br \/>\n^ H25 Nedre Tv\u00e4r\u00e5valsliftarna, wegen Wind heute leider geschlossen.<\/p>\n<p><a href='http:\/\/ski.inmontanis.info\/d\/293461-2\/DSC09678.jpg'><img src=http:\/\/ski.inmontanis.info\/d\/293460-3\/DSC09678.jpg \/><\/a><br \/>\n^ H24 Stendalsliften<\/p>\n<p><a href='http:\/\/ski.inmontanis.info\/d\/293465-2\/DSC09681.jpg'><img src=http:\/\/ski.inmontanis.info\/d\/293464-3\/DSC09681.jpg \/><\/a><br \/>\n^ Abfahrt 42 am \u00c519 R\u00f6dkulleliften<\/p>\n<p><a href='http:\/\/ski.inmontanis.info\/d\/293469-2\/DSC09683.jpg'><img src=http:\/\/ski.inmontanis.info\/d\/293468-3\/DSC09683.jpg \/><\/a><br \/>\n^ \u00c517 Ripanliften<\/p>\n<p><a href='http:\/\/ski.inmontanis.info\/d\/293473-2\/DSC09684.jpg'><img src=http:\/\/ski.inmontanis.info\/d\/293472-3\/DSC09684.jpg \/><\/a><br \/>\n^ \u00c517 Ripanliften &#8211; was nicht passt, wird passend gemacht ;-)<\/p>\n<p><a href='http:\/\/ski.inmontanis.info\/d\/293477-2\/DSC09687.jpg'><img src=http:\/\/ski.inmontanis.info\/d\/293476-3\/DSC09687.jpg \/><\/a><br \/>\n^ Abfahrt 44 am \u00c519 R\u00f6dkulleliften<\/p>\n<p><a href='http:\/\/ski.inmontanis.info\/d\/293481-2\/DSC09690.jpg'><img src=http:\/\/ski.inmontanis.info\/d\/293480-3\/DSC09690.jpg \/><\/a><br \/>\n^ \u00c521 Br\u00e4ckeliften, der Parklift (2 links, einer rechts, am WE lange Wartezeiten, aber muss man ja nicht fahren)<\/p>\n<p><a href='http:\/\/ski.inmontanis.info\/d\/293485-2\/DSC09692.jpg'><img src=http:\/\/ski.inmontanis.info\/d\/293484-3\/DSC09692.jpg \/><\/a><br \/>\n^ Huch, ein Loop im rechten Funpark? Hab ich ja noch nie gesehen, sowas  ..<\/p>\n<p><a href='http:\/\/ski.inmontanis.info\/d\/293489-2\/DSC09693.jpg'><img src=http:\/\/ski.inmontanis.info\/d\/293488-3\/DSC09693.jpg \/><\/a><br \/>\n^ Funpark<\/p>\n<p><a href='http:\/\/ski.inmontanis.info\/d\/293493-2\/DSC09694.jpg'><img src=http:\/\/ski.inmontanis.info\/d\/293492-3\/DSC09694.jpg \/><\/a><br \/>\n^ Offpiste am R\u00f6dkulleliften<\/p>\n<p>Soweit gefiel mir das heute schon mal gut, es gab auch keinen Pappschnee wie in T\u00e4nndalen die letzten Tage, sondern tats\u00e4chlich Sulz statt Papp. <em>(Die n\u00e4chsten Tage sollten Skim\u00e4\u00dfig noch viel besser werden)<\/em><\/p>\n<p>Zum Abendessen hatte ich ja noch das Gem\u00fcse, aber die Flasche Pesto geleert. Entweder noch eine neue aufmachen (wobei ich die n\u00e4chsten Tage wg. Batterieladung eher nicht t\u00e4glich im Auto kochen m\u00f6chte) &#8211; oder was anderes einfallen lassen. Nudeln mit Curryketchup oder s\u00fc\u00dfem Senf? Oder eine der asiatischen Fertignudelpackungen oder R\u00f6sti? Das k\u00f6nnte beides etwas zu viel sein mit dem zus\u00e4tzlichen Gem\u00fcse&#8230;.  <\/p>\n<p>Als ich die Zeilen schrieb, wurde es mal kurz sonnig, danach ging ich raus und machte das Auto wenigstens etwas sauber vom Sanddreck, aber meine Ski konnte ich nicht mehr reintun, denn es fing wieder stark zu schneien an. Wenigstens geht die Standheizung wieder, die hatte heut Vormittag um 10 Uhr n\u00e4mlich eine Fehlermeldung gebracht. Lag evtl. daran, dass nur noch ca. 5l Benzin im Tank waren (Auto hat aber noch knapp keine Meldung gebracht).<\/p>\n<p>Bei der n\u00e4chsten Schneipause die Ski verstaut, aber da ich keine Lust hatte, mich hier einschneien zu lassen, bin ich ins Tal gefahren &#8211; Superm\u00e4rkte sind in \u00c5re wohl auch Sperrgebiet f\u00fcr mich, ICA ist im Bahnhof &#8211; m\u00fcsste man ins Parkhaus, Coop ist etwas weiter drau\u00dfen, hat aber auch nur kostenpflichtige Parkpl\u00e4tze. Naja, 3km weiter gibts den n\u00e4chsten ICA n\u00e4ra Supermarkt. Da nahm ich dann eine andere Nudelsauce mit.<\/p>\n<p>Nach dem gestrigen Quasi-Wegfall des Abends im Auto und den vorherigen sonnenbeschienenen Abenden, war es heute mal wieder etwas k\u00e4lter beim Sitzen am PC und nach mehreren Tagen schaltete ich gerne wieder die heizbaren Pantoffeln ein &#8211; sowie die Standheizung ab und zu ..<\/p>\n<p><a href='http:\/\/extra.inmontanis.info\/d\/62329-2\/DSC09697.jpg'><img src=http:\/\/extra.inmontanis.info\/d\/62328-3\/DSC09697.jpg \/><\/a><br \/>\n^ Bevor ich hier wegen Schneesturm nicht schlafen kann, fahr ich heut Nacht doch lieber anderswo hin &#8230;<\/p>\n<p><a href='http:\/\/extra.inmontanis.info\/d\/62333-2\/DSC09699.jpg'><img src=http:\/\/extra.inmontanis.info\/d\/62332-3\/DSC09699.jpg \/><\/a><br \/>\n^ Die Thai Coconut Curry &#8211; Sauce schmeckte mir besser als das Pesto Rosso.<\/p>\n","protected":false},"excerpt":{"rendered":"<p>22.4.2021 &#8211; \u00c5re Teil 1: die linken SL<\/p>\n<p>Vormittags war&#8217;s mal eine Zeit lang recht sonnig, brachte mir aber ja nicht viel. Ab 11 Uhr wieder Schneefall.<\/p>\n<p>Ich kaufte online den Wochenpass f\u00fcr 6\/7\/8 Tage (227,50 \u20ac) und fuhr (mit Zwischenhalt zum Tanken samt Zimtschnecke statt Hotdog) zum h\u00f6chsten Parkplatz an den Ull\u00e5dals-SL, wo man <a href=\"http:\/\/blog.inmontanis.info\/?p=6747\">[&#8230;]<\/a><\/p>\n","protected":false},"author":1,"featured_media":0,"comment_status":"closed","ping_status":"closed","sticky":false,"template":"","format":"standard","meta":{"footnotes":""},"categories":[184,696,19,27],"tags":[45,47],"class_list":["post-6747","post","type-post","status-publish","format-standard","hentry","category-2021-01-skandinavien","category-are","category-schwedensweden","category-skifahren-winterskiing-winter","tag-see","tag-sl","odd"],"_links":{"self":[{"href":"http:\/\/blog.inmontanis.info\/index.php?rest_route=\/wp\/v2\/posts\/6747","targetHints":{"allow":["GET"]}}],"collection":[{"href":"http:\/\/blog.inmontanis.info\/index.php?rest_route=\/wp\/v2\/posts"}],"about":[{"href":"http:\/\/blog.inmontanis.info\/index.php?rest_route=\/wp\/v2\/types\/post"}],"author":[{"embeddable":true,"href":"http:\/\/blog.inmontanis.info\/index.php?rest_route=\/wp\/v2\/users\/1"}],"replies":[{"embeddable":true,"href":"http:\/\/blog.inmontanis.info\/index.php?rest_route=%2Fwp%2Fv2%2Fcomments&post=6747"}],"version-history":[{"count":2,"href":"http:\/\/blog.inmontanis.info\/index.php?rest_route=\/wp\/v2\/posts\/6747\/revisions"}],"predecessor-version":[{"id":6749,"href":"http:\/\/blog.inmontanis.info\/index.php?rest_route=\/wp\/v2\/posts\/6747\/revisions\/6749"}],"wp:attachment":[{"href":"http:\/\/blog.inmontanis.info\/index.php?rest_route=%2Fwp%2Fv2%2Fmedia&parent=6747"}],"wp:term":[{"taxonomy":"category","embeddable":true,"href":"http:\/\/blog.inmontanis.info\/index.php?rest_route=%2Fwp%2Fv2%2Fcategories&post=6747"},{"taxonomy":"post_tag","embeddable":true,"href":"http:\/\/blog.inmontanis.info\/index.php?rest_route=%2Fwp%2Fv2%2Ftags&post=6747"}],"curies":[{"name":"wp","href":"https:\/\/api.w.org\/{rel}","templated":true}]}}