{"id":6743,"date":"2021-04-21T22:01:27","date_gmt":"2021-04-21T20:01:27","guid":{"rendered":"http:\/\/blog.inmontanis.info\/?p=6743"},"modified":"2023-08-05T13:14:47","modified_gmt":"2023-08-05T11:14:47","slug":"tanndalen-mehr-21-4-2021","status":"publish","type":"post","link":"http:\/\/blog.inmontanis.info\/?p=6743","title":{"rendered":"T\u00e4nndalen &#038; mehr, 21.4.2021"},"content":{"rendered":"<p><strong>21.4.2021<\/strong> &#8211; T\u00e4nndalen Tag 3<\/p>\n<p>Heute Schneefall und Sturm gemeldet, morgen Sturm und etwas Sonne &#8211; da h\u00e4tte ich mir dann wohl den Wochenskipass sparen k\u00f6nnen und mich mit 5 Tagen begn\u00fcgen k\u00f6nnen. Aber die Wettervorhersagen waren ja anders und ich hatte bessere Schneeverh\u00e4ltnisse erwartet.<\/p>\n<p>Direkt am Parkhaus in Fun\u00e4sdalen ist nicht nur die Gondelbahn (plus Busbahnhof mit Wartehalle und WC), sondern auch die Schule, was morgens entsprechend Verkehr und etwas L\u00e4rm bedeutet und f\u00fcr mich zum Stehenbleiben und Arbeiten etwas unangenehm ist, wegen des WCs bin ich aber eben doch auch heute wieder hier gewesen.<\/p>\n<p>Morgens schneite es teilweise recht stark, aber gegen 11 Uhr war das vorbei, auch die Sonne sah man durch die Wolken. Ein Hotdog und Skiabholen sp\u00e4ter war auch der Wind nicht mehr so stark und alle Lifte in Betrieb. Pisten waren auch nicht so pappig, aber da werden auch die gewachsten Ski ihren Anteil daran haben. Aufpassen musste man aber wegen der Windverwehungen auf den Pisten.<\/p>\n<p>An den linken SL waren die Pistenverh\u00e4ltnisse etwas angenehmer, zudem erkundete ich noch den geschlossenen Teil weiter links, soweit das m\u00f6glich war. Das war auch noch recht nett heute, aber .. ich werde auf die n\u00e4chsten beiden Tage hier verzichten und heute abend weiterziehen.<\/p>\n<p><a href='http:\/\/extra.inmontanis.info\/d\/62289-2\/DSC09600.jpg'><img src=http:\/\/extra.inmontanis.info\/d\/62288-3\/DSC09600.jpg \/><\/a><\/p>\n<p><a href='http:\/\/ski.inmontanis.info\/d\/293391-2\/DSC09602.jpg'><img src=http:\/\/ski.inmontanis.info\/d\/293390-3\/DSC09602.jpg \/><\/a><br \/>\n^ Abfahrt 16 im linken, schon geschlossenen Teil<\/p>\n<p><a href='http:\/\/ski.inmontanis.info\/d\/293395-2\/DSC09605.jpg'><img src=http:\/\/ski.inmontanis.info\/d\/293394-3\/DSC09605.jpg \/><\/a><br \/>\n^ Abfahrt 15 im linken, schon geschlossenen Teil, an der 4KSB. Man muss halt aufpassen, dass man zeitig wieder r\u00fcberquert zu den offenen Liften<\/p>\n<p><a href='http:\/\/ski.inmontanis.info\/d\/293399-2\/ge20210419-21b.jpg'><img src=http:\/\/ski.inmontanis.info\/d\/293398-3\/ge20210419-21b.jpg \/><\/a><br \/>\n^ GPS-Track 19.-21.4.2021 in T\u00fcrkis, Rosa, Gelb<\/p>\n<p>Nachmittags konnte ich mich nicht so recht entscheiden &#8211; heute noch ein paar Stunden Autofahren und ab morgen Are oder morgen Autofahren und erst \u00fcbermorgen Are?<\/p>\n<p>Flaturet war offen und so wollte ich Schwedens h\u00f6chste Passstra\u00dfe doch fahren &#8211; das Panorama gefiel mir vor 2 Jahren ja schon. Auf dem Weg dahin kommt man in Kappruet vorbei, das zum Skipass geh\u00f6ren w\u00fcrde &#8230;<\/p>\n<p><a href='http:\/\/ski.inmontanis.info\/d\/293403-2\/DSC09175.jpg'><img src=http:\/\/ski.inmontanis.info\/d\/293402-3\/DSC09175.jpg \/><\/a><br \/>\n^ Skigebiet Fun\u00e4sdalen, Gondelbahn vom Ort rauf<\/p>\n<p><a href='http:\/\/ski.inmontanis.info\/d\/293407-2\/DSC09325.jpg'><img src=http:\/\/ski.inmontanis.info\/d\/293406-3\/DSC09325.jpg \/><\/a><br \/>\n^ Gondelbahn<\/p>\n<p><a href='http:\/\/ski.inmontanis.info\/d\/293411-2\/DSC09174.jpg'><img src=http:\/\/ski.inmontanis.info\/d\/293410-3\/DSC09174.jpg \/><\/a><br \/>\n^ Skigebiet Fun\u00e4sdalen von der Stra\u00dfe aus<\/p>\n<p><a href='http:\/\/ski.inmontanis.info\/d\/293415-2\/DSC09610.jpg'><img src=http:\/\/ski.inmontanis.info\/d\/293414-3\/DSC09610.jpg \/><\/a><br \/>\n^ SL in Fun\u00e4sdalen.<\/p>\n<p><a href='http:\/\/extra.inmontanis.info\/d\/62293-2\/DSC09612.jpg'><img src=http:\/\/extra.inmontanis.info\/d\/62292-3\/DSC09612.jpg \/><\/a><br \/>\n^ Richtung Kappruet und Flatruet<\/p>\n<p><a href='http:\/\/extra.inmontanis.info\/d\/62297-2\/DSC09613.jpg'><img src=http:\/\/extra.inmontanis.info\/d\/62296-3\/DSC09613.jpg \/><\/a><br \/>\n^ Puh, Schneeverwehungen auf der Stra\u00dfe mag ich gar nicht<\/p>\n<p><a href='http:\/\/ski.inmontanis.info\/d\/293421-2\/DSC09619.jpg'><img src=http:\/\/ski.inmontanis.info\/d\/293419-3\/DSC09619.jpg \/><\/a><br \/>\n^ Skigebiet Kappruet, von Fun\u00e4sdalen recht anstrengend anzufahren, geh\u00f6rt aber zum Fun\u00e4sfj\u00e4llen-Skipass. Die Schneisen links sind derzeit ungenutzt (kein SL)<\/p>\n<p><a href='http:\/\/ski.inmontanis.info\/d\/293425-2\/DSC09624.jpg'><img src=http:\/\/ski.inmontanis.info\/d\/293424-3\/DSC09624.jpg \/><\/a><br \/>\n^ .. g\u00e4be sogar einen KSSL hier. Hatte aber schon Saisonschluss.<\/p>\n<p>Dass die Flatruetstra\u00dfe offen war, war doch sehr grenzwertig, man sah irgendwann nix mehr von der Stra\u00dfe wegen des Schneesturms :( Obwohl durchaus immer wieder welche gefahren sind. H\u00e4tt ich doch gleich drauf verzichten sollen, da heute fahren zu wollen. Einmal war einer hinter mir, als ich fast im Graben gelandet bin, bin noch ein St\u00fcck gefahren bis links eine Parkm\u00f6glichkeit war, aber der andere kam nicht mehr. Wenn man jetzt w\u00fcsste, ob der noch kommt oder ob ich umkehren kann &#8230;<\/p>\n<p><a href='http:\/\/extra.inmontanis.info\/d\/62301-2\/DSC09627.jpg'><img src=http:\/\/extra.inmontanis.info\/d\/62300-3\/DSC09627.jpg \/><\/a><br \/>\n^ Flatruetv\u00e4gen, die Schranke war oben, also ist Schwedens h\u00f6chste Stra\u00dfe offen. H\u00e4tte aber geschlossen geh\u00f6rt.<\/p>\n<p><a href='http:\/\/extra.inmontanis.info\/d\/62305-2\/DSC09628.jpg'><img src=http:\/\/extra.inmontanis.info\/d\/62304-3\/DSC09628.jpg \/><\/a><br \/>\n^ Flatruetv\u00e4gen, hier fing es dann an mit dem starken Sturm und Schneeverwehungen<\/p>\n<p><a href='http:\/\/extra.inmontanis.info\/d\/62309-2\/DSC09629.jpg'><img src=http:\/\/extra.inmontanis.info\/d\/62308-3\/DSC09629.jpg \/><\/a><br \/>\n^ Hier merkte ich, dass ich zuweit nach links kam &#8211; man sah ja absolut nix, wie die Stra\u00dfe verl\u00e4uft. Gut, dass hier kein Graben war sondern der Stra\u00dfenrand einen Schneewall hatte, so konnte ich problemlos ein St\u00fcckerl zur\u00fcck &#8230;<\/p>\n<p><a href='http:\/\/extra.inmontanis.info\/d\/62313-2\/DSC09632.jpg'><img src=http:\/\/extra.inmontanis.info\/d\/62312-3\/DSC09632.jpg \/><\/a><br \/>\n^ Wenig sp\u00e4ter gab es diese freie Stelle neben der Stra\u00dfe, wo ich etwas pausierte. Wurde aber nicht besser. (die Stra\u00dfe ist direkt rechts neben mir und geht in Blickrichtung geradeaus)<\/p>\n<p>Kurz sp\u00e4ter kam ein Kleinvan und lie\u00df sich durch die schlechte Sicht wohl nicht st\u00f6ren, krass. Ich wollte gerade mein Handy auspacken, um via Google Maps \/ Satbild zu schauen, wo ich mich befinde, ob ich vielleicht schon recht weit bin, aber soweit kam ich nicht, denn es kam ein Auto aus der Gegenrichtung und hielt neben mir und erkundigte sich, ob alles in Ordnung sei, was ich bejahte &#8211; ich fragte ihn dann, wie lang das so weiterginge von seiner Richtung aus und er meinte 10-15km oder so, dass man genau so wenig sieht &#8230; ja, das hat dann keinen Sinn, also bin ich umgekehrt und anders gefahren.<\/p>\n<p>Um etwas nach 20 Uhr hatte ich einen Parkplatz gefunden, wo ich \u00fcbernachten konnte. Wollte den PC zwar nicht mehr einschalten, musste aber ja trotzdem den Tisch aufbauen, um das Gem\u00fcse weiter zu essen. War \u00fcberrascht, dass es noch teilweise gefroren war (war noch Eis hier und da), im K\u00fchlschrank hatte es nur +5\u00b0. Diesmal gab ich erst das Gem\u00fcse in den Topf mit etwas Kokos\u00f6l, war mir dann aber zu bl\u00f6d zu warten bis es angebraten ist, also Wasser und Nudeln dazu und kochen lassen, Tr\u00fcffelsalz und Pfeffer und den R\u00e4ucherschinken und das Pesto Rosso dazu. Schmeckte schon besser als gestern.<\/p>\n<p>Was ich mir ebenfalls im Supermarkt gekauft hab: Ein Schoko-Haferdrink. Weil die Schokomilchpackungen, die ich bisher sah, nie wiederverschlie\u00dfbar waren, der hier aber schon. Also Kakao aus Milch schmeckt schon besser, schmeckt etwas wie fl\u00fcssiger Schokopudding. Aber nach ein paar Tagen gew\u00f6hnt man sich dran.<\/p>\n<p>Da ich morgen fr\u00fch noch einiges fahren wollte, ging ich nach dem Essen gleich ins Bett.<\/p>\n<p><a href='http:\/\/extra.inmontanis.info\/d\/62317-2\/DSC09635.jpg'><img src=http:\/\/extra.inmontanis.info\/d\/62316-3\/DSC09635.jpg \/><\/a><br \/>\n^ Weiter \u00f6stlich war es abends wieder etwas sch\u00f6ner<\/p>\n","protected":false},"excerpt":{"rendered":"<p>21.4.2021 &#8211; T\u00e4nndalen Tag 3<\/p>\n<p>Heute Schneefall und Sturm gemeldet, morgen Sturm und etwas Sonne &#8211; da h\u00e4tte ich mir dann wohl den Wochenskipass sparen k\u00f6nnen und mich mit 5 Tagen begn\u00fcgen k\u00f6nnen. Aber die Wettervorhersagen waren ja anders und ich hatte bessere Schneeverh\u00e4ltnisse erwartet.<\/p>\n<p>Direkt am Parkhaus in Fun\u00e4sdalen ist nicht nur die Gondelbahn <a href=\"http:\/\/blog.inmontanis.info\/?p=6743\">[&#8230;]<\/a><\/p>\n","protected":false},"author":1,"featured_media":0,"comment_status":"closed","ping_status":"closed","sticky":false,"template":"","format":"standard","meta":{"footnotes":""},"categories":[184,677,657,19,27,626],"tags":[48,47],"class_list":["post-6743","post","type-post","status-publish","format-standard","hentry","category-2021-01-skandinavien","category-funasdalsberget","category-kappruet","category-schwedensweden","category-skifahren-winterskiing-winter","category-tanndalen","tag-kssl","tag-sl","odd"],"_links":{"self":[{"href":"http:\/\/blog.inmontanis.info\/index.php?rest_route=\/wp\/v2\/posts\/6743","targetHints":{"allow":["GET"]}}],"collection":[{"href":"http:\/\/blog.inmontanis.info\/index.php?rest_route=\/wp\/v2\/posts"}],"about":[{"href":"http:\/\/blog.inmontanis.info\/index.php?rest_route=\/wp\/v2\/types\/post"}],"author":[{"embeddable":true,"href":"http:\/\/blog.inmontanis.info\/index.php?rest_route=\/wp\/v2\/users\/1"}],"replies":[{"embeddable":true,"href":"http:\/\/blog.inmontanis.info\/index.php?rest_route=%2Fwp%2Fv2%2Fcomments&post=6743"}],"version-history":[{"count":4,"href":"http:\/\/blog.inmontanis.info\/index.php?rest_route=\/wp\/v2\/posts\/6743\/revisions"}],"predecessor-version":[{"id":9109,"href":"http:\/\/blog.inmontanis.info\/index.php?rest_route=\/wp\/v2\/posts\/6743\/revisions\/9109"}],"wp:attachment":[{"href":"http:\/\/blog.inmontanis.info\/index.php?rest_route=%2Fwp%2Fv2%2Fmedia&parent=6743"}],"wp:term":[{"taxonomy":"category","embeddable":true,"href":"http:\/\/blog.inmontanis.info\/index.php?rest_route=%2Fwp%2Fv2%2Fcategories&post=6743"},{"taxonomy":"post_tag","embeddable":true,"href":"http:\/\/blog.inmontanis.info\/index.php?rest_route=%2Fwp%2Fv2%2Ftags&post=6743"}],"curies":[{"name":"wp","href":"https:\/\/api.w.org\/{rel}","templated":true}]}}